{"id":160,"date":"2015-03-10T00:00:00","date_gmt":"2015-03-10T04:00:00","guid":{"rendered":"https:\/\/dev.explora.cl\/aysen\/blog\/2015\/03\/10\/participa-del-concurso-de-dibujo-aysen-mira-tu-cielo\/"},"modified":"2019-05-20T21:21:59","modified_gmt":"2019-05-20T21:21:59","slug":"participa-del-concurso-de-dibujo-aysen-mira-tu-cielo","status":"publish","type":"post","link":"https:\/\/dev.explora.cl\/aysen\/participa-del-concurso-de-dibujo-aysen-mira-tu-cielo\/","title":{"rendered":"Participa del concurso de dibujo \u201cAys\u00e9n Mira tu Cielo\u201d"},"content":{"rendered":"<p><img loading=\"lazy\" decoding=\"async\" class=\" size-full wp-image-9305\" src=\"http:\/\/ec2-34-218-253-251.us-west-2.compute.amazonaws.com\/wp-content\/uploads\/2015\/03\/7ead6714de263a5cb87d02f7a7ac9bf7.jpg\" alt=\"\" width=\"185\" height=\"188\" \/><\/p>\n<p>Cada a\u00f1o, en esa fecha, la Fundaci\u00f3n Planetario, CONICYT \u2013 Programa EXPLORA y la Sociedad Chilena de Astronom\u00eda-SOCHIAS acordaron celebrar el D\u00eda Internacional de la Astronom\u00eda con el objetivo de motivar al \u00e1mbito escolar a incorporar activamente la astronom\u00eda como disciplina en los curr\u00edculos de todos los niveles de educaci\u00f3n y generar un inter\u00e9s general en la valoraci\u00f3n del trabajo de los astr\u00f3nomos nacionales, el desarrollo de los grandes observatorios internacionales en el pa\u00eds, as\u00ed como la protecci\u00f3n de nuestros cielos, patrimonio natural de Chile.<\/p>\n<p><span style=\"font-size: 12.1600008010864px;line-height: 1.3em\">El PAR Explora Regi\u00f3n de Ays\u00e9n, ejecutado por el Campus Patagonia de la Universidad Austral de Chile y el CIEP, est\u00e1 organizando una serie de actividades en el marco de este D\u00eda Internacional de la Astronom\u00eda 2015 y entre ellas invita a los establecimientos de ense\u00f1anza b\u00e1sica, de 1\u00b0a 4\u00b0 b\u00e1sico de la regi\u00f3n a participar del concurso \u201cAYS\u00c9N mira tu cielo\u201d.<\/span><\/p>\n<p><span style=\"font-size: 12.1600008010864px;line-height: 1.3em\">La idea principal de este certamen es que los y las participantes hagan volar su imaginaci\u00f3n y vuelquen su mirada hacia el espacio, planetas, nebulosas, asteroides, galaxias, cometas, asteroides, agujeros negros, constelaciones, estrellas, personajes de la historia de la astronom\u00eda, entre otros.<\/span><\/p>\n<p><span style=\"font-size: 12.1600008010864px;line-height: 1.3em\">Quien obtenga el primer lugar en este concurso se adjudicar\u00e1 una polera con el dibujo ganador para cada uno de los integrantes de su curso, adem\u00e1s de ser publicado en el sitio web del PAR EXPLORA y ser divulgado en medios de prensa local.<\/span><\/p>\n<p>Participa hasta el 31 de marzo, para ello descarga las bases de participaci\u00f3n publicadas al pie de esta noticia.<\/p>\n","protected":false},"excerpt":{"rendered":"<p>Cada a\u00f1o, en esa fecha, la Fundaci\u00f3n Planetario, CONICYT \u2013 Programa EXPLORA y la Sociedad Chilena de Astronom\u00eda-SOCHIAS acordaron celebrar el D\u00eda Internacional de la Astronom\u00eda con el objetivo de motivar al \u00e1mbito escolar a incorporar activamente la astronom\u00eda como disciplina en los curr\u00edculos de todos los niveles de educaci\u00f3n y generar un inter\u00e9s general [&hellip;]<\/p>\n","protected":false},"author":2,"featured_media":33788,"comment_status":"open","ping_status":"open","sticky":false,"template":"","format":"standard","meta":{"_acf_changed":false,"_exactmetrics_skip_tracking":false,"_exactmetrics_sitenote_active":false,"_exactmetrics_sitenote_note":"","_exactmetrics_sitenote_category":0,"footnotes":"","_links_to":"","_links_to_target":""},"categories":[4],"tags":[],"class_list":["post-160","post","type-post","status-publish","format-standard","has-post-thumbnail","hentry","category-noticias"],"acf":[],"yoast_head":"<!-- This site is optimized with the Yoast SEO plugin v26.7 - https:\/\/yoast.com\/wordpress\/plugins\/seo\/ -->\n<title>Participa del concurso de dibujo \u201cAys\u00e9n Mira tu Cielo\u201d - Aysen<\/title>\n<meta name=\"robots\" content=\"index, follow, max-snippet:-1, max-image-preview:large, max-video-preview:-1\" \/>\n<link rel=\"canonical\" href=\"https:\/\/dev.explora.cl\/aysen\/participa-del-concurso-de-dibujo-aysen-mira-tu-cielo\/\" class=\"yoast-seo-meta-tag\" \/>\n<meta property=\"og:locale\" content=\"es_ES\" class=\"yoast-seo-meta-tag\" \/>\n<meta property=\"og:type\" content=\"article\" class=\"yoast-seo-meta-tag\" \/>\n<meta property=\"og:title\" content=\"Participa del concurso de dibujo \u201cAys\u00e9n Mira tu Cielo\u201d - Aysen\" class=\"yoast-seo-meta-tag\" \/>\n<meta property=\"og:description\" content=\"Cada a\u00f1o, en esa fecha, la Fundaci\u00f3n Planetario, CONICYT \u2013 Programa EXPLORA y la Sociedad Chilena de Astronom\u00eda-SOCHIAS acordaron celebrar el D\u00eda Internacional de la Astronom\u00eda con el objetivo de motivar al \u00e1mbito escolar a incorporar activamente la astronom\u00eda como disciplina en los curr\u00edculos de todos los niveles de educaci\u00f3n y generar un inter\u00e9s general [&hellip;]\" class=\"yoast-seo-meta-tag\" \/>\n<meta property=\"og:url\" content=\"https:\/\/dev.explora.cl\/aysen\/participa-del-concurso-de-dibujo-aysen-mira-tu-cielo\/\" class=\"yoast-seo-meta-tag\" \/>\n<meta property=\"og:site_name\" content=\"Aysen\" class=\"yoast-seo-meta-tag\" \/>\n<meta property=\"article:published_time\" content=\"2015-03-10T04:00:00+00:00\" class=\"yoast-seo-meta-tag\" \/>\n<meta property=\"article:modified_time\" content=\"2019-05-20T21:21:59+00:00\" class=\"yoast-seo-meta-tag\" \/>\n<meta property=\"og:image\" content=\"https:\/\/dev.explora.cl\/aysen\/wp-content\/uploads\/sites\/18\/2018\/06\/7ead6714de263a5cb87d02f7a7ac9bf7.jpg\" class=\"yoast-seo-meta-tag\" \/>\n\t<meta property=\"og:image:width\" content=\"185\" class=\"yoast-seo-meta-tag\" \/>\n\t<meta property=\"og:image:height\" content=\"188\" class=\"yoast-seo-meta-tag\" \/>\n\t<meta property=\"og:image:type\" content=\"image\/jpeg\" class=\"yoast-seo-meta-tag\" \/>\n<meta name=\"author\" content=\"webman\" class=\"yoast-seo-meta-tag\" \/>\n<meta name=\"twitter:card\" content=\"summary_large_image\" class=\"yoast-seo-meta-tag\" \/>\n<meta name=\"twitter:label1\" content=\"Escrito por\" class=\"yoast-seo-meta-tag\" \/>\n\t<meta name=\"twitter:data1\" content=\"webman\" class=\"yoast-seo-meta-tag\" \/>\n\t<meta name=\"twitter:label2\" content=\"Tiempo estimado de lectura\" class=\"yoast-seo-meta-tag\" \/>\n\t<meta name=\"twitter:data2\" content=\"1 minuto\" class=\"yoast-seo-meta-tag\" \/>\n<script type=\"application\/ld+json\" class=\"yoast-schema-graph\">{\"@context\":\"https:\/\/schema.org\",\"@graph\":[{\"@type\":\"Article\",\"@id\":\"https:\/\/dev.explora.cl\/aysen\/participa-del-concurso-de-dibujo-aysen-mira-tu-cielo\/#article\",\"isPartOf\":{\"@id\":\"https:\/\/dev.explora.cl\/aysen\/participa-del-concurso-de-dibujo-aysen-mira-tu-cielo\/\"},\"author\":{\"name\":\"webman\",\"@id\":\"https:\/\/dev.explora.cl\/aysen\/#\/schema\/person\/cb8349c13ea2d324080adf8480d7ba5d\"},\"headline\":\"Participa del concurso de dibujo \u201cAys\u00e9n Mira tu Cielo\u201d\",\"datePublished\":\"2015-03-10T04:00:00+00:00\",\"dateModified\":\"2019-05-20T21:21:59+00:00\",\"mainEntityOfPage\":{\"@id\":\"https:\/\/dev.explora.cl\/aysen\/participa-del-concurso-de-dibujo-aysen-mira-tu-cielo\/\"},\"wordCount\":284,\"commentCount\":0,\"image\":{\"@id\":\"https:\/\/dev.explora.cl\/aysen\/participa-del-concurso-de-dibujo-aysen-mira-tu-cielo\/#primaryimage\"},\"thumbnailUrl\":\"https:\/\/dev.explora.cl\/aysen\/wp-content\/uploads\/sites\/18\/2018\/06\/7ead6714de263a5cb87d02f7a7ac9bf7.jpg\",\"articleSection\":[\"Noticias\"],\"inLanguage\":\"es-CL\",\"potentialAction\":[{\"@type\":\"CommentAction\",\"name\":\"Comment\",\"target\":[\"https:\/\/dev.explora.cl\/aysen\/participa-del-concurso-de-dibujo-aysen-mira-tu-cielo\/#respond\"]}]},{\"@type\":\"WebPage\",\"@id\":\"https:\/\/dev.explora.cl\/aysen\/participa-del-concurso-de-dibujo-aysen-mira-tu-cielo\/\",\"url\":\"https:\/\/dev.explora.cl\/aysen\/participa-del-concurso-de-dibujo-aysen-mira-tu-cielo\/\",\"name\":\"Participa del concurso de dibujo \u201cAys\u00e9n Mira tu Cielo\u201d - Aysen\",\"isPartOf\":{\"@id\":\"https:\/\/dev.explora.cl\/aysen\/#website\"},\"primaryImageOfPage\":{\"@id\":\"https:\/\/dev.explora.cl\/aysen\/participa-del-concurso-de-dibujo-aysen-mira-tu-cielo\/#primaryimage\"},\"image\":{\"@id\":\"https:\/\/dev.explora.cl\/aysen\/participa-del-concurso-de-dibujo-aysen-mira-tu-cielo\/#primaryimage\"},\"thumbnailUrl\":\"https:\/\/dev.explora.cl\/aysen\/wp-content\/uploads\/sites\/18\/2018\/06\/7ead6714de263a5cb87d02f7a7ac9bf7.jpg\",\"datePublished\":\"2015-03-10T04:00:00+00:00\",\"dateModified\":\"2019-05-20T21:21:59+00:00\",\"author\":{\"@id\":\"https:\/\/dev.explora.cl\/aysen\/#\/schema\/person\/cb8349c13ea2d324080adf8480d7ba5d\"},\"breadcrumb\":{\"@id\":\"https:\/\/dev.explora.cl\/aysen\/participa-del-concurso-de-dibujo-aysen-mira-tu-cielo\/#breadcrumb\"},\"inLanguage\":\"es-CL\",\"potentialAction\":[{\"@type\":\"ReadAction\",\"target\":[\"https:\/\/dev.explora.cl\/aysen\/participa-del-concurso-de-dibujo-aysen-mira-tu-cielo\/\"]}]},{\"@type\":\"ImageObject\",\"inLanguage\":\"es-CL\",\"@id\":\"https:\/\/dev.explora.cl\/aysen\/participa-del-concurso-de-dibujo-aysen-mira-tu-cielo\/#primaryimage\",\"url\":\"https:\/\/dev.explora.cl\/aysen\/wp-content\/uploads\/sites\/18\/2018\/06\/7ead6714de263a5cb87d02f7a7ac9bf7.jpg\",\"contentUrl\":\"https:\/\/dev.explora.cl\/aysen\/wp-content\/uploads\/sites\/18\/2018\/06\/7ead6714de263a5cb87d02f7a7ac9bf7.jpg\",\"width\":185,\"height\":188},{\"@type\":\"BreadcrumbList\",\"@id\":\"https:\/\/dev.explora.cl\/aysen\/participa-del-concurso-de-dibujo-aysen-mira-tu-cielo\/#breadcrumb\",\"itemListElement\":[{\"@type\":\"ListItem\",\"position\":1,\"name\":\"Portada\",\"item\":\"https:\/\/dev.explora.cl\/aysen\/\"},{\"@type\":\"ListItem\",\"position\":2,\"name\":\"Participa del concurso de dibujo \u201cAys\u00e9n Mira tu Cielo\u201d\"}]},{\"@type\":\"WebSite\",\"@id\":\"https:\/\/dev.explora.cl\/aysen\/#website\",\"url\":\"https:\/\/dev.explora.cl\/aysen\/\",\"name\":\"Aysen\",\"description\":\"Otro sitio m\u00e1s de dev.explora.cl\",\"potentialAction\":[{\"@type\":\"SearchAction\",\"target\":{\"@type\":\"EntryPoint\",\"urlTemplate\":\"https:\/\/dev.explora.cl\/aysen\/?s={search_term_string}\"},\"query-input\":{\"@type\":\"PropertyValueSpecification\",\"valueRequired\":true,\"valueName\":\"search_term_string\"}}],\"inLanguage\":\"es-CL\"},{\"@type\":\"Person\",\"@id\":\"https:\/\/dev.explora.cl\/aysen\/#\/schema\/person\/cb8349c13ea2d324080adf8480d7ba5d\",\"name\":\"webman\",\"image\":{\"@type\":\"ImageObject\",\"inLanguage\":\"es-CL\",\"@id\":\"https:\/\/dev.explora.cl\/aysen\/#\/schema\/person\/image\/\",\"url\":\"https:\/\/secure.gravatar.com\/avatar\/eeff3c82f2c02f7177d13663b7e6f890e9a6a0647ce9bb29cae02dcb094c7312?s=96&d=mm&r=g\",\"contentUrl\":\"https:\/\/secure.gravatar.com\/avatar\/eeff3c82f2c02f7177d13663b7e6f890e9a6a0647ce9bb29cae02dcb094c7312?s=96&d=mm&r=g\",\"caption\":\"webman\"},\"url\":\"https:\/\/dev.explora.cl\/aysen\/author\/webman\/\"}]}<\/script>\n<!-- \/ Yoast SEO plugin. -->","yoast_head_json":{"title":"Participa del concurso de dibujo \u201cAys\u00e9n Mira tu Cielo\u201d - Aysen","robots":{"index":"index","follow":"follow","max-snippet":"max-snippet:-1","max-image-preview":"max-image-preview:large","max-video-preview":"max-video-preview:-1"},"canonical":"https:\/\/dev.explora.cl\/aysen\/participa-del-concurso-de-dibujo-aysen-mira-tu-cielo\/","og_locale":"es_ES","og_type":"article","og_title":"Participa del concurso de dibujo \u201cAys\u00e9n Mira tu Cielo\u201d - Aysen","og_description":"Cada a\u00f1o, en esa fecha, la Fundaci\u00f3n Planetario, CONICYT \u2013 Programa EXPLORA y la Sociedad Chilena de Astronom\u00eda-SOCHIAS acordaron celebrar el D\u00eda Internacional de la Astronom\u00eda con el objetivo de motivar al \u00e1mbito escolar a incorporar activamente la astronom\u00eda como disciplina en los curr\u00edculos de todos los niveles de educaci\u00f3n y generar un inter\u00e9s general [&hellip;]","og_url":"https:\/\/dev.explora.cl\/aysen\/participa-del-concurso-de-dibujo-aysen-mira-tu-cielo\/","og_site_name":"Aysen","article_published_time":"2015-03-10T04:00:00+00:00","article_modified_time":"2019-05-20T21:21:59+00:00","og_image":[{"width":185,"height":188,"url":"https:\/\/dev.explora.cl\/aysen\/wp-content\/uploads\/sites\/18\/2018\/06\/7ead6714de263a5cb87d02f7a7ac9bf7.jpg","type":"image\/jpeg"}],"author":"webman","twitter_card":"summary_large_image","twitter_misc":{"Escrito por":"webman","Tiempo estimado de lectura":"1 minuto"},"schema":{"@context":"https:\/\/schema.org","@graph":[{"@type":"Article","@id":"https:\/\/dev.explora.cl\/aysen\/participa-del-concurso-de-dibujo-aysen-mira-tu-cielo\/#article","isPartOf":{"@id":"https:\/\/dev.explora.cl\/aysen\/participa-del-concurso-de-dibujo-aysen-mira-tu-cielo\/"},"author":{"name":"webman","@id":"https:\/\/dev.explora.cl\/aysen\/#\/schema\/person\/cb8349c13ea2d324080adf8480d7ba5d"},"headline":"Participa del concurso de dibujo \u201cAys\u00e9n Mira tu Cielo\u201d","datePublished":"2015-03-10T04:00:00+00:00","dateModified":"2019-05-20T21:21:59+00:00","mainEntityOfPage":{"@id":"https:\/\/dev.explora.cl\/aysen\/participa-del-concurso-de-dibujo-aysen-mira-tu-cielo\/"},"wordCount":284,"commentCount":0,"image":{"@id":"https:\/\/dev.explora.cl\/aysen\/participa-del-concurso-de-dibujo-aysen-mira-tu-cielo\/#primaryimage"},"thumbnailUrl":"https:\/\/dev.explora.cl\/aysen\/wp-content\/uploads\/sites\/18\/2018\/06\/7ead6714de263a5cb87d02f7a7ac9bf7.jpg","articleSection":["Noticias"],"inLanguage":"es-CL","potentialAction":[{"@type":"CommentAction","name":"Comment","target":["https:\/\/dev.explora.cl\/aysen\/participa-del-concurso-de-dibujo-aysen-mira-tu-cielo\/#respond"]}]},{"@type":"WebPage","@id":"https:\/\/dev.explora.cl\/aysen\/participa-del-concurso-de-dibujo-aysen-mira-tu-cielo\/","url":"https:\/\/dev.explora.cl\/aysen\/participa-del-concurso-de-dibujo-aysen-mira-tu-cielo\/","name":"Participa del concurso de dibujo \u201cAys\u00e9n Mira tu Cielo\u201d - Aysen","isPartOf":{"@id":"https:\/\/dev.explora.cl\/aysen\/#website"},"primaryImageOfPage":{"@id":"https:\/\/dev.explora.cl\/aysen\/participa-del-concurso-de-dibujo-aysen-mira-tu-cielo\/#primaryimage"},"image":{"@id":"https:\/\/dev.explora.cl\/aysen\/participa-del-concurso-de-dibujo-aysen-mira-tu-cielo\/#primaryimage"},"thumbnailUrl":"https:\/\/dev.explora.cl\/aysen\/wp-content\/uploads\/sites\/18\/2018\/06\/7ead6714de263a5cb87d02f7a7ac9bf7.jpg","datePublished":"2015-03-10T04:00:00+00:00","dateModified":"2019-05-20T21:21:59+00:00","author":{"@id":"https:\/\/dev.explora.cl\/aysen\/#\/schema\/person\/cb8349c13ea2d324080adf8480d7ba5d"},"breadcrumb":{"@id":"https:\/\/dev.explora.cl\/aysen\/participa-del-concurso-de-dibujo-aysen-mira-tu-cielo\/#breadcrumb"},"inLanguage":"es-CL","potentialAction":[{"@type":"ReadAction","target":["https:\/\/dev.explora.cl\/aysen\/participa-del-concurso-de-dibujo-aysen-mira-tu-cielo\/"]}]},{"@type":"ImageObject","inLanguage":"es-CL","@id":"https:\/\/dev.explora.cl\/aysen\/participa-del-concurso-de-dibujo-aysen-mira-tu-cielo\/#primaryimage","url":"https:\/\/dev.explora.cl\/aysen\/wp-content\/uploads\/sites\/18\/2018\/06\/7ead6714de263a5cb87d02f7a7ac9bf7.jpg","contentUrl":"https:\/\/dev.explora.cl\/aysen\/wp-content\/uploads\/sites\/18\/2018\/06\/7ead6714de263a5cb87d02f7a7ac9bf7.jpg","width":185,"height":188},{"@type":"BreadcrumbList","@id":"https:\/\/dev.explora.cl\/aysen\/participa-del-concurso-de-dibujo-aysen-mira-tu-cielo\/#breadcrumb","itemListElement":[{"@type":"ListItem","position":1,"name":"Portada","item":"https:\/\/dev.explora.cl\/aysen\/"},{"@type":"ListItem","position":2,"name":"Participa del concurso de dibujo \u201cAys\u00e9n Mira tu Cielo\u201d"}]},{"@type":"WebSite","@id":"https:\/\/dev.explora.cl\/aysen\/#website","url":"https:\/\/dev.explora.cl\/aysen\/","name":"Aysen","description":"Otro sitio m\u00e1s de dev.explora.cl","potentialAction":[{"@type":"SearchAction","target":{"@type":"EntryPoint","urlTemplate":"https:\/\/dev.explora.cl\/aysen\/?s={search_term_string}"},"query-input":{"@type":"PropertyValueSpecification","valueRequired":true,"valueName":"search_term_string"}}],"inLanguage":"es-CL"},{"@type":"Person","@id":"https:\/\/dev.explora.cl\/aysen\/#\/schema\/person\/cb8349c13ea2d324080adf8480d7ba5d","name":"webman","image":{"@type":"ImageObject","inLanguage":"es-CL","@id":"https:\/\/dev.explora.cl\/aysen\/#\/schema\/person\/image\/","url":"https:\/\/secure.gravatar.com\/avatar\/eeff3c82f2c02f7177d13663b7e6f890e9a6a0647ce9bb29cae02dcb094c7312?s=96&d=mm&r=g","contentUrl":"https:\/\/secure.gravatar.com\/avatar\/eeff3c82f2c02f7177d13663b7e6f890e9a6a0647ce9bb29cae02dcb094c7312?s=96&d=mm&r=g","caption":"webman"},"url":"https:\/\/dev.explora.cl\/aysen\/author\/webman\/"}]}},"_links":{"self":[{"href":"https:\/\/dev.explora.cl\/aysen\/wp-json\/wp\/v2\/posts\/160","targetHints":{"allow":["GET"]}}],"collection":[{"href":"https:\/\/dev.explora.cl\/aysen\/wp-json\/wp\/v2\/posts"}],"about":[{"href":"https:\/\/dev.explora.cl\/aysen\/wp-json\/wp\/v2\/types\/post"}],"author":[{"embeddable":true,"href":"https:\/\/dev.explora.cl\/aysen\/wp-json\/wp\/v2\/users\/2"}],"replies":[{"embeddable":true,"href":"https:\/\/dev.explora.cl\/aysen\/wp-json\/wp\/v2\/comments?post=160"}],"version-history":[{"count":1,"href":"https:\/\/dev.explora.cl\/aysen\/wp-json\/wp\/v2\/posts\/160\/revisions"}],"predecessor-version":[{"id":37335,"href":"https:\/\/dev.explora.cl\/aysen\/wp-json\/wp\/v2\/posts\/160\/revisions\/37335"}],"wp:featuredmedia":[{"embeddable":true,"href":"https:\/\/dev.explora.cl\/aysen\/wp-json\/wp\/v2\/media\/33788"}],"wp:attachment":[{"href":"https:\/\/dev.explora.cl\/aysen\/wp-json\/wp\/v2\/media?parent=160"}],"wp:term":[{"taxonomy":"category","embeddable":true,"href":"https:\/\/dev.explora.cl\/aysen\/wp-json\/wp\/v2\/categories?post=160"},{"taxonomy":"post_tag","embeddable":true,"href":"https:\/\/dev.explora.cl\/aysen\/wp-json\/wp\/v2\/tags?post=160"}],"curies":[{"name":"wp","href":"https:\/\/api.w.org\/{rel}","templated":true}]}}