{"id":154,"date":"2014-11-28T00:00:00","date_gmt":"2014-11-28T04:00:00","guid":{"rendered":"https:\/\/dev.explora.cl\/aysen\/blog\/2014\/11\/28\/brillante-desempeno-de-equipos-de-la-region-de-aysen-en-xv-congreso-nacional-de-ciencia-y-tecnologia\/"},"modified":"2019-05-20T21:22:00","modified_gmt":"2019-05-20T21:22:00","slug":"brillante-desempeno-de-equipos-de-la-region-de-aysen-en-xv-congreso-nacional-de-ciencia-y-tecnologia","status":"publish","type":"post","link":"https:\/\/dev.explora.cl\/aysen\/brillante-desempeno-de-equipos-de-la-region-de-aysen-en-xv-congreso-nacional-de-ciencia-y-tecnologia\/","title":{"rendered":"Brillante desempe\u00f1o de equipos de la Regi\u00f3n de Ays\u00e9n en XV Congreso Nacional de Ciencia y Tecnolog\u00eda."},"content":{"rendered":"<p><img loading=\"lazy\" decoding=\"async\" class=\" size-full wp-image-7636\" src=\"http:\/\/ec2-34-218-253-251.us-west-2.compute.amazonaws.com\/wp-content\/uploads\/2014\/11\/e8e6b6587e95356d61d6563f975ff0bd.jpg\" alt=\"\" width=\"1280\" height=\"956\" \/><\/p>\n<p><span style=\"line-height: 1.3em\">El XV Congreso Nacional Escolar de Ciencia y Tecnolog\u00eda EXPLORA CONICYT congreg\u00f3 a 46 delegaciones nacionales y tres extranjeras, integradas por estudiantes de entre 5\u00b0 B\u00e1sico a 3\u00b0 Medio de todo el pa\u00eds. Los ganadores del XV Congreso son la cara visible de un proceso que suma m\u00e1s de 500 trabajos de investigaci\u00f3n, que ha movilizado y entusiasmado a 534 docentes, a m\u00e1s de 2000 estudiantes y a 130 investigadores que han actuado como evaluadores en todo Chile.<\/span><\/p>\n<p>Mat\u00edas Ignacio Luengo Reyes y Javiera Paola Aedo Figueroa, junto a la profesora Laura Carolina Vega Hoebel del Colegio Santa Teresa de los Andes de Puerto Ays\u00e9n, se adjudicaron el primer lugar en la categor\u00eda \u201cTecnolog\u00eda Educaci\u00f3n Media\u201d con su trabajo \u201cECO-OLLA: Cocci\u00f3n de Alimentos por Aislaci\u00f3n T\u00e9rmica\u201d. Este equipo recibi\u00f3 un viaje y estad\u00eda para participar en Feria Internacional de Ciencia y Tecnolog\u00eda INTEL ISEF 2015 que se realizar\u00e1 en Pittsburgh, Estados Unidos; y una Tablet para cada uno.<\/p>\n<p>Javiera Aedo, estudiante del Colegio Santa Teresa de los Andes de Puerto Ays\u00e9n, se mostr\u00f3 muy emocionada por el reconocimiento en este certamen y con grandes expectativas para representar a Chile en EEUU. \u201cFue s\u00faper entretenido, conocimos muchas personas, sus proyectos y como se desarrolla la ciencia en las distintas regiones de nuestro pa\u00eds. Estamos muy entusiasmados por representar a la regi\u00f3n de Ays\u00e9n y nos interesa mucho poder dar a conoces nuestro proyecto de la Eco-Olla\u201d.<\/p>\n<p>Catalina Paz Silva D\u00edaz y Noelia Andrea Barrientos Henr\u00edquez, junto al profesor Luis L\u00f3pez Saravia, obtuvieron el primer lugar en la categor\u00eda \u201cCiencia Educaci\u00f3n B\u00e1sica\u201d por su trabajo \u201cDescripci\u00f3n y Cuantificaci\u00f3n de las Comunidades de Microalgas del Lago O\u2019Higgins\u201d. Este equipo recibi\u00f3 como premio un viaje y estad\u00eda para una pasant\u00eda de 4 d\u00edas en el Centro de Investigaci\u00f3n y Desarrollo en Recursos H\u00eddricos en Iquique; y una Tablet cada\u00a0 uno.<\/p>\n<p>Catalina Silva, estudiante de la Escuela Pioneros del Sur, destac\u00f3 la posibilidad de tener una experiencia de estas caracter\u00edsticas donde se re\u00fanen gran cantidad de personas con intereses similares. \u201cNos sentimos excelente, la felicidad es infinita, no nos esper\u00e1bamos un premio tan grande. Son tres a\u00f1os de esfuerzo con mi compa\u00f1era as\u00ed que estamos muy felices de representar a la regi\u00f3n y llegar con estos premios\u201d.<\/p>\n<p>Pedro Matus, Director del PAR EXPLORA Regi\u00f3n de Ays\u00e9n, quien estuvo acompa\u00f1ando muy de cerca la participaci\u00f3n de los estudiantes de la regi\u00f3n de Ays\u00e9n en el Congreso, manifest\u00f3 su satisfacci\u00f3n frente a los logros obtenidos. \u201cEste congreso se trasforma en una meta anual, todos los establecimientos educacionales que trabajaron por tanto tiempo se ven reflejados en estos j\u00f3venes que ahora nos van a representar como pa\u00eds frente a estudiantes de todas partes del mundo, es un orgullo y una gran satisfacci\u00f3n\u201d, concluy\u00f3 Matus.<\/p>\n","protected":false},"excerpt":{"rendered":"<p>El XV Congreso Nacional Escolar de Ciencia y Tecnolog\u00eda EXPLORA CONICYT congreg\u00f3 a 46 delegaciones nacionales y tres extranjeras, integradas por estudiantes de entre 5\u00b0 B\u00e1sico a 3\u00b0 Medio de todo el pa\u00eds. Los ganadores del XV Congreso son la cara visible de un proceso que suma m\u00e1s de 500 trabajos de investigaci\u00f3n, que ha [&hellip;]<\/p>\n","protected":false},"author":2,"featured_media":155,"comment_status":"open","ping_status":"open","sticky":false,"template":"","format":"standard","meta":{"_acf_changed":false,"_exactmetrics_skip_tracking":false,"_exactmetrics_sitenote_active":false,"_exactmetrics_sitenote_note":"","_exactmetrics_sitenote_category":0,"footnotes":"","_links_to":"","_links_to_target":""},"categories":[4],"tags":[],"class_list":["post-154","post","type-post","status-publish","format-standard","has-post-thumbnail","hentry","category-noticias"],"acf":[],"yoast_head":"<!-- This site is optimized with the Yoast SEO plugin v26.7 - https:\/\/yoast.com\/wordpress\/plugins\/seo\/ -->\n<title>Brillante desempe\u00f1o de equipos de la Regi\u00f3n de Ays\u00e9n en XV Congreso Nacional de Ciencia y Tecnolog\u00eda. - Aysen<\/title>\n<meta name=\"robots\" content=\"index, follow, max-snippet:-1, max-image-preview:large, max-video-preview:-1\" \/>\n<link rel=\"canonical\" href=\"https:\/\/dev.explora.cl\/aysen\/brillante-desempeno-de-equipos-de-la-region-de-aysen-en-xv-congreso-nacional-de-ciencia-y-tecnologia\/\" class=\"yoast-seo-meta-tag\" \/>\n<meta property=\"og:locale\" content=\"es_ES\" class=\"yoast-seo-meta-tag\" \/>\n<meta property=\"og:type\" content=\"article\" class=\"yoast-seo-meta-tag\" \/>\n<meta property=\"og:title\" content=\"Brillante desempe\u00f1o de equipos de la Regi\u00f3n de Ays\u00e9n en XV Congreso Nacional de Ciencia y Tecnolog\u00eda. - Aysen\" class=\"yoast-seo-meta-tag\" \/>\n<meta property=\"og:description\" content=\"El XV Congreso Nacional Escolar de Ciencia y Tecnolog\u00eda EXPLORA CONICYT congreg\u00f3 a 46 delegaciones nacionales y tres extranjeras, integradas por estudiantes de entre 5\u00b0 B\u00e1sico a 3\u00b0 Medio de todo el pa\u00eds. Los ganadores del XV Congreso son la cara visible de un proceso que suma m\u00e1s de 500 trabajos de investigaci\u00f3n, que ha [&hellip;]\" class=\"yoast-seo-meta-tag\" \/>\n<meta property=\"og:url\" content=\"https:\/\/dev.explora.cl\/aysen\/brillante-desempeno-de-equipos-de-la-region-de-aysen-en-xv-congreso-nacional-de-ciencia-y-tecnologia\/\" class=\"yoast-seo-meta-tag\" \/>\n<meta property=\"og:site_name\" content=\"Aysen\" class=\"yoast-seo-meta-tag\" \/>\n<meta property=\"article:published_time\" content=\"2014-11-28T04:00:00+00:00\" class=\"yoast-seo-meta-tag\" \/>\n<meta property=\"article:modified_time\" content=\"2019-05-20T21:22:00+00:00\" class=\"yoast-seo-meta-tag\" \/>\n<meta property=\"og:image\" content=\"https:\/\/dev.explora.cl\/aysen\/wp-content\/uploads\/sites\/18\/2018\/06\/e8e6b6587e95356d61d6563f975ff0bd.jpg\" class=\"yoast-seo-meta-tag\" \/>\n\t<meta property=\"og:image:width\" content=\"1280\" class=\"yoast-seo-meta-tag\" \/>\n\t<meta property=\"og:image:height\" content=\"956\" class=\"yoast-seo-meta-tag\" \/>\n\t<meta property=\"og:image:type\" content=\"image\/jpeg\" class=\"yoast-seo-meta-tag\" \/>\n<meta name=\"author\" content=\"webman\" class=\"yoast-seo-meta-tag\" \/>\n<meta name=\"twitter:card\" content=\"summary_large_image\" class=\"yoast-seo-meta-tag\" \/>\n<meta name=\"twitter:label1\" content=\"Escrito por\" class=\"yoast-seo-meta-tag\" \/>\n\t<meta name=\"twitter:data1\" content=\"webman\" class=\"yoast-seo-meta-tag\" \/>\n\t<meta name=\"twitter:label2\" content=\"Tiempo estimado de lectura\" class=\"yoast-seo-meta-tag\" \/>\n\t<meta name=\"twitter:data2\" content=\"2 minutos\" class=\"yoast-seo-meta-tag\" \/>\n<script type=\"application\/ld+json\" class=\"yoast-schema-graph\">{\"@context\":\"https:\/\/schema.org\",\"@graph\":[{\"@type\":\"Article\",\"@id\":\"https:\/\/dev.explora.cl\/aysen\/brillante-desempeno-de-equipos-de-la-region-de-aysen-en-xv-congreso-nacional-de-ciencia-y-tecnologia\/#article\",\"isPartOf\":{\"@id\":\"https:\/\/dev.explora.cl\/aysen\/brillante-desempeno-de-equipos-de-la-region-de-aysen-en-xv-congreso-nacional-de-ciencia-y-tecnologia\/\"},\"author\":{\"name\":\"webman\",\"@id\":\"https:\/\/dev.explora.cl\/aysen\/#\/schema\/person\/cb8349c13ea2d324080adf8480d7ba5d\"},\"headline\":\"Brillante desempe\u00f1o de equipos de la Regi\u00f3n de Ays\u00e9n en XV Congreso Nacional de Ciencia y Tecnolog\u00eda.\",\"datePublished\":\"2014-11-28T04:00:00+00:00\",\"dateModified\":\"2019-05-20T21:22:00+00:00\",\"mainEntityOfPage\":{\"@id\":\"https:\/\/dev.explora.cl\/aysen\/brillante-desempeno-de-equipos-de-la-region-de-aysen-en-xv-congreso-nacional-de-ciencia-y-tecnologia\/\"},\"wordCount\":519,\"commentCount\":0,\"image\":{\"@id\":\"https:\/\/dev.explora.cl\/aysen\/brillante-desempeno-de-equipos-de-la-region-de-aysen-en-xv-congreso-nacional-de-ciencia-y-tecnologia\/#primaryimage\"},\"thumbnailUrl\":\"https:\/\/dev.explora.cl\/aysen\/wp-content\/uploads\/sites\/18\/2018\/06\/e8e6b6587e95356d61d6563f975ff0bd.jpg\",\"articleSection\":[\"Noticias\"],\"inLanguage\":\"es-CL\",\"potentialAction\":[{\"@type\":\"CommentAction\",\"name\":\"Comment\",\"target\":[\"https:\/\/dev.explora.cl\/aysen\/brillante-desempeno-de-equipos-de-la-region-de-aysen-en-xv-congreso-nacional-de-ciencia-y-tecnologia\/#respond\"]}]},{\"@type\":\"WebPage\",\"@id\":\"https:\/\/dev.explora.cl\/aysen\/brillante-desempeno-de-equipos-de-la-region-de-aysen-en-xv-congreso-nacional-de-ciencia-y-tecnologia\/\",\"url\":\"https:\/\/dev.explora.cl\/aysen\/brillante-desempeno-de-equipos-de-la-region-de-aysen-en-xv-congreso-nacional-de-ciencia-y-tecnologia\/\",\"name\":\"Brillante desempe\u00f1o de equipos de la Regi\u00f3n de Ays\u00e9n en XV Congreso Nacional de Ciencia y Tecnolog\u00eda. - Aysen\",\"isPartOf\":{\"@id\":\"https:\/\/dev.explora.cl\/aysen\/#website\"},\"primaryImageOfPage\":{\"@id\":\"https:\/\/dev.explora.cl\/aysen\/brillante-desempeno-de-equipos-de-la-region-de-aysen-en-xv-congreso-nacional-de-ciencia-y-tecnologia\/#primaryimage\"},\"image\":{\"@id\":\"https:\/\/dev.explora.cl\/aysen\/brillante-desempeno-de-equipos-de-la-region-de-aysen-en-xv-congreso-nacional-de-ciencia-y-tecnologia\/#primaryimage\"},\"thumbnailUrl\":\"https:\/\/dev.explora.cl\/aysen\/wp-content\/uploads\/sites\/18\/2018\/06\/e8e6b6587e95356d61d6563f975ff0bd.jpg\",\"datePublished\":\"2014-11-28T04:00:00+00:00\",\"dateModified\":\"2019-05-20T21:22:00+00:00\",\"author\":{\"@id\":\"https:\/\/dev.explora.cl\/aysen\/#\/schema\/person\/cb8349c13ea2d324080adf8480d7ba5d\"},\"breadcrumb\":{\"@id\":\"https:\/\/dev.explora.cl\/aysen\/brillante-desempeno-de-equipos-de-la-region-de-aysen-en-xv-congreso-nacional-de-ciencia-y-tecnologia\/#breadcrumb\"},\"inLanguage\":\"es-CL\",\"potentialAction\":[{\"@type\":\"ReadAction\",\"target\":[\"https:\/\/dev.explora.cl\/aysen\/brillante-desempeno-de-equipos-de-la-region-de-aysen-en-xv-congreso-nacional-de-ciencia-y-tecnologia\/\"]}]},{\"@type\":\"ImageObject\",\"inLanguage\":\"es-CL\",\"@id\":\"https:\/\/dev.explora.cl\/aysen\/brillante-desempeno-de-equipos-de-la-region-de-aysen-en-xv-congreso-nacional-de-ciencia-y-tecnologia\/#primaryimage\",\"url\":\"https:\/\/dev.explora.cl\/aysen\/wp-content\/uploads\/sites\/18\/2018\/06\/e8e6b6587e95356d61d6563f975ff0bd.jpg\",\"contentUrl\":\"https:\/\/dev.explora.cl\/aysen\/wp-content\/uploads\/sites\/18\/2018\/06\/e8e6b6587e95356d61d6563f975ff0bd.jpg\",\"width\":1280,\"height\":956},{\"@type\":\"BreadcrumbList\",\"@id\":\"https:\/\/dev.explora.cl\/aysen\/brillante-desempeno-de-equipos-de-la-region-de-aysen-en-xv-congreso-nacional-de-ciencia-y-tecnologia\/#breadcrumb\",\"itemListElement\":[{\"@type\":\"ListItem\",\"position\":1,\"name\":\"Portada\",\"item\":\"https:\/\/dev.explora.cl\/aysen\/\"},{\"@type\":\"ListItem\",\"position\":2,\"name\":\"Brillante desempe\u00f1o de equipos de la Regi\u00f3n de Ays\u00e9n en XV Congreso Nacional de Ciencia y Tecnolog\u00eda.\"}]},{\"@type\":\"WebSite\",\"@id\":\"https:\/\/dev.explora.cl\/aysen\/#website\",\"url\":\"https:\/\/dev.explora.cl\/aysen\/\",\"name\":\"Aysen\",\"description\":\"Otro sitio m\u00e1s de dev.explora.cl\",\"potentialAction\":[{\"@type\":\"SearchAction\",\"target\":{\"@type\":\"EntryPoint\",\"urlTemplate\":\"https:\/\/dev.explora.cl\/aysen\/?s={search_term_string}\"},\"query-input\":{\"@type\":\"PropertyValueSpecification\",\"valueRequired\":true,\"valueName\":\"search_term_string\"}}],\"inLanguage\":\"es-CL\"},{\"@type\":\"Person\",\"@id\":\"https:\/\/dev.explora.cl\/aysen\/#\/schema\/person\/cb8349c13ea2d324080adf8480d7ba5d\",\"name\":\"webman\",\"image\":{\"@type\":\"ImageObject\",\"inLanguage\":\"es-CL\",\"@id\":\"https:\/\/dev.explora.cl\/aysen\/#\/schema\/person\/image\/\",\"url\":\"https:\/\/secure.gravatar.com\/avatar\/eeff3c82f2c02f7177d13663b7e6f890e9a6a0647ce9bb29cae02dcb094c7312?s=96&d=mm&r=g\",\"contentUrl\":\"https:\/\/secure.gravatar.com\/avatar\/eeff3c82f2c02f7177d13663b7e6f890e9a6a0647ce9bb29cae02dcb094c7312?s=96&d=mm&r=g\",\"caption\":\"webman\"},\"url\":\"https:\/\/dev.explora.cl\/aysen\/author\/webman\/\"}]}<\/script>\n<!-- \/ Yoast SEO plugin. -->","yoast_head_json":{"title":"Brillante desempe\u00f1o de equipos de la Regi\u00f3n de Ays\u00e9n en XV Congreso Nacional de Ciencia y Tecnolog\u00eda. - Aysen","robots":{"index":"index","follow":"follow","max-snippet":"max-snippet:-1","max-image-preview":"max-image-preview:large","max-video-preview":"max-video-preview:-1"},"canonical":"https:\/\/dev.explora.cl\/aysen\/brillante-desempeno-de-equipos-de-la-region-de-aysen-en-xv-congreso-nacional-de-ciencia-y-tecnologia\/","og_locale":"es_ES","og_type":"article","og_title":"Brillante desempe\u00f1o de equipos de la Regi\u00f3n de Ays\u00e9n en XV Congreso Nacional de Ciencia y Tecnolog\u00eda. - Aysen","og_description":"El XV Congreso Nacional Escolar de Ciencia y Tecnolog\u00eda EXPLORA CONICYT congreg\u00f3 a 46 delegaciones nacionales y tres extranjeras, integradas por estudiantes de entre 5\u00b0 B\u00e1sico a 3\u00b0 Medio de todo el pa\u00eds. Los ganadores del XV Congreso son la cara visible de un proceso que suma m\u00e1s de 500 trabajos de investigaci\u00f3n, que ha [&hellip;]","og_url":"https:\/\/dev.explora.cl\/aysen\/brillante-desempeno-de-equipos-de-la-region-de-aysen-en-xv-congreso-nacional-de-ciencia-y-tecnologia\/","og_site_name":"Aysen","article_published_time":"2014-11-28T04:00:00+00:00","article_modified_time":"2019-05-20T21:22:00+00:00","og_image":[{"width":1280,"height":956,"url":"https:\/\/dev.explora.cl\/aysen\/wp-content\/uploads\/sites\/18\/2018\/06\/e8e6b6587e95356d61d6563f975ff0bd.jpg","type":"image\/jpeg"}],"author":"webman","twitter_card":"summary_large_image","twitter_misc":{"Escrito por":"webman","Tiempo estimado de lectura":"2 minutos"},"schema":{"@context":"https:\/\/schema.org","@graph":[{"@type":"Article","@id":"https:\/\/dev.explora.cl\/aysen\/brillante-desempeno-de-equipos-de-la-region-de-aysen-en-xv-congreso-nacional-de-ciencia-y-tecnologia\/#article","isPartOf":{"@id":"https:\/\/dev.explora.cl\/aysen\/brillante-desempeno-de-equipos-de-la-region-de-aysen-en-xv-congreso-nacional-de-ciencia-y-tecnologia\/"},"author":{"name":"webman","@id":"https:\/\/dev.explora.cl\/aysen\/#\/schema\/person\/cb8349c13ea2d324080adf8480d7ba5d"},"headline":"Brillante desempe\u00f1o de equipos de la Regi\u00f3n de Ays\u00e9n en XV Congreso Nacional de Ciencia y Tecnolog\u00eda.","datePublished":"2014-11-28T04:00:00+00:00","dateModified":"2019-05-20T21:22:00+00:00","mainEntityOfPage":{"@id":"https:\/\/dev.explora.cl\/aysen\/brillante-desempeno-de-equipos-de-la-region-de-aysen-en-xv-congreso-nacional-de-ciencia-y-tecnologia\/"},"wordCount":519,"commentCount":0,"image":{"@id":"https:\/\/dev.explora.cl\/aysen\/brillante-desempeno-de-equipos-de-la-region-de-aysen-en-xv-congreso-nacional-de-ciencia-y-tecnologia\/#primaryimage"},"thumbnailUrl":"https:\/\/dev.explora.cl\/aysen\/wp-content\/uploads\/sites\/18\/2018\/06\/e8e6b6587e95356d61d6563f975ff0bd.jpg","articleSection":["Noticias"],"inLanguage":"es-CL","potentialAction":[{"@type":"CommentAction","name":"Comment","target":["https:\/\/dev.explora.cl\/aysen\/brillante-desempeno-de-equipos-de-la-region-de-aysen-en-xv-congreso-nacional-de-ciencia-y-tecnologia\/#respond"]}]},{"@type":"WebPage","@id":"https:\/\/dev.explora.cl\/aysen\/brillante-desempeno-de-equipos-de-la-region-de-aysen-en-xv-congreso-nacional-de-ciencia-y-tecnologia\/","url":"https:\/\/dev.explora.cl\/aysen\/brillante-desempeno-de-equipos-de-la-region-de-aysen-en-xv-congreso-nacional-de-ciencia-y-tecnologia\/","name":"Brillante desempe\u00f1o de equipos de la Regi\u00f3n de Ays\u00e9n en XV Congreso Nacional de Ciencia y Tecnolog\u00eda. - Aysen","isPartOf":{"@id":"https:\/\/dev.explora.cl\/aysen\/#website"},"primaryImageOfPage":{"@id":"https:\/\/dev.explora.cl\/aysen\/brillante-desempeno-de-equipos-de-la-region-de-aysen-en-xv-congreso-nacional-de-ciencia-y-tecnologia\/#primaryimage"},"image":{"@id":"https:\/\/dev.explora.cl\/aysen\/brillante-desempeno-de-equipos-de-la-region-de-aysen-en-xv-congreso-nacional-de-ciencia-y-tecnologia\/#primaryimage"},"thumbnailUrl":"https:\/\/dev.explora.cl\/aysen\/wp-content\/uploads\/sites\/18\/2018\/06\/e8e6b6587e95356d61d6563f975ff0bd.jpg","datePublished":"2014-11-28T04:00:00+00:00","dateModified":"2019-05-20T21:22:00+00:00","author":{"@id":"https:\/\/dev.explora.cl\/aysen\/#\/schema\/person\/cb8349c13ea2d324080adf8480d7ba5d"},"breadcrumb":{"@id":"https:\/\/dev.explora.cl\/aysen\/brillante-desempeno-de-equipos-de-la-region-de-aysen-en-xv-congreso-nacional-de-ciencia-y-tecnologia\/#breadcrumb"},"inLanguage":"es-CL","potentialAction":[{"@type":"ReadAction","target":["https:\/\/dev.explora.cl\/aysen\/brillante-desempeno-de-equipos-de-la-region-de-aysen-en-xv-congreso-nacional-de-ciencia-y-tecnologia\/"]}]},{"@type":"ImageObject","inLanguage":"es-CL","@id":"https:\/\/dev.explora.cl\/aysen\/brillante-desempeno-de-equipos-de-la-region-de-aysen-en-xv-congreso-nacional-de-ciencia-y-tecnologia\/#primaryimage","url":"https:\/\/dev.explora.cl\/aysen\/wp-content\/uploads\/sites\/18\/2018\/06\/e8e6b6587e95356d61d6563f975ff0bd.jpg","contentUrl":"https:\/\/dev.explora.cl\/aysen\/wp-content\/uploads\/sites\/18\/2018\/06\/e8e6b6587e95356d61d6563f975ff0bd.jpg","width":1280,"height":956},{"@type":"BreadcrumbList","@id":"https:\/\/dev.explora.cl\/aysen\/brillante-desempeno-de-equipos-de-la-region-de-aysen-en-xv-congreso-nacional-de-ciencia-y-tecnologia\/#breadcrumb","itemListElement":[{"@type":"ListItem","position":1,"name":"Portada","item":"https:\/\/dev.explora.cl\/aysen\/"},{"@type":"ListItem","position":2,"name":"Brillante desempe\u00f1o de equipos de la Regi\u00f3n de Ays\u00e9n en XV Congreso Nacional de Ciencia y Tecnolog\u00eda."}]},{"@type":"WebSite","@id":"https:\/\/dev.explora.cl\/aysen\/#website","url":"https:\/\/dev.explora.cl\/aysen\/","name":"Aysen","description":"Otro sitio m\u00e1s de dev.explora.cl","potentialAction":[{"@type":"SearchAction","target":{"@type":"EntryPoint","urlTemplate":"https:\/\/dev.explora.cl\/aysen\/?s={search_term_string}"},"query-input":{"@type":"PropertyValueSpecification","valueRequired":true,"valueName":"search_term_string"}}],"inLanguage":"es-CL"},{"@type":"Person","@id":"https:\/\/dev.explora.cl\/aysen\/#\/schema\/person\/cb8349c13ea2d324080adf8480d7ba5d","name":"webman","image":{"@type":"ImageObject","inLanguage":"es-CL","@id":"https:\/\/dev.explora.cl\/aysen\/#\/schema\/person\/image\/","url":"https:\/\/secure.gravatar.com\/avatar\/eeff3c82f2c02f7177d13663b7e6f890e9a6a0647ce9bb29cae02dcb094c7312?s=96&d=mm&r=g","contentUrl":"https:\/\/secure.gravatar.com\/avatar\/eeff3c82f2c02f7177d13663b7e6f890e9a6a0647ce9bb29cae02dcb094c7312?s=96&d=mm&r=g","caption":"webman"},"url":"https:\/\/dev.explora.cl\/aysen\/author\/webman\/"}]}},"_links":{"self":[{"href":"https:\/\/dev.explora.cl\/aysen\/wp-json\/wp\/v2\/posts\/154","targetHints":{"allow":["GET"]}}],"collection":[{"href":"https:\/\/dev.explora.cl\/aysen\/wp-json\/wp\/v2\/posts"}],"about":[{"href":"https:\/\/dev.explora.cl\/aysen\/wp-json\/wp\/v2\/types\/post"}],"author":[{"embeddable":true,"href":"https:\/\/dev.explora.cl\/aysen\/wp-json\/wp\/v2\/users\/2"}],"replies":[{"embeddable":true,"href":"https:\/\/dev.explora.cl\/aysen\/wp-json\/wp\/v2\/comments?post=154"}],"version-history":[{"count":1,"href":"https:\/\/dev.explora.cl\/aysen\/wp-json\/wp\/v2\/posts\/154\/revisions"}],"predecessor-version":[{"id":37338,"href":"https:\/\/dev.explora.cl\/aysen\/wp-json\/wp\/v2\/posts\/154\/revisions\/37338"}],"wp:featuredmedia":[{"embeddable":true,"href":"https:\/\/dev.explora.cl\/aysen\/wp-json\/wp\/v2\/media\/155"}],"wp:attachment":[{"href":"https:\/\/dev.explora.cl\/aysen\/wp-json\/wp\/v2\/media?parent=154"}],"wp:term":[{"taxonomy":"category","embeddable":true,"href":"https:\/\/dev.explora.cl\/aysen\/wp-json\/wp\/v2\/categories?post=154"},{"taxonomy":"post_tag","embeddable":true,"href":"https:\/\/dev.explora.cl\/aysen\/wp-json\/wp\/v2\/tags?post=154"}],"curies":[{"name":"wp","href":"https:\/\/api.w.org\/{rel}","templated":true}]}}