{"id":152,"date":"2014-11-17T00:00:00","date_gmt":"2014-11-17T04:00:00","guid":{"rendered":"https:\/\/dev.explora.cl\/aysen\/blog\/2014\/11\/17\/campamento-cientifico-chile-va-junto-cerca-de-150-estudiantes-de-la-region-de-aysen\/"},"modified":"2019-05-20T21:22:01","modified_gmt":"2019-05-20T21:22:01","slug":"campamento-cientifico-chile-va-junto-cerca-de-150-estudiantes-de-la-region-de-aysen","status":"publish","type":"post","link":"https:\/\/dev.explora.cl\/aysen\/campamento-cientifico-chile-va-junto-cerca-de-150-estudiantes-de-la-region-de-aysen\/","title":{"rendered":"Campamento Cient\u00edfico Chile Va junt\u00f3 cerca de 150 estudiantes de la regi\u00f3n de Ays\u00e9n."},"content":{"rendered":"<p><img loading=\"lazy\" decoding=\"async\" class=\" size-full wp-image-7311\" src=\"http:\/\/ec2-34-218-253-251.us-west-2.compute.amazonaws.com\/wp-content\/uploads\/2014\/11\/d8794a67ae1824f707399985a6ec7b71.jpg\" alt=\"\" width=\"620\" height=\"250\" \/><\/p>\n<p>Luego de seis d\u00edas de arduo trabajo, finaliz\u00f3 el Campamento Cient\u00edfico Escolar Chile Va. La actividad ejecutada por el Campus Patagonia de la Universidad Austral de Chile y financiada por el Programa EXPLORA CONICYT reuni\u00f3 a 150 estudiantes que vivieron la experiencia de conocer la labor que desarrollan destacados cient\u00edficos nacionales, desarrollar actividades cient\u00edficas y de emprendimiento con el fin de estimular sus vocaciones cient\u00edficas y generar un cambio positivo en el que se transformen en gestores de su propio futuro.<\/p>\n<p>El Campamento que se realiz\u00f3 por primera vez en la regi\u00f3n de Ays\u00e9n, tuvo entre sus exponentes a la doctora en Astronom\u00eda Mar\u00eda Teresa Ruiz, la primera mujer chilena en conseguir un premio nacional de ciencias exactas quien valor\u00f3 este tipo de instancias destacando que \u201ceste tipo de acciones son muy significativas ya que los j\u00f3venes por varios d\u00edas hablan, estudian, discuten y realizan ciencias permitiendo que estos tengan un abanico m\u00e1s variado a la hora de elegir una carrera ligada a esta \u00e1rea\u201d.<\/p>\n<p>Tras el cierre de las actividades la coordinadora regional del Campamento Chile Va, Marisol Barr\u00eda destac\u00f3 que \u201cestamos felices de la labor que hemos desarrollado como equipo, trabajamos m\u00e1s de 30 personas en dise\u00f1ar y ejecutar este proyecto, entre el equipo organizador, monitores y movilizadores, todos ellos con el compromiso y la convicci\u00f3n de que este campamento era una oportunidad \u00fanica para que los j\u00f3venes de Ays\u00e9n tambi\u00e9n pudieran vivir esta experiencia en torno a la ciencia. Los resultados se reflejan en la evoluci\u00f3n que mostraron los estudiantes y sus reflexiones, se van contentos y motivados con las distintas acciones que desarrollamos durante esta semana\u201d.<\/p>\n<p><strong>Conocer sobre experiencias en ciencias<\/strong><\/p>\n<p>En el encuentro, los estudiantes conocieron y compartieron con investigadores nacionales de reconocida trayectoria, visitaron lugares donde se aplica la ciencia y la tecnolog\u00eda, ejercitaron habilidades de coordinaci\u00f3n, resolvieron desaf\u00edos de laboratorio y se estimularon los valores de la ciencia como la creatividad, la perseverancia como el liderazgo trabajo en equipo ente otros.<\/p>\n<p>Para Patricia Ainol del 3er a\u00f1o medio del Liceo Polit\u00e9cnico A1 de Puerto Ays\u00e9n \u201cel balance es positivo, nunca pens\u00e9 que podr\u00eda compartir con otros estudiantes en temas ligados a ciencia. Afortunadamente nuestro grupo supo trabajar bien y valorar las distintas visiones en las pruebas o retos que tuvimos durante esta semana\u201d. A la vez destac\u00f3 que \u201ctodos los cient\u00edficos que compartieron con nosotros se dieron el tiempo para poder dialogar y mostrarnos que es hacer ciencia y eso se agradece porque es casi imposible tener ese roce en el d\u00eda a d\u00eda\u201d.<\/p>\n<p>Chile Va, es una iniciativa que est\u00e1 enfocada en promover el desarrollo de capital humano y mostrar a los estudiantes la nueva configuraci\u00f3n social y econ\u00f3mica del siglo XXI para que ellos, a trav\u00e9s de las pr\u00e1cticas emprendedoras, dise\u00f1en un proyecto de vida y se vinculen con la Ciencia y la Tecnolog\u00eda.<\/p>\n","protected":false},"excerpt":{"rendered":"<p>Luego de seis d\u00edas de arduo trabajo, finaliz\u00f3 el Campamento Cient\u00edfico Escolar Chile Va. La actividad ejecutada por el Campus Patagonia de la Universidad Austral de Chile y financiada por el Programa EXPLORA CONICYT reuni\u00f3 a 150 estudiantes que vivieron la experiencia de conocer la labor que desarrollan destacados cient\u00edficos nacionales, desarrollar actividades cient\u00edficas y [&hellip;]<\/p>\n","protected":false},"author":2,"featured_media":153,"comment_status":"open","ping_status":"open","sticky":false,"template":"","format":"standard","meta":{"_acf_changed":false,"_exactmetrics_skip_tracking":false,"_exactmetrics_sitenote_active":false,"_exactmetrics_sitenote_note":"","_exactmetrics_sitenote_category":0,"footnotes":"","_links_to":"","_links_to_target":""},"categories":[4],"tags":[],"class_list":["post-152","post","type-post","status-publish","format-standard","has-post-thumbnail","hentry","category-noticias"],"acf":[],"yoast_head":"<!-- This site is optimized with the Yoast SEO plugin v26.7 - https:\/\/yoast.com\/wordpress\/plugins\/seo\/ -->\n<title>Campamento Cient\u00edfico Chile Va junt\u00f3 cerca de 150 estudiantes de la regi\u00f3n de Ays\u00e9n. - Aysen<\/title>\n<meta name=\"robots\" content=\"index, follow, max-snippet:-1, max-image-preview:large, max-video-preview:-1\" \/>\n<link rel=\"canonical\" href=\"https:\/\/dev.explora.cl\/aysen\/campamento-cientifico-chile-va-junto-cerca-de-150-estudiantes-de-la-region-de-aysen\/\" class=\"yoast-seo-meta-tag\" \/>\n<meta property=\"og:locale\" content=\"es_ES\" class=\"yoast-seo-meta-tag\" \/>\n<meta property=\"og:type\" content=\"article\" class=\"yoast-seo-meta-tag\" \/>\n<meta property=\"og:title\" content=\"Campamento Cient\u00edfico Chile Va junt\u00f3 cerca de 150 estudiantes de la regi\u00f3n de Ays\u00e9n. - Aysen\" class=\"yoast-seo-meta-tag\" \/>\n<meta property=\"og:description\" content=\"Luego de seis d\u00edas de arduo trabajo, finaliz\u00f3 el Campamento Cient\u00edfico Escolar Chile Va. La actividad ejecutada por el Campus Patagonia de la Universidad Austral de Chile y financiada por el Programa EXPLORA CONICYT reuni\u00f3 a 150 estudiantes que vivieron la experiencia de conocer la labor que desarrollan destacados cient\u00edficos nacionales, desarrollar actividades cient\u00edficas y [&hellip;]\" class=\"yoast-seo-meta-tag\" \/>\n<meta property=\"og:url\" content=\"https:\/\/dev.explora.cl\/aysen\/campamento-cientifico-chile-va-junto-cerca-de-150-estudiantes-de-la-region-de-aysen\/\" class=\"yoast-seo-meta-tag\" \/>\n<meta property=\"og:site_name\" content=\"Aysen\" class=\"yoast-seo-meta-tag\" \/>\n<meta property=\"article:published_time\" content=\"2014-11-17T04:00:00+00:00\" class=\"yoast-seo-meta-tag\" \/>\n<meta property=\"article:modified_time\" content=\"2019-05-20T21:22:01+00:00\" class=\"yoast-seo-meta-tag\" \/>\n<meta property=\"og:image\" content=\"https:\/\/dev.explora.cl\/aysen\/wp-content\/uploads\/sites\/18\/2018\/06\/d8794a67ae1824f707399985a6ec7b71.jpg\" class=\"yoast-seo-meta-tag\" \/>\n\t<meta property=\"og:image:width\" content=\"620\" class=\"yoast-seo-meta-tag\" \/>\n\t<meta property=\"og:image:height\" content=\"250\" class=\"yoast-seo-meta-tag\" \/>\n\t<meta property=\"og:image:type\" content=\"image\/jpeg\" class=\"yoast-seo-meta-tag\" \/>\n<meta name=\"author\" content=\"webman\" class=\"yoast-seo-meta-tag\" \/>\n<meta name=\"twitter:card\" content=\"summary_large_image\" class=\"yoast-seo-meta-tag\" \/>\n<meta name=\"twitter:label1\" content=\"Escrito por\" class=\"yoast-seo-meta-tag\" \/>\n\t<meta name=\"twitter:data1\" content=\"webman\" class=\"yoast-seo-meta-tag\" \/>\n\t<meta name=\"twitter:label2\" content=\"Tiempo estimado de lectura\" class=\"yoast-seo-meta-tag\" \/>\n\t<meta name=\"twitter:data2\" content=\"3 minutos\" class=\"yoast-seo-meta-tag\" \/>\n<script type=\"application\/ld+json\" class=\"yoast-schema-graph\">{\"@context\":\"https:\/\/schema.org\",\"@graph\":[{\"@type\":\"Article\",\"@id\":\"https:\/\/dev.explora.cl\/aysen\/campamento-cientifico-chile-va-junto-cerca-de-150-estudiantes-de-la-region-de-aysen\/#article\",\"isPartOf\":{\"@id\":\"https:\/\/dev.explora.cl\/aysen\/campamento-cientifico-chile-va-junto-cerca-de-150-estudiantes-de-la-region-de-aysen\/\"},\"author\":{\"name\":\"webman\",\"@id\":\"https:\/\/dev.explora.cl\/aysen\/#\/schema\/person\/cb8349c13ea2d324080adf8480d7ba5d\"},\"headline\":\"Campamento Cient\u00edfico Chile Va junt\u00f3 cerca de 150 estudiantes de la regi\u00f3n de Ays\u00e9n.\",\"datePublished\":\"2014-11-17T04:00:00+00:00\",\"dateModified\":\"2019-05-20T21:22:01+00:00\",\"mainEntityOfPage\":{\"@id\":\"https:\/\/dev.explora.cl\/aysen\/campamento-cientifico-chile-va-junto-cerca-de-150-estudiantes-de-la-region-de-aysen\/\"},\"wordCount\":523,\"commentCount\":0,\"image\":{\"@id\":\"https:\/\/dev.explora.cl\/aysen\/campamento-cientifico-chile-va-junto-cerca-de-150-estudiantes-de-la-region-de-aysen\/#primaryimage\"},\"thumbnailUrl\":\"https:\/\/dev.explora.cl\/aysen\/wp-content\/uploads\/sites\/18\/2018\/06\/d8794a67ae1824f707399985a6ec7b71.jpg\",\"articleSection\":[\"Noticias\"],\"inLanguage\":\"es-CL\",\"potentialAction\":[{\"@type\":\"CommentAction\",\"name\":\"Comment\",\"target\":[\"https:\/\/dev.explora.cl\/aysen\/campamento-cientifico-chile-va-junto-cerca-de-150-estudiantes-de-la-region-de-aysen\/#respond\"]}]},{\"@type\":\"WebPage\",\"@id\":\"https:\/\/dev.explora.cl\/aysen\/campamento-cientifico-chile-va-junto-cerca-de-150-estudiantes-de-la-region-de-aysen\/\",\"url\":\"https:\/\/dev.explora.cl\/aysen\/campamento-cientifico-chile-va-junto-cerca-de-150-estudiantes-de-la-region-de-aysen\/\",\"name\":\"Campamento Cient\u00edfico Chile Va junt\u00f3 cerca de 150 estudiantes de la regi\u00f3n de Ays\u00e9n. - Aysen\",\"isPartOf\":{\"@id\":\"https:\/\/dev.explora.cl\/aysen\/#website\"},\"primaryImageOfPage\":{\"@id\":\"https:\/\/dev.explora.cl\/aysen\/campamento-cientifico-chile-va-junto-cerca-de-150-estudiantes-de-la-region-de-aysen\/#primaryimage\"},\"image\":{\"@id\":\"https:\/\/dev.explora.cl\/aysen\/campamento-cientifico-chile-va-junto-cerca-de-150-estudiantes-de-la-region-de-aysen\/#primaryimage\"},\"thumbnailUrl\":\"https:\/\/dev.explora.cl\/aysen\/wp-content\/uploads\/sites\/18\/2018\/06\/d8794a67ae1824f707399985a6ec7b71.jpg\",\"datePublished\":\"2014-11-17T04:00:00+00:00\",\"dateModified\":\"2019-05-20T21:22:01+00:00\",\"author\":{\"@id\":\"https:\/\/dev.explora.cl\/aysen\/#\/schema\/person\/cb8349c13ea2d324080adf8480d7ba5d\"},\"breadcrumb\":{\"@id\":\"https:\/\/dev.explora.cl\/aysen\/campamento-cientifico-chile-va-junto-cerca-de-150-estudiantes-de-la-region-de-aysen\/#breadcrumb\"},\"inLanguage\":\"es-CL\",\"potentialAction\":[{\"@type\":\"ReadAction\",\"target\":[\"https:\/\/dev.explora.cl\/aysen\/campamento-cientifico-chile-va-junto-cerca-de-150-estudiantes-de-la-region-de-aysen\/\"]}]},{\"@type\":\"ImageObject\",\"inLanguage\":\"es-CL\",\"@id\":\"https:\/\/dev.explora.cl\/aysen\/campamento-cientifico-chile-va-junto-cerca-de-150-estudiantes-de-la-region-de-aysen\/#primaryimage\",\"url\":\"https:\/\/dev.explora.cl\/aysen\/wp-content\/uploads\/sites\/18\/2018\/06\/d8794a67ae1824f707399985a6ec7b71.jpg\",\"contentUrl\":\"https:\/\/dev.explora.cl\/aysen\/wp-content\/uploads\/sites\/18\/2018\/06\/d8794a67ae1824f707399985a6ec7b71.jpg\",\"width\":620,\"height\":250},{\"@type\":\"BreadcrumbList\",\"@id\":\"https:\/\/dev.explora.cl\/aysen\/campamento-cientifico-chile-va-junto-cerca-de-150-estudiantes-de-la-region-de-aysen\/#breadcrumb\",\"itemListElement\":[{\"@type\":\"ListItem\",\"position\":1,\"name\":\"Portada\",\"item\":\"https:\/\/dev.explora.cl\/aysen\/\"},{\"@type\":\"ListItem\",\"position\":2,\"name\":\"Campamento Cient\u00edfico Chile Va junt\u00f3 cerca de 150 estudiantes de la regi\u00f3n de Ays\u00e9n.\"}]},{\"@type\":\"WebSite\",\"@id\":\"https:\/\/dev.explora.cl\/aysen\/#website\",\"url\":\"https:\/\/dev.explora.cl\/aysen\/\",\"name\":\"Aysen\",\"description\":\"Otro sitio m\u00e1s de dev.explora.cl\",\"potentialAction\":[{\"@type\":\"SearchAction\",\"target\":{\"@type\":\"EntryPoint\",\"urlTemplate\":\"https:\/\/dev.explora.cl\/aysen\/?s={search_term_string}\"},\"query-input\":{\"@type\":\"PropertyValueSpecification\",\"valueRequired\":true,\"valueName\":\"search_term_string\"}}],\"inLanguage\":\"es-CL\"},{\"@type\":\"Person\",\"@id\":\"https:\/\/dev.explora.cl\/aysen\/#\/schema\/person\/cb8349c13ea2d324080adf8480d7ba5d\",\"name\":\"webman\",\"image\":{\"@type\":\"ImageObject\",\"inLanguage\":\"es-CL\",\"@id\":\"https:\/\/dev.explora.cl\/aysen\/#\/schema\/person\/image\/\",\"url\":\"https:\/\/secure.gravatar.com\/avatar\/eeff3c82f2c02f7177d13663b7e6f890e9a6a0647ce9bb29cae02dcb094c7312?s=96&d=mm&r=g\",\"contentUrl\":\"https:\/\/secure.gravatar.com\/avatar\/eeff3c82f2c02f7177d13663b7e6f890e9a6a0647ce9bb29cae02dcb094c7312?s=96&d=mm&r=g\",\"caption\":\"webman\"},\"url\":\"https:\/\/dev.explora.cl\/aysen\/author\/webman\/\"}]}<\/script>\n<!-- \/ Yoast SEO plugin. -->","yoast_head_json":{"title":"Campamento Cient\u00edfico Chile Va junt\u00f3 cerca de 150 estudiantes de la regi\u00f3n de Ays\u00e9n. - Aysen","robots":{"index":"index","follow":"follow","max-snippet":"max-snippet:-1","max-image-preview":"max-image-preview:large","max-video-preview":"max-video-preview:-1"},"canonical":"https:\/\/dev.explora.cl\/aysen\/campamento-cientifico-chile-va-junto-cerca-de-150-estudiantes-de-la-region-de-aysen\/","og_locale":"es_ES","og_type":"article","og_title":"Campamento Cient\u00edfico Chile Va junt\u00f3 cerca de 150 estudiantes de la regi\u00f3n de Ays\u00e9n. - Aysen","og_description":"Luego de seis d\u00edas de arduo trabajo, finaliz\u00f3 el Campamento Cient\u00edfico Escolar Chile Va. La actividad ejecutada por el Campus Patagonia de la Universidad Austral de Chile y financiada por el Programa EXPLORA CONICYT reuni\u00f3 a 150 estudiantes que vivieron la experiencia de conocer la labor que desarrollan destacados cient\u00edficos nacionales, desarrollar actividades cient\u00edficas y [&hellip;]","og_url":"https:\/\/dev.explora.cl\/aysen\/campamento-cientifico-chile-va-junto-cerca-de-150-estudiantes-de-la-region-de-aysen\/","og_site_name":"Aysen","article_published_time":"2014-11-17T04:00:00+00:00","article_modified_time":"2019-05-20T21:22:01+00:00","og_image":[{"width":620,"height":250,"url":"https:\/\/dev.explora.cl\/aysen\/wp-content\/uploads\/sites\/18\/2018\/06\/d8794a67ae1824f707399985a6ec7b71.jpg","type":"image\/jpeg"}],"author":"webman","twitter_card":"summary_large_image","twitter_misc":{"Escrito por":"webman","Tiempo estimado de lectura":"3 minutos"},"schema":{"@context":"https:\/\/schema.org","@graph":[{"@type":"Article","@id":"https:\/\/dev.explora.cl\/aysen\/campamento-cientifico-chile-va-junto-cerca-de-150-estudiantes-de-la-region-de-aysen\/#article","isPartOf":{"@id":"https:\/\/dev.explora.cl\/aysen\/campamento-cientifico-chile-va-junto-cerca-de-150-estudiantes-de-la-region-de-aysen\/"},"author":{"name":"webman","@id":"https:\/\/dev.explora.cl\/aysen\/#\/schema\/person\/cb8349c13ea2d324080adf8480d7ba5d"},"headline":"Campamento Cient\u00edfico Chile Va junt\u00f3 cerca de 150 estudiantes de la regi\u00f3n de Ays\u00e9n.","datePublished":"2014-11-17T04:00:00+00:00","dateModified":"2019-05-20T21:22:01+00:00","mainEntityOfPage":{"@id":"https:\/\/dev.explora.cl\/aysen\/campamento-cientifico-chile-va-junto-cerca-de-150-estudiantes-de-la-region-de-aysen\/"},"wordCount":523,"commentCount":0,"image":{"@id":"https:\/\/dev.explora.cl\/aysen\/campamento-cientifico-chile-va-junto-cerca-de-150-estudiantes-de-la-region-de-aysen\/#primaryimage"},"thumbnailUrl":"https:\/\/dev.explora.cl\/aysen\/wp-content\/uploads\/sites\/18\/2018\/06\/d8794a67ae1824f707399985a6ec7b71.jpg","articleSection":["Noticias"],"inLanguage":"es-CL","potentialAction":[{"@type":"CommentAction","name":"Comment","target":["https:\/\/dev.explora.cl\/aysen\/campamento-cientifico-chile-va-junto-cerca-de-150-estudiantes-de-la-region-de-aysen\/#respond"]}]},{"@type":"WebPage","@id":"https:\/\/dev.explora.cl\/aysen\/campamento-cientifico-chile-va-junto-cerca-de-150-estudiantes-de-la-region-de-aysen\/","url":"https:\/\/dev.explora.cl\/aysen\/campamento-cientifico-chile-va-junto-cerca-de-150-estudiantes-de-la-region-de-aysen\/","name":"Campamento Cient\u00edfico Chile Va junt\u00f3 cerca de 150 estudiantes de la regi\u00f3n de Ays\u00e9n. - Aysen","isPartOf":{"@id":"https:\/\/dev.explora.cl\/aysen\/#website"},"primaryImageOfPage":{"@id":"https:\/\/dev.explora.cl\/aysen\/campamento-cientifico-chile-va-junto-cerca-de-150-estudiantes-de-la-region-de-aysen\/#primaryimage"},"image":{"@id":"https:\/\/dev.explora.cl\/aysen\/campamento-cientifico-chile-va-junto-cerca-de-150-estudiantes-de-la-region-de-aysen\/#primaryimage"},"thumbnailUrl":"https:\/\/dev.explora.cl\/aysen\/wp-content\/uploads\/sites\/18\/2018\/06\/d8794a67ae1824f707399985a6ec7b71.jpg","datePublished":"2014-11-17T04:00:00+00:00","dateModified":"2019-05-20T21:22:01+00:00","author":{"@id":"https:\/\/dev.explora.cl\/aysen\/#\/schema\/person\/cb8349c13ea2d324080adf8480d7ba5d"},"breadcrumb":{"@id":"https:\/\/dev.explora.cl\/aysen\/campamento-cientifico-chile-va-junto-cerca-de-150-estudiantes-de-la-region-de-aysen\/#breadcrumb"},"inLanguage":"es-CL","potentialAction":[{"@type":"ReadAction","target":["https:\/\/dev.explora.cl\/aysen\/campamento-cientifico-chile-va-junto-cerca-de-150-estudiantes-de-la-region-de-aysen\/"]}]},{"@type":"ImageObject","inLanguage":"es-CL","@id":"https:\/\/dev.explora.cl\/aysen\/campamento-cientifico-chile-va-junto-cerca-de-150-estudiantes-de-la-region-de-aysen\/#primaryimage","url":"https:\/\/dev.explora.cl\/aysen\/wp-content\/uploads\/sites\/18\/2018\/06\/d8794a67ae1824f707399985a6ec7b71.jpg","contentUrl":"https:\/\/dev.explora.cl\/aysen\/wp-content\/uploads\/sites\/18\/2018\/06\/d8794a67ae1824f707399985a6ec7b71.jpg","width":620,"height":250},{"@type":"BreadcrumbList","@id":"https:\/\/dev.explora.cl\/aysen\/campamento-cientifico-chile-va-junto-cerca-de-150-estudiantes-de-la-region-de-aysen\/#breadcrumb","itemListElement":[{"@type":"ListItem","position":1,"name":"Portada","item":"https:\/\/dev.explora.cl\/aysen\/"},{"@type":"ListItem","position":2,"name":"Campamento Cient\u00edfico Chile Va junt\u00f3 cerca de 150 estudiantes de la regi\u00f3n de Ays\u00e9n."}]},{"@type":"WebSite","@id":"https:\/\/dev.explora.cl\/aysen\/#website","url":"https:\/\/dev.explora.cl\/aysen\/","name":"Aysen","description":"Otro sitio m\u00e1s de dev.explora.cl","potentialAction":[{"@type":"SearchAction","target":{"@type":"EntryPoint","urlTemplate":"https:\/\/dev.explora.cl\/aysen\/?s={search_term_string}"},"query-input":{"@type":"PropertyValueSpecification","valueRequired":true,"valueName":"search_term_string"}}],"inLanguage":"es-CL"},{"@type":"Person","@id":"https:\/\/dev.explora.cl\/aysen\/#\/schema\/person\/cb8349c13ea2d324080adf8480d7ba5d","name":"webman","image":{"@type":"ImageObject","inLanguage":"es-CL","@id":"https:\/\/dev.explora.cl\/aysen\/#\/schema\/person\/image\/","url":"https:\/\/secure.gravatar.com\/avatar\/eeff3c82f2c02f7177d13663b7e6f890e9a6a0647ce9bb29cae02dcb094c7312?s=96&d=mm&r=g","contentUrl":"https:\/\/secure.gravatar.com\/avatar\/eeff3c82f2c02f7177d13663b7e6f890e9a6a0647ce9bb29cae02dcb094c7312?s=96&d=mm&r=g","caption":"webman"},"url":"https:\/\/dev.explora.cl\/aysen\/author\/webman\/"}]}},"_links":{"self":[{"href":"https:\/\/dev.explora.cl\/aysen\/wp-json\/wp\/v2\/posts\/152","targetHints":{"allow":["GET"]}}],"collection":[{"href":"https:\/\/dev.explora.cl\/aysen\/wp-json\/wp\/v2\/posts"}],"about":[{"href":"https:\/\/dev.explora.cl\/aysen\/wp-json\/wp\/v2\/types\/post"}],"author":[{"embeddable":true,"href":"https:\/\/dev.explora.cl\/aysen\/wp-json\/wp\/v2\/users\/2"}],"replies":[{"embeddable":true,"href":"https:\/\/dev.explora.cl\/aysen\/wp-json\/wp\/v2\/comments?post=152"}],"version-history":[{"count":1,"href":"https:\/\/dev.explora.cl\/aysen\/wp-json\/wp\/v2\/posts\/152\/revisions"}],"predecessor-version":[{"id":37339,"href":"https:\/\/dev.explora.cl\/aysen\/wp-json\/wp\/v2\/posts\/152\/revisions\/37339"}],"wp:featuredmedia":[{"embeddable":true,"href":"https:\/\/dev.explora.cl\/aysen\/wp-json\/wp\/v2\/media\/153"}],"wp:attachment":[{"href":"https:\/\/dev.explora.cl\/aysen\/wp-json\/wp\/v2\/media?parent=152"}],"wp:term":[{"taxonomy":"category","embeddable":true,"href":"https:\/\/dev.explora.cl\/aysen\/wp-json\/wp\/v2\/categories?post=152"},{"taxonomy":"post_tag","embeddable":true,"href":"https:\/\/dev.explora.cl\/aysen\/wp-json\/wp\/v2\/tags?post=152"}],"curies":[{"name":"wp","href":"https:\/\/api.w.org\/{rel}","templated":true}]}}