{"id":148,"date":"2014-11-06T00:00:00","date_gmt":"2014-11-06T04:00:00","guid":{"rendered":"https:\/\/dev.explora.cl\/aysen\/blog\/2014\/11\/06\/150-estudiantes-seleccionados-para-participar-del-campamento-cientifico-escolar-chile-va\/"},"modified":"2019-05-20T21:22:01","modified_gmt":"2019-05-20T21:22:01","slug":"150-estudiantes-seleccionados-para-participar-del-campamento-cientifico-escolar-chile-va","status":"publish","type":"post","link":"https:\/\/dev.explora.cl\/aysen\/150-estudiantes-seleccionados-para-participar-del-campamento-cientifico-escolar-chile-va\/","title":{"rendered":"150 estudiantes seleccionados para participar del campamento cient\u00edfico escolar CHILE VA"},"content":{"rendered":"<p><img loading=\"lazy\" decoding=\"async\" class=\" size-full wp-image-6941\" src=\"http:\/\/ec2-34-218-253-251.us-west-2.compute.amazonaws.com\/wp-content\/uploads\/2014\/11\/7de95ce12f2200e0af6029c68ebeedfe.jpg\" alt=\"\" width=\"1920\" height=\"1280\" \/><\/p>\n<p><span style=\"line-height: 1.3em\">Ya fueron seleccionados los 150 estudiantes que participar\u00e1n del campamento cient\u00edfico escolar Explora CHILE VA en la regi\u00f3n de Ays\u00e9n, \u00a0que se realizar\u00e1 entre el 10 y el 15 de noviembre en dependencias de la Escuela del Valle Simpson. Este encuentro, organizado por el Campus Patagonia de la Universidad Austral de Chile y financiado por el programa Explora Conicyt, busca generar y reforzar vocaciones cient\u00edficas y tecnol\u00f3gicas en los j\u00f3venes, quienes interactuar\u00e1n con sus pares y con destacados cient\u00edficos.<\/span><\/p>\n<p><span style=\"line-height: 1.3em\">Explora Chile Va es una iniciativa ejecutada por el Programa EXPLORA de la Comisi\u00f3n Nacional de Investigaci\u00f3n Cient\u00edfica y Tecnol\u00f3gica (CONICYT), dentro de su l\u00ednea de Valoraci\u00f3n, enfocada a promover el desarrollo de capital humano y mostrar a los estudiantes la nueva configuraci\u00f3n social y econ\u00f3mica del siglo XXI para que ellos, a trav\u00e9s de las pr\u00e1cticas emprendedoras, dise\u00f1en un proyecto de vida y se vinculen con la ciencia y la tecnolog\u00eda.<\/span><\/p>\n<p><span style=\"line-height: 1.3em\">En relaci\u00f3n al proceso de selecci\u00f3n de los estudiantes que vivir\u00e1n esta experiencia, la coordinadora del Campamento, Marisol Barr\u00eda, expres\u00f3 la alta convocatoria del proceso y agradeci\u00f3 el apoyo y disposici\u00f3n de los establecimientos educacionales por difundir el encuentro.<\/span><\/p>\n<p><span style=\"line-height: 1.3em\">\u201cEstamos bien contentos con la iniciativa y sorprendidos por el inter\u00e9s de los estudiantes por vivir esta experiencia. Seleccionamos a 150 de 750 estudiantes que manifestaron su inter\u00e9s en participar. Tambi\u00e9n hubo muy buena disposici\u00f3n, de los directores y profesores de ciencia de los establecimientos de la regi\u00f3n, a colaborar en la convocatoria y difusi\u00f3n de esta actividad que se realiza por primera vez en la regi\u00f3n de Ays\u00e9n\u201d, explica la coordinadora \u00a0del campamento CHILE VA.\u00a0<\/span><\/p>\n<p><span style=\"line-height: 1.3em\">Una de las estudiantes seleccionadas, Francia Osses, de 3\u00aamedio del colegio Alborada quien expres\u00f3 su gratitud por participar de CHILE VA indicando que \u201cno se hab\u00edan dado este tipo de oportunidades y considero que es una muy buena ocasi\u00f3n para poder ampliar mis conocimientos al compartir con los cient\u00edficos, adem\u00e1s voy a conocer estudiantes de otros colegios a los que le interesa la ciencia como a m\u00ed\u201d.\u00a0<\/span><\/p>\n<p>Por su parte, Pablo de la Fuente, de 2\u00ba a\u00f1o del colegio Santa Teresa de Puerto Ays\u00e9n, valor\u00f3 la participaci\u00f3n de cient\u00edfico de renombre expresando que \u201cdesde chico he estado interesado en el \u00e1mbito de la ciencia, principalmente la Astronom\u00eda, y que en el campamento hayan cient\u00edficos reconocidos en esta \u00e1rea me parece excelente. Tambi\u00e9n es muy importante que vengan a esta regi\u00f3n que est\u00e1 m\u00e1s apartada que las dem\u00e1s a compartir su conocimiento con nosotros\u201d\u00a0<\/p>\n<p>Finalmente, \u00a0cabe se\u00f1alar que los estudiantes que participar\u00e1n pertenecen a las comunas de Coyhaique, Ays\u00e9n, Cisnes y Chile Chico, quienes deber\u00e1n presentarse este lunes 10 de noviembre en la Plaza de Armas de Coyhaique, lugar en el cual los esperar\u00e1 el equipo que participar\u00e1 de esta actividad de una semana para trasladarlos hasta la escuela del Valle Simpson.\u00a0<\/p>\n","protected":false},"excerpt":{"rendered":"<p>Ya fueron seleccionados los 150 estudiantes que participar\u00e1n del campamento cient\u00edfico escolar Explora CHILE VA en la regi\u00f3n de Ays\u00e9n, \u00a0que se realizar\u00e1 entre el 10 y el 15 de noviembre en dependencias de la Escuela del Valle Simpson. Este encuentro, organizado por el Campus Patagonia de la Universidad Austral de Chile y financiado por [&hellip;]<\/p>\n","protected":false},"author":2,"featured_media":33787,"comment_status":"open","ping_status":"open","sticky":false,"template":"","format":"standard","meta":{"_acf_changed":false,"_exactmetrics_skip_tracking":false,"_exactmetrics_sitenote_active":false,"_exactmetrics_sitenote_note":"","_exactmetrics_sitenote_category":0,"footnotes":"","_links_to":"","_links_to_target":""},"categories":[4],"tags":[],"class_list":["post-148","post","type-post","status-publish","format-standard","has-post-thumbnail","hentry","category-noticias"],"acf":[],"yoast_head":"<!-- This site is optimized with the Yoast SEO plugin v26.7 - https:\/\/yoast.com\/wordpress\/plugins\/seo\/ -->\n<title>150 estudiantes seleccionados para participar del campamento cient\u00edfico escolar CHILE VA - Aysen<\/title>\n<meta name=\"robots\" content=\"index, follow, max-snippet:-1, max-image-preview:large, max-video-preview:-1\" \/>\n<link rel=\"canonical\" href=\"https:\/\/dev.explora.cl\/aysen\/150-estudiantes-seleccionados-para-participar-del-campamento-cientifico-escolar-chile-va\/\" class=\"yoast-seo-meta-tag\" \/>\n<meta property=\"og:locale\" content=\"es_ES\" class=\"yoast-seo-meta-tag\" \/>\n<meta property=\"og:type\" content=\"article\" class=\"yoast-seo-meta-tag\" \/>\n<meta property=\"og:title\" content=\"150 estudiantes seleccionados para participar del campamento cient\u00edfico escolar CHILE VA - Aysen\" class=\"yoast-seo-meta-tag\" \/>\n<meta property=\"og:description\" content=\"Ya fueron seleccionados los 150 estudiantes que participar\u00e1n del campamento cient\u00edfico escolar Explora CHILE VA en la regi\u00f3n de Ays\u00e9n, \u00a0que se realizar\u00e1 entre el 10 y el 15 de noviembre en dependencias de la Escuela del Valle Simpson. Este encuentro, organizado por el Campus Patagonia de la Universidad Austral de Chile y financiado por [&hellip;]\" class=\"yoast-seo-meta-tag\" \/>\n<meta property=\"og:url\" content=\"https:\/\/dev.explora.cl\/aysen\/150-estudiantes-seleccionados-para-participar-del-campamento-cientifico-escolar-chile-va\/\" class=\"yoast-seo-meta-tag\" \/>\n<meta property=\"og:site_name\" content=\"Aysen\" class=\"yoast-seo-meta-tag\" \/>\n<meta property=\"article:published_time\" content=\"2014-11-06T04:00:00+00:00\" class=\"yoast-seo-meta-tag\" \/>\n<meta property=\"article:modified_time\" content=\"2019-05-20T21:22:01+00:00\" class=\"yoast-seo-meta-tag\" \/>\n<meta property=\"og:image\" content=\"https:\/\/dev.explora.cl\/aysen\/wp-content\/uploads\/sites\/18\/2018\/06\/7de95ce12f2200e0af6029c68ebeedfe.jpg\" class=\"yoast-seo-meta-tag\" \/>\n\t<meta property=\"og:image:width\" content=\"1920\" class=\"yoast-seo-meta-tag\" \/>\n\t<meta property=\"og:image:height\" content=\"1280\" class=\"yoast-seo-meta-tag\" \/>\n\t<meta property=\"og:image:type\" content=\"image\/jpeg\" class=\"yoast-seo-meta-tag\" \/>\n<meta name=\"author\" content=\"webman\" class=\"yoast-seo-meta-tag\" \/>\n<meta name=\"twitter:card\" content=\"summary_large_image\" class=\"yoast-seo-meta-tag\" \/>\n<meta name=\"twitter:label1\" content=\"Escrito por\" class=\"yoast-seo-meta-tag\" \/>\n\t<meta name=\"twitter:data1\" content=\"webman\" class=\"yoast-seo-meta-tag\" \/>\n\t<meta name=\"twitter:label2\" content=\"Tiempo estimado de lectura\" class=\"yoast-seo-meta-tag\" \/>\n\t<meta name=\"twitter:data2\" content=\"3 minutos\" class=\"yoast-seo-meta-tag\" \/>\n<script type=\"application\/ld+json\" class=\"yoast-schema-graph\">{\"@context\":\"https:\/\/schema.org\",\"@graph\":[{\"@type\":\"Article\",\"@id\":\"https:\/\/dev.explora.cl\/aysen\/150-estudiantes-seleccionados-para-participar-del-campamento-cientifico-escolar-chile-va\/#article\",\"isPartOf\":{\"@id\":\"https:\/\/dev.explora.cl\/aysen\/150-estudiantes-seleccionados-para-participar-del-campamento-cientifico-escolar-chile-va\/\"},\"author\":{\"name\":\"webman\",\"@id\":\"https:\/\/dev.explora.cl\/aysen\/#\/schema\/person\/cb8349c13ea2d324080adf8480d7ba5d\"},\"headline\":\"150 estudiantes seleccionados para participar del campamento cient\u00edfico escolar CHILE VA\",\"datePublished\":\"2014-11-06T04:00:00+00:00\",\"dateModified\":\"2019-05-20T21:22:01+00:00\",\"mainEntityOfPage\":{\"@id\":\"https:\/\/dev.explora.cl\/aysen\/150-estudiantes-seleccionados-para-participar-del-campamento-cientifico-escolar-chile-va\/\"},\"wordCount\":523,\"commentCount\":0,\"image\":{\"@id\":\"https:\/\/dev.explora.cl\/aysen\/150-estudiantes-seleccionados-para-participar-del-campamento-cientifico-escolar-chile-va\/#primaryimage\"},\"thumbnailUrl\":\"https:\/\/dev.explora.cl\/aysen\/wp-content\/uploads\/sites\/18\/2018\/06\/7de95ce12f2200e0af6029c68ebeedfe.jpg\",\"articleSection\":[\"Noticias\"],\"inLanguage\":\"es-CL\",\"potentialAction\":[{\"@type\":\"CommentAction\",\"name\":\"Comment\",\"target\":[\"https:\/\/dev.explora.cl\/aysen\/150-estudiantes-seleccionados-para-participar-del-campamento-cientifico-escolar-chile-va\/#respond\"]}]},{\"@type\":\"WebPage\",\"@id\":\"https:\/\/dev.explora.cl\/aysen\/150-estudiantes-seleccionados-para-participar-del-campamento-cientifico-escolar-chile-va\/\",\"url\":\"https:\/\/dev.explora.cl\/aysen\/150-estudiantes-seleccionados-para-participar-del-campamento-cientifico-escolar-chile-va\/\",\"name\":\"150 estudiantes seleccionados para participar del campamento cient\u00edfico escolar CHILE VA - Aysen\",\"isPartOf\":{\"@id\":\"https:\/\/dev.explora.cl\/aysen\/#website\"},\"primaryImageOfPage\":{\"@id\":\"https:\/\/dev.explora.cl\/aysen\/150-estudiantes-seleccionados-para-participar-del-campamento-cientifico-escolar-chile-va\/#primaryimage\"},\"image\":{\"@id\":\"https:\/\/dev.explora.cl\/aysen\/150-estudiantes-seleccionados-para-participar-del-campamento-cientifico-escolar-chile-va\/#primaryimage\"},\"thumbnailUrl\":\"https:\/\/dev.explora.cl\/aysen\/wp-content\/uploads\/sites\/18\/2018\/06\/7de95ce12f2200e0af6029c68ebeedfe.jpg\",\"datePublished\":\"2014-11-06T04:00:00+00:00\",\"dateModified\":\"2019-05-20T21:22:01+00:00\",\"author\":{\"@id\":\"https:\/\/dev.explora.cl\/aysen\/#\/schema\/person\/cb8349c13ea2d324080adf8480d7ba5d\"},\"breadcrumb\":{\"@id\":\"https:\/\/dev.explora.cl\/aysen\/150-estudiantes-seleccionados-para-participar-del-campamento-cientifico-escolar-chile-va\/#breadcrumb\"},\"inLanguage\":\"es-CL\",\"potentialAction\":[{\"@type\":\"ReadAction\",\"target\":[\"https:\/\/dev.explora.cl\/aysen\/150-estudiantes-seleccionados-para-participar-del-campamento-cientifico-escolar-chile-va\/\"]}]},{\"@type\":\"ImageObject\",\"inLanguage\":\"es-CL\",\"@id\":\"https:\/\/dev.explora.cl\/aysen\/150-estudiantes-seleccionados-para-participar-del-campamento-cientifico-escolar-chile-va\/#primaryimage\",\"url\":\"https:\/\/dev.explora.cl\/aysen\/wp-content\/uploads\/sites\/18\/2018\/06\/7de95ce12f2200e0af6029c68ebeedfe.jpg\",\"contentUrl\":\"https:\/\/dev.explora.cl\/aysen\/wp-content\/uploads\/sites\/18\/2018\/06\/7de95ce12f2200e0af6029c68ebeedfe.jpg\",\"width\":1920,\"height\":1280},{\"@type\":\"BreadcrumbList\",\"@id\":\"https:\/\/dev.explora.cl\/aysen\/150-estudiantes-seleccionados-para-participar-del-campamento-cientifico-escolar-chile-va\/#breadcrumb\",\"itemListElement\":[{\"@type\":\"ListItem\",\"position\":1,\"name\":\"Portada\",\"item\":\"https:\/\/dev.explora.cl\/aysen\/\"},{\"@type\":\"ListItem\",\"position\":2,\"name\":\"150 estudiantes seleccionados para participar del campamento cient\u00edfico escolar CHILE VA\"}]},{\"@type\":\"WebSite\",\"@id\":\"https:\/\/dev.explora.cl\/aysen\/#website\",\"url\":\"https:\/\/dev.explora.cl\/aysen\/\",\"name\":\"Aysen\",\"description\":\"Otro sitio m\u00e1s de dev.explora.cl\",\"potentialAction\":[{\"@type\":\"SearchAction\",\"target\":{\"@type\":\"EntryPoint\",\"urlTemplate\":\"https:\/\/dev.explora.cl\/aysen\/?s={search_term_string}\"},\"query-input\":{\"@type\":\"PropertyValueSpecification\",\"valueRequired\":true,\"valueName\":\"search_term_string\"}}],\"inLanguage\":\"es-CL\"},{\"@type\":\"Person\",\"@id\":\"https:\/\/dev.explora.cl\/aysen\/#\/schema\/person\/cb8349c13ea2d324080adf8480d7ba5d\",\"name\":\"webman\",\"image\":{\"@type\":\"ImageObject\",\"inLanguage\":\"es-CL\",\"@id\":\"https:\/\/dev.explora.cl\/aysen\/#\/schema\/person\/image\/\",\"url\":\"https:\/\/secure.gravatar.com\/avatar\/eeff3c82f2c02f7177d13663b7e6f890e9a6a0647ce9bb29cae02dcb094c7312?s=96&d=mm&r=g\",\"contentUrl\":\"https:\/\/secure.gravatar.com\/avatar\/eeff3c82f2c02f7177d13663b7e6f890e9a6a0647ce9bb29cae02dcb094c7312?s=96&d=mm&r=g\",\"caption\":\"webman\"},\"url\":\"https:\/\/dev.explora.cl\/aysen\/author\/webman\/\"}]}<\/script>\n<!-- \/ Yoast SEO plugin. -->","yoast_head_json":{"title":"150 estudiantes seleccionados para participar del campamento cient\u00edfico escolar CHILE VA - Aysen","robots":{"index":"index","follow":"follow","max-snippet":"max-snippet:-1","max-image-preview":"max-image-preview:large","max-video-preview":"max-video-preview:-1"},"canonical":"https:\/\/dev.explora.cl\/aysen\/150-estudiantes-seleccionados-para-participar-del-campamento-cientifico-escolar-chile-va\/","og_locale":"es_ES","og_type":"article","og_title":"150 estudiantes seleccionados para participar del campamento cient\u00edfico escolar CHILE VA - Aysen","og_description":"Ya fueron seleccionados los 150 estudiantes que participar\u00e1n del campamento cient\u00edfico escolar Explora CHILE VA en la regi\u00f3n de Ays\u00e9n, \u00a0que se realizar\u00e1 entre el 10 y el 15 de noviembre en dependencias de la Escuela del Valle Simpson. Este encuentro, organizado por el Campus Patagonia de la Universidad Austral de Chile y financiado por [&hellip;]","og_url":"https:\/\/dev.explora.cl\/aysen\/150-estudiantes-seleccionados-para-participar-del-campamento-cientifico-escolar-chile-va\/","og_site_name":"Aysen","article_published_time":"2014-11-06T04:00:00+00:00","article_modified_time":"2019-05-20T21:22:01+00:00","og_image":[{"width":1920,"height":1280,"url":"https:\/\/dev.explora.cl\/aysen\/wp-content\/uploads\/sites\/18\/2018\/06\/7de95ce12f2200e0af6029c68ebeedfe.jpg","type":"image\/jpeg"}],"author":"webman","twitter_card":"summary_large_image","twitter_misc":{"Escrito por":"webman","Tiempo estimado de lectura":"3 minutos"},"schema":{"@context":"https:\/\/schema.org","@graph":[{"@type":"Article","@id":"https:\/\/dev.explora.cl\/aysen\/150-estudiantes-seleccionados-para-participar-del-campamento-cientifico-escolar-chile-va\/#article","isPartOf":{"@id":"https:\/\/dev.explora.cl\/aysen\/150-estudiantes-seleccionados-para-participar-del-campamento-cientifico-escolar-chile-va\/"},"author":{"name":"webman","@id":"https:\/\/dev.explora.cl\/aysen\/#\/schema\/person\/cb8349c13ea2d324080adf8480d7ba5d"},"headline":"150 estudiantes seleccionados para participar del campamento cient\u00edfico escolar CHILE VA","datePublished":"2014-11-06T04:00:00+00:00","dateModified":"2019-05-20T21:22:01+00:00","mainEntityOfPage":{"@id":"https:\/\/dev.explora.cl\/aysen\/150-estudiantes-seleccionados-para-participar-del-campamento-cientifico-escolar-chile-va\/"},"wordCount":523,"commentCount":0,"image":{"@id":"https:\/\/dev.explora.cl\/aysen\/150-estudiantes-seleccionados-para-participar-del-campamento-cientifico-escolar-chile-va\/#primaryimage"},"thumbnailUrl":"https:\/\/dev.explora.cl\/aysen\/wp-content\/uploads\/sites\/18\/2018\/06\/7de95ce12f2200e0af6029c68ebeedfe.jpg","articleSection":["Noticias"],"inLanguage":"es-CL","potentialAction":[{"@type":"CommentAction","name":"Comment","target":["https:\/\/dev.explora.cl\/aysen\/150-estudiantes-seleccionados-para-participar-del-campamento-cientifico-escolar-chile-va\/#respond"]}]},{"@type":"WebPage","@id":"https:\/\/dev.explora.cl\/aysen\/150-estudiantes-seleccionados-para-participar-del-campamento-cientifico-escolar-chile-va\/","url":"https:\/\/dev.explora.cl\/aysen\/150-estudiantes-seleccionados-para-participar-del-campamento-cientifico-escolar-chile-va\/","name":"150 estudiantes seleccionados para participar del campamento cient\u00edfico escolar CHILE VA - Aysen","isPartOf":{"@id":"https:\/\/dev.explora.cl\/aysen\/#website"},"primaryImageOfPage":{"@id":"https:\/\/dev.explora.cl\/aysen\/150-estudiantes-seleccionados-para-participar-del-campamento-cientifico-escolar-chile-va\/#primaryimage"},"image":{"@id":"https:\/\/dev.explora.cl\/aysen\/150-estudiantes-seleccionados-para-participar-del-campamento-cientifico-escolar-chile-va\/#primaryimage"},"thumbnailUrl":"https:\/\/dev.explora.cl\/aysen\/wp-content\/uploads\/sites\/18\/2018\/06\/7de95ce12f2200e0af6029c68ebeedfe.jpg","datePublished":"2014-11-06T04:00:00+00:00","dateModified":"2019-05-20T21:22:01+00:00","author":{"@id":"https:\/\/dev.explora.cl\/aysen\/#\/schema\/person\/cb8349c13ea2d324080adf8480d7ba5d"},"breadcrumb":{"@id":"https:\/\/dev.explora.cl\/aysen\/150-estudiantes-seleccionados-para-participar-del-campamento-cientifico-escolar-chile-va\/#breadcrumb"},"inLanguage":"es-CL","potentialAction":[{"@type":"ReadAction","target":["https:\/\/dev.explora.cl\/aysen\/150-estudiantes-seleccionados-para-participar-del-campamento-cientifico-escolar-chile-va\/"]}]},{"@type":"ImageObject","inLanguage":"es-CL","@id":"https:\/\/dev.explora.cl\/aysen\/150-estudiantes-seleccionados-para-participar-del-campamento-cientifico-escolar-chile-va\/#primaryimage","url":"https:\/\/dev.explora.cl\/aysen\/wp-content\/uploads\/sites\/18\/2018\/06\/7de95ce12f2200e0af6029c68ebeedfe.jpg","contentUrl":"https:\/\/dev.explora.cl\/aysen\/wp-content\/uploads\/sites\/18\/2018\/06\/7de95ce12f2200e0af6029c68ebeedfe.jpg","width":1920,"height":1280},{"@type":"BreadcrumbList","@id":"https:\/\/dev.explora.cl\/aysen\/150-estudiantes-seleccionados-para-participar-del-campamento-cientifico-escolar-chile-va\/#breadcrumb","itemListElement":[{"@type":"ListItem","position":1,"name":"Portada","item":"https:\/\/dev.explora.cl\/aysen\/"},{"@type":"ListItem","position":2,"name":"150 estudiantes seleccionados para participar del campamento cient\u00edfico escolar CHILE VA"}]},{"@type":"WebSite","@id":"https:\/\/dev.explora.cl\/aysen\/#website","url":"https:\/\/dev.explora.cl\/aysen\/","name":"Aysen","description":"Otro sitio m\u00e1s de dev.explora.cl","potentialAction":[{"@type":"SearchAction","target":{"@type":"EntryPoint","urlTemplate":"https:\/\/dev.explora.cl\/aysen\/?s={search_term_string}"},"query-input":{"@type":"PropertyValueSpecification","valueRequired":true,"valueName":"search_term_string"}}],"inLanguage":"es-CL"},{"@type":"Person","@id":"https:\/\/dev.explora.cl\/aysen\/#\/schema\/person\/cb8349c13ea2d324080adf8480d7ba5d","name":"webman","image":{"@type":"ImageObject","inLanguage":"es-CL","@id":"https:\/\/dev.explora.cl\/aysen\/#\/schema\/person\/image\/","url":"https:\/\/secure.gravatar.com\/avatar\/eeff3c82f2c02f7177d13663b7e6f890e9a6a0647ce9bb29cae02dcb094c7312?s=96&d=mm&r=g","contentUrl":"https:\/\/secure.gravatar.com\/avatar\/eeff3c82f2c02f7177d13663b7e6f890e9a6a0647ce9bb29cae02dcb094c7312?s=96&d=mm&r=g","caption":"webman"},"url":"https:\/\/dev.explora.cl\/aysen\/author\/webman\/"}]}},"_links":{"self":[{"href":"https:\/\/dev.explora.cl\/aysen\/wp-json\/wp\/v2\/posts\/148","targetHints":{"allow":["GET"]}}],"collection":[{"href":"https:\/\/dev.explora.cl\/aysen\/wp-json\/wp\/v2\/posts"}],"about":[{"href":"https:\/\/dev.explora.cl\/aysen\/wp-json\/wp\/v2\/types\/post"}],"author":[{"embeddable":true,"href":"https:\/\/dev.explora.cl\/aysen\/wp-json\/wp\/v2\/users\/2"}],"replies":[{"embeddable":true,"href":"https:\/\/dev.explora.cl\/aysen\/wp-json\/wp\/v2\/comments?post=148"}],"version-history":[{"count":1,"href":"https:\/\/dev.explora.cl\/aysen\/wp-json\/wp\/v2\/posts\/148\/revisions"}],"predecessor-version":[{"id":37341,"href":"https:\/\/dev.explora.cl\/aysen\/wp-json\/wp\/v2\/posts\/148\/revisions\/37341"}],"wp:featuredmedia":[{"embeddable":true,"href":"https:\/\/dev.explora.cl\/aysen\/wp-json\/wp\/v2\/media\/33787"}],"wp:attachment":[{"href":"https:\/\/dev.explora.cl\/aysen\/wp-json\/wp\/v2\/media?parent=148"}],"wp:term":[{"taxonomy":"category","embeddable":true,"href":"https:\/\/dev.explora.cl\/aysen\/wp-json\/wp\/v2\/categories?post=148"},{"taxonomy":"post_tag","embeddable":true,"href":"https:\/\/dev.explora.cl\/aysen\/wp-json\/wp\/v2\/tags?post=148"}],"curies":[{"name":"wp","href":"https:\/\/api.w.org\/{rel}","templated":true}]}}