{"id":146,"date":"2014-11-03T00:00:00","date_gmt":"2014-11-03T04:00:00","guid":{"rendered":"https:\/\/dev.explora.cl\/aysen\/blog\/2014\/11\/03\/exitosa-realizacion-de-vii-feria-escolar-explorama\/"},"modified":"2019-05-20T21:22:02","modified_gmt":"2019-05-20T21:22:02","slug":"exitosa-realizacion-de-vii-feria-escolar-explorama","status":"publish","type":"post","link":"https:\/\/dev.explora.cl\/aysen\/exitosa-realizacion-de-vii-feria-escolar-explorama\/","title":{"rendered":"Exitosa realizaci\u00f3n de VII Feria Escolar EXPLORAMA"},"content":{"rendered":"<p><img loading=\"lazy\" decoding=\"async\" class=\" size-full wp-image-6752\" src=\"http:\/\/ec2-34-218-253-251.us-west-2.compute.amazonaws.com\/wp-content\/uploads\/2014\/11\/dd04971c6561b6efae319011f6aa0a67.jpg\" alt=\"\" width=\"800\" height=\"533\" \/><\/p>\n<p>El PAR EXPLORA Regi\u00f3n de Ays\u00e9n, ejecutado por el Campus Patagonia de la Universidad Austral de Chile con la colaboraci\u00f3n del Centro de Investigaci\u00f3n en Ecosistemas de la Patagonia (CIEP) en conjunto con la Seremi de Medio Ambiente de la Regi\u00f3n de Ays\u00e9n realizaron la VII Feria EXPLORAMA en el Centro Cultural Coyhaique.<\/p>\n<p>El proyecto que result\u00f3 ganador en educaci\u00f3n media fue \u201cEco-olla: cocci\u00f3n de alimentos por aislaci\u00f3n t\u00e9rmica\u201d, presentado por el colegio Santa Teresa de los Andes de Puerto Ays\u00e9n y en educaci\u00f3n b\u00e1sica se adjudic\u00f3 el primer lugar el proyecto denominado \u201cdescripci\u00f3n y cuantificaci\u00f3n de las comunidades de microalgas del Lago O\u2019Higgins regi\u00f3n de Ays\u00e9n\u201d. \u00a0Ambas iniciativas tendr\u00e1n el honor y la responsabilidad de defender a la regi\u00f3n de Ays\u00e9n en el XV Congreso Nacional de Ciencia y Tecnolog\u00eda (CNCyT) a desarrollarse en Santiago.<\/p>\n<p>El Congreso Regional de Ciencia y Tecnolog\u00eda es un espacio acad\u00e9mico y did\u00e1ctico, en el que grupos de estudiantes y profesores, de educaci\u00f3n b\u00e1sica y media, dan a conocer las investigaciones escolares que han desarrollado en su colegio dentro de sus diferentes asignaturas. Para este a\u00f1o se cont\u00f3 con la participaci\u00f3n de establecimientos provenientes de Coyhaique, Chile Chico, Puerto Guadal, Villa O\u2019Higgins, Caleta Tortel, Villa Ma\u00f1ihuales, Puerto Ays\u00e9n y Puerto Cisnes.<\/p>\n<p>Daniela Donat, Editora de contenido de valoraci\u00f3n y divulgaci\u00f3n del programa EXPLORA CONICYT, estuvo presente en esta actividad y valor\u00f3 la importancia de continuar esta l\u00ednea de trabajo permanente en cada una de las regiones. \u201cQue existan en esta regi\u00f3n alianzas con otras instituciones favorece el acercar la ciencia y la tecnolog\u00eda a la comunidad y lo que he visto en esta versi\u00f3n es s\u00faper interesante, las investigaciones que realizan los chicos tratan de resolver problemas de su entorno a trav\u00e9s de la investigaci\u00f3n cient\u00edfica escolar\u201d.<\/p>\n<p>Noelia Barrientos, alumna de la Escuela Pioneros del Sur de Villa O\u2019Higgins, se mostr\u00f3 emocionada tras haber ganado por segundo a\u00f1o consecutivo y destac\u00f3 la necesidad de seguir trabajando para poder obtener un buen resultado en el congreso nacional. \u201cEl proyecto que presentamos se trata de hacer estudios biol\u00f3gicos en el Lago O\u2019Higgins, ya que este nunca ha sido estudiando, y ver que especie de micro algas existen, si bien no pudimos identificar las especies, identificamos los g\u00e9neros que eras 6: 3 de r\u00edo y 3 de lago. Pensamos en hacer esto ya que en el futuro van a construir una planta de tratamiento que desaguar\u00eda en el lago un aumento de tr\u00e1fico y la llegada del didymo al R\u00edo Mayo\u201d.<\/p>\n","protected":false},"excerpt":{"rendered":"<p>El PAR EXPLORA Regi\u00f3n de Ays\u00e9n, ejecutado por el Campus Patagonia de la Universidad Austral de Chile con la colaboraci\u00f3n del Centro de Investigaci\u00f3n en Ecosistemas de la Patagonia (CIEP) en conjunto con la Seremi de Medio Ambiente de la Regi\u00f3n de Ays\u00e9n realizaron la VII Feria EXPLORAMA en el Centro Cultural Coyhaique. El proyecto [&hellip;]<\/p>\n","protected":false},"author":2,"featured_media":147,"comment_status":"open","ping_status":"open","sticky":false,"template":"","format":"standard","meta":{"_acf_changed":false,"_exactmetrics_skip_tracking":false,"_exactmetrics_sitenote_active":false,"_exactmetrics_sitenote_note":"","_exactmetrics_sitenote_category":0,"footnotes":"","_links_to":"","_links_to_target":""},"categories":[4],"tags":[],"class_list":["post-146","post","type-post","status-publish","format-standard","has-post-thumbnail","hentry","category-noticias"],"acf":[],"yoast_head":"<!-- This site is optimized with the Yoast SEO plugin v26.7 - https:\/\/yoast.com\/wordpress\/plugins\/seo\/ -->\n<title>Exitosa realizaci\u00f3n de VII Feria Escolar EXPLORAMA - Aysen<\/title>\n<meta name=\"robots\" content=\"index, follow, max-snippet:-1, max-image-preview:large, max-video-preview:-1\" \/>\n<link rel=\"canonical\" href=\"https:\/\/dev.explora.cl\/aysen\/exitosa-realizacion-de-vii-feria-escolar-explorama\/\" class=\"yoast-seo-meta-tag\" \/>\n<meta property=\"og:locale\" content=\"es_ES\" class=\"yoast-seo-meta-tag\" \/>\n<meta property=\"og:type\" content=\"article\" class=\"yoast-seo-meta-tag\" \/>\n<meta property=\"og:title\" content=\"Exitosa realizaci\u00f3n de VII Feria Escolar EXPLORAMA - Aysen\" class=\"yoast-seo-meta-tag\" \/>\n<meta property=\"og:description\" content=\"El PAR EXPLORA Regi\u00f3n de Ays\u00e9n, ejecutado por el Campus Patagonia de la Universidad Austral de Chile con la colaboraci\u00f3n del Centro de Investigaci\u00f3n en Ecosistemas de la Patagonia (CIEP) en conjunto con la Seremi de Medio Ambiente de la Regi\u00f3n de Ays\u00e9n realizaron la VII Feria EXPLORAMA en el Centro Cultural Coyhaique. El proyecto [&hellip;]\" class=\"yoast-seo-meta-tag\" \/>\n<meta property=\"og:url\" content=\"https:\/\/dev.explora.cl\/aysen\/exitosa-realizacion-de-vii-feria-escolar-explorama\/\" class=\"yoast-seo-meta-tag\" \/>\n<meta property=\"og:site_name\" content=\"Aysen\" class=\"yoast-seo-meta-tag\" \/>\n<meta property=\"article:published_time\" content=\"2014-11-03T04:00:00+00:00\" class=\"yoast-seo-meta-tag\" \/>\n<meta property=\"article:modified_time\" content=\"2019-05-20T21:22:02+00:00\" class=\"yoast-seo-meta-tag\" \/>\n<meta property=\"og:image\" content=\"https:\/\/dev.explora.cl\/aysen\/wp-content\/uploads\/sites\/18\/2018\/06\/dd04971c6561b6efae319011f6aa0a67.jpg\" class=\"yoast-seo-meta-tag\" \/>\n\t<meta property=\"og:image:width\" content=\"800\" class=\"yoast-seo-meta-tag\" \/>\n\t<meta property=\"og:image:height\" content=\"533\" class=\"yoast-seo-meta-tag\" \/>\n\t<meta property=\"og:image:type\" content=\"image\/jpeg\" class=\"yoast-seo-meta-tag\" \/>\n<meta name=\"author\" content=\"webman\" class=\"yoast-seo-meta-tag\" \/>\n<meta name=\"twitter:card\" content=\"summary_large_image\" class=\"yoast-seo-meta-tag\" \/>\n<meta name=\"twitter:label1\" content=\"Escrito por\" class=\"yoast-seo-meta-tag\" \/>\n\t<meta name=\"twitter:data1\" content=\"webman\" class=\"yoast-seo-meta-tag\" \/>\n\t<meta name=\"twitter:label2\" content=\"Tiempo estimado de lectura\" class=\"yoast-seo-meta-tag\" \/>\n\t<meta name=\"twitter:data2\" content=\"2 minutos\" class=\"yoast-seo-meta-tag\" \/>\n<script type=\"application\/ld+json\" class=\"yoast-schema-graph\">{\"@context\":\"https:\/\/schema.org\",\"@graph\":[{\"@type\":\"Article\",\"@id\":\"https:\/\/dev.explora.cl\/aysen\/exitosa-realizacion-de-vii-feria-escolar-explorama\/#article\",\"isPartOf\":{\"@id\":\"https:\/\/dev.explora.cl\/aysen\/exitosa-realizacion-de-vii-feria-escolar-explorama\/\"},\"author\":{\"name\":\"webman\",\"@id\":\"https:\/\/dev.explora.cl\/aysen\/#\/schema\/person\/cb8349c13ea2d324080adf8480d7ba5d\"},\"headline\":\"Exitosa realizaci\u00f3n de VII Feria Escolar EXPLORAMA\",\"datePublished\":\"2014-11-03T04:00:00+00:00\",\"dateModified\":\"2019-05-20T21:22:02+00:00\",\"mainEntityOfPage\":{\"@id\":\"https:\/\/dev.explora.cl\/aysen\/exitosa-realizacion-de-vii-feria-escolar-explorama\/\"},\"wordCount\":470,\"commentCount\":0,\"image\":{\"@id\":\"https:\/\/dev.explora.cl\/aysen\/exitosa-realizacion-de-vii-feria-escolar-explorama\/#primaryimage\"},\"thumbnailUrl\":\"https:\/\/dev.explora.cl\/aysen\/wp-content\/uploads\/sites\/18\/2018\/06\/dd04971c6561b6efae319011f6aa0a67.jpg\",\"articleSection\":[\"Noticias\"],\"inLanguage\":\"es-CL\",\"potentialAction\":[{\"@type\":\"CommentAction\",\"name\":\"Comment\",\"target\":[\"https:\/\/dev.explora.cl\/aysen\/exitosa-realizacion-de-vii-feria-escolar-explorama\/#respond\"]}]},{\"@type\":\"WebPage\",\"@id\":\"https:\/\/dev.explora.cl\/aysen\/exitosa-realizacion-de-vii-feria-escolar-explorama\/\",\"url\":\"https:\/\/dev.explora.cl\/aysen\/exitosa-realizacion-de-vii-feria-escolar-explorama\/\",\"name\":\"Exitosa realizaci\u00f3n de VII Feria Escolar EXPLORAMA - Aysen\",\"isPartOf\":{\"@id\":\"https:\/\/dev.explora.cl\/aysen\/#website\"},\"primaryImageOfPage\":{\"@id\":\"https:\/\/dev.explora.cl\/aysen\/exitosa-realizacion-de-vii-feria-escolar-explorama\/#primaryimage\"},\"image\":{\"@id\":\"https:\/\/dev.explora.cl\/aysen\/exitosa-realizacion-de-vii-feria-escolar-explorama\/#primaryimage\"},\"thumbnailUrl\":\"https:\/\/dev.explora.cl\/aysen\/wp-content\/uploads\/sites\/18\/2018\/06\/dd04971c6561b6efae319011f6aa0a67.jpg\",\"datePublished\":\"2014-11-03T04:00:00+00:00\",\"dateModified\":\"2019-05-20T21:22:02+00:00\",\"author\":{\"@id\":\"https:\/\/dev.explora.cl\/aysen\/#\/schema\/person\/cb8349c13ea2d324080adf8480d7ba5d\"},\"breadcrumb\":{\"@id\":\"https:\/\/dev.explora.cl\/aysen\/exitosa-realizacion-de-vii-feria-escolar-explorama\/#breadcrumb\"},\"inLanguage\":\"es-CL\",\"potentialAction\":[{\"@type\":\"ReadAction\",\"target\":[\"https:\/\/dev.explora.cl\/aysen\/exitosa-realizacion-de-vii-feria-escolar-explorama\/\"]}]},{\"@type\":\"ImageObject\",\"inLanguage\":\"es-CL\",\"@id\":\"https:\/\/dev.explora.cl\/aysen\/exitosa-realizacion-de-vii-feria-escolar-explorama\/#primaryimage\",\"url\":\"https:\/\/dev.explora.cl\/aysen\/wp-content\/uploads\/sites\/18\/2018\/06\/dd04971c6561b6efae319011f6aa0a67.jpg\",\"contentUrl\":\"https:\/\/dev.explora.cl\/aysen\/wp-content\/uploads\/sites\/18\/2018\/06\/dd04971c6561b6efae319011f6aa0a67.jpg\",\"width\":800,\"height\":533},{\"@type\":\"BreadcrumbList\",\"@id\":\"https:\/\/dev.explora.cl\/aysen\/exitosa-realizacion-de-vii-feria-escolar-explorama\/#breadcrumb\",\"itemListElement\":[{\"@type\":\"ListItem\",\"position\":1,\"name\":\"Portada\",\"item\":\"https:\/\/dev.explora.cl\/aysen\/\"},{\"@type\":\"ListItem\",\"position\":2,\"name\":\"Exitosa realizaci\u00f3n de VII Feria Escolar EXPLORAMA\"}]},{\"@type\":\"WebSite\",\"@id\":\"https:\/\/dev.explora.cl\/aysen\/#website\",\"url\":\"https:\/\/dev.explora.cl\/aysen\/\",\"name\":\"Aysen\",\"description\":\"Otro sitio m\u00e1s de dev.explora.cl\",\"potentialAction\":[{\"@type\":\"SearchAction\",\"target\":{\"@type\":\"EntryPoint\",\"urlTemplate\":\"https:\/\/dev.explora.cl\/aysen\/?s={search_term_string}\"},\"query-input\":{\"@type\":\"PropertyValueSpecification\",\"valueRequired\":true,\"valueName\":\"search_term_string\"}}],\"inLanguage\":\"es-CL\"},{\"@type\":\"Person\",\"@id\":\"https:\/\/dev.explora.cl\/aysen\/#\/schema\/person\/cb8349c13ea2d324080adf8480d7ba5d\",\"name\":\"webman\",\"image\":{\"@type\":\"ImageObject\",\"inLanguage\":\"es-CL\",\"@id\":\"https:\/\/dev.explora.cl\/aysen\/#\/schema\/person\/image\/\",\"url\":\"https:\/\/secure.gravatar.com\/avatar\/eeff3c82f2c02f7177d13663b7e6f890e9a6a0647ce9bb29cae02dcb094c7312?s=96&d=mm&r=g\",\"contentUrl\":\"https:\/\/secure.gravatar.com\/avatar\/eeff3c82f2c02f7177d13663b7e6f890e9a6a0647ce9bb29cae02dcb094c7312?s=96&d=mm&r=g\",\"caption\":\"webman\"},\"url\":\"https:\/\/dev.explora.cl\/aysen\/author\/webman\/\"}]}<\/script>\n<!-- \/ Yoast SEO plugin. -->","yoast_head_json":{"title":"Exitosa realizaci\u00f3n de VII Feria Escolar EXPLORAMA - Aysen","robots":{"index":"index","follow":"follow","max-snippet":"max-snippet:-1","max-image-preview":"max-image-preview:large","max-video-preview":"max-video-preview:-1"},"canonical":"https:\/\/dev.explora.cl\/aysen\/exitosa-realizacion-de-vii-feria-escolar-explorama\/","og_locale":"es_ES","og_type":"article","og_title":"Exitosa realizaci\u00f3n de VII Feria Escolar EXPLORAMA - Aysen","og_description":"El PAR EXPLORA Regi\u00f3n de Ays\u00e9n, ejecutado por el Campus Patagonia de la Universidad Austral de Chile con la colaboraci\u00f3n del Centro de Investigaci\u00f3n en Ecosistemas de la Patagonia (CIEP) en conjunto con la Seremi de Medio Ambiente de la Regi\u00f3n de Ays\u00e9n realizaron la VII Feria EXPLORAMA en el Centro Cultural Coyhaique. El proyecto [&hellip;]","og_url":"https:\/\/dev.explora.cl\/aysen\/exitosa-realizacion-de-vii-feria-escolar-explorama\/","og_site_name":"Aysen","article_published_time":"2014-11-03T04:00:00+00:00","article_modified_time":"2019-05-20T21:22:02+00:00","og_image":[{"width":800,"height":533,"url":"https:\/\/dev.explora.cl\/aysen\/wp-content\/uploads\/sites\/18\/2018\/06\/dd04971c6561b6efae319011f6aa0a67.jpg","type":"image\/jpeg"}],"author":"webman","twitter_card":"summary_large_image","twitter_misc":{"Escrito por":"webman","Tiempo estimado de lectura":"2 minutos"},"schema":{"@context":"https:\/\/schema.org","@graph":[{"@type":"Article","@id":"https:\/\/dev.explora.cl\/aysen\/exitosa-realizacion-de-vii-feria-escolar-explorama\/#article","isPartOf":{"@id":"https:\/\/dev.explora.cl\/aysen\/exitosa-realizacion-de-vii-feria-escolar-explorama\/"},"author":{"name":"webman","@id":"https:\/\/dev.explora.cl\/aysen\/#\/schema\/person\/cb8349c13ea2d324080adf8480d7ba5d"},"headline":"Exitosa realizaci\u00f3n de VII Feria Escolar EXPLORAMA","datePublished":"2014-11-03T04:00:00+00:00","dateModified":"2019-05-20T21:22:02+00:00","mainEntityOfPage":{"@id":"https:\/\/dev.explora.cl\/aysen\/exitosa-realizacion-de-vii-feria-escolar-explorama\/"},"wordCount":470,"commentCount":0,"image":{"@id":"https:\/\/dev.explora.cl\/aysen\/exitosa-realizacion-de-vii-feria-escolar-explorama\/#primaryimage"},"thumbnailUrl":"https:\/\/dev.explora.cl\/aysen\/wp-content\/uploads\/sites\/18\/2018\/06\/dd04971c6561b6efae319011f6aa0a67.jpg","articleSection":["Noticias"],"inLanguage":"es-CL","potentialAction":[{"@type":"CommentAction","name":"Comment","target":["https:\/\/dev.explora.cl\/aysen\/exitosa-realizacion-de-vii-feria-escolar-explorama\/#respond"]}]},{"@type":"WebPage","@id":"https:\/\/dev.explora.cl\/aysen\/exitosa-realizacion-de-vii-feria-escolar-explorama\/","url":"https:\/\/dev.explora.cl\/aysen\/exitosa-realizacion-de-vii-feria-escolar-explorama\/","name":"Exitosa realizaci\u00f3n de VII Feria Escolar EXPLORAMA - Aysen","isPartOf":{"@id":"https:\/\/dev.explora.cl\/aysen\/#website"},"primaryImageOfPage":{"@id":"https:\/\/dev.explora.cl\/aysen\/exitosa-realizacion-de-vii-feria-escolar-explorama\/#primaryimage"},"image":{"@id":"https:\/\/dev.explora.cl\/aysen\/exitosa-realizacion-de-vii-feria-escolar-explorama\/#primaryimage"},"thumbnailUrl":"https:\/\/dev.explora.cl\/aysen\/wp-content\/uploads\/sites\/18\/2018\/06\/dd04971c6561b6efae319011f6aa0a67.jpg","datePublished":"2014-11-03T04:00:00+00:00","dateModified":"2019-05-20T21:22:02+00:00","author":{"@id":"https:\/\/dev.explora.cl\/aysen\/#\/schema\/person\/cb8349c13ea2d324080adf8480d7ba5d"},"breadcrumb":{"@id":"https:\/\/dev.explora.cl\/aysen\/exitosa-realizacion-de-vii-feria-escolar-explorama\/#breadcrumb"},"inLanguage":"es-CL","potentialAction":[{"@type":"ReadAction","target":["https:\/\/dev.explora.cl\/aysen\/exitosa-realizacion-de-vii-feria-escolar-explorama\/"]}]},{"@type":"ImageObject","inLanguage":"es-CL","@id":"https:\/\/dev.explora.cl\/aysen\/exitosa-realizacion-de-vii-feria-escolar-explorama\/#primaryimage","url":"https:\/\/dev.explora.cl\/aysen\/wp-content\/uploads\/sites\/18\/2018\/06\/dd04971c6561b6efae319011f6aa0a67.jpg","contentUrl":"https:\/\/dev.explora.cl\/aysen\/wp-content\/uploads\/sites\/18\/2018\/06\/dd04971c6561b6efae319011f6aa0a67.jpg","width":800,"height":533},{"@type":"BreadcrumbList","@id":"https:\/\/dev.explora.cl\/aysen\/exitosa-realizacion-de-vii-feria-escolar-explorama\/#breadcrumb","itemListElement":[{"@type":"ListItem","position":1,"name":"Portada","item":"https:\/\/dev.explora.cl\/aysen\/"},{"@type":"ListItem","position":2,"name":"Exitosa realizaci\u00f3n de VII Feria Escolar EXPLORAMA"}]},{"@type":"WebSite","@id":"https:\/\/dev.explora.cl\/aysen\/#website","url":"https:\/\/dev.explora.cl\/aysen\/","name":"Aysen","description":"Otro sitio m\u00e1s de dev.explora.cl","potentialAction":[{"@type":"SearchAction","target":{"@type":"EntryPoint","urlTemplate":"https:\/\/dev.explora.cl\/aysen\/?s={search_term_string}"},"query-input":{"@type":"PropertyValueSpecification","valueRequired":true,"valueName":"search_term_string"}}],"inLanguage":"es-CL"},{"@type":"Person","@id":"https:\/\/dev.explora.cl\/aysen\/#\/schema\/person\/cb8349c13ea2d324080adf8480d7ba5d","name":"webman","image":{"@type":"ImageObject","inLanguage":"es-CL","@id":"https:\/\/dev.explora.cl\/aysen\/#\/schema\/person\/image\/","url":"https:\/\/secure.gravatar.com\/avatar\/eeff3c82f2c02f7177d13663b7e6f890e9a6a0647ce9bb29cae02dcb094c7312?s=96&d=mm&r=g","contentUrl":"https:\/\/secure.gravatar.com\/avatar\/eeff3c82f2c02f7177d13663b7e6f890e9a6a0647ce9bb29cae02dcb094c7312?s=96&d=mm&r=g","caption":"webman"},"url":"https:\/\/dev.explora.cl\/aysen\/author\/webman\/"}]}},"_links":{"self":[{"href":"https:\/\/dev.explora.cl\/aysen\/wp-json\/wp\/v2\/posts\/146","targetHints":{"allow":["GET"]}}],"collection":[{"href":"https:\/\/dev.explora.cl\/aysen\/wp-json\/wp\/v2\/posts"}],"about":[{"href":"https:\/\/dev.explora.cl\/aysen\/wp-json\/wp\/v2\/types\/post"}],"author":[{"embeddable":true,"href":"https:\/\/dev.explora.cl\/aysen\/wp-json\/wp\/v2\/users\/2"}],"replies":[{"embeddable":true,"href":"https:\/\/dev.explora.cl\/aysen\/wp-json\/wp\/v2\/comments?post=146"}],"version-history":[{"count":1,"href":"https:\/\/dev.explora.cl\/aysen\/wp-json\/wp\/v2\/posts\/146\/revisions"}],"predecessor-version":[{"id":37342,"href":"https:\/\/dev.explora.cl\/aysen\/wp-json\/wp\/v2\/posts\/146\/revisions\/37342"}],"wp:featuredmedia":[{"embeddable":true,"href":"https:\/\/dev.explora.cl\/aysen\/wp-json\/wp\/v2\/media\/147"}],"wp:attachment":[{"href":"https:\/\/dev.explora.cl\/aysen\/wp-json\/wp\/v2\/media?parent=146"}],"wp:term":[{"taxonomy":"category","embeddable":true,"href":"https:\/\/dev.explora.cl\/aysen\/wp-json\/wp\/v2\/categories?post=146"},{"taxonomy":"post_tag","embeddable":true,"href":"https:\/\/dev.explora.cl\/aysen\/wp-json\/wp\/v2\/tags?post=146"}],"curies":[{"name":"wp","href":"https:\/\/api.w.org\/{rel}","templated":true}]}}