{"id":144,"date":"2014-10-30T00:00:00","date_gmt":"2014-10-30T04:00:00","guid":{"rendered":"https:\/\/dev.explora.cl\/aysen\/blog\/2014\/10\/30\/se-inauguro-vii-feria-escolar-explorama\/"},"modified":"2019-05-20T21:22:04","modified_gmt":"2019-05-20T21:22:04","slug":"se-inauguro-vii-feria-escolar-explorama","status":"publish","type":"post","link":"https:\/\/dev.explora.cl\/aysen\/se-inauguro-vii-feria-escolar-explorama\/","title":{"rendered":"Se inaugur\u00f3 VII Feria Escolar EXPLORAMA"},"content":{"rendered":"<p><img loading=\"lazy\" decoding=\"async\" class=\" size-full wp-image-6705\" src=\"http:\/\/ec2-34-218-253-251.us-west-2.compute.amazonaws.com\/wp-content\/uploads\/2014\/10\/88db7844af2ce90dd73b32850051e7fc.jpg\" alt=\"\" width=\"1920\" height=\"1280\" \/><\/p>\n<p>Este evento cient\u00edfico y tecnol\u00f3gico comprende la realizaci\u00f3n del IX Congreso Escolar de Ciencia y Tecnolog\u00eda EXPLORA y la XIII versi\u00f3n de Expo Forjadores de la Seremi de Medio Ambiente.<\/p>\n<p>El PAR EXPLORA Regi\u00f3n de Ays\u00e9n, ejecutado por el Campus Patagonia de la Universidad Austral de Chile con la colaboraci\u00f3n del Centro de Investigaci\u00f3n en Ecosistemas de la Patagonia (CIEP) en conjunto con la Seremi de Medio Ambiente de la Regi\u00f3n de Ays\u00e9n inauguraron la VII Feria EXPLORAMA en el Centro Cultural Coyhaique.<\/p>\n<p>En la jornada inaugural de estuvo presente el profesor Alejandro Bravo de la Facultad de Ciencias del instituto de Ciencias Marinas y Limnol\u00f3gicas de la Universidad Austral de Chile quien present\u00f3 la charla \u201cAbyssalia: habitantes del oc\u00e9ano profundo&#8221;, donde se expuso la gran cantidad de seres vivos desconocidos que habitan las profundidades de los oc\u00e9anos bajo los 2000 mts. de profundidad.<\/p>\n<p>El Congreso Regional de Ciencia y Tecnolog\u00eda es un espacio acad\u00e9mico y did\u00e1ctico, en el que grupos de estudiantes y profesores, de educaci\u00f3n b\u00e1sica y media, dan a conocer las investigaciones escolares que han desarrollado en su colegio dentro de sus diferentes asignaturas. Para este a\u00f1o se cont\u00f3 con la participaci\u00f3n de establecimientos provenientes de Coyhaique, Chile Chico, Puerto Guadal, Villa O\u2019Higgins, Caleta Tortel, Villa Ma\u00f1ihuales, Puerto Ays\u00e9n y Puerto Cisnes.<\/p>\n<p>Pedro Matus, el Director del PAR EXPLORA Regi\u00f3n de Ays\u00e9n, destac\u00f3 la importancia de esta actividad para el aprendizaje de los alumnos se\u00f1alando que \u201ces una oportunidad muy gratificante, para quienes tenemos por misi\u00f3n promover la valoraci\u00f3n y apropiaci\u00f3n de los beneficios de la Ciencia y la Tecnolog\u00eda en la comunidad\u201d. A su vez, recalc\u00f3 que \u201cresulta enriquecedor para los cient\u00edficos e investigadores que nos apoyan en el desarrollo del evento, sobre todo porque les permite mirar hacia atr\u00e1s y verse reflejados en los rostros de los ni\u00f1os, ni\u00f1as y j\u00f3venes que obtienen respuestas a sus inquietudes y dan soluci\u00f3n a sus problemas\u201d.<\/p>\n<p>Sebasti\u00e1n Riestra, Encargado de Educaci\u00f3n Ambiental de la Seremi de Medio Ambiente de la Regi\u00f3n de Ays\u00e9n, se mostr\u00f3 entusiasmado con la iniciativa y valor\u00f3 positivamente la cantidad y calidad de proyectos presentados. \u201cHay varias investigaciones s\u00faper interesantes, cuestionamientos que uno tiene y que los ni\u00f1os tambi\u00e9n tienen, pero ellos van un poco m\u00e1s all\u00e1, lo pasan a cient\u00edfico y son capaces de explicarnos lo qu\u00e9 pasa. Estamos s\u00faper contentos y esperamos que los participantes demuestran un alto nivel en cuanto a lo acad\u00e9mico y lo cient\u00edfico. Van a venir varios colegios a visitar la feria donde vamos a ver c\u00f3mo interact\u00faan con otros ni\u00f1os para explicarles sus proyectos\u201d.<\/p>\n<p>Finalmente, debemos se\u00f1alar los proyectos que resulten ganadores tendr\u00e1n el honor y la responsabilidad de defender a la regi\u00f3n de Ays\u00e9n en el XV Congreso Nacional de Ciencia y Tecnolog\u00eda (CNCyT) a desarrollarse en Santiago.<\/p>\n","protected":false},"excerpt":{"rendered":"<p>Este evento cient\u00edfico y tecnol\u00f3gico comprende la realizaci\u00f3n del IX Congreso Escolar de Ciencia y Tecnolog\u00eda EXPLORA y la XIII versi\u00f3n de Expo Forjadores de la Seremi de Medio Ambiente. El PAR EXPLORA Regi\u00f3n de Ays\u00e9n, ejecutado por el Campus Patagonia de la Universidad Austral de Chile con la colaboraci\u00f3n del Centro de Investigaci\u00f3n en [&hellip;]<\/p>\n","protected":false},"author":2,"featured_media":145,"comment_status":"open","ping_status":"open","sticky":false,"template":"","format":"standard","meta":{"_acf_changed":false,"_exactmetrics_skip_tracking":false,"_exactmetrics_sitenote_active":false,"_exactmetrics_sitenote_note":"","_exactmetrics_sitenote_category":0,"footnotes":"","_links_to":"","_links_to_target":""},"categories":[4],"tags":[],"class_list":["post-144","post","type-post","status-publish","format-standard","has-post-thumbnail","hentry","category-noticias"],"acf":[],"yoast_head":"<!-- This site is optimized with the Yoast SEO plugin v26.7 - https:\/\/yoast.com\/wordpress\/plugins\/seo\/ -->\n<title>Se inaugur\u00f3 VII Feria Escolar EXPLORAMA - Aysen<\/title>\n<meta name=\"robots\" content=\"index, follow, max-snippet:-1, max-image-preview:large, max-video-preview:-1\" \/>\n<link rel=\"canonical\" href=\"https:\/\/dev.explora.cl\/aysen\/se-inauguro-vii-feria-escolar-explorama\/\" class=\"yoast-seo-meta-tag\" \/>\n<meta property=\"og:locale\" content=\"es_ES\" class=\"yoast-seo-meta-tag\" \/>\n<meta property=\"og:type\" content=\"article\" class=\"yoast-seo-meta-tag\" \/>\n<meta property=\"og:title\" content=\"Se inaugur\u00f3 VII Feria Escolar EXPLORAMA - Aysen\" class=\"yoast-seo-meta-tag\" \/>\n<meta property=\"og:description\" content=\"Este evento cient\u00edfico y tecnol\u00f3gico comprende la realizaci\u00f3n del IX Congreso Escolar de Ciencia y Tecnolog\u00eda EXPLORA y la XIII versi\u00f3n de Expo Forjadores de la Seremi de Medio Ambiente. El PAR EXPLORA Regi\u00f3n de Ays\u00e9n, ejecutado por el Campus Patagonia de la Universidad Austral de Chile con la colaboraci\u00f3n del Centro de Investigaci\u00f3n en [&hellip;]\" class=\"yoast-seo-meta-tag\" \/>\n<meta property=\"og:url\" content=\"https:\/\/dev.explora.cl\/aysen\/se-inauguro-vii-feria-escolar-explorama\/\" class=\"yoast-seo-meta-tag\" \/>\n<meta property=\"og:site_name\" content=\"Aysen\" class=\"yoast-seo-meta-tag\" \/>\n<meta property=\"article:published_time\" content=\"2014-10-30T04:00:00+00:00\" class=\"yoast-seo-meta-tag\" \/>\n<meta property=\"article:modified_time\" content=\"2019-05-20T21:22:04+00:00\" class=\"yoast-seo-meta-tag\" \/>\n<meta property=\"og:image\" content=\"https:\/\/dev.explora.cl\/aysen\/wp-content\/uploads\/sites\/18\/2018\/06\/88db7844af2ce90dd73b32850051e7fc.jpg\" class=\"yoast-seo-meta-tag\" \/>\n\t<meta property=\"og:image:width\" content=\"1920\" class=\"yoast-seo-meta-tag\" \/>\n\t<meta property=\"og:image:height\" content=\"1280\" class=\"yoast-seo-meta-tag\" \/>\n\t<meta property=\"og:image:type\" content=\"image\/jpeg\" class=\"yoast-seo-meta-tag\" \/>\n<meta name=\"author\" content=\"webman\" class=\"yoast-seo-meta-tag\" \/>\n<meta name=\"twitter:card\" content=\"summary_large_image\" class=\"yoast-seo-meta-tag\" \/>\n<meta name=\"twitter:label1\" content=\"Escrito por\" class=\"yoast-seo-meta-tag\" \/>\n\t<meta name=\"twitter:data1\" content=\"webman\" class=\"yoast-seo-meta-tag\" \/>\n\t<meta name=\"twitter:label2\" content=\"Tiempo estimado de lectura\" class=\"yoast-seo-meta-tag\" \/>\n\t<meta name=\"twitter:data2\" content=\"3 minutos\" class=\"yoast-seo-meta-tag\" \/>\n<script type=\"application\/ld+json\" class=\"yoast-schema-graph\">{\"@context\":\"https:\/\/schema.org\",\"@graph\":[{\"@type\":\"Article\",\"@id\":\"https:\/\/dev.explora.cl\/aysen\/se-inauguro-vii-feria-escolar-explorama\/#article\",\"isPartOf\":{\"@id\":\"https:\/\/dev.explora.cl\/aysen\/se-inauguro-vii-feria-escolar-explorama\/\"},\"author\":{\"name\":\"webman\",\"@id\":\"https:\/\/dev.explora.cl\/aysen\/#\/schema\/person\/cb8349c13ea2d324080adf8480d7ba5d\"},\"headline\":\"Se inaugur\u00f3 VII Feria Escolar EXPLORAMA\",\"datePublished\":\"2014-10-30T04:00:00+00:00\",\"dateModified\":\"2019-05-20T21:22:04+00:00\",\"mainEntityOfPage\":{\"@id\":\"https:\/\/dev.explora.cl\/aysen\/se-inauguro-vii-feria-escolar-explorama\/\"},\"wordCount\":524,\"commentCount\":0,\"image\":{\"@id\":\"https:\/\/dev.explora.cl\/aysen\/se-inauguro-vii-feria-escolar-explorama\/#primaryimage\"},\"thumbnailUrl\":\"https:\/\/dev.explora.cl\/aysen\/wp-content\/uploads\/sites\/18\/2018\/06\/88db7844af2ce90dd73b32850051e7fc.jpg\",\"articleSection\":[\"Noticias\"],\"inLanguage\":\"es-CL\",\"potentialAction\":[{\"@type\":\"CommentAction\",\"name\":\"Comment\",\"target\":[\"https:\/\/dev.explora.cl\/aysen\/se-inauguro-vii-feria-escolar-explorama\/#respond\"]}]},{\"@type\":\"WebPage\",\"@id\":\"https:\/\/dev.explora.cl\/aysen\/se-inauguro-vii-feria-escolar-explorama\/\",\"url\":\"https:\/\/dev.explora.cl\/aysen\/se-inauguro-vii-feria-escolar-explorama\/\",\"name\":\"Se inaugur\u00f3 VII Feria Escolar EXPLORAMA - Aysen\",\"isPartOf\":{\"@id\":\"https:\/\/dev.explora.cl\/aysen\/#website\"},\"primaryImageOfPage\":{\"@id\":\"https:\/\/dev.explora.cl\/aysen\/se-inauguro-vii-feria-escolar-explorama\/#primaryimage\"},\"image\":{\"@id\":\"https:\/\/dev.explora.cl\/aysen\/se-inauguro-vii-feria-escolar-explorama\/#primaryimage\"},\"thumbnailUrl\":\"https:\/\/dev.explora.cl\/aysen\/wp-content\/uploads\/sites\/18\/2018\/06\/88db7844af2ce90dd73b32850051e7fc.jpg\",\"datePublished\":\"2014-10-30T04:00:00+00:00\",\"dateModified\":\"2019-05-20T21:22:04+00:00\",\"author\":{\"@id\":\"https:\/\/dev.explora.cl\/aysen\/#\/schema\/person\/cb8349c13ea2d324080adf8480d7ba5d\"},\"breadcrumb\":{\"@id\":\"https:\/\/dev.explora.cl\/aysen\/se-inauguro-vii-feria-escolar-explorama\/#breadcrumb\"},\"inLanguage\":\"es-CL\",\"potentialAction\":[{\"@type\":\"ReadAction\",\"target\":[\"https:\/\/dev.explora.cl\/aysen\/se-inauguro-vii-feria-escolar-explorama\/\"]}]},{\"@type\":\"ImageObject\",\"inLanguage\":\"es-CL\",\"@id\":\"https:\/\/dev.explora.cl\/aysen\/se-inauguro-vii-feria-escolar-explorama\/#primaryimage\",\"url\":\"https:\/\/dev.explora.cl\/aysen\/wp-content\/uploads\/sites\/18\/2018\/06\/88db7844af2ce90dd73b32850051e7fc.jpg\",\"contentUrl\":\"https:\/\/dev.explora.cl\/aysen\/wp-content\/uploads\/sites\/18\/2018\/06\/88db7844af2ce90dd73b32850051e7fc.jpg\",\"width\":1920,\"height\":1280},{\"@type\":\"BreadcrumbList\",\"@id\":\"https:\/\/dev.explora.cl\/aysen\/se-inauguro-vii-feria-escolar-explorama\/#breadcrumb\",\"itemListElement\":[{\"@type\":\"ListItem\",\"position\":1,\"name\":\"Portada\",\"item\":\"https:\/\/dev.explora.cl\/aysen\/\"},{\"@type\":\"ListItem\",\"position\":2,\"name\":\"Se inaugur\u00f3 VII Feria Escolar EXPLORAMA\"}]},{\"@type\":\"WebSite\",\"@id\":\"https:\/\/dev.explora.cl\/aysen\/#website\",\"url\":\"https:\/\/dev.explora.cl\/aysen\/\",\"name\":\"Aysen\",\"description\":\"Otro sitio m\u00e1s de dev.explora.cl\",\"potentialAction\":[{\"@type\":\"SearchAction\",\"target\":{\"@type\":\"EntryPoint\",\"urlTemplate\":\"https:\/\/dev.explora.cl\/aysen\/?s={search_term_string}\"},\"query-input\":{\"@type\":\"PropertyValueSpecification\",\"valueRequired\":true,\"valueName\":\"search_term_string\"}}],\"inLanguage\":\"es-CL\"},{\"@type\":\"Person\",\"@id\":\"https:\/\/dev.explora.cl\/aysen\/#\/schema\/person\/cb8349c13ea2d324080adf8480d7ba5d\",\"name\":\"webman\",\"image\":{\"@type\":\"ImageObject\",\"inLanguage\":\"es-CL\",\"@id\":\"https:\/\/dev.explora.cl\/aysen\/#\/schema\/person\/image\/\",\"url\":\"https:\/\/secure.gravatar.com\/avatar\/eeff3c82f2c02f7177d13663b7e6f890e9a6a0647ce9bb29cae02dcb094c7312?s=96&d=mm&r=g\",\"contentUrl\":\"https:\/\/secure.gravatar.com\/avatar\/eeff3c82f2c02f7177d13663b7e6f890e9a6a0647ce9bb29cae02dcb094c7312?s=96&d=mm&r=g\",\"caption\":\"webman\"},\"url\":\"https:\/\/dev.explora.cl\/aysen\/author\/webman\/\"}]}<\/script>\n<!-- \/ Yoast SEO plugin. -->","yoast_head_json":{"title":"Se inaugur\u00f3 VII Feria Escolar EXPLORAMA - Aysen","robots":{"index":"index","follow":"follow","max-snippet":"max-snippet:-1","max-image-preview":"max-image-preview:large","max-video-preview":"max-video-preview:-1"},"canonical":"https:\/\/dev.explora.cl\/aysen\/se-inauguro-vii-feria-escolar-explorama\/","og_locale":"es_ES","og_type":"article","og_title":"Se inaugur\u00f3 VII Feria Escolar EXPLORAMA - Aysen","og_description":"Este evento cient\u00edfico y tecnol\u00f3gico comprende la realizaci\u00f3n del IX Congreso Escolar de Ciencia y Tecnolog\u00eda EXPLORA y la XIII versi\u00f3n de Expo Forjadores de la Seremi de Medio Ambiente. El PAR EXPLORA Regi\u00f3n de Ays\u00e9n, ejecutado por el Campus Patagonia de la Universidad Austral de Chile con la colaboraci\u00f3n del Centro de Investigaci\u00f3n en [&hellip;]","og_url":"https:\/\/dev.explora.cl\/aysen\/se-inauguro-vii-feria-escolar-explorama\/","og_site_name":"Aysen","article_published_time":"2014-10-30T04:00:00+00:00","article_modified_time":"2019-05-20T21:22:04+00:00","og_image":[{"width":1920,"height":1280,"url":"https:\/\/dev.explora.cl\/aysen\/wp-content\/uploads\/sites\/18\/2018\/06\/88db7844af2ce90dd73b32850051e7fc.jpg","type":"image\/jpeg"}],"author":"webman","twitter_card":"summary_large_image","twitter_misc":{"Escrito por":"webman","Tiempo estimado de lectura":"3 minutos"},"schema":{"@context":"https:\/\/schema.org","@graph":[{"@type":"Article","@id":"https:\/\/dev.explora.cl\/aysen\/se-inauguro-vii-feria-escolar-explorama\/#article","isPartOf":{"@id":"https:\/\/dev.explora.cl\/aysen\/se-inauguro-vii-feria-escolar-explorama\/"},"author":{"name":"webman","@id":"https:\/\/dev.explora.cl\/aysen\/#\/schema\/person\/cb8349c13ea2d324080adf8480d7ba5d"},"headline":"Se inaugur\u00f3 VII Feria Escolar EXPLORAMA","datePublished":"2014-10-30T04:00:00+00:00","dateModified":"2019-05-20T21:22:04+00:00","mainEntityOfPage":{"@id":"https:\/\/dev.explora.cl\/aysen\/se-inauguro-vii-feria-escolar-explorama\/"},"wordCount":524,"commentCount":0,"image":{"@id":"https:\/\/dev.explora.cl\/aysen\/se-inauguro-vii-feria-escolar-explorama\/#primaryimage"},"thumbnailUrl":"https:\/\/dev.explora.cl\/aysen\/wp-content\/uploads\/sites\/18\/2018\/06\/88db7844af2ce90dd73b32850051e7fc.jpg","articleSection":["Noticias"],"inLanguage":"es-CL","potentialAction":[{"@type":"CommentAction","name":"Comment","target":["https:\/\/dev.explora.cl\/aysen\/se-inauguro-vii-feria-escolar-explorama\/#respond"]}]},{"@type":"WebPage","@id":"https:\/\/dev.explora.cl\/aysen\/se-inauguro-vii-feria-escolar-explorama\/","url":"https:\/\/dev.explora.cl\/aysen\/se-inauguro-vii-feria-escolar-explorama\/","name":"Se inaugur\u00f3 VII Feria Escolar EXPLORAMA - Aysen","isPartOf":{"@id":"https:\/\/dev.explora.cl\/aysen\/#website"},"primaryImageOfPage":{"@id":"https:\/\/dev.explora.cl\/aysen\/se-inauguro-vii-feria-escolar-explorama\/#primaryimage"},"image":{"@id":"https:\/\/dev.explora.cl\/aysen\/se-inauguro-vii-feria-escolar-explorama\/#primaryimage"},"thumbnailUrl":"https:\/\/dev.explora.cl\/aysen\/wp-content\/uploads\/sites\/18\/2018\/06\/88db7844af2ce90dd73b32850051e7fc.jpg","datePublished":"2014-10-30T04:00:00+00:00","dateModified":"2019-05-20T21:22:04+00:00","author":{"@id":"https:\/\/dev.explora.cl\/aysen\/#\/schema\/person\/cb8349c13ea2d324080adf8480d7ba5d"},"breadcrumb":{"@id":"https:\/\/dev.explora.cl\/aysen\/se-inauguro-vii-feria-escolar-explorama\/#breadcrumb"},"inLanguage":"es-CL","potentialAction":[{"@type":"ReadAction","target":["https:\/\/dev.explora.cl\/aysen\/se-inauguro-vii-feria-escolar-explorama\/"]}]},{"@type":"ImageObject","inLanguage":"es-CL","@id":"https:\/\/dev.explora.cl\/aysen\/se-inauguro-vii-feria-escolar-explorama\/#primaryimage","url":"https:\/\/dev.explora.cl\/aysen\/wp-content\/uploads\/sites\/18\/2018\/06\/88db7844af2ce90dd73b32850051e7fc.jpg","contentUrl":"https:\/\/dev.explora.cl\/aysen\/wp-content\/uploads\/sites\/18\/2018\/06\/88db7844af2ce90dd73b32850051e7fc.jpg","width":1920,"height":1280},{"@type":"BreadcrumbList","@id":"https:\/\/dev.explora.cl\/aysen\/se-inauguro-vii-feria-escolar-explorama\/#breadcrumb","itemListElement":[{"@type":"ListItem","position":1,"name":"Portada","item":"https:\/\/dev.explora.cl\/aysen\/"},{"@type":"ListItem","position":2,"name":"Se inaugur\u00f3 VII Feria Escolar EXPLORAMA"}]},{"@type":"WebSite","@id":"https:\/\/dev.explora.cl\/aysen\/#website","url":"https:\/\/dev.explora.cl\/aysen\/","name":"Aysen","description":"Otro sitio m\u00e1s de dev.explora.cl","potentialAction":[{"@type":"SearchAction","target":{"@type":"EntryPoint","urlTemplate":"https:\/\/dev.explora.cl\/aysen\/?s={search_term_string}"},"query-input":{"@type":"PropertyValueSpecification","valueRequired":true,"valueName":"search_term_string"}}],"inLanguage":"es-CL"},{"@type":"Person","@id":"https:\/\/dev.explora.cl\/aysen\/#\/schema\/person\/cb8349c13ea2d324080adf8480d7ba5d","name":"webman","image":{"@type":"ImageObject","inLanguage":"es-CL","@id":"https:\/\/dev.explora.cl\/aysen\/#\/schema\/person\/image\/","url":"https:\/\/secure.gravatar.com\/avatar\/eeff3c82f2c02f7177d13663b7e6f890e9a6a0647ce9bb29cae02dcb094c7312?s=96&d=mm&r=g","contentUrl":"https:\/\/secure.gravatar.com\/avatar\/eeff3c82f2c02f7177d13663b7e6f890e9a6a0647ce9bb29cae02dcb094c7312?s=96&d=mm&r=g","caption":"webman"},"url":"https:\/\/dev.explora.cl\/aysen\/author\/webman\/"}]}},"_links":{"self":[{"href":"https:\/\/dev.explora.cl\/aysen\/wp-json\/wp\/v2\/posts\/144","targetHints":{"allow":["GET"]}}],"collection":[{"href":"https:\/\/dev.explora.cl\/aysen\/wp-json\/wp\/v2\/posts"}],"about":[{"href":"https:\/\/dev.explora.cl\/aysen\/wp-json\/wp\/v2\/types\/post"}],"author":[{"embeddable":true,"href":"https:\/\/dev.explora.cl\/aysen\/wp-json\/wp\/v2\/users\/2"}],"replies":[{"embeddable":true,"href":"https:\/\/dev.explora.cl\/aysen\/wp-json\/wp\/v2\/comments?post=144"}],"version-history":[{"count":1,"href":"https:\/\/dev.explora.cl\/aysen\/wp-json\/wp\/v2\/posts\/144\/revisions"}],"predecessor-version":[{"id":37343,"href":"https:\/\/dev.explora.cl\/aysen\/wp-json\/wp\/v2\/posts\/144\/revisions\/37343"}],"wp:featuredmedia":[{"embeddable":true,"href":"https:\/\/dev.explora.cl\/aysen\/wp-json\/wp\/v2\/media\/145"}],"wp:attachment":[{"href":"https:\/\/dev.explora.cl\/aysen\/wp-json\/wp\/v2\/media?parent=144"}],"wp:term":[{"taxonomy":"category","embeddable":true,"href":"https:\/\/dev.explora.cl\/aysen\/wp-json\/wp\/v2\/categories?post=144"},{"taxonomy":"post_tag","embeddable":true,"href":"https:\/\/dev.explora.cl\/aysen\/wp-json\/wp\/v2\/tags?post=144"}],"curies":[{"name":"wp","href":"https:\/\/api.w.org\/{rel}","templated":true}]}}