{"id":142,"date":"2014-10-27T00:00:00","date_gmt":"2014-10-27T04:00:00","guid":{"rendered":"https:\/\/dev.explora.cl\/aysen\/blog\/2014\/10\/27\/par-explora-aysen-realizo-actividad-con-escolares-en-jornada-de-arqueologia-de-la-patagonia\/"},"modified":"2019-05-20T21:22:04","modified_gmt":"2019-05-20T21:22:04","slug":"par-explora-aysen-realizo-actividad-con-escolares-en-jornada-de-arqueologia-de-la-patagonia","status":"publish","type":"post","link":"https:\/\/dev.explora.cl\/aysen\/par-explora-aysen-realizo-actividad-con-escolares-en-jornada-de-arqueologia-de-la-patagonia\/","title":{"rendered":"PAR EXPLORA Ays\u00e9n realiz\u00f3 actividad con escolares en Jornada de Arqueolog\u00eda de la Patagonia"},"content":{"rendered":"<p><img loading=\"lazy\" decoding=\"async\" class=\" size-full wp-image-6579\" src=\"http:\/\/ec2-34-218-253-251.us-west-2.compute.amazonaws.com\/wp-content\/uploads\/2014\/10\/79f49ff1ab9174dbe5f56dde6c6fe0f1.jpg\" alt=\"\" width=\"800\" height=\"533\" \/><\/p>\n<p>El PAR EXPLORA Regi\u00f3n de Ays\u00e9n ejecutado por el Campus Patagonia de la Universidad Austral de Chile junto con el Centro de Investigaci\u00f3n en Ecosistemas de la Patagonia (CIEP), en el marco de las IX Jornadas de Arqueolog\u00eda de la Patagonia, invit\u00f3 a estudiantes del colegio El Camino de la Fuente de Coyhaique a conocer la labor que realiza un Arque\u00f3logo junto con presenciar un cuentacuentos sobre las expediciones de Darwin en la Patagonia.<\/p>\n<p>Los alumnos convocados a esta cita demostraron gran inter\u00e9s participando con gran cantidad de dudas y comentarios despu\u00e9s de la presentaci\u00f3n Dr. Luis Alberto Borrero, Arque\u00f3logo argentino que maneja el tema de la delimitaci\u00f3n espacial de los n\u00facleos poblacionales arqueol\u00f3gicos en la Patagonia meridional y norte de Tierra del Fuego.<\/p>\n<p>Posteriormente los alumnos asistieron a la exhibici\u00f3n de un cuentacuentos sobre los viajes y descubrimientos de Charles Darwin en la Patagonia, para finalmente expresar su creatividad dibujando y pintando una obra alusiva a las tem\u00e1ticas abordadas en las exposiciones presentes en la jornada.<\/p>\n<p>Pedro Matus, Director del PAR EXPLORA Regi\u00f3n de Ays\u00e9n, valor\u00f3 positivamente la iniciativa y destac\u00f3 la importancia de realizar este tipo de actividades colaborativas. \u201cLas Jornadas de Arqueolog\u00eda de la Patagonia son un encuentro que re\u00fane a destacados investigadores de esta \u00e1rea de las ciencia, por lo que es una oportunidad de ponerlos en contacto con la gente, con los estudiantes y con los ni\u00f1os. Organizar este tipo de actividades nos permite poner en valor el tema arqueol\u00f3gico, tan importante para la regi\u00f3n y para conocer m\u00e1s acerca de nuestro pasado\u201d.<\/p>\n<p>Agust\u00edn Ormaz\u00e1bal, alumno del colegio El Camino de la Fuente, se mostr\u00f3 alegre en el contexto de esta actividad junto a sus compa\u00f1eros de curso. \u201cMe entretuve, supe lo que hace un arque\u00f3logo, cuales son los instrumentos personales con los que trabajan, el cuentacuento tambi\u00e9n me pareci\u00f3 divertido y al final pudimos dibujar donde lo pas\u00e9 s\u00faper bien\u201d.<\/p>\n","protected":false},"excerpt":{"rendered":"<p>El PAR EXPLORA Regi\u00f3n de Ays\u00e9n ejecutado por el Campus Patagonia de la Universidad Austral de Chile junto con el Centro de Investigaci\u00f3n en Ecosistemas de la Patagonia (CIEP), en el marco de las IX Jornadas de Arqueolog\u00eda de la Patagonia, invit\u00f3 a estudiantes del colegio El Camino de la Fuente de Coyhaique a conocer [&hellip;]<\/p>\n","protected":false},"author":2,"featured_media":143,"comment_status":"open","ping_status":"open","sticky":false,"template":"","format":"standard","meta":{"_acf_changed":false,"_exactmetrics_skip_tracking":false,"_exactmetrics_sitenote_active":false,"_exactmetrics_sitenote_note":"","_exactmetrics_sitenote_category":0,"footnotes":"","_links_to":"","_links_to_target":""},"categories":[4],"tags":[],"class_list":["post-142","post","type-post","status-publish","format-standard","has-post-thumbnail","hentry","category-noticias"],"acf":[],"yoast_head":"<!-- This site is optimized with the Yoast SEO plugin v26.7 - https:\/\/yoast.com\/wordpress\/plugins\/seo\/ -->\n<title>PAR EXPLORA Ays\u00e9n realiz\u00f3 actividad con escolares en Jornada de Arqueolog\u00eda de la Patagonia - Aysen<\/title>\n<meta name=\"robots\" content=\"index, follow, max-snippet:-1, max-image-preview:large, max-video-preview:-1\" \/>\n<link rel=\"canonical\" href=\"https:\/\/dev.explora.cl\/aysen\/par-explora-aysen-realizo-actividad-con-escolares-en-jornada-de-arqueologia-de-la-patagonia\/\" class=\"yoast-seo-meta-tag\" \/>\n<meta property=\"og:locale\" content=\"es_ES\" class=\"yoast-seo-meta-tag\" \/>\n<meta property=\"og:type\" content=\"article\" class=\"yoast-seo-meta-tag\" \/>\n<meta property=\"og:title\" content=\"PAR EXPLORA Ays\u00e9n realiz\u00f3 actividad con escolares en Jornada de Arqueolog\u00eda de la Patagonia - Aysen\" class=\"yoast-seo-meta-tag\" \/>\n<meta property=\"og:description\" content=\"El PAR EXPLORA Regi\u00f3n de Ays\u00e9n ejecutado por el Campus Patagonia de la Universidad Austral de Chile junto con el Centro de Investigaci\u00f3n en Ecosistemas de la Patagonia (CIEP), en el marco de las IX Jornadas de Arqueolog\u00eda de la Patagonia, invit\u00f3 a estudiantes del colegio El Camino de la Fuente de Coyhaique a conocer [&hellip;]\" class=\"yoast-seo-meta-tag\" \/>\n<meta property=\"og:url\" content=\"https:\/\/dev.explora.cl\/aysen\/par-explora-aysen-realizo-actividad-con-escolares-en-jornada-de-arqueologia-de-la-patagonia\/\" class=\"yoast-seo-meta-tag\" \/>\n<meta property=\"og:site_name\" content=\"Aysen\" class=\"yoast-seo-meta-tag\" \/>\n<meta property=\"article:published_time\" content=\"2014-10-27T04:00:00+00:00\" class=\"yoast-seo-meta-tag\" \/>\n<meta property=\"article:modified_time\" content=\"2019-05-20T21:22:04+00:00\" class=\"yoast-seo-meta-tag\" \/>\n<meta property=\"og:image\" content=\"https:\/\/dev.explora.cl\/aysen\/wp-content\/uploads\/sites\/18\/2018\/06\/79f49ff1ab9174dbe5f56dde6c6fe0f1.jpg\" class=\"yoast-seo-meta-tag\" \/>\n\t<meta property=\"og:image:width\" content=\"800\" class=\"yoast-seo-meta-tag\" \/>\n\t<meta property=\"og:image:height\" content=\"533\" class=\"yoast-seo-meta-tag\" \/>\n\t<meta property=\"og:image:type\" content=\"image\/jpeg\" class=\"yoast-seo-meta-tag\" \/>\n<meta name=\"author\" content=\"webman\" class=\"yoast-seo-meta-tag\" \/>\n<meta name=\"twitter:card\" content=\"summary_large_image\" class=\"yoast-seo-meta-tag\" \/>\n<meta name=\"twitter:label1\" content=\"Escrito por\" class=\"yoast-seo-meta-tag\" \/>\n\t<meta name=\"twitter:data1\" content=\"webman\" class=\"yoast-seo-meta-tag\" \/>\n\t<meta name=\"twitter:label2\" content=\"Tiempo estimado de lectura\" class=\"yoast-seo-meta-tag\" \/>\n\t<meta name=\"twitter:data2\" content=\"2 minutos\" class=\"yoast-seo-meta-tag\" \/>\n<script type=\"application\/ld+json\" class=\"yoast-schema-graph\">{\"@context\":\"https:\/\/schema.org\",\"@graph\":[{\"@type\":\"Article\",\"@id\":\"https:\/\/dev.explora.cl\/aysen\/par-explora-aysen-realizo-actividad-con-escolares-en-jornada-de-arqueologia-de-la-patagonia\/#article\",\"isPartOf\":{\"@id\":\"https:\/\/dev.explora.cl\/aysen\/par-explora-aysen-realizo-actividad-con-escolares-en-jornada-de-arqueologia-de-la-patagonia\/\"},\"author\":{\"name\":\"webman\",\"@id\":\"https:\/\/dev.explora.cl\/aysen\/#\/schema\/person\/cb8349c13ea2d324080adf8480d7ba5d\"},\"headline\":\"PAR EXPLORA Ays\u00e9n realiz\u00f3 actividad con escolares en Jornada de Arqueolog\u00eda de la Patagonia\",\"datePublished\":\"2014-10-27T04:00:00+00:00\",\"dateModified\":\"2019-05-20T21:22:04+00:00\",\"mainEntityOfPage\":{\"@id\":\"https:\/\/dev.explora.cl\/aysen\/par-explora-aysen-realizo-actividad-con-escolares-en-jornada-de-arqueologia-de-la-patagonia\/\"},\"wordCount\":360,\"commentCount\":0,\"image\":{\"@id\":\"https:\/\/dev.explora.cl\/aysen\/par-explora-aysen-realizo-actividad-con-escolares-en-jornada-de-arqueologia-de-la-patagonia\/#primaryimage\"},\"thumbnailUrl\":\"https:\/\/dev.explora.cl\/aysen\/wp-content\/uploads\/sites\/18\/2018\/06\/79f49ff1ab9174dbe5f56dde6c6fe0f1.jpg\",\"articleSection\":[\"Noticias\"],\"inLanguage\":\"es-CL\",\"potentialAction\":[{\"@type\":\"CommentAction\",\"name\":\"Comment\",\"target\":[\"https:\/\/dev.explora.cl\/aysen\/par-explora-aysen-realizo-actividad-con-escolares-en-jornada-de-arqueologia-de-la-patagonia\/#respond\"]}]},{\"@type\":\"WebPage\",\"@id\":\"https:\/\/dev.explora.cl\/aysen\/par-explora-aysen-realizo-actividad-con-escolares-en-jornada-de-arqueologia-de-la-patagonia\/\",\"url\":\"https:\/\/dev.explora.cl\/aysen\/par-explora-aysen-realizo-actividad-con-escolares-en-jornada-de-arqueologia-de-la-patagonia\/\",\"name\":\"PAR EXPLORA Ays\u00e9n realiz\u00f3 actividad con escolares en Jornada de Arqueolog\u00eda de la Patagonia - Aysen\",\"isPartOf\":{\"@id\":\"https:\/\/dev.explora.cl\/aysen\/#website\"},\"primaryImageOfPage\":{\"@id\":\"https:\/\/dev.explora.cl\/aysen\/par-explora-aysen-realizo-actividad-con-escolares-en-jornada-de-arqueologia-de-la-patagonia\/#primaryimage\"},\"image\":{\"@id\":\"https:\/\/dev.explora.cl\/aysen\/par-explora-aysen-realizo-actividad-con-escolares-en-jornada-de-arqueologia-de-la-patagonia\/#primaryimage\"},\"thumbnailUrl\":\"https:\/\/dev.explora.cl\/aysen\/wp-content\/uploads\/sites\/18\/2018\/06\/79f49ff1ab9174dbe5f56dde6c6fe0f1.jpg\",\"datePublished\":\"2014-10-27T04:00:00+00:00\",\"dateModified\":\"2019-05-20T21:22:04+00:00\",\"author\":{\"@id\":\"https:\/\/dev.explora.cl\/aysen\/#\/schema\/person\/cb8349c13ea2d324080adf8480d7ba5d\"},\"breadcrumb\":{\"@id\":\"https:\/\/dev.explora.cl\/aysen\/par-explora-aysen-realizo-actividad-con-escolares-en-jornada-de-arqueologia-de-la-patagonia\/#breadcrumb\"},\"inLanguage\":\"es-CL\",\"potentialAction\":[{\"@type\":\"ReadAction\",\"target\":[\"https:\/\/dev.explora.cl\/aysen\/par-explora-aysen-realizo-actividad-con-escolares-en-jornada-de-arqueologia-de-la-patagonia\/\"]}]},{\"@type\":\"ImageObject\",\"inLanguage\":\"es-CL\",\"@id\":\"https:\/\/dev.explora.cl\/aysen\/par-explora-aysen-realizo-actividad-con-escolares-en-jornada-de-arqueologia-de-la-patagonia\/#primaryimage\",\"url\":\"https:\/\/dev.explora.cl\/aysen\/wp-content\/uploads\/sites\/18\/2018\/06\/79f49ff1ab9174dbe5f56dde6c6fe0f1.jpg\",\"contentUrl\":\"https:\/\/dev.explora.cl\/aysen\/wp-content\/uploads\/sites\/18\/2018\/06\/79f49ff1ab9174dbe5f56dde6c6fe0f1.jpg\",\"width\":800,\"height\":533},{\"@type\":\"BreadcrumbList\",\"@id\":\"https:\/\/dev.explora.cl\/aysen\/par-explora-aysen-realizo-actividad-con-escolares-en-jornada-de-arqueologia-de-la-patagonia\/#breadcrumb\",\"itemListElement\":[{\"@type\":\"ListItem\",\"position\":1,\"name\":\"Portada\",\"item\":\"https:\/\/dev.explora.cl\/aysen\/\"},{\"@type\":\"ListItem\",\"position\":2,\"name\":\"PAR EXPLORA Ays\u00e9n realiz\u00f3 actividad con escolares en Jornada de Arqueolog\u00eda de la Patagonia\"}]},{\"@type\":\"WebSite\",\"@id\":\"https:\/\/dev.explora.cl\/aysen\/#website\",\"url\":\"https:\/\/dev.explora.cl\/aysen\/\",\"name\":\"Aysen\",\"description\":\"Otro sitio m\u00e1s de dev.explora.cl\",\"potentialAction\":[{\"@type\":\"SearchAction\",\"target\":{\"@type\":\"EntryPoint\",\"urlTemplate\":\"https:\/\/dev.explora.cl\/aysen\/?s={search_term_string}\"},\"query-input\":{\"@type\":\"PropertyValueSpecification\",\"valueRequired\":true,\"valueName\":\"search_term_string\"}}],\"inLanguage\":\"es-CL\"},{\"@type\":\"Person\",\"@id\":\"https:\/\/dev.explora.cl\/aysen\/#\/schema\/person\/cb8349c13ea2d324080adf8480d7ba5d\",\"name\":\"webman\",\"image\":{\"@type\":\"ImageObject\",\"inLanguage\":\"es-CL\",\"@id\":\"https:\/\/dev.explora.cl\/aysen\/#\/schema\/person\/image\/\",\"url\":\"https:\/\/secure.gravatar.com\/avatar\/eeff3c82f2c02f7177d13663b7e6f890e9a6a0647ce9bb29cae02dcb094c7312?s=96&d=mm&r=g\",\"contentUrl\":\"https:\/\/secure.gravatar.com\/avatar\/eeff3c82f2c02f7177d13663b7e6f890e9a6a0647ce9bb29cae02dcb094c7312?s=96&d=mm&r=g\",\"caption\":\"webman\"},\"url\":\"https:\/\/dev.explora.cl\/aysen\/author\/webman\/\"}]}<\/script>\n<!-- \/ Yoast SEO plugin. -->","yoast_head_json":{"title":"PAR EXPLORA Ays\u00e9n realiz\u00f3 actividad con escolares en Jornada de Arqueolog\u00eda de la Patagonia - Aysen","robots":{"index":"index","follow":"follow","max-snippet":"max-snippet:-1","max-image-preview":"max-image-preview:large","max-video-preview":"max-video-preview:-1"},"canonical":"https:\/\/dev.explora.cl\/aysen\/par-explora-aysen-realizo-actividad-con-escolares-en-jornada-de-arqueologia-de-la-patagonia\/","og_locale":"es_ES","og_type":"article","og_title":"PAR EXPLORA Ays\u00e9n realiz\u00f3 actividad con escolares en Jornada de Arqueolog\u00eda de la Patagonia - Aysen","og_description":"El PAR EXPLORA Regi\u00f3n de Ays\u00e9n ejecutado por el Campus Patagonia de la Universidad Austral de Chile junto con el Centro de Investigaci\u00f3n en Ecosistemas de la Patagonia (CIEP), en el marco de las IX Jornadas de Arqueolog\u00eda de la Patagonia, invit\u00f3 a estudiantes del colegio El Camino de la Fuente de Coyhaique a conocer [&hellip;]","og_url":"https:\/\/dev.explora.cl\/aysen\/par-explora-aysen-realizo-actividad-con-escolares-en-jornada-de-arqueologia-de-la-patagonia\/","og_site_name":"Aysen","article_published_time":"2014-10-27T04:00:00+00:00","article_modified_time":"2019-05-20T21:22:04+00:00","og_image":[{"width":800,"height":533,"url":"https:\/\/dev.explora.cl\/aysen\/wp-content\/uploads\/sites\/18\/2018\/06\/79f49ff1ab9174dbe5f56dde6c6fe0f1.jpg","type":"image\/jpeg"}],"author":"webman","twitter_card":"summary_large_image","twitter_misc":{"Escrito por":"webman","Tiempo estimado de lectura":"2 minutos"},"schema":{"@context":"https:\/\/schema.org","@graph":[{"@type":"Article","@id":"https:\/\/dev.explora.cl\/aysen\/par-explora-aysen-realizo-actividad-con-escolares-en-jornada-de-arqueologia-de-la-patagonia\/#article","isPartOf":{"@id":"https:\/\/dev.explora.cl\/aysen\/par-explora-aysen-realizo-actividad-con-escolares-en-jornada-de-arqueologia-de-la-patagonia\/"},"author":{"name":"webman","@id":"https:\/\/dev.explora.cl\/aysen\/#\/schema\/person\/cb8349c13ea2d324080adf8480d7ba5d"},"headline":"PAR EXPLORA Ays\u00e9n realiz\u00f3 actividad con escolares en Jornada de Arqueolog\u00eda de la Patagonia","datePublished":"2014-10-27T04:00:00+00:00","dateModified":"2019-05-20T21:22:04+00:00","mainEntityOfPage":{"@id":"https:\/\/dev.explora.cl\/aysen\/par-explora-aysen-realizo-actividad-con-escolares-en-jornada-de-arqueologia-de-la-patagonia\/"},"wordCount":360,"commentCount":0,"image":{"@id":"https:\/\/dev.explora.cl\/aysen\/par-explora-aysen-realizo-actividad-con-escolares-en-jornada-de-arqueologia-de-la-patagonia\/#primaryimage"},"thumbnailUrl":"https:\/\/dev.explora.cl\/aysen\/wp-content\/uploads\/sites\/18\/2018\/06\/79f49ff1ab9174dbe5f56dde6c6fe0f1.jpg","articleSection":["Noticias"],"inLanguage":"es-CL","potentialAction":[{"@type":"CommentAction","name":"Comment","target":["https:\/\/dev.explora.cl\/aysen\/par-explora-aysen-realizo-actividad-con-escolares-en-jornada-de-arqueologia-de-la-patagonia\/#respond"]}]},{"@type":"WebPage","@id":"https:\/\/dev.explora.cl\/aysen\/par-explora-aysen-realizo-actividad-con-escolares-en-jornada-de-arqueologia-de-la-patagonia\/","url":"https:\/\/dev.explora.cl\/aysen\/par-explora-aysen-realizo-actividad-con-escolares-en-jornada-de-arqueologia-de-la-patagonia\/","name":"PAR EXPLORA Ays\u00e9n realiz\u00f3 actividad con escolares en Jornada de Arqueolog\u00eda de la Patagonia - Aysen","isPartOf":{"@id":"https:\/\/dev.explora.cl\/aysen\/#website"},"primaryImageOfPage":{"@id":"https:\/\/dev.explora.cl\/aysen\/par-explora-aysen-realizo-actividad-con-escolares-en-jornada-de-arqueologia-de-la-patagonia\/#primaryimage"},"image":{"@id":"https:\/\/dev.explora.cl\/aysen\/par-explora-aysen-realizo-actividad-con-escolares-en-jornada-de-arqueologia-de-la-patagonia\/#primaryimage"},"thumbnailUrl":"https:\/\/dev.explora.cl\/aysen\/wp-content\/uploads\/sites\/18\/2018\/06\/79f49ff1ab9174dbe5f56dde6c6fe0f1.jpg","datePublished":"2014-10-27T04:00:00+00:00","dateModified":"2019-05-20T21:22:04+00:00","author":{"@id":"https:\/\/dev.explora.cl\/aysen\/#\/schema\/person\/cb8349c13ea2d324080adf8480d7ba5d"},"breadcrumb":{"@id":"https:\/\/dev.explora.cl\/aysen\/par-explora-aysen-realizo-actividad-con-escolares-en-jornada-de-arqueologia-de-la-patagonia\/#breadcrumb"},"inLanguage":"es-CL","potentialAction":[{"@type":"ReadAction","target":["https:\/\/dev.explora.cl\/aysen\/par-explora-aysen-realizo-actividad-con-escolares-en-jornada-de-arqueologia-de-la-patagonia\/"]}]},{"@type":"ImageObject","inLanguage":"es-CL","@id":"https:\/\/dev.explora.cl\/aysen\/par-explora-aysen-realizo-actividad-con-escolares-en-jornada-de-arqueologia-de-la-patagonia\/#primaryimage","url":"https:\/\/dev.explora.cl\/aysen\/wp-content\/uploads\/sites\/18\/2018\/06\/79f49ff1ab9174dbe5f56dde6c6fe0f1.jpg","contentUrl":"https:\/\/dev.explora.cl\/aysen\/wp-content\/uploads\/sites\/18\/2018\/06\/79f49ff1ab9174dbe5f56dde6c6fe0f1.jpg","width":800,"height":533},{"@type":"BreadcrumbList","@id":"https:\/\/dev.explora.cl\/aysen\/par-explora-aysen-realizo-actividad-con-escolares-en-jornada-de-arqueologia-de-la-patagonia\/#breadcrumb","itemListElement":[{"@type":"ListItem","position":1,"name":"Portada","item":"https:\/\/dev.explora.cl\/aysen\/"},{"@type":"ListItem","position":2,"name":"PAR EXPLORA Ays\u00e9n realiz\u00f3 actividad con escolares en Jornada de Arqueolog\u00eda de la Patagonia"}]},{"@type":"WebSite","@id":"https:\/\/dev.explora.cl\/aysen\/#website","url":"https:\/\/dev.explora.cl\/aysen\/","name":"Aysen","description":"Otro sitio m\u00e1s de dev.explora.cl","potentialAction":[{"@type":"SearchAction","target":{"@type":"EntryPoint","urlTemplate":"https:\/\/dev.explora.cl\/aysen\/?s={search_term_string}"},"query-input":{"@type":"PropertyValueSpecification","valueRequired":true,"valueName":"search_term_string"}}],"inLanguage":"es-CL"},{"@type":"Person","@id":"https:\/\/dev.explora.cl\/aysen\/#\/schema\/person\/cb8349c13ea2d324080adf8480d7ba5d","name":"webman","image":{"@type":"ImageObject","inLanguage":"es-CL","@id":"https:\/\/dev.explora.cl\/aysen\/#\/schema\/person\/image\/","url":"https:\/\/secure.gravatar.com\/avatar\/eeff3c82f2c02f7177d13663b7e6f890e9a6a0647ce9bb29cae02dcb094c7312?s=96&d=mm&r=g","contentUrl":"https:\/\/secure.gravatar.com\/avatar\/eeff3c82f2c02f7177d13663b7e6f890e9a6a0647ce9bb29cae02dcb094c7312?s=96&d=mm&r=g","caption":"webman"},"url":"https:\/\/dev.explora.cl\/aysen\/author\/webman\/"}]}},"_links":{"self":[{"href":"https:\/\/dev.explora.cl\/aysen\/wp-json\/wp\/v2\/posts\/142","targetHints":{"allow":["GET"]}}],"collection":[{"href":"https:\/\/dev.explora.cl\/aysen\/wp-json\/wp\/v2\/posts"}],"about":[{"href":"https:\/\/dev.explora.cl\/aysen\/wp-json\/wp\/v2\/types\/post"}],"author":[{"embeddable":true,"href":"https:\/\/dev.explora.cl\/aysen\/wp-json\/wp\/v2\/users\/2"}],"replies":[{"embeddable":true,"href":"https:\/\/dev.explora.cl\/aysen\/wp-json\/wp\/v2\/comments?post=142"}],"version-history":[{"count":1,"href":"https:\/\/dev.explora.cl\/aysen\/wp-json\/wp\/v2\/posts\/142\/revisions"}],"predecessor-version":[{"id":37344,"href":"https:\/\/dev.explora.cl\/aysen\/wp-json\/wp\/v2\/posts\/142\/revisions\/37344"}],"wp:featuredmedia":[{"embeddable":true,"href":"https:\/\/dev.explora.cl\/aysen\/wp-json\/wp\/v2\/media\/143"}],"wp:attachment":[{"href":"https:\/\/dev.explora.cl\/aysen\/wp-json\/wp\/v2\/media?parent=142"}],"wp:term":[{"taxonomy":"category","embeddable":true,"href":"https:\/\/dev.explora.cl\/aysen\/wp-json\/wp\/v2\/categories?post=142"},{"taxonomy":"post_tag","embeddable":true,"href":"https:\/\/dev.explora.cl\/aysen\/wp-json\/wp\/v2\/tags?post=142"}],"curies":[{"name":"wp","href":"https:\/\/api.w.org\/{rel}","templated":true}]}}