{"id":140,"date":"2014-10-20T00:00:00","date_gmt":"2014-10-20T04:00:00","guid":{"rendered":"https:\/\/dev.explora.cl\/aysen\/blog\/2014\/10\/20\/con-modulo-de-realidad-aumentada-traeran-a-la-superficie-los-misterios-de-nuestro-mar\/"},"modified":"2019-05-20T21:22:05","modified_gmt":"2019-05-20T21:22:05","slug":"con-modulo-de-realidad-aumentada-traeran-a-la-superficie-los-misterios-de-nuestro-mar","status":"publish","type":"post","link":"https:\/\/dev.explora.cl\/aysen\/con-modulo-de-realidad-aumentada-traeran-a-la-superficie-los-misterios-de-nuestro-mar\/","title":{"rendered":"Con m\u00f3dulo de realidad aumentada traer\u00e1n a la superficie los misterios de nuestro mar"},"content":{"rendered":"<p><img loading=\"lazy\" decoding=\"async\" class=\" size-full wp-image-6368\" src=\"http:\/\/ec2-34-218-253-251.us-west-2.compute.amazonaws.com\/wp-content\/uploads\/2014\/10\/300f12b031d46cde664ed2fb984c4c74.jpg\" alt=\"\" width=\"597\" height=\"405\" \/><\/p>\n<p>ChileMIO desembarca en Puerto Ays\u00e9n con una experiencia multimedia, que mostrar\u00e1 las caracter\u00edsticas oceanogr\u00e1ficas de la regi\u00f3n de Ays\u00e9n y del Biob\u00edo.<\/p>\n<p>El mi\u00e9rcoles 22 de octubre, a las 12:00 horas, en el Colegio Santa Teresa de los Andes de Puerto Ays\u00e9n (km 2 camino Puerto Ays\u00e9n \u2013 Coyhaique), se realizar\u00e1 el lanzamiento de la estaci\u00f3n interactiva itinerante ChileMIO Un M\u00e1gico Oc\u00e9ano en Movimiento, desarrollado en el marco del II Concurso Nacional de Productos de Apropiaci\u00f3n Social de la Ciencia y la Tecnolog\u00eda del Programa EXPLORA CONICYT, la que a trav\u00e9s de sus tres m\u00f3dulos acercar\u00e1n el conocimiento del mar de las regiones de Ays\u00e9n y Biob\u00edo, por donde ChileMIO har\u00e1 itinerancia.<\/p>\n<p>Bajo el concepto de descubrir los misterios de nuestro mar, la Estaci\u00f3n contempla un novedoso m\u00f3dulo de realidad aumentada, que trae a la vida peces, moluscos, crust\u00e1ceos y mam\u00edferos, entre otras especies, talleres de origami, videos y juegos educativos interactivos. De esta manera, ni\u00f1os, adultos e instituciones, descubren y se apropian del conocimiento cient\u00edfico de una forma entretenida y did\u00e1ctica.<br \/>La realidad aumentada consiste en crear una realidad mixta en un soporte tecnol\u00f3gico donde se combinan elementos virtuales en un entorno f\u00edsico del mundo real.<\/p>\n<p>Chile es un pa\u00eds eminentemente mar\u00edtimo; posee la segunda costa m\u00e1s larga en Sudam\u00e9rica, con m\u00e1s de 5.000 kil\u00f3metros de costa en l\u00ednea recta, donde sus mares poseen algunas caracter\u00edsticas \u00fanicas en el mundo y que son desconocidas para la mayor\u00eda de la poblaci\u00f3n, este es el conocimiento cient\u00edfico que ChileMIO quiere entregar para que conozcamos y valoremos la riqueza de nuestro mar.<\/p>\n<p>Pedro Matus, Director del PAR EXPLORA Regi\u00f3n de Ays\u00e9n ejecutado por el Campus Patagonia UACh, coment\u00f3 la importancia de que en proyectos de esta envergadura y calidad sea considerada la participaci\u00f3n de nuestra Regi\u00f3n. \u201cFelicitamos y agradecemos esta iniciativa ya que en t\u00e9rminos de ecosistemas marinos, contamos con una de las \u00e1reas m\u00e1s din\u00e1micas y productivas del pa\u00eds, gran cantidad de recursos marinos y enormes posibilidades para la ciencia. Valorar esto a trav\u00e9s de informaci\u00f3n disponible de modo f\u00e1cil y atractivo ser\u00e1 un real aporte para nuestro territorio\u201d.<\/p>\n","protected":false},"excerpt":{"rendered":"<p>ChileMIO desembarca en Puerto Ays\u00e9n con una experiencia multimedia, que mostrar\u00e1 las caracter\u00edsticas oceanogr\u00e1ficas de la regi\u00f3n de Ays\u00e9n y del Biob\u00edo. El mi\u00e9rcoles 22 de octubre, a las 12:00 horas, en el Colegio Santa Teresa de los Andes de Puerto Ays\u00e9n (km 2 camino Puerto Ays\u00e9n \u2013 Coyhaique), se realizar\u00e1 el lanzamiento de la [&hellip;]<\/p>\n","protected":false},"author":2,"featured_media":141,"comment_status":"open","ping_status":"open","sticky":false,"template":"","format":"standard","meta":{"_acf_changed":false,"_exactmetrics_skip_tracking":false,"_exactmetrics_sitenote_active":false,"_exactmetrics_sitenote_note":"","_exactmetrics_sitenote_category":0,"footnotes":"","_links_to":"","_links_to_target":""},"categories":[4],"tags":[],"class_list":["post-140","post","type-post","status-publish","format-standard","has-post-thumbnail","hentry","category-noticias"],"acf":[],"yoast_head":"<!-- This site is optimized with the Yoast SEO plugin v26.7 - https:\/\/yoast.com\/wordpress\/plugins\/seo\/ -->\n<title>Con m\u00f3dulo de realidad aumentada traer\u00e1n a la superficie los misterios de nuestro mar - Aysen<\/title>\n<meta name=\"robots\" content=\"index, follow, max-snippet:-1, max-image-preview:large, max-video-preview:-1\" \/>\n<link rel=\"canonical\" href=\"https:\/\/dev.explora.cl\/aysen\/con-modulo-de-realidad-aumentada-traeran-a-la-superficie-los-misterios-de-nuestro-mar\/\" class=\"yoast-seo-meta-tag\" \/>\n<meta property=\"og:locale\" content=\"es_ES\" class=\"yoast-seo-meta-tag\" \/>\n<meta property=\"og:type\" content=\"article\" class=\"yoast-seo-meta-tag\" \/>\n<meta property=\"og:title\" content=\"Con m\u00f3dulo de realidad aumentada traer\u00e1n a la superficie los misterios de nuestro mar - Aysen\" class=\"yoast-seo-meta-tag\" \/>\n<meta property=\"og:description\" content=\"ChileMIO desembarca en Puerto Ays\u00e9n con una experiencia multimedia, que mostrar\u00e1 las caracter\u00edsticas oceanogr\u00e1ficas de la regi\u00f3n de Ays\u00e9n y del Biob\u00edo. El mi\u00e9rcoles 22 de octubre, a las 12:00 horas, en el Colegio Santa Teresa de los Andes de Puerto Ays\u00e9n (km 2 camino Puerto Ays\u00e9n \u2013 Coyhaique), se realizar\u00e1 el lanzamiento de la [&hellip;]\" class=\"yoast-seo-meta-tag\" \/>\n<meta property=\"og:url\" content=\"https:\/\/dev.explora.cl\/aysen\/con-modulo-de-realidad-aumentada-traeran-a-la-superficie-los-misterios-de-nuestro-mar\/\" class=\"yoast-seo-meta-tag\" \/>\n<meta property=\"og:site_name\" content=\"Aysen\" class=\"yoast-seo-meta-tag\" \/>\n<meta property=\"article:published_time\" content=\"2014-10-20T04:00:00+00:00\" class=\"yoast-seo-meta-tag\" \/>\n<meta property=\"article:modified_time\" content=\"2019-05-20T21:22:05+00:00\" class=\"yoast-seo-meta-tag\" \/>\n<meta property=\"og:image\" content=\"https:\/\/dev.explora.cl\/aysen\/wp-content\/uploads\/sites\/18\/2018\/06\/300f12b031d46cde664ed2fb984c4c74.jpg\" class=\"yoast-seo-meta-tag\" \/>\n\t<meta property=\"og:image:width\" content=\"597\" class=\"yoast-seo-meta-tag\" \/>\n\t<meta property=\"og:image:height\" content=\"405\" class=\"yoast-seo-meta-tag\" \/>\n\t<meta property=\"og:image:type\" content=\"image\/jpeg\" class=\"yoast-seo-meta-tag\" \/>\n<meta name=\"author\" content=\"webman\" class=\"yoast-seo-meta-tag\" \/>\n<meta name=\"twitter:card\" content=\"summary_large_image\" class=\"yoast-seo-meta-tag\" \/>\n<meta name=\"twitter:label1\" content=\"Escrito por\" class=\"yoast-seo-meta-tag\" \/>\n\t<meta name=\"twitter:data1\" content=\"webman\" class=\"yoast-seo-meta-tag\" \/>\n\t<meta name=\"twitter:label2\" content=\"Tiempo estimado de lectura\" class=\"yoast-seo-meta-tag\" \/>\n\t<meta name=\"twitter:data2\" content=\"2 minutos\" class=\"yoast-seo-meta-tag\" \/>\n<script type=\"application\/ld+json\" class=\"yoast-schema-graph\">{\"@context\":\"https:\/\/schema.org\",\"@graph\":[{\"@type\":\"Article\",\"@id\":\"https:\/\/dev.explora.cl\/aysen\/con-modulo-de-realidad-aumentada-traeran-a-la-superficie-los-misterios-de-nuestro-mar\/#article\",\"isPartOf\":{\"@id\":\"https:\/\/dev.explora.cl\/aysen\/con-modulo-de-realidad-aumentada-traeran-a-la-superficie-los-misterios-de-nuestro-mar\/\"},\"author\":{\"name\":\"webman\",\"@id\":\"https:\/\/dev.explora.cl\/aysen\/#\/schema\/person\/cb8349c13ea2d324080adf8480d7ba5d\"},\"headline\":\"Con m\u00f3dulo de realidad aumentada traer\u00e1n a la superficie los misterios de nuestro mar\",\"datePublished\":\"2014-10-20T04:00:00+00:00\",\"dateModified\":\"2019-05-20T21:22:05+00:00\",\"mainEntityOfPage\":{\"@id\":\"https:\/\/dev.explora.cl\/aysen\/con-modulo-de-realidad-aumentada-traeran-a-la-superficie-los-misterios-de-nuestro-mar\/\"},\"wordCount\":409,\"commentCount\":0,\"image\":{\"@id\":\"https:\/\/dev.explora.cl\/aysen\/con-modulo-de-realidad-aumentada-traeran-a-la-superficie-los-misterios-de-nuestro-mar\/#primaryimage\"},\"thumbnailUrl\":\"https:\/\/dev.explora.cl\/aysen\/wp-content\/uploads\/sites\/18\/2018\/06\/300f12b031d46cde664ed2fb984c4c74.jpg\",\"articleSection\":[\"Noticias\"],\"inLanguage\":\"es-CL\",\"potentialAction\":[{\"@type\":\"CommentAction\",\"name\":\"Comment\",\"target\":[\"https:\/\/dev.explora.cl\/aysen\/con-modulo-de-realidad-aumentada-traeran-a-la-superficie-los-misterios-de-nuestro-mar\/#respond\"]}]},{\"@type\":\"WebPage\",\"@id\":\"https:\/\/dev.explora.cl\/aysen\/con-modulo-de-realidad-aumentada-traeran-a-la-superficie-los-misterios-de-nuestro-mar\/\",\"url\":\"https:\/\/dev.explora.cl\/aysen\/con-modulo-de-realidad-aumentada-traeran-a-la-superficie-los-misterios-de-nuestro-mar\/\",\"name\":\"Con m\u00f3dulo de realidad aumentada traer\u00e1n a la superficie los misterios de nuestro mar - Aysen\",\"isPartOf\":{\"@id\":\"https:\/\/dev.explora.cl\/aysen\/#website\"},\"primaryImageOfPage\":{\"@id\":\"https:\/\/dev.explora.cl\/aysen\/con-modulo-de-realidad-aumentada-traeran-a-la-superficie-los-misterios-de-nuestro-mar\/#primaryimage\"},\"image\":{\"@id\":\"https:\/\/dev.explora.cl\/aysen\/con-modulo-de-realidad-aumentada-traeran-a-la-superficie-los-misterios-de-nuestro-mar\/#primaryimage\"},\"thumbnailUrl\":\"https:\/\/dev.explora.cl\/aysen\/wp-content\/uploads\/sites\/18\/2018\/06\/300f12b031d46cde664ed2fb984c4c74.jpg\",\"datePublished\":\"2014-10-20T04:00:00+00:00\",\"dateModified\":\"2019-05-20T21:22:05+00:00\",\"author\":{\"@id\":\"https:\/\/dev.explora.cl\/aysen\/#\/schema\/person\/cb8349c13ea2d324080adf8480d7ba5d\"},\"breadcrumb\":{\"@id\":\"https:\/\/dev.explora.cl\/aysen\/con-modulo-de-realidad-aumentada-traeran-a-la-superficie-los-misterios-de-nuestro-mar\/#breadcrumb\"},\"inLanguage\":\"es-CL\",\"potentialAction\":[{\"@type\":\"ReadAction\",\"target\":[\"https:\/\/dev.explora.cl\/aysen\/con-modulo-de-realidad-aumentada-traeran-a-la-superficie-los-misterios-de-nuestro-mar\/\"]}]},{\"@type\":\"ImageObject\",\"inLanguage\":\"es-CL\",\"@id\":\"https:\/\/dev.explora.cl\/aysen\/con-modulo-de-realidad-aumentada-traeran-a-la-superficie-los-misterios-de-nuestro-mar\/#primaryimage\",\"url\":\"https:\/\/dev.explora.cl\/aysen\/wp-content\/uploads\/sites\/18\/2018\/06\/300f12b031d46cde664ed2fb984c4c74.jpg\",\"contentUrl\":\"https:\/\/dev.explora.cl\/aysen\/wp-content\/uploads\/sites\/18\/2018\/06\/300f12b031d46cde664ed2fb984c4c74.jpg\",\"width\":597,\"height\":405},{\"@type\":\"BreadcrumbList\",\"@id\":\"https:\/\/dev.explora.cl\/aysen\/con-modulo-de-realidad-aumentada-traeran-a-la-superficie-los-misterios-de-nuestro-mar\/#breadcrumb\",\"itemListElement\":[{\"@type\":\"ListItem\",\"position\":1,\"name\":\"Portada\",\"item\":\"https:\/\/dev.explora.cl\/aysen\/\"},{\"@type\":\"ListItem\",\"position\":2,\"name\":\"Con m\u00f3dulo de realidad aumentada traer\u00e1n a la superficie los misterios de nuestro mar\"}]},{\"@type\":\"WebSite\",\"@id\":\"https:\/\/dev.explora.cl\/aysen\/#website\",\"url\":\"https:\/\/dev.explora.cl\/aysen\/\",\"name\":\"Aysen\",\"description\":\"Otro sitio m\u00e1s de dev.explora.cl\",\"potentialAction\":[{\"@type\":\"SearchAction\",\"target\":{\"@type\":\"EntryPoint\",\"urlTemplate\":\"https:\/\/dev.explora.cl\/aysen\/?s={search_term_string}\"},\"query-input\":{\"@type\":\"PropertyValueSpecification\",\"valueRequired\":true,\"valueName\":\"search_term_string\"}}],\"inLanguage\":\"es-CL\"},{\"@type\":\"Person\",\"@id\":\"https:\/\/dev.explora.cl\/aysen\/#\/schema\/person\/cb8349c13ea2d324080adf8480d7ba5d\",\"name\":\"webman\",\"image\":{\"@type\":\"ImageObject\",\"inLanguage\":\"es-CL\",\"@id\":\"https:\/\/dev.explora.cl\/aysen\/#\/schema\/person\/image\/\",\"url\":\"https:\/\/secure.gravatar.com\/avatar\/eeff3c82f2c02f7177d13663b7e6f890e9a6a0647ce9bb29cae02dcb094c7312?s=96&d=mm&r=g\",\"contentUrl\":\"https:\/\/secure.gravatar.com\/avatar\/eeff3c82f2c02f7177d13663b7e6f890e9a6a0647ce9bb29cae02dcb094c7312?s=96&d=mm&r=g\",\"caption\":\"webman\"},\"url\":\"https:\/\/dev.explora.cl\/aysen\/author\/webman\/\"}]}<\/script>\n<!-- \/ Yoast SEO plugin. -->","yoast_head_json":{"title":"Con m\u00f3dulo de realidad aumentada traer\u00e1n a la superficie los misterios de nuestro mar - Aysen","robots":{"index":"index","follow":"follow","max-snippet":"max-snippet:-1","max-image-preview":"max-image-preview:large","max-video-preview":"max-video-preview:-1"},"canonical":"https:\/\/dev.explora.cl\/aysen\/con-modulo-de-realidad-aumentada-traeran-a-la-superficie-los-misterios-de-nuestro-mar\/","og_locale":"es_ES","og_type":"article","og_title":"Con m\u00f3dulo de realidad aumentada traer\u00e1n a la superficie los misterios de nuestro mar - Aysen","og_description":"ChileMIO desembarca en Puerto Ays\u00e9n con una experiencia multimedia, que mostrar\u00e1 las caracter\u00edsticas oceanogr\u00e1ficas de la regi\u00f3n de Ays\u00e9n y del Biob\u00edo. El mi\u00e9rcoles 22 de octubre, a las 12:00 horas, en el Colegio Santa Teresa de los Andes de Puerto Ays\u00e9n (km 2 camino Puerto Ays\u00e9n \u2013 Coyhaique), se realizar\u00e1 el lanzamiento de la [&hellip;]","og_url":"https:\/\/dev.explora.cl\/aysen\/con-modulo-de-realidad-aumentada-traeran-a-la-superficie-los-misterios-de-nuestro-mar\/","og_site_name":"Aysen","article_published_time":"2014-10-20T04:00:00+00:00","article_modified_time":"2019-05-20T21:22:05+00:00","og_image":[{"width":597,"height":405,"url":"https:\/\/dev.explora.cl\/aysen\/wp-content\/uploads\/sites\/18\/2018\/06\/300f12b031d46cde664ed2fb984c4c74.jpg","type":"image\/jpeg"}],"author":"webman","twitter_card":"summary_large_image","twitter_misc":{"Escrito por":"webman","Tiempo estimado de lectura":"2 minutos"},"schema":{"@context":"https:\/\/schema.org","@graph":[{"@type":"Article","@id":"https:\/\/dev.explora.cl\/aysen\/con-modulo-de-realidad-aumentada-traeran-a-la-superficie-los-misterios-de-nuestro-mar\/#article","isPartOf":{"@id":"https:\/\/dev.explora.cl\/aysen\/con-modulo-de-realidad-aumentada-traeran-a-la-superficie-los-misterios-de-nuestro-mar\/"},"author":{"name":"webman","@id":"https:\/\/dev.explora.cl\/aysen\/#\/schema\/person\/cb8349c13ea2d324080adf8480d7ba5d"},"headline":"Con m\u00f3dulo de realidad aumentada traer\u00e1n a la superficie los misterios de nuestro mar","datePublished":"2014-10-20T04:00:00+00:00","dateModified":"2019-05-20T21:22:05+00:00","mainEntityOfPage":{"@id":"https:\/\/dev.explora.cl\/aysen\/con-modulo-de-realidad-aumentada-traeran-a-la-superficie-los-misterios-de-nuestro-mar\/"},"wordCount":409,"commentCount":0,"image":{"@id":"https:\/\/dev.explora.cl\/aysen\/con-modulo-de-realidad-aumentada-traeran-a-la-superficie-los-misterios-de-nuestro-mar\/#primaryimage"},"thumbnailUrl":"https:\/\/dev.explora.cl\/aysen\/wp-content\/uploads\/sites\/18\/2018\/06\/300f12b031d46cde664ed2fb984c4c74.jpg","articleSection":["Noticias"],"inLanguage":"es-CL","potentialAction":[{"@type":"CommentAction","name":"Comment","target":["https:\/\/dev.explora.cl\/aysen\/con-modulo-de-realidad-aumentada-traeran-a-la-superficie-los-misterios-de-nuestro-mar\/#respond"]}]},{"@type":"WebPage","@id":"https:\/\/dev.explora.cl\/aysen\/con-modulo-de-realidad-aumentada-traeran-a-la-superficie-los-misterios-de-nuestro-mar\/","url":"https:\/\/dev.explora.cl\/aysen\/con-modulo-de-realidad-aumentada-traeran-a-la-superficie-los-misterios-de-nuestro-mar\/","name":"Con m\u00f3dulo de realidad aumentada traer\u00e1n a la superficie los misterios de nuestro mar - Aysen","isPartOf":{"@id":"https:\/\/dev.explora.cl\/aysen\/#website"},"primaryImageOfPage":{"@id":"https:\/\/dev.explora.cl\/aysen\/con-modulo-de-realidad-aumentada-traeran-a-la-superficie-los-misterios-de-nuestro-mar\/#primaryimage"},"image":{"@id":"https:\/\/dev.explora.cl\/aysen\/con-modulo-de-realidad-aumentada-traeran-a-la-superficie-los-misterios-de-nuestro-mar\/#primaryimage"},"thumbnailUrl":"https:\/\/dev.explora.cl\/aysen\/wp-content\/uploads\/sites\/18\/2018\/06\/300f12b031d46cde664ed2fb984c4c74.jpg","datePublished":"2014-10-20T04:00:00+00:00","dateModified":"2019-05-20T21:22:05+00:00","author":{"@id":"https:\/\/dev.explora.cl\/aysen\/#\/schema\/person\/cb8349c13ea2d324080adf8480d7ba5d"},"breadcrumb":{"@id":"https:\/\/dev.explora.cl\/aysen\/con-modulo-de-realidad-aumentada-traeran-a-la-superficie-los-misterios-de-nuestro-mar\/#breadcrumb"},"inLanguage":"es-CL","potentialAction":[{"@type":"ReadAction","target":["https:\/\/dev.explora.cl\/aysen\/con-modulo-de-realidad-aumentada-traeran-a-la-superficie-los-misterios-de-nuestro-mar\/"]}]},{"@type":"ImageObject","inLanguage":"es-CL","@id":"https:\/\/dev.explora.cl\/aysen\/con-modulo-de-realidad-aumentada-traeran-a-la-superficie-los-misterios-de-nuestro-mar\/#primaryimage","url":"https:\/\/dev.explora.cl\/aysen\/wp-content\/uploads\/sites\/18\/2018\/06\/300f12b031d46cde664ed2fb984c4c74.jpg","contentUrl":"https:\/\/dev.explora.cl\/aysen\/wp-content\/uploads\/sites\/18\/2018\/06\/300f12b031d46cde664ed2fb984c4c74.jpg","width":597,"height":405},{"@type":"BreadcrumbList","@id":"https:\/\/dev.explora.cl\/aysen\/con-modulo-de-realidad-aumentada-traeran-a-la-superficie-los-misterios-de-nuestro-mar\/#breadcrumb","itemListElement":[{"@type":"ListItem","position":1,"name":"Portada","item":"https:\/\/dev.explora.cl\/aysen\/"},{"@type":"ListItem","position":2,"name":"Con m\u00f3dulo de realidad aumentada traer\u00e1n a la superficie los misterios de nuestro mar"}]},{"@type":"WebSite","@id":"https:\/\/dev.explora.cl\/aysen\/#website","url":"https:\/\/dev.explora.cl\/aysen\/","name":"Aysen","description":"Otro sitio m\u00e1s de dev.explora.cl","potentialAction":[{"@type":"SearchAction","target":{"@type":"EntryPoint","urlTemplate":"https:\/\/dev.explora.cl\/aysen\/?s={search_term_string}"},"query-input":{"@type":"PropertyValueSpecification","valueRequired":true,"valueName":"search_term_string"}}],"inLanguage":"es-CL"},{"@type":"Person","@id":"https:\/\/dev.explora.cl\/aysen\/#\/schema\/person\/cb8349c13ea2d324080adf8480d7ba5d","name":"webman","image":{"@type":"ImageObject","inLanguage":"es-CL","@id":"https:\/\/dev.explora.cl\/aysen\/#\/schema\/person\/image\/","url":"https:\/\/secure.gravatar.com\/avatar\/eeff3c82f2c02f7177d13663b7e6f890e9a6a0647ce9bb29cae02dcb094c7312?s=96&d=mm&r=g","contentUrl":"https:\/\/secure.gravatar.com\/avatar\/eeff3c82f2c02f7177d13663b7e6f890e9a6a0647ce9bb29cae02dcb094c7312?s=96&d=mm&r=g","caption":"webman"},"url":"https:\/\/dev.explora.cl\/aysen\/author\/webman\/"}]}},"_links":{"self":[{"href":"https:\/\/dev.explora.cl\/aysen\/wp-json\/wp\/v2\/posts\/140","targetHints":{"allow":["GET"]}}],"collection":[{"href":"https:\/\/dev.explora.cl\/aysen\/wp-json\/wp\/v2\/posts"}],"about":[{"href":"https:\/\/dev.explora.cl\/aysen\/wp-json\/wp\/v2\/types\/post"}],"author":[{"embeddable":true,"href":"https:\/\/dev.explora.cl\/aysen\/wp-json\/wp\/v2\/users\/2"}],"replies":[{"embeddable":true,"href":"https:\/\/dev.explora.cl\/aysen\/wp-json\/wp\/v2\/comments?post=140"}],"version-history":[{"count":1,"href":"https:\/\/dev.explora.cl\/aysen\/wp-json\/wp\/v2\/posts\/140\/revisions"}],"predecessor-version":[{"id":37345,"href":"https:\/\/dev.explora.cl\/aysen\/wp-json\/wp\/v2\/posts\/140\/revisions\/37345"}],"wp:featuredmedia":[{"embeddable":true,"href":"https:\/\/dev.explora.cl\/aysen\/wp-json\/wp\/v2\/media\/141"}],"wp:attachment":[{"href":"https:\/\/dev.explora.cl\/aysen\/wp-json\/wp\/v2\/media?parent=140"}],"wp:term":[{"taxonomy":"category","embeddable":true,"href":"https:\/\/dev.explora.cl\/aysen\/wp-json\/wp\/v2\/categories?post=140"},{"taxonomy":"post_tag","embeddable":true,"href":"https:\/\/dev.explora.cl\/aysen\/wp-json\/wp\/v2\/tags?post=140"}],"curies":[{"name":"wp","href":"https:\/\/api.w.org\/{rel}","templated":true}]}}