{"id":136,"date":"2014-10-13T00:00:00","date_gmt":"2014-10-13T04:00:00","guid":{"rendered":"https:\/\/dev.explora.cl\/aysen\/blog\/2014\/10\/13\/gran-celebracion-de-la-semana-nacional-de-la-ciencia-y-la-tecnologia-en-region-de-aysen\/"},"modified":"2019-05-20T21:22:06","modified_gmt":"2019-05-20T21:22:06","slug":"gran-celebracion-de-la-semana-nacional-de-la-ciencia-y-la-tecnologia-en-region-de-aysen","status":"publish","type":"post","link":"https:\/\/dev.explora.cl\/aysen\/gran-celebracion-de-la-semana-nacional-de-la-ciencia-y-la-tecnologia-en-region-de-aysen\/","title":{"rendered":"Gran celebraci\u00f3n de la Semana Nacional de la Ciencia y la Tecnolog\u00eda en regi\u00f3n de Ays\u00e9n."},"content":{"rendered":"<p><img loading=\"lazy\" decoding=\"async\" class=\" size-full wp-image-6131\" src=\"http:\/\/ec2-34-218-253-251.us-west-2.compute.amazonaws.com\/wp-content\/uploads\/2014\/10\/83d805430a76a62d95bd944b328ed4da.jpg\" alt=\"\" width=\"800\" height=\"533\" \/><\/p>\n<p>El PAR Explora Regi\u00f3n de Ays\u00e9n ejecutado por el Campus Patagonia de la Universidad Austral de Chile junto con el Centro de Investigaci\u00f3n en Ecosistemas de la Patagonia (CIEP) realiz\u00f3 la actividad de clausura en el marco de la XX Semana Nacional de la Ciencia y la Tecnolog\u00eda en el Centro Cultural Coyhaique.<\/p>\n<p>Para esta jornada de cierre se present\u00f3 una obra de teatro sobre alimentaci\u00f3n sana y saludable para ni\u00f1os y ni\u00f1as donde asistieron gran cantidad de peque\u00f1os estudiantes de distintos establecimientos educacionales de la regi\u00f3n de Ays\u00e9n. Destacamos la participaci\u00f3n de Colegio Mater Dei, Colegio Alborada, Escuela Altamira, Jard\u00edn Infantil Kaukalem y Jard\u00edn Infantil Arcoiris.<\/p>\n<p>Durante la semana se realizaron diversas actividades como \u201c1000 cient\u00edficos 1000 aulas\u201d, \u201cLa ciencia sale a los Parques\u201d, \u201cLaboratorios abiertos\u201d, \u201cD\u00eda de la ciencia en mi colegio y mi jard\u00edn\u201d, \u201cPinta la ciencia a tu pinta\u201d y cabe destacar las ferias cient\u00edfica realizadas en Puerto Guadal por la Escuela Bernardo O\u2019Higgins y la de Puerto Ays\u00e9n llevaba a cabo por el Colegio Santa Teresa de los Andes en la Casa de la Cultura.<\/p>\n<p>Se realiz\u00f3 dentro de la jornada la premiaci\u00f3n del concurso \u201cPinta la Ciencia a tu Pinta\u201d donde llegaron un total de casi 500 dibujos que fueron seleccionados por un especial jurado para finalmente conocer los resultados.<br \/>En la categor\u00eda Primer Ciclo B\u00e1sico gan\u00f3 el primer lugar Macarena Vargas del 2\u00b0A de la Escuela Pedro Quintana Mansilla, segundo lugar Javier Hitschfeld del 2\u00b0A de la Escuela Pedro Quintana Mansilla y tercer lugar para Francisco Molina del 4\u00b0A del Colegio Mater Dei.<\/p>\n<p>Para la categor\u00eda preescolar resultaron ganadores Estefan\u00eda Erices de Jard\u00edn Aiken Yemel quien obtuvo el primer lugar, Sayen Catrilaf del Jard\u00edn Infantil Kaukalem en el segundo puesto y Valentina Panichini de la Escuela Altamira en tercer lugar. Destacamos a Julia M\u00e9ndez del 4\u00b0B del Colegio Mater Dei qui\u00e9n obtuvo el premio por hacer el dibujo m\u00e1s popular, votado por los propios ni\u00f1os antes de entrar a ver la obra de teatro.<\/p>\n<p>Pedro Matus, Director del PAR EXPLORA Regi\u00f3n de Ays\u00e9n, destac\u00f3 la importante participaci\u00f3n de los establecimientos educacionales de la regi\u00f3n de Ays\u00e9n en las actividades realizadas. \u201cLa Semana Nacional de la Ciencia y la Tecnolog\u00eda es para nosotros una fiesta y algo de eso es lo que hoy se vio reflejado en este cierre, mucha alegr\u00eda, amplia participaci\u00f3n, en una actividad que siempre tratamos de dirigir hacia los m\u00e1s peque\u00f1itos y que result\u00f3 muy interesante. Es un cierre a una intensa pero grandiosa semana para la ciencia en Ays\u00e9n\u201d.<\/p>\n","protected":false},"excerpt":{"rendered":"<p>El PAR Explora Regi\u00f3n de Ays\u00e9n ejecutado por el Campus Patagonia de la Universidad Austral de Chile junto con el Centro de Investigaci\u00f3n en Ecosistemas de la Patagonia (CIEP) realiz\u00f3 la actividad de clausura en el marco de la XX Semana Nacional de la Ciencia y la Tecnolog\u00eda en el Centro Cultural Coyhaique. Para esta [&hellip;]<\/p>\n","protected":false},"author":2,"featured_media":137,"comment_status":"open","ping_status":"open","sticky":false,"template":"","format":"standard","meta":{"_acf_changed":false,"_exactmetrics_skip_tracking":false,"_exactmetrics_sitenote_active":false,"_exactmetrics_sitenote_note":"","_exactmetrics_sitenote_category":0,"footnotes":"","_links_to":"","_links_to_target":""},"categories":[4],"tags":[],"class_list":["post-136","post","type-post","status-publish","format-standard","has-post-thumbnail","hentry","category-noticias"],"acf":[],"yoast_head":"<!-- This site is optimized with the Yoast SEO plugin v26.7 - https:\/\/yoast.com\/wordpress\/plugins\/seo\/ -->\n<title>Gran celebraci\u00f3n de la Semana Nacional de la Ciencia y la Tecnolog\u00eda en regi\u00f3n de Ays\u00e9n. - Aysen<\/title>\n<meta name=\"robots\" content=\"index, follow, max-snippet:-1, max-image-preview:large, max-video-preview:-1\" \/>\n<link rel=\"canonical\" href=\"https:\/\/dev.explora.cl\/aysen\/gran-celebracion-de-la-semana-nacional-de-la-ciencia-y-la-tecnologia-en-region-de-aysen\/\" class=\"yoast-seo-meta-tag\" \/>\n<meta property=\"og:locale\" content=\"es_ES\" class=\"yoast-seo-meta-tag\" \/>\n<meta property=\"og:type\" content=\"article\" class=\"yoast-seo-meta-tag\" \/>\n<meta property=\"og:title\" content=\"Gran celebraci\u00f3n de la Semana Nacional de la Ciencia y la Tecnolog\u00eda en regi\u00f3n de Ays\u00e9n. - Aysen\" class=\"yoast-seo-meta-tag\" \/>\n<meta property=\"og:description\" content=\"El PAR Explora Regi\u00f3n de Ays\u00e9n ejecutado por el Campus Patagonia de la Universidad Austral de Chile junto con el Centro de Investigaci\u00f3n en Ecosistemas de la Patagonia (CIEP) realiz\u00f3 la actividad de clausura en el marco de la XX Semana Nacional de la Ciencia y la Tecnolog\u00eda en el Centro Cultural Coyhaique. Para esta [&hellip;]\" class=\"yoast-seo-meta-tag\" \/>\n<meta property=\"og:url\" content=\"https:\/\/dev.explora.cl\/aysen\/gran-celebracion-de-la-semana-nacional-de-la-ciencia-y-la-tecnologia-en-region-de-aysen\/\" class=\"yoast-seo-meta-tag\" \/>\n<meta property=\"og:site_name\" content=\"Aysen\" class=\"yoast-seo-meta-tag\" \/>\n<meta property=\"article:published_time\" content=\"2014-10-13T04:00:00+00:00\" class=\"yoast-seo-meta-tag\" \/>\n<meta property=\"article:modified_time\" content=\"2019-05-20T21:22:06+00:00\" class=\"yoast-seo-meta-tag\" \/>\n<meta property=\"og:image\" content=\"https:\/\/dev.explora.cl\/aysen\/wp-content\/uploads\/sites\/18\/2018\/06\/83d805430a76a62d95bd944b328ed4da.jpg\" class=\"yoast-seo-meta-tag\" \/>\n\t<meta property=\"og:image:width\" content=\"800\" class=\"yoast-seo-meta-tag\" \/>\n\t<meta property=\"og:image:height\" content=\"533\" class=\"yoast-seo-meta-tag\" \/>\n\t<meta property=\"og:image:type\" content=\"image\/jpeg\" class=\"yoast-seo-meta-tag\" \/>\n<meta name=\"author\" content=\"webman\" class=\"yoast-seo-meta-tag\" \/>\n<meta name=\"twitter:card\" content=\"summary_large_image\" class=\"yoast-seo-meta-tag\" \/>\n<meta name=\"twitter:label1\" content=\"Escrito por\" class=\"yoast-seo-meta-tag\" \/>\n\t<meta name=\"twitter:data1\" content=\"webman\" class=\"yoast-seo-meta-tag\" \/>\n\t<meta name=\"twitter:label2\" content=\"Tiempo estimado de lectura\" class=\"yoast-seo-meta-tag\" \/>\n\t<meta name=\"twitter:data2\" content=\"2 minutos\" class=\"yoast-seo-meta-tag\" \/>\n<script type=\"application\/ld+json\" class=\"yoast-schema-graph\">{\"@context\":\"https:\/\/schema.org\",\"@graph\":[{\"@type\":\"Article\",\"@id\":\"https:\/\/dev.explora.cl\/aysen\/gran-celebracion-de-la-semana-nacional-de-la-ciencia-y-la-tecnologia-en-region-de-aysen\/#article\",\"isPartOf\":{\"@id\":\"https:\/\/dev.explora.cl\/aysen\/gran-celebracion-de-la-semana-nacional-de-la-ciencia-y-la-tecnologia-en-region-de-aysen\/\"},\"author\":{\"name\":\"webman\",\"@id\":\"https:\/\/dev.explora.cl\/aysen\/#\/schema\/person\/cb8349c13ea2d324080adf8480d7ba5d\"},\"headline\":\"Gran celebraci\u00f3n de la Semana Nacional de la Ciencia y la Tecnolog\u00eda en regi\u00f3n de Ays\u00e9n.\",\"datePublished\":\"2014-10-13T04:00:00+00:00\",\"dateModified\":\"2019-05-20T21:22:06+00:00\",\"mainEntityOfPage\":{\"@id\":\"https:\/\/dev.explora.cl\/aysen\/gran-celebracion-de-la-semana-nacional-de-la-ciencia-y-la-tecnologia-en-region-de-aysen\/\"},\"wordCount\":478,\"commentCount\":0,\"image\":{\"@id\":\"https:\/\/dev.explora.cl\/aysen\/gran-celebracion-de-la-semana-nacional-de-la-ciencia-y-la-tecnologia-en-region-de-aysen\/#primaryimage\"},\"thumbnailUrl\":\"https:\/\/dev.explora.cl\/aysen\/wp-content\/uploads\/sites\/18\/2018\/06\/83d805430a76a62d95bd944b328ed4da.jpg\",\"articleSection\":[\"Noticias\"],\"inLanguage\":\"es-CL\",\"potentialAction\":[{\"@type\":\"CommentAction\",\"name\":\"Comment\",\"target\":[\"https:\/\/dev.explora.cl\/aysen\/gran-celebracion-de-la-semana-nacional-de-la-ciencia-y-la-tecnologia-en-region-de-aysen\/#respond\"]}]},{\"@type\":\"WebPage\",\"@id\":\"https:\/\/dev.explora.cl\/aysen\/gran-celebracion-de-la-semana-nacional-de-la-ciencia-y-la-tecnologia-en-region-de-aysen\/\",\"url\":\"https:\/\/dev.explora.cl\/aysen\/gran-celebracion-de-la-semana-nacional-de-la-ciencia-y-la-tecnologia-en-region-de-aysen\/\",\"name\":\"Gran celebraci\u00f3n de la Semana Nacional de la Ciencia y la Tecnolog\u00eda en regi\u00f3n de Ays\u00e9n. - Aysen\",\"isPartOf\":{\"@id\":\"https:\/\/dev.explora.cl\/aysen\/#website\"},\"primaryImageOfPage\":{\"@id\":\"https:\/\/dev.explora.cl\/aysen\/gran-celebracion-de-la-semana-nacional-de-la-ciencia-y-la-tecnologia-en-region-de-aysen\/#primaryimage\"},\"image\":{\"@id\":\"https:\/\/dev.explora.cl\/aysen\/gran-celebracion-de-la-semana-nacional-de-la-ciencia-y-la-tecnologia-en-region-de-aysen\/#primaryimage\"},\"thumbnailUrl\":\"https:\/\/dev.explora.cl\/aysen\/wp-content\/uploads\/sites\/18\/2018\/06\/83d805430a76a62d95bd944b328ed4da.jpg\",\"datePublished\":\"2014-10-13T04:00:00+00:00\",\"dateModified\":\"2019-05-20T21:22:06+00:00\",\"author\":{\"@id\":\"https:\/\/dev.explora.cl\/aysen\/#\/schema\/person\/cb8349c13ea2d324080adf8480d7ba5d\"},\"breadcrumb\":{\"@id\":\"https:\/\/dev.explora.cl\/aysen\/gran-celebracion-de-la-semana-nacional-de-la-ciencia-y-la-tecnologia-en-region-de-aysen\/#breadcrumb\"},\"inLanguage\":\"es-CL\",\"potentialAction\":[{\"@type\":\"ReadAction\",\"target\":[\"https:\/\/dev.explora.cl\/aysen\/gran-celebracion-de-la-semana-nacional-de-la-ciencia-y-la-tecnologia-en-region-de-aysen\/\"]}]},{\"@type\":\"ImageObject\",\"inLanguage\":\"es-CL\",\"@id\":\"https:\/\/dev.explora.cl\/aysen\/gran-celebracion-de-la-semana-nacional-de-la-ciencia-y-la-tecnologia-en-region-de-aysen\/#primaryimage\",\"url\":\"https:\/\/dev.explora.cl\/aysen\/wp-content\/uploads\/sites\/18\/2018\/06\/83d805430a76a62d95bd944b328ed4da.jpg\",\"contentUrl\":\"https:\/\/dev.explora.cl\/aysen\/wp-content\/uploads\/sites\/18\/2018\/06\/83d805430a76a62d95bd944b328ed4da.jpg\",\"width\":800,\"height\":533},{\"@type\":\"BreadcrumbList\",\"@id\":\"https:\/\/dev.explora.cl\/aysen\/gran-celebracion-de-la-semana-nacional-de-la-ciencia-y-la-tecnologia-en-region-de-aysen\/#breadcrumb\",\"itemListElement\":[{\"@type\":\"ListItem\",\"position\":1,\"name\":\"Portada\",\"item\":\"https:\/\/dev.explora.cl\/aysen\/\"},{\"@type\":\"ListItem\",\"position\":2,\"name\":\"Gran celebraci\u00f3n de la Semana Nacional de la Ciencia y la Tecnolog\u00eda en regi\u00f3n de Ays\u00e9n.\"}]},{\"@type\":\"WebSite\",\"@id\":\"https:\/\/dev.explora.cl\/aysen\/#website\",\"url\":\"https:\/\/dev.explora.cl\/aysen\/\",\"name\":\"Aysen\",\"description\":\"Otro sitio m\u00e1s de dev.explora.cl\",\"potentialAction\":[{\"@type\":\"SearchAction\",\"target\":{\"@type\":\"EntryPoint\",\"urlTemplate\":\"https:\/\/dev.explora.cl\/aysen\/?s={search_term_string}\"},\"query-input\":{\"@type\":\"PropertyValueSpecification\",\"valueRequired\":true,\"valueName\":\"search_term_string\"}}],\"inLanguage\":\"es-CL\"},{\"@type\":\"Person\",\"@id\":\"https:\/\/dev.explora.cl\/aysen\/#\/schema\/person\/cb8349c13ea2d324080adf8480d7ba5d\",\"name\":\"webman\",\"image\":{\"@type\":\"ImageObject\",\"inLanguage\":\"es-CL\",\"@id\":\"https:\/\/dev.explora.cl\/aysen\/#\/schema\/person\/image\/\",\"url\":\"https:\/\/secure.gravatar.com\/avatar\/eeff3c82f2c02f7177d13663b7e6f890e9a6a0647ce9bb29cae02dcb094c7312?s=96&d=mm&r=g\",\"contentUrl\":\"https:\/\/secure.gravatar.com\/avatar\/eeff3c82f2c02f7177d13663b7e6f890e9a6a0647ce9bb29cae02dcb094c7312?s=96&d=mm&r=g\",\"caption\":\"webman\"},\"url\":\"https:\/\/dev.explora.cl\/aysen\/author\/webman\/\"}]}<\/script>\n<!-- \/ Yoast SEO plugin. -->","yoast_head_json":{"title":"Gran celebraci\u00f3n de la Semana Nacional de la Ciencia y la Tecnolog\u00eda en regi\u00f3n de Ays\u00e9n. - Aysen","robots":{"index":"index","follow":"follow","max-snippet":"max-snippet:-1","max-image-preview":"max-image-preview:large","max-video-preview":"max-video-preview:-1"},"canonical":"https:\/\/dev.explora.cl\/aysen\/gran-celebracion-de-la-semana-nacional-de-la-ciencia-y-la-tecnologia-en-region-de-aysen\/","og_locale":"es_ES","og_type":"article","og_title":"Gran celebraci\u00f3n de la Semana Nacional de la Ciencia y la Tecnolog\u00eda en regi\u00f3n de Ays\u00e9n. - Aysen","og_description":"El PAR Explora Regi\u00f3n de Ays\u00e9n ejecutado por el Campus Patagonia de la Universidad Austral de Chile junto con el Centro de Investigaci\u00f3n en Ecosistemas de la Patagonia (CIEP) realiz\u00f3 la actividad de clausura en el marco de la XX Semana Nacional de la Ciencia y la Tecnolog\u00eda en el Centro Cultural Coyhaique. Para esta [&hellip;]","og_url":"https:\/\/dev.explora.cl\/aysen\/gran-celebracion-de-la-semana-nacional-de-la-ciencia-y-la-tecnologia-en-region-de-aysen\/","og_site_name":"Aysen","article_published_time":"2014-10-13T04:00:00+00:00","article_modified_time":"2019-05-20T21:22:06+00:00","og_image":[{"width":800,"height":533,"url":"https:\/\/dev.explora.cl\/aysen\/wp-content\/uploads\/sites\/18\/2018\/06\/83d805430a76a62d95bd944b328ed4da.jpg","type":"image\/jpeg"}],"author":"webman","twitter_card":"summary_large_image","twitter_misc":{"Escrito por":"webman","Tiempo estimado de lectura":"2 minutos"},"schema":{"@context":"https:\/\/schema.org","@graph":[{"@type":"Article","@id":"https:\/\/dev.explora.cl\/aysen\/gran-celebracion-de-la-semana-nacional-de-la-ciencia-y-la-tecnologia-en-region-de-aysen\/#article","isPartOf":{"@id":"https:\/\/dev.explora.cl\/aysen\/gran-celebracion-de-la-semana-nacional-de-la-ciencia-y-la-tecnologia-en-region-de-aysen\/"},"author":{"name":"webman","@id":"https:\/\/dev.explora.cl\/aysen\/#\/schema\/person\/cb8349c13ea2d324080adf8480d7ba5d"},"headline":"Gran celebraci\u00f3n de la Semana Nacional de la Ciencia y la Tecnolog\u00eda en regi\u00f3n de Ays\u00e9n.","datePublished":"2014-10-13T04:00:00+00:00","dateModified":"2019-05-20T21:22:06+00:00","mainEntityOfPage":{"@id":"https:\/\/dev.explora.cl\/aysen\/gran-celebracion-de-la-semana-nacional-de-la-ciencia-y-la-tecnologia-en-region-de-aysen\/"},"wordCount":478,"commentCount":0,"image":{"@id":"https:\/\/dev.explora.cl\/aysen\/gran-celebracion-de-la-semana-nacional-de-la-ciencia-y-la-tecnologia-en-region-de-aysen\/#primaryimage"},"thumbnailUrl":"https:\/\/dev.explora.cl\/aysen\/wp-content\/uploads\/sites\/18\/2018\/06\/83d805430a76a62d95bd944b328ed4da.jpg","articleSection":["Noticias"],"inLanguage":"es-CL","potentialAction":[{"@type":"CommentAction","name":"Comment","target":["https:\/\/dev.explora.cl\/aysen\/gran-celebracion-de-la-semana-nacional-de-la-ciencia-y-la-tecnologia-en-region-de-aysen\/#respond"]}]},{"@type":"WebPage","@id":"https:\/\/dev.explora.cl\/aysen\/gran-celebracion-de-la-semana-nacional-de-la-ciencia-y-la-tecnologia-en-region-de-aysen\/","url":"https:\/\/dev.explora.cl\/aysen\/gran-celebracion-de-la-semana-nacional-de-la-ciencia-y-la-tecnologia-en-region-de-aysen\/","name":"Gran celebraci\u00f3n de la Semana Nacional de la Ciencia y la Tecnolog\u00eda en regi\u00f3n de Ays\u00e9n. - Aysen","isPartOf":{"@id":"https:\/\/dev.explora.cl\/aysen\/#website"},"primaryImageOfPage":{"@id":"https:\/\/dev.explora.cl\/aysen\/gran-celebracion-de-la-semana-nacional-de-la-ciencia-y-la-tecnologia-en-region-de-aysen\/#primaryimage"},"image":{"@id":"https:\/\/dev.explora.cl\/aysen\/gran-celebracion-de-la-semana-nacional-de-la-ciencia-y-la-tecnologia-en-region-de-aysen\/#primaryimage"},"thumbnailUrl":"https:\/\/dev.explora.cl\/aysen\/wp-content\/uploads\/sites\/18\/2018\/06\/83d805430a76a62d95bd944b328ed4da.jpg","datePublished":"2014-10-13T04:00:00+00:00","dateModified":"2019-05-20T21:22:06+00:00","author":{"@id":"https:\/\/dev.explora.cl\/aysen\/#\/schema\/person\/cb8349c13ea2d324080adf8480d7ba5d"},"breadcrumb":{"@id":"https:\/\/dev.explora.cl\/aysen\/gran-celebracion-de-la-semana-nacional-de-la-ciencia-y-la-tecnologia-en-region-de-aysen\/#breadcrumb"},"inLanguage":"es-CL","potentialAction":[{"@type":"ReadAction","target":["https:\/\/dev.explora.cl\/aysen\/gran-celebracion-de-la-semana-nacional-de-la-ciencia-y-la-tecnologia-en-region-de-aysen\/"]}]},{"@type":"ImageObject","inLanguage":"es-CL","@id":"https:\/\/dev.explora.cl\/aysen\/gran-celebracion-de-la-semana-nacional-de-la-ciencia-y-la-tecnologia-en-region-de-aysen\/#primaryimage","url":"https:\/\/dev.explora.cl\/aysen\/wp-content\/uploads\/sites\/18\/2018\/06\/83d805430a76a62d95bd944b328ed4da.jpg","contentUrl":"https:\/\/dev.explora.cl\/aysen\/wp-content\/uploads\/sites\/18\/2018\/06\/83d805430a76a62d95bd944b328ed4da.jpg","width":800,"height":533},{"@type":"BreadcrumbList","@id":"https:\/\/dev.explora.cl\/aysen\/gran-celebracion-de-la-semana-nacional-de-la-ciencia-y-la-tecnologia-en-region-de-aysen\/#breadcrumb","itemListElement":[{"@type":"ListItem","position":1,"name":"Portada","item":"https:\/\/dev.explora.cl\/aysen\/"},{"@type":"ListItem","position":2,"name":"Gran celebraci\u00f3n de la Semana Nacional de la Ciencia y la Tecnolog\u00eda en regi\u00f3n de Ays\u00e9n."}]},{"@type":"WebSite","@id":"https:\/\/dev.explora.cl\/aysen\/#website","url":"https:\/\/dev.explora.cl\/aysen\/","name":"Aysen","description":"Otro sitio m\u00e1s de dev.explora.cl","potentialAction":[{"@type":"SearchAction","target":{"@type":"EntryPoint","urlTemplate":"https:\/\/dev.explora.cl\/aysen\/?s={search_term_string}"},"query-input":{"@type":"PropertyValueSpecification","valueRequired":true,"valueName":"search_term_string"}}],"inLanguage":"es-CL"},{"@type":"Person","@id":"https:\/\/dev.explora.cl\/aysen\/#\/schema\/person\/cb8349c13ea2d324080adf8480d7ba5d","name":"webman","image":{"@type":"ImageObject","inLanguage":"es-CL","@id":"https:\/\/dev.explora.cl\/aysen\/#\/schema\/person\/image\/","url":"https:\/\/secure.gravatar.com\/avatar\/eeff3c82f2c02f7177d13663b7e6f890e9a6a0647ce9bb29cae02dcb094c7312?s=96&d=mm&r=g","contentUrl":"https:\/\/secure.gravatar.com\/avatar\/eeff3c82f2c02f7177d13663b7e6f890e9a6a0647ce9bb29cae02dcb094c7312?s=96&d=mm&r=g","caption":"webman"},"url":"https:\/\/dev.explora.cl\/aysen\/author\/webman\/"}]}},"_links":{"self":[{"href":"https:\/\/dev.explora.cl\/aysen\/wp-json\/wp\/v2\/posts\/136","targetHints":{"allow":["GET"]}}],"collection":[{"href":"https:\/\/dev.explora.cl\/aysen\/wp-json\/wp\/v2\/posts"}],"about":[{"href":"https:\/\/dev.explora.cl\/aysen\/wp-json\/wp\/v2\/types\/post"}],"author":[{"embeddable":true,"href":"https:\/\/dev.explora.cl\/aysen\/wp-json\/wp\/v2\/users\/2"}],"replies":[{"embeddable":true,"href":"https:\/\/dev.explora.cl\/aysen\/wp-json\/wp\/v2\/comments?post=136"}],"version-history":[{"count":1,"href":"https:\/\/dev.explora.cl\/aysen\/wp-json\/wp\/v2\/posts\/136\/revisions"}],"predecessor-version":[{"id":37347,"href":"https:\/\/dev.explora.cl\/aysen\/wp-json\/wp\/v2\/posts\/136\/revisions\/37347"}],"wp:featuredmedia":[{"embeddable":true,"href":"https:\/\/dev.explora.cl\/aysen\/wp-json\/wp\/v2\/media\/137"}],"wp:attachment":[{"href":"https:\/\/dev.explora.cl\/aysen\/wp-json\/wp\/v2\/media?parent=136"}],"wp:term":[{"taxonomy":"category","embeddable":true,"href":"https:\/\/dev.explora.cl\/aysen\/wp-json\/wp\/v2\/categories?post=136"},{"taxonomy":"post_tag","embeddable":true,"href":"https:\/\/dev.explora.cl\/aysen\/wp-json\/wp\/v2\/tags?post=136"}],"curies":[{"name":"wp","href":"https:\/\/api.w.org\/{rel}","templated":true}]}}