{"id":134,"date":"2014-10-09T00:00:00","date_gmt":"2014-10-09T04:00:00","guid":{"rendered":"https:\/\/dev.explora.cl\/aysen\/blog\/2014\/10\/09\/establecimientos-educacionales-de-la-region-de-aysen-participan-en-la-ciencia-sale-a-los-parques\/"},"modified":"2019-05-20T21:22:06","modified_gmt":"2019-05-20T21:22:06","slug":"establecimientos-educacionales-de-la-region-de-aysen-participan-en-la-ciencia-sale-a-los-parques","status":"publish","type":"post","link":"https:\/\/dev.explora.cl\/aysen\/establecimientos-educacionales-de-la-region-de-aysen-participan-en-la-ciencia-sale-a-los-parques\/","title":{"rendered":"Establecimientos educacionales de la Regi\u00f3n de Ays\u00e9n participan en \u201cLa ciencia sale a los Parques\u201d"},"content":{"rendered":"<p><img loading=\"lazy\" decoding=\"async\" class=\" size-full wp-image-6056\" src=\"http:\/\/ec2-34-218-253-251.us-west-2.compute.amazonaws.com\/wp-content\/uploads\/2014\/10\/814c5fa8cc246f42c53a91bddf076dee.jpg\" alt=\"\" width=\"960\" height=\"717\" \/><\/p>\n<p><span style=\"line-height: 1.3em\">El PAR EXPLORA Regi\u00f3n de Ays\u00e9n ejecutado por el Campus Patagonia de la Universidad Austral de Chile junto con el Centro de Investigaci\u00f3n en Ecosistemas de la Patagonia (CIEP) en el contexto de la XX Semana Nacional de la Ciencia y la Tecnolog\u00eda est\u00e1 llevando a cabo la iniciativa denominada \u201cLa Ciencia sale a los Parques\u201d, donde colabora CONAF.<\/span><\/p>\n<p>En esta actividad se realizan visitas guiadas a parques y reservas naturales con cursos de establecimientos educacionales de la regi\u00f3n de Ays\u00e9n. El objetivo de esta iniciativa es que los estudiantes puedan reconocer y valorar en terreno la biodiversidad caracter\u00edstica de la regi\u00f3n que habitan.<\/p>\n<p><span style=\"line-height: 1.3em\">Asistieron en esta jornada estudiantes del Escuela de Valle Simpson, la actividad fue realizada en la Reserva Nacional Coyhaique quienes presenciaron una charla educativa en torno al rol que desempe\u00f1a CONAF en la creaci\u00f3n y administraci\u00f3n de \u00e1reas silvestres protegidas. Basados en la informaci\u00f3n entregada en el video, los alumnos hicieron un circuito organizados en equipos alrededor de la Laguna Verde.<\/span><\/p>\n<p>Estuvo presente en esta iniciativa Forest\u00edn y se realizaron concursos donde los ganadores recibieron premios para finalmente compartir una colaci\u00f3n saludable para cerrar la actividad.<\/p>\n","protected":false},"excerpt":{"rendered":"<p>El PAR EXPLORA Regi\u00f3n de Ays\u00e9n ejecutado por el Campus Patagonia de la Universidad Austral de Chile junto con el Centro de Investigaci\u00f3n en Ecosistemas de la Patagonia (CIEP) en el contexto de la XX Semana Nacional de la Ciencia y la Tecnolog\u00eda est\u00e1 llevando a cabo la iniciativa denominada \u201cLa Ciencia sale a los [&hellip;]<\/p>\n","protected":false},"author":2,"featured_media":33786,"comment_status":"open","ping_status":"open","sticky":false,"template":"","format":"standard","meta":{"_acf_changed":false,"_exactmetrics_skip_tracking":false,"_exactmetrics_sitenote_active":false,"_exactmetrics_sitenote_note":"","_exactmetrics_sitenote_category":0,"footnotes":"","_links_to":"","_links_to_target":""},"categories":[4],"tags":[],"class_list":["post-134","post","type-post","status-publish","format-standard","has-post-thumbnail","hentry","category-noticias"],"acf":[],"yoast_head":"<!-- This site is optimized with the Yoast SEO plugin v26.7 - https:\/\/yoast.com\/wordpress\/plugins\/seo\/ -->\n<title>Establecimientos educacionales de la Regi\u00f3n de Ays\u00e9n participan en \u201cLa ciencia sale a los Parques\u201d - Aysen<\/title>\n<meta name=\"robots\" content=\"index, follow, max-snippet:-1, max-image-preview:large, max-video-preview:-1\" \/>\n<link rel=\"canonical\" href=\"https:\/\/dev.explora.cl\/aysen\/establecimientos-educacionales-de-la-region-de-aysen-participan-en-la-ciencia-sale-a-los-parques\/\" class=\"yoast-seo-meta-tag\" \/>\n<meta property=\"og:locale\" content=\"es_ES\" class=\"yoast-seo-meta-tag\" \/>\n<meta property=\"og:type\" content=\"article\" class=\"yoast-seo-meta-tag\" \/>\n<meta property=\"og:title\" content=\"Establecimientos educacionales de la Regi\u00f3n de Ays\u00e9n participan en \u201cLa ciencia sale a los Parques\u201d - Aysen\" class=\"yoast-seo-meta-tag\" \/>\n<meta property=\"og:description\" content=\"El PAR EXPLORA Regi\u00f3n de Ays\u00e9n ejecutado por el Campus Patagonia de la Universidad Austral de Chile junto con el Centro de Investigaci\u00f3n en Ecosistemas de la Patagonia (CIEP) en el contexto de la XX Semana Nacional de la Ciencia y la Tecnolog\u00eda est\u00e1 llevando a cabo la iniciativa denominada \u201cLa Ciencia sale a los [&hellip;]\" class=\"yoast-seo-meta-tag\" \/>\n<meta property=\"og:url\" content=\"https:\/\/dev.explora.cl\/aysen\/establecimientos-educacionales-de-la-region-de-aysen-participan-en-la-ciencia-sale-a-los-parques\/\" class=\"yoast-seo-meta-tag\" \/>\n<meta property=\"og:site_name\" content=\"Aysen\" class=\"yoast-seo-meta-tag\" \/>\n<meta property=\"article:published_time\" content=\"2014-10-09T04:00:00+00:00\" class=\"yoast-seo-meta-tag\" \/>\n<meta property=\"article:modified_time\" content=\"2019-05-20T21:22:06+00:00\" class=\"yoast-seo-meta-tag\" \/>\n<meta property=\"og:image\" content=\"https:\/\/dev.explora.cl\/aysen\/wp-content\/uploads\/sites\/18\/2018\/06\/814c5fa8cc246f42c53a91bddf076dee.jpg\" class=\"yoast-seo-meta-tag\" \/>\n\t<meta property=\"og:image:width\" content=\"960\" class=\"yoast-seo-meta-tag\" \/>\n\t<meta property=\"og:image:height\" content=\"717\" class=\"yoast-seo-meta-tag\" \/>\n\t<meta property=\"og:image:type\" content=\"image\/jpeg\" class=\"yoast-seo-meta-tag\" \/>\n<meta name=\"author\" content=\"webman\" class=\"yoast-seo-meta-tag\" \/>\n<meta name=\"twitter:card\" content=\"summary_large_image\" class=\"yoast-seo-meta-tag\" \/>\n<meta name=\"twitter:label1\" content=\"Escrito por\" class=\"yoast-seo-meta-tag\" \/>\n\t<meta name=\"twitter:data1\" content=\"webman\" class=\"yoast-seo-meta-tag\" \/>\n\t<meta name=\"twitter:label2\" content=\"Tiempo estimado de lectura\" class=\"yoast-seo-meta-tag\" \/>\n\t<meta name=\"twitter:data2\" content=\"1 minuto\" class=\"yoast-seo-meta-tag\" \/>\n<script type=\"application\/ld+json\" class=\"yoast-schema-graph\">{\"@context\":\"https:\/\/schema.org\",\"@graph\":[{\"@type\":\"Article\",\"@id\":\"https:\/\/dev.explora.cl\/aysen\/establecimientos-educacionales-de-la-region-de-aysen-participan-en-la-ciencia-sale-a-los-parques\/#article\",\"isPartOf\":{\"@id\":\"https:\/\/dev.explora.cl\/aysen\/establecimientos-educacionales-de-la-region-de-aysen-participan-en-la-ciencia-sale-a-los-parques\/\"},\"author\":{\"name\":\"webman\",\"@id\":\"https:\/\/dev.explora.cl\/aysen\/#\/schema\/person\/cb8349c13ea2d324080adf8480d7ba5d\"},\"headline\":\"Establecimientos educacionales de la Regi\u00f3n de Ays\u00e9n participan en \u201cLa ciencia sale a los Parques\u201d\",\"datePublished\":\"2014-10-09T04:00:00+00:00\",\"dateModified\":\"2019-05-20T21:22:06+00:00\",\"mainEntityOfPage\":{\"@id\":\"https:\/\/dev.explora.cl\/aysen\/establecimientos-educacionales-de-la-region-de-aysen-participan-en-la-ciencia-sale-a-los-parques\/\"},\"wordCount\":221,\"commentCount\":0,\"image\":{\"@id\":\"https:\/\/dev.explora.cl\/aysen\/establecimientos-educacionales-de-la-region-de-aysen-participan-en-la-ciencia-sale-a-los-parques\/#primaryimage\"},\"thumbnailUrl\":\"https:\/\/dev.explora.cl\/aysen\/wp-content\/uploads\/sites\/18\/2018\/06\/814c5fa8cc246f42c53a91bddf076dee.jpg\",\"articleSection\":[\"Noticias\"],\"inLanguage\":\"es-CL\",\"potentialAction\":[{\"@type\":\"CommentAction\",\"name\":\"Comment\",\"target\":[\"https:\/\/dev.explora.cl\/aysen\/establecimientos-educacionales-de-la-region-de-aysen-participan-en-la-ciencia-sale-a-los-parques\/#respond\"]}]},{\"@type\":\"WebPage\",\"@id\":\"https:\/\/dev.explora.cl\/aysen\/establecimientos-educacionales-de-la-region-de-aysen-participan-en-la-ciencia-sale-a-los-parques\/\",\"url\":\"https:\/\/dev.explora.cl\/aysen\/establecimientos-educacionales-de-la-region-de-aysen-participan-en-la-ciencia-sale-a-los-parques\/\",\"name\":\"Establecimientos educacionales de la Regi\u00f3n de Ays\u00e9n participan en \u201cLa ciencia sale a los Parques\u201d - Aysen\",\"isPartOf\":{\"@id\":\"https:\/\/dev.explora.cl\/aysen\/#website\"},\"primaryImageOfPage\":{\"@id\":\"https:\/\/dev.explora.cl\/aysen\/establecimientos-educacionales-de-la-region-de-aysen-participan-en-la-ciencia-sale-a-los-parques\/#primaryimage\"},\"image\":{\"@id\":\"https:\/\/dev.explora.cl\/aysen\/establecimientos-educacionales-de-la-region-de-aysen-participan-en-la-ciencia-sale-a-los-parques\/#primaryimage\"},\"thumbnailUrl\":\"https:\/\/dev.explora.cl\/aysen\/wp-content\/uploads\/sites\/18\/2018\/06\/814c5fa8cc246f42c53a91bddf076dee.jpg\",\"datePublished\":\"2014-10-09T04:00:00+00:00\",\"dateModified\":\"2019-05-20T21:22:06+00:00\",\"author\":{\"@id\":\"https:\/\/dev.explora.cl\/aysen\/#\/schema\/person\/cb8349c13ea2d324080adf8480d7ba5d\"},\"breadcrumb\":{\"@id\":\"https:\/\/dev.explora.cl\/aysen\/establecimientos-educacionales-de-la-region-de-aysen-participan-en-la-ciencia-sale-a-los-parques\/#breadcrumb\"},\"inLanguage\":\"es-CL\",\"potentialAction\":[{\"@type\":\"ReadAction\",\"target\":[\"https:\/\/dev.explora.cl\/aysen\/establecimientos-educacionales-de-la-region-de-aysen-participan-en-la-ciencia-sale-a-los-parques\/\"]}]},{\"@type\":\"ImageObject\",\"inLanguage\":\"es-CL\",\"@id\":\"https:\/\/dev.explora.cl\/aysen\/establecimientos-educacionales-de-la-region-de-aysen-participan-en-la-ciencia-sale-a-los-parques\/#primaryimage\",\"url\":\"https:\/\/dev.explora.cl\/aysen\/wp-content\/uploads\/sites\/18\/2018\/06\/814c5fa8cc246f42c53a91bddf076dee.jpg\",\"contentUrl\":\"https:\/\/dev.explora.cl\/aysen\/wp-content\/uploads\/sites\/18\/2018\/06\/814c5fa8cc246f42c53a91bddf076dee.jpg\",\"width\":960,\"height\":717},{\"@type\":\"BreadcrumbList\",\"@id\":\"https:\/\/dev.explora.cl\/aysen\/establecimientos-educacionales-de-la-region-de-aysen-participan-en-la-ciencia-sale-a-los-parques\/#breadcrumb\",\"itemListElement\":[{\"@type\":\"ListItem\",\"position\":1,\"name\":\"Portada\",\"item\":\"https:\/\/dev.explora.cl\/aysen\/\"},{\"@type\":\"ListItem\",\"position\":2,\"name\":\"Establecimientos educacionales de la Regi\u00f3n de Ays\u00e9n participan en \u201cLa ciencia sale a los Parques\u201d\"}]},{\"@type\":\"WebSite\",\"@id\":\"https:\/\/dev.explora.cl\/aysen\/#website\",\"url\":\"https:\/\/dev.explora.cl\/aysen\/\",\"name\":\"Aysen\",\"description\":\"Otro sitio m\u00e1s de dev.explora.cl\",\"potentialAction\":[{\"@type\":\"SearchAction\",\"target\":{\"@type\":\"EntryPoint\",\"urlTemplate\":\"https:\/\/dev.explora.cl\/aysen\/?s={search_term_string}\"},\"query-input\":{\"@type\":\"PropertyValueSpecification\",\"valueRequired\":true,\"valueName\":\"search_term_string\"}}],\"inLanguage\":\"es-CL\"},{\"@type\":\"Person\",\"@id\":\"https:\/\/dev.explora.cl\/aysen\/#\/schema\/person\/cb8349c13ea2d324080adf8480d7ba5d\",\"name\":\"webman\",\"image\":{\"@type\":\"ImageObject\",\"inLanguage\":\"es-CL\",\"@id\":\"https:\/\/dev.explora.cl\/aysen\/#\/schema\/person\/image\/\",\"url\":\"https:\/\/secure.gravatar.com\/avatar\/eeff3c82f2c02f7177d13663b7e6f890e9a6a0647ce9bb29cae02dcb094c7312?s=96&d=mm&r=g\",\"contentUrl\":\"https:\/\/secure.gravatar.com\/avatar\/eeff3c82f2c02f7177d13663b7e6f890e9a6a0647ce9bb29cae02dcb094c7312?s=96&d=mm&r=g\",\"caption\":\"webman\"},\"url\":\"https:\/\/dev.explora.cl\/aysen\/author\/webman\/\"}]}<\/script>\n<!-- \/ Yoast SEO plugin. -->","yoast_head_json":{"title":"Establecimientos educacionales de la Regi\u00f3n de Ays\u00e9n participan en \u201cLa ciencia sale a los Parques\u201d - Aysen","robots":{"index":"index","follow":"follow","max-snippet":"max-snippet:-1","max-image-preview":"max-image-preview:large","max-video-preview":"max-video-preview:-1"},"canonical":"https:\/\/dev.explora.cl\/aysen\/establecimientos-educacionales-de-la-region-de-aysen-participan-en-la-ciencia-sale-a-los-parques\/","og_locale":"es_ES","og_type":"article","og_title":"Establecimientos educacionales de la Regi\u00f3n de Ays\u00e9n participan en \u201cLa ciencia sale a los Parques\u201d - Aysen","og_description":"El PAR EXPLORA Regi\u00f3n de Ays\u00e9n ejecutado por el Campus Patagonia de la Universidad Austral de Chile junto con el Centro de Investigaci\u00f3n en Ecosistemas de la Patagonia (CIEP) en el contexto de la XX Semana Nacional de la Ciencia y la Tecnolog\u00eda est\u00e1 llevando a cabo la iniciativa denominada \u201cLa Ciencia sale a los [&hellip;]","og_url":"https:\/\/dev.explora.cl\/aysen\/establecimientos-educacionales-de-la-region-de-aysen-participan-en-la-ciencia-sale-a-los-parques\/","og_site_name":"Aysen","article_published_time":"2014-10-09T04:00:00+00:00","article_modified_time":"2019-05-20T21:22:06+00:00","og_image":[{"width":960,"height":717,"url":"https:\/\/dev.explora.cl\/aysen\/wp-content\/uploads\/sites\/18\/2018\/06\/814c5fa8cc246f42c53a91bddf076dee.jpg","type":"image\/jpeg"}],"author":"webman","twitter_card":"summary_large_image","twitter_misc":{"Escrito por":"webman","Tiempo estimado de lectura":"1 minuto"},"schema":{"@context":"https:\/\/schema.org","@graph":[{"@type":"Article","@id":"https:\/\/dev.explora.cl\/aysen\/establecimientos-educacionales-de-la-region-de-aysen-participan-en-la-ciencia-sale-a-los-parques\/#article","isPartOf":{"@id":"https:\/\/dev.explora.cl\/aysen\/establecimientos-educacionales-de-la-region-de-aysen-participan-en-la-ciencia-sale-a-los-parques\/"},"author":{"name":"webman","@id":"https:\/\/dev.explora.cl\/aysen\/#\/schema\/person\/cb8349c13ea2d324080adf8480d7ba5d"},"headline":"Establecimientos educacionales de la Regi\u00f3n de Ays\u00e9n participan en \u201cLa ciencia sale a los Parques\u201d","datePublished":"2014-10-09T04:00:00+00:00","dateModified":"2019-05-20T21:22:06+00:00","mainEntityOfPage":{"@id":"https:\/\/dev.explora.cl\/aysen\/establecimientos-educacionales-de-la-region-de-aysen-participan-en-la-ciencia-sale-a-los-parques\/"},"wordCount":221,"commentCount":0,"image":{"@id":"https:\/\/dev.explora.cl\/aysen\/establecimientos-educacionales-de-la-region-de-aysen-participan-en-la-ciencia-sale-a-los-parques\/#primaryimage"},"thumbnailUrl":"https:\/\/dev.explora.cl\/aysen\/wp-content\/uploads\/sites\/18\/2018\/06\/814c5fa8cc246f42c53a91bddf076dee.jpg","articleSection":["Noticias"],"inLanguage":"es-CL","potentialAction":[{"@type":"CommentAction","name":"Comment","target":["https:\/\/dev.explora.cl\/aysen\/establecimientos-educacionales-de-la-region-de-aysen-participan-en-la-ciencia-sale-a-los-parques\/#respond"]}]},{"@type":"WebPage","@id":"https:\/\/dev.explora.cl\/aysen\/establecimientos-educacionales-de-la-region-de-aysen-participan-en-la-ciencia-sale-a-los-parques\/","url":"https:\/\/dev.explora.cl\/aysen\/establecimientos-educacionales-de-la-region-de-aysen-participan-en-la-ciencia-sale-a-los-parques\/","name":"Establecimientos educacionales de la Regi\u00f3n de Ays\u00e9n participan en \u201cLa ciencia sale a los Parques\u201d - Aysen","isPartOf":{"@id":"https:\/\/dev.explora.cl\/aysen\/#website"},"primaryImageOfPage":{"@id":"https:\/\/dev.explora.cl\/aysen\/establecimientos-educacionales-de-la-region-de-aysen-participan-en-la-ciencia-sale-a-los-parques\/#primaryimage"},"image":{"@id":"https:\/\/dev.explora.cl\/aysen\/establecimientos-educacionales-de-la-region-de-aysen-participan-en-la-ciencia-sale-a-los-parques\/#primaryimage"},"thumbnailUrl":"https:\/\/dev.explora.cl\/aysen\/wp-content\/uploads\/sites\/18\/2018\/06\/814c5fa8cc246f42c53a91bddf076dee.jpg","datePublished":"2014-10-09T04:00:00+00:00","dateModified":"2019-05-20T21:22:06+00:00","author":{"@id":"https:\/\/dev.explora.cl\/aysen\/#\/schema\/person\/cb8349c13ea2d324080adf8480d7ba5d"},"breadcrumb":{"@id":"https:\/\/dev.explora.cl\/aysen\/establecimientos-educacionales-de-la-region-de-aysen-participan-en-la-ciencia-sale-a-los-parques\/#breadcrumb"},"inLanguage":"es-CL","potentialAction":[{"@type":"ReadAction","target":["https:\/\/dev.explora.cl\/aysen\/establecimientos-educacionales-de-la-region-de-aysen-participan-en-la-ciencia-sale-a-los-parques\/"]}]},{"@type":"ImageObject","inLanguage":"es-CL","@id":"https:\/\/dev.explora.cl\/aysen\/establecimientos-educacionales-de-la-region-de-aysen-participan-en-la-ciencia-sale-a-los-parques\/#primaryimage","url":"https:\/\/dev.explora.cl\/aysen\/wp-content\/uploads\/sites\/18\/2018\/06\/814c5fa8cc246f42c53a91bddf076dee.jpg","contentUrl":"https:\/\/dev.explora.cl\/aysen\/wp-content\/uploads\/sites\/18\/2018\/06\/814c5fa8cc246f42c53a91bddf076dee.jpg","width":960,"height":717},{"@type":"BreadcrumbList","@id":"https:\/\/dev.explora.cl\/aysen\/establecimientos-educacionales-de-la-region-de-aysen-participan-en-la-ciencia-sale-a-los-parques\/#breadcrumb","itemListElement":[{"@type":"ListItem","position":1,"name":"Portada","item":"https:\/\/dev.explora.cl\/aysen\/"},{"@type":"ListItem","position":2,"name":"Establecimientos educacionales de la Regi\u00f3n de Ays\u00e9n participan en \u201cLa ciencia sale a los Parques\u201d"}]},{"@type":"WebSite","@id":"https:\/\/dev.explora.cl\/aysen\/#website","url":"https:\/\/dev.explora.cl\/aysen\/","name":"Aysen","description":"Otro sitio m\u00e1s de dev.explora.cl","potentialAction":[{"@type":"SearchAction","target":{"@type":"EntryPoint","urlTemplate":"https:\/\/dev.explora.cl\/aysen\/?s={search_term_string}"},"query-input":{"@type":"PropertyValueSpecification","valueRequired":true,"valueName":"search_term_string"}}],"inLanguage":"es-CL"},{"@type":"Person","@id":"https:\/\/dev.explora.cl\/aysen\/#\/schema\/person\/cb8349c13ea2d324080adf8480d7ba5d","name":"webman","image":{"@type":"ImageObject","inLanguage":"es-CL","@id":"https:\/\/dev.explora.cl\/aysen\/#\/schema\/person\/image\/","url":"https:\/\/secure.gravatar.com\/avatar\/eeff3c82f2c02f7177d13663b7e6f890e9a6a0647ce9bb29cae02dcb094c7312?s=96&d=mm&r=g","contentUrl":"https:\/\/secure.gravatar.com\/avatar\/eeff3c82f2c02f7177d13663b7e6f890e9a6a0647ce9bb29cae02dcb094c7312?s=96&d=mm&r=g","caption":"webman"},"url":"https:\/\/dev.explora.cl\/aysen\/author\/webman\/"}]}},"_links":{"self":[{"href":"https:\/\/dev.explora.cl\/aysen\/wp-json\/wp\/v2\/posts\/134","targetHints":{"allow":["GET"]}}],"collection":[{"href":"https:\/\/dev.explora.cl\/aysen\/wp-json\/wp\/v2\/posts"}],"about":[{"href":"https:\/\/dev.explora.cl\/aysen\/wp-json\/wp\/v2\/types\/post"}],"author":[{"embeddable":true,"href":"https:\/\/dev.explora.cl\/aysen\/wp-json\/wp\/v2\/users\/2"}],"replies":[{"embeddable":true,"href":"https:\/\/dev.explora.cl\/aysen\/wp-json\/wp\/v2\/comments?post=134"}],"version-history":[{"count":1,"href":"https:\/\/dev.explora.cl\/aysen\/wp-json\/wp\/v2\/posts\/134\/revisions"}],"predecessor-version":[{"id":37348,"href":"https:\/\/dev.explora.cl\/aysen\/wp-json\/wp\/v2\/posts\/134\/revisions\/37348"}],"wp:featuredmedia":[{"embeddable":true,"href":"https:\/\/dev.explora.cl\/aysen\/wp-json\/wp\/v2\/media\/33786"}],"wp:attachment":[{"href":"https:\/\/dev.explora.cl\/aysen\/wp-json\/wp\/v2\/media?parent=134"}],"wp:term":[{"taxonomy":"category","embeddable":true,"href":"https:\/\/dev.explora.cl\/aysen\/wp-json\/wp\/v2\/categories?post=134"},{"taxonomy":"post_tag","embeddable":true,"href":"https:\/\/dev.explora.cl\/aysen\/wp-json\/wp\/v2\/tags?post=134"}],"curies":[{"name":"wp","href":"https:\/\/api.w.org\/{rel}","templated":true}]}}