{"id":130,"date":"2014-10-08T00:00:00","date_gmt":"2014-10-08T04:00:00","guid":{"rendered":"https:\/\/dev.explora.cl\/aysen\/blog\/2014\/10\/08\/laboratorios-abiertos-para-establecimientos-educacionales-de-la-region-de-aysen\/"},"modified":"2019-05-20T21:22:07","modified_gmt":"2019-05-20T21:22:07","slug":"laboratorios-abiertos-para-establecimientos-educacionales-de-la-region-de-aysen","status":"publish","type":"post","link":"https:\/\/dev.explora.cl\/aysen\/laboratorios-abiertos-para-establecimientos-educacionales-de-la-region-de-aysen\/","title":{"rendered":"Laboratorios Abiertos para establecimientos educacionales de la Regi\u00f3n de Ays\u00e9n"},"content":{"rendered":"<p><img loading=\"lazy\" decoding=\"async\" class=\" size-full wp-image-5998\" src=\"http:\/\/ec2-34-218-253-251.us-west-2.compute.amazonaws.com\/wp-content\/uploads\/2014\/10\/9805c3e04d4b70b00e160df77a41ae5b.jpg\" alt=\"\" width=\"800\" height=\"533\" \/><\/p>\n<p>El PAR EXPLORA Regi\u00f3n de Ays\u00e9n ejecutado por el Campus Patagonia de la Universidad Austral de Chile junto con el Centro de Estudios en Ecosistemas de la Patagonia realizan esta actividad enmarcada en la XX Semana Nacional de la Ciencia y la Tecnolog\u00eda donde se invita a delegaciones de colegios a conocer los laboratorios del CIEP y de la UACh en Coyhaique.<\/p>\n<p>La idea de esta actividad es generar un espacio donde los estudiantes puede conocer la utilidad que estas instituciones dan a sus laboratorios junto con conocer a los profesionales encargados de realizar docencia y desarrollar investigaci\u00f3n.<\/p>\n<p>Esta actividad se inici\u00f3 con la visita del tercero medio del Liceo Juan Pablo Segundo al Laboratorio de Qu\u00edmica del Campus Patagonia de la Universidad Austral de Chile donde estuvieron presentes la Dra. en Bioqu\u00edmica Ximena Valenzuela junto bioqu\u00edmico encargado del laboratorio Rodrigo Moldenhauer quienes realizaron una actividad donde se utilizaba la t\u00e9cnica de an\u00e1lisis denominada titulaci\u00f3n.<\/p>\n<p>Se llev\u00f3 a cabo una experiencia similar en los laboratorios del CIEP donde asistieron estudiantes del Colegio Bautista El Shaddai.<\/p>\n<p>Esta actividad se realizar\u00e1 tambi\u00e9n con otros establecimientos educacionales interesado en la iniciativa: Colegios Diego Portales, Colegio Matter Dei y Colegio Antoine de Saint Exupery.\u00a0<\/p>\n","protected":false},"excerpt":{"rendered":"<p>El PAR EXPLORA Regi\u00f3n de Ays\u00e9n ejecutado por el Campus Patagonia de la Universidad Austral de Chile junto con el Centro de Estudios en Ecosistemas de la Patagonia realizan esta actividad enmarcada en la XX Semana Nacional de la Ciencia y la Tecnolog\u00eda donde se invita a delegaciones de colegios a conocer los laboratorios del [&hellip;]<\/p>\n","protected":false},"author":2,"featured_media":131,"comment_status":"open","ping_status":"open","sticky":false,"template":"","format":"standard","meta":{"_acf_changed":false,"_exactmetrics_skip_tracking":false,"_exactmetrics_sitenote_active":false,"_exactmetrics_sitenote_note":"","_exactmetrics_sitenote_category":0,"footnotes":"","_links_to":"","_links_to_target":""},"categories":[4],"tags":[],"class_list":["post-130","post","type-post","status-publish","format-standard","has-post-thumbnail","hentry","category-noticias"],"acf":[],"yoast_head":"<!-- This site is optimized with the Yoast SEO plugin v26.7 - https:\/\/yoast.com\/wordpress\/plugins\/seo\/ -->\n<title>Laboratorios Abiertos para establecimientos educacionales de la Regi\u00f3n de Ays\u00e9n - Aysen<\/title>\n<meta name=\"robots\" content=\"index, follow, max-snippet:-1, max-image-preview:large, max-video-preview:-1\" \/>\n<link rel=\"canonical\" href=\"https:\/\/dev.explora.cl\/aysen\/laboratorios-abiertos-para-establecimientos-educacionales-de-la-region-de-aysen\/\" class=\"yoast-seo-meta-tag\" \/>\n<meta property=\"og:locale\" content=\"es_ES\" class=\"yoast-seo-meta-tag\" \/>\n<meta property=\"og:type\" content=\"article\" class=\"yoast-seo-meta-tag\" \/>\n<meta property=\"og:title\" content=\"Laboratorios Abiertos para establecimientos educacionales de la Regi\u00f3n de Ays\u00e9n - Aysen\" class=\"yoast-seo-meta-tag\" \/>\n<meta property=\"og:description\" content=\"El PAR EXPLORA Regi\u00f3n de Ays\u00e9n ejecutado por el Campus Patagonia de la Universidad Austral de Chile junto con el Centro de Estudios en Ecosistemas de la Patagonia realizan esta actividad enmarcada en la XX Semana Nacional de la Ciencia y la Tecnolog\u00eda donde se invita a delegaciones de colegios a conocer los laboratorios del [&hellip;]\" class=\"yoast-seo-meta-tag\" \/>\n<meta property=\"og:url\" content=\"https:\/\/dev.explora.cl\/aysen\/laboratorios-abiertos-para-establecimientos-educacionales-de-la-region-de-aysen\/\" class=\"yoast-seo-meta-tag\" \/>\n<meta property=\"og:site_name\" content=\"Aysen\" class=\"yoast-seo-meta-tag\" \/>\n<meta property=\"article:published_time\" content=\"2014-10-08T04:00:00+00:00\" class=\"yoast-seo-meta-tag\" \/>\n<meta property=\"article:modified_time\" content=\"2019-05-20T21:22:07+00:00\" class=\"yoast-seo-meta-tag\" \/>\n<meta property=\"og:image\" content=\"https:\/\/dev.explora.cl\/aysen\/wp-content\/uploads\/sites\/18\/2018\/06\/9805c3e04d4b70b00e160df77a41ae5b.jpg\" class=\"yoast-seo-meta-tag\" \/>\n\t<meta property=\"og:image:width\" content=\"800\" class=\"yoast-seo-meta-tag\" \/>\n\t<meta property=\"og:image:height\" content=\"533\" class=\"yoast-seo-meta-tag\" \/>\n\t<meta property=\"og:image:type\" content=\"image\/jpeg\" class=\"yoast-seo-meta-tag\" \/>\n<meta name=\"author\" content=\"webman\" class=\"yoast-seo-meta-tag\" \/>\n<meta name=\"twitter:card\" content=\"summary_large_image\" class=\"yoast-seo-meta-tag\" \/>\n<meta name=\"twitter:label1\" content=\"Escrito por\" class=\"yoast-seo-meta-tag\" \/>\n\t<meta name=\"twitter:data1\" content=\"webman\" class=\"yoast-seo-meta-tag\" \/>\n\t<meta name=\"twitter:label2\" content=\"Tiempo estimado de lectura\" class=\"yoast-seo-meta-tag\" \/>\n\t<meta name=\"twitter:data2\" content=\"1 minuto\" class=\"yoast-seo-meta-tag\" \/>\n<script type=\"application\/ld+json\" class=\"yoast-schema-graph\">{\"@context\":\"https:\/\/schema.org\",\"@graph\":[{\"@type\":\"Article\",\"@id\":\"https:\/\/dev.explora.cl\/aysen\/laboratorios-abiertos-para-establecimientos-educacionales-de-la-region-de-aysen\/#article\",\"isPartOf\":{\"@id\":\"https:\/\/dev.explora.cl\/aysen\/laboratorios-abiertos-para-establecimientos-educacionales-de-la-region-de-aysen\/\"},\"author\":{\"name\":\"webman\",\"@id\":\"https:\/\/dev.explora.cl\/aysen\/#\/schema\/person\/cb8349c13ea2d324080adf8480d7ba5d\"},\"headline\":\"Laboratorios Abiertos para establecimientos educacionales de la Regi\u00f3n de Ays\u00e9n\",\"datePublished\":\"2014-10-08T04:00:00+00:00\",\"dateModified\":\"2019-05-20T21:22:07+00:00\",\"mainEntityOfPage\":{\"@id\":\"https:\/\/dev.explora.cl\/aysen\/laboratorios-abiertos-para-establecimientos-educacionales-de-la-region-de-aysen\/\"},\"wordCount\":223,\"commentCount\":0,\"image\":{\"@id\":\"https:\/\/dev.explora.cl\/aysen\/laboratorios-abiertos-para-establecimientos-educacionales-de-la-region-de-aysen\/#primaryimage\"},\"thumbnailUrl\":\"https:\/\/dev.explora.cl\/aysen\/wp-content\/uploads\/sites\/18\/2018\/06\/9805c3e04d4b70b00e160df77a41ae5b.jpg\",\"articleSection\":[\"Noticias\"],\"inLanguage\":\"es-CL\",\"potentialAction\":[{\"@type\":\"CommentAction\",\"name\":\"Comment\",\"target\":[\"https:\/\/dev.explora.cl\/aysen\/laboratorios-abiertos-para-establecimientos-educacionales-de-la-region-de-aysen\/#respond\"]}]},{\"@type\":\"WebPage\",\"@id\":\"https:\/\/dev.explora.cl\/aysen\/laboratorios-abiertos-para-establecimientos-educacionales-de-la-region-de-aysen\/\",\"url\":\"https:\/\/dev.explora.cl\/aysen\/laboratorios-abiertos-para-establecimientos-educacionales-de-la-region-de-aysen\/\",\"name\":\"Laboratorios Abiertos para establecimientos educacionales de la Regi\u00f3n de Ays\u00e9n - Aysen\",\"isPartOf\":{\"@id\":\"https:\/\/dev.explora.cl\/aysen\/#website\"},\"primaryImageOfPage\":{\"@id\":\"https:\/\/dev.explora.cl\/aysen\/laboratorios-abiertos-para-establecimientos-educacionales-de-la-region-de-aysen\/#primaryimage\"},\"image\":{\"@id\":\"https:\/\/dev.explora.cl\/aysen\/laboratorios-abiertos-para-establecimientos-educacionales-de-la-region-de-aysen\/#primaryimage\"},\"thumbnailUrl\":\"https:\/\/dev.explora.cl\/aysen\/wp-content\/uploads\/sites\/18\/2018\/06\/9805c3e04d4b70b00e160df77a41ae5b.jpg\",\"datePublished\":\"2014-10-08T04:00:00+00:00\",\"dateModified\":\"2019-05-20T21:22:07+00:00\",\"author\":{\"@id\":\"https:\/\/dev.explora.cl\/aysen\/#\/schema\/person\/cb8349c13ea2d324080adf8480d7ba5d\"},\"breadcrumb\":{\"@id\":\"https:\/\/dev.explora.cl\/aysen\/laboratorios-abiertos-para-establecimientos-educacionales-de-la-region-de-aysen\/#breadcrumb\"},\"inLanguage\":\"es-CL\",\"potentialAction\":[{\"@type\":\"ReadAction\",\"target\":[\"https:\/\/dev.explora.cl\/aysen\/laboratorios-abiertos-para-establecimientos-educacionales-de-la-region-de-aysen\/\"]}]},{\"@type\":\"ImageObject\",\"inLanguage\":\"es-CL\",\"@id\":\"https:\/\/dev.explora.cl\/aysen\/laboratorios-abiertos-para-establecimientos-educacionales-de-la-region-de-aysen\/#primaryimage\",\"url\":\"https:\/\/dev.explora.cl\/aysen\/wp-content\/uploads\/sites\/18\/2018\/06\/9805c3e04d4b70b00e160df77a41ae5b.jpg\",\"contentUrl\":\"https:\/\/dev.explora.cl\/aysen\/wp-content\/uploads\/sites\/18\/2018\/06\/9805c3e04d4b70b00e160df77a41ae5b.jpg\",\"width\":800,\"height\":533},{\"@type\":\"BreadcrumbList\",\"@id\":\"https:\/\/dev.explora.cl\/aysen\/laboratorios-abiertos-para-establecimientos-educacionales-de-la-region-de-aysen\/#breadcrumb\",\"itemListElement\":[{\"@type\":\"ListItem\",\"position\":1,\"name\":\"Portada\",\"item\":\"https:\/\/dev.explora.cl\/aysen\/\"},{\"@type\":\"ListItem\",\"position\":2,\"name\":\"Laboratorios Abiertos para establecimientos educacionales de la Regi\u00f3n de Ays\u00e9n\"}]},{\"@type\":\"WebSite\",\"@id\":\"https:\/\/dev.explora.cl\/aysen\/#website\",\"url\":\"https:\/\/dev.explora.cl\/aysen\/\",\"name\":\"Aysen\",\"description\":\"Otro sitio m\u00e1s de dev.explora.cl\",\"potentialAction\":[{\"@type\":\"SearchAction\",\"target\":{\"@type\":\"EntryPoint\",\"urlTemplate\":\"https:\/\/dev.explora.cl\/aysen\/?s={search_term_string}\"},\"query-input\":{\"@type\":\"PropertyValueSpecification\",\"valueRequired\":true,\"valueName\":\"search_term_string\"}}],\"inLanguage\":\"es-CL\"},{\"@type\":\"Person\",\"@id\":\"https:\/\/dev.explora.cl\/aysen\/#\/schema\/person\/cb8349c13ea2d324080adf8480d7ba5d\",\"name\":\"webman\",\"image\":{\"@type\":\"ImageObject\",\"inLanguage\":\"es-CL\",\"@id\":\"https:\/\/dev.explora.cl\/aysen\/#\/schema\/person\/image\/\",\"url\":\"https:\/\/secure.gravatar.com\/avatar\/eeff3c82f2c02f7177d13663b7e6f890e9a6a0647ce9bb29cae02dcb094c7312?s=96&d=mm&r=g\",\"contentUrl\":\"https:\/\/secure.gravatar.com\/avatar\/eeff3c82f2c02f7177d13663b7e6f890e9a6a0647ce9bb29cae02dcb094c7312?s=96&d=mm&r=g\",\"caption\":\"webman\"},\"url\":\"https:\/\/dev.explora.cl\/aysen\/author\/webman\/\"}]}<\/script>\n<!-- \/ Yoast SEO plugin. -->","yoast_head_json":{"title":"Laboratorios Abiertos para establecimientos educacionales de la Regi\u00f3n de Ays\u00e9n - Aysen","robots":{"index":"index","follow":"follow","max-snippet":"max-snippet:-1","max-image-preview":"max-image-preview:large","max-video-preview":"max-video-preview:-1"},"canonical":"https:\/\/dev.explora.cl\/aysen\/laboratorios-abiertos-para-establecimientos-educacionales-de-la-region-de-aysen\/","og_locale":"es_ES","og_type":"article","og_title":"Laboratorios Abiertos para establecimientos educacionales de la Regi\u00f3n de Ays\u00e9n - Aysen","og_description":"El PAR EXPLORA Regi\u00f3n de Ays\u00e9n ejecutado por el Campus Patagonia de la Universidad Austral de Chile junto con el Centro de Estudios en Ecosistemas de la Patagonia realizan esta actividad enmarcada en la XX Semana Nacional de la Ciencia y la Tecnolog\u00eda donde se invita a delegaciones de colegios a conocer los laboratorios del [&hellip;]","og_url":"https:\/\/dev.explora.cl\/aysen\/laboratorios-abiertos-para-establecimientos-educacionales-de-la-region-de-aysen\/","og_site_name":"Aysen","article_published_time":"2014-10-08T04:00:00+00:00","article_modified_time":"2019-05-20T21:22:07+00:00","og_image":[{"width":800,"height":533,"url":"https:\/\/dev.explora.cl\/aysen\/wp-content\/uploads\/sites\/18\/2018\/06\/9805c3e04d4b70b00e160df77a41ae5b.jpg","type":"image\/jpeg"}],"author":"webman","twitter_card":"summary_large_image","twitter_misc":{"Escrito por":"webman","Tiempo estimado de lectura":"1 minuto"},"schema":{"@context":"https:\/\/schema.org","@graph":[{"@type":"Article","@id":"https:\/\/dev.explora.cl\/aysen\/laboratorios-abiertos-para-establecimientos-educacionales-de-la-region-de-aysen\/#article","isPartOf":{"@id":"https:\/\/dev.explora.cl\/aysen\/laboratorios-abiertos-para-establecimientos-educacionales-de-la-region-de-aysen\/"},"author":{"name":"webman","@id":"https:\/\/dev.explora.cl\/aysen\/#\/schema\/person\/cb8349c13ea2d324080adf8480d7ba5d"},"headline":"Laboratorios Abiertos para establecimientos educacionales de la Regi\u00f3n de Ays\u00e9n","datePublished":"2014-10-08T04:00:00+00:00","dateModified":"2019-05-20T21:22:07+00:00","mainEntityOfPage":{"@id":"https:\/\/dev.explora.cl\/aysen\/laboratorios-abiertos-para-establecimientos-educacionales-de-la-region-de-aysen\/"},"wordCount":223,"commentCount":0,"image":{"@id":"https:\/\/dev.explora.cl\/aysen\/laboratorios-abiertos-para-establecimientos-educacionales-de-la-region-de-aysen\/#primaryimage"},"thumbnailUrl":"https:\/\/dev.explora.cl\/aysen\/wp-content\/uploads\/sites\/18\/2018\/06\/9805c3e04d4b70b00e160df77a41ae5b.jpg","articleSection":["Noticias"],"inLanguage":"es-CL","potentialAction":[{"@type":"CommentAction","name":"Comment","target":["https:\/\/dev.explora.cl\/aysen\/laboratorios-abiertos-para-establecimientos-educacionales-de-la-region-de-aysen\/#respond"]}]},{"@type":"WebPage","@id":"https:\/\/dev.explora.cl\/aysen\/laboratorios-abiertos-para-establecimientos-educacionales-de-la-region-de-aysen\/","url":"https:\/\/dev.explora.cl\/aysen\/laboratorios-abiertos-para-establecimientos-educacionales-de-la-region-de-aysen\/","name":"Laboratorios Abiertos para establecimientos educacionales de la Regi\u00f3n de Ays\u00e9n - Aysen","isPartOf":{"@id":"https:\/\/dev.explora.cl\/aysen\/#website"},"primaryImageOfPage":{"@id":"https:\/\/dev.explora.cl\/aysen\/laboratorios-abiertos-para-establecimientos-educacionales-de-la-region-de-aysen\/#primaryimage"},"image":{"@id":"https:\/\/dev.explora.cl\/aysen\/laboratorios-abiertos-para-establecimientos-educacionales-de-la-region-de-aysen\/#primaryimage"},"thumbnailUrl":"https:\/\/dev.explora.cl\/aysen\/wp-content\/uploads\/sites\/18\/2018\/06\/9805c3e04d4b70b00e160df77a41ae5b.jpg","datePublished":"2014-10-08T04:00:00+00:00","dateModified":"2019-05-20T21:22:07+00:00","author":{"@id":"https:\/\/dev.explora.cl\/aysen\/#\/schema\/person\/cb8349c13ea2d324080adf8480d7ba5d"},"breadcrumb":{"@id":"https:\/\/dev.explora.cl\/aysen\/laboratorios-abiertos-para-establecimientos-educacionales-de-la-region-de-aysen\/#breadcrumb"},"inLanguage":"es-CL","potentialAction":[{"@type":"ReadAction","target":["https:\/\/dev.explora.cl\/aysen\/laboratorios-abiertos-para-establecimientos-educacionales-de-la-region-de-aysen\/"]}]},{"@type":"ImageObject","inLanguage":"es-CL","@id":"https:\/\/dev.explora.cl\/aysen\/laboratorios-abiertos-para-establecimientos-educacionales-de-la-region-de-aysen\/#primaryimage","url":"https:\/\/dev.explora.cl\/aysen\/wp-content\/uploads\/sites\/18\/2018\/06\/9805c3e04d4b70b00e160df77a41ae5b.jpg","contentUrl":"https:\/\/dev.explora.cl\/aysen\/wp-content\/uploads\/sites\/18\/2018\/06\/9805c3e04d4b70b00e160df77a41ae5b.jpg","width":800,"height":533},{"@type":"BreadcrumbList","@id":"https:\/\/dev.explora.cl\/aysen\/laboratorios-abiertos-para-establecimientos-educacionales-de-la-region-de-aysen\/#breadcrumb","itemListElement":[{"@type":"ListItem","position":1,"name":"Portada","item":"https:\/\/dev.explora.cl\/aysen\/"},{"@type":"ListItem","position":2,"name":"Laboratorios Abiertos para establecimientos educacionales de la Regi\u00f3n de Ays\u00e9n"}]},{"@type":"WebSite","@id":"https:\/\/dev.explora.cl\/aysen\/#website","url":"https:\/\/dev.explora.cl\/aysen\/","name":"Aysen","description":"Otro sitio m\u00e1s de dev.explora.cl","potentialAction":[{"@type":"SearchAction","target":{"@type":"EntryPoint","urlTemplate":"https:\/\/dev.explora.cl\/aysen\/?s={search_term_string}"},"query-input":{"@type":"PropertyValueSpecification","valueRequired":true,"valueName":"search_term_string"}}],"inLanguage":"es-CL"},{"@type":"Person","@id":"https:\/\/dev.explora.cl\/aysen\/#\/schema\/person\/cb8349c13ea2d324080adf8480d7ba5d","name":"webman","image":{"@type":"ImageObject","inLanguage":"es-CL","@id":"https:\/\/dev.explora.cl\/aysen\/#\/schema\/person\/image\/","url":"https:\/\/secure.gravatar.com\/avatar\/eeff3c82f2c02f7177d13663b7e6f890e9a6a0647ce9bb29cae02dcb094c7312?s=96&d=mm&r=g","contentUrl":"https:\/\/secure.gravatar.com\/avatar\/eeff3c82f2c02f7177d13663b7e6f890e9a6a0647ce9bb29cae02dcb094c7312?s=96&d=mm&r=g","caption":"webman"},"url":"https:\/\/dev.explora.cl\/aysen\/author\/webman\/"}]}},"_links":{"self":[{"href":"https:\/\/dev.explora.cl\/aysen\/wp-json\/wp\/v2\/posts\/130","targetHints":{"allow":["GET"]}}],"collection":[{"href":"https:\/\/dev.explora.cl\/aysen\/wp-json\/wp\/v2\/posts"}],"about":[{"href":"https:\/\/dev.explora.cl\/aysen\/wp-json\/wp\/v2\/types\/post"}],"author":[{"embeddable":true,"href":"https:\/\/dev.explora.cl\/aysen\/wp-json\/wp\/v2\/users\/2"}],"replies":[{"embeddable":true,"href":"https:\/\/dev.explora.cl\/aysen\/wp-json\/wp\/v2\/comments?post=130"}],"version-history":[{"count":1,"href":"https:\/\/dev.explora.cl\/aysen\/wp-json\/wp\/v2\/posts\/130\/revisions"}],"predecessor-version":[{"id":37350,"href":"https:\/\/dev.explora.cl\/aysen\/wp-json\/wp\/v2\/posts\/130\/revisions\/37350"}],"wp:featuredmedia":[{"embeddable":true,"href":"https:\/\/dev.explora.cl\/aysen\/wp-json\/wp\/v2\/media\/131"}],"wp:attachment":[{"href":"https:\/\/dev.explora.cl\/aysen\/wp-json\/wp\/v2\/media?parent=130"}],"wp:term":[{"taxonomy":"category","embeddable":true,"href":"https:\/\/dev.explora.cl\/aysen\/wp-json\/wp\/v2\/categories?post=130"},{"taxonomy":"post_tag","embeddable":true,"href":"https:\/\/dev.explora.cl\/aysen\/wp-json\/wp\/v2\/tags?post=130"}],"curies":[{"name":"wp","href":"https:\/\/api.w.org\/{rel}","templated":true}]}}