{"id":128,"date":"2014-10-07T00:00:00","date_gmt":"2014-10-07T04:00:00","guid":{"rendered":"https:\/\/dev.explora.cl\/aysen\/blog\/2014\/10\/07\/ya-comenzo-a-celebrarse-el-dia-de-la-ciencia-en-mi-colegio-en-la-region-de-aysen\/"},"modified":"2019-05-20T21:22:08","modified_gmt":"2019-05-20T21:22:08","slug":"ya-comenzo-a-celebrarse-el-dia-de-la-ciencia-en-mi-colegio-en-la-region-de-aysen","status":"publish","type":"post","link":"https:\/\/dev.explora.cl\/aysen\/ya-comenzo-a-celebrarse-el-dia-de-la-ciencia-en-mi-colegio-en-la-region-de-aysen\/","title":{"rendered":"Ya comenz\u00f3 a celebrarse el &quot;D\u00eda de la Ciencia en mi Colegio&quot; en la Regi\u00f3n de Ays\u00e9n"},"content":{"rendered":"<p><img loading=\"lazy\" decoding=\"async\" class=\" size-full wp-image-5994\" src=\"http:\/\/ec2-34-218-253-251.us-west-2.compute.amazonaws.com\/wp-content\/uploads\/2014\/10\/bae8f5c2122fcab43e114a0e75cea6ed.jpg\" alt=\"\" width=\"800\" height=\"533\" \/><\/p>\n<p>El PAR EXPLORA Regi\u00f3n de Ays\u00e9n ejecutado por el Campus Patagonia de la Universidad Austral de Chile junto con el Centro de investigaci\u00f3n en Ecosistemas de la Patagonia (CIEP) en el marco de la XX Semana Nacional de la Ciencia y la Tecnolog\u00eda propician que distintos establecimientos educacionales de la Regi\u00f3n puedan desarrollar actividades relacionadas con la ciencia y la tecnolog\u00eda a trav\u00e9s de esta iniciativa.<\/p>\n<p>El d\u00eda de la Ciencia se celebra tanto en colegios como en jardines, as\u00ed es como el primer establecimiento en llevar a cabo esta iniciativa fue el Jard\u00edn Infantil Kaukalem en Coyhaique donde los peque\u00f1os ni\u00f1os y ni\u00f1as realizaron entretenidas y did\u00e1cticas actividades con material provisto por el PAR EXPLORA de la Regi\u00f3n de Ays\u00e9n.<\/p>\n<p>Durante la semana se espera visitar la Escuela Altamira, Colegio Baustista El Shaddai, el Jard\u00edn Infantil Vallecitos de Ays\u00e9n, el Jard\u00edn Infantil Arcoiris y un encuentro por el &#8220;D\u00eda de la Ciencia en mi Comuna&#8221; que se realizar\u00e1 en la Casa de la Cultura de Puerto Ays\u00e9n donde asistir\u00e1n distintos establecimientos educacionales de la localidad.<\/p>\n","protected":false},"excerpt":{"rendered":"<p>El PAR EXPLORA Regi\u00f3n de Ays\u00e9n ejecutado por el Campus Patagonia de la Universidad Austral de Chile junto con el Centro de investigaci\u00f3n en Ecosistemas de la Patagonia (CIEP) en el marco de la XX Semana Nacional de la Ciencia y la Tecnolog\u00eda propician que distintos establecimientos educacionales de la Regi\u00f3n puedan desarrollar actividades relacionadas [&hellip;]<\/p>\n","protected":false},"author":2,"featured_media":129,"comment_status":"open","ping_status":"open","sticky":false,"template":"","format":"standard","meta":{"_acf_changed":false,"_exactmetrics_skip_tracking":false,"_exactmetrics_sitenote_active":false,"_exactmetrics_sitenote_note":"","_exactmetrics_sitenote_category":0,"footnotes":"","_links_to":"","_links_to_target":""},"categories":[4],"tags":[],"class_list":["post-128","post","type-post","status-publish","format-standard","has-post-thumbnail","hentry","category-noticias"],"acf":[],"yoast_head":"<!-- This site is optimized with the Yoast SEO plugin v26.7 - https:\/\/yoast.com\/wordpress\/plugins\/seo\/ -->\n<title>Ya comenz\u00f3 a celebrarse el &quot;D\u00eda de la Ciencia en mi Colegio&quot; en la Regi\u00f3n de Ays\u00e9n - Aysen<\/title>\n<meta name=\"robots\" content=\"index, follow, max-snippet:-1, max-image-preview:large, max-video-preview:-1\" \/>\n<link rel=\"canonical\" href=\"https:\/\/dev.explora.cl\/aysen\/ya-comenzo-a-celebrarse-el-dia-de-la-ciencia-en-mi-colegio-en-la-region-de-aysen\/\" class=\"yoast-seo-meta-tag\" \/>\n<meta property=\"og:locale\" content=\"es_ES\" class=\"yoast-seo-meta-tag\" \/>\n<meta property=\"og:type\" content=\"article\" class=\"yoast-seo-meta-tag\" \/>\n<meta property=\"og:title\" content=\"Ya comenz\u00f3 a celebrarse el &quot;D\u00eda de la Ciencia en mi Colegio&quot; en la Regi\u00f3n de Ays\u00e9n - Aysen\" class=\"yoast-seo-meta-tag\" \/>\n<meta property=\"og:description\" content=\"El PAR EXPLORA Regi\u00f3n de Ays\u00e9n ejecutado por el Campus Patagonia de la Universidad Austral de Chile junto con el Centro de investigaci\u00f3n en Ecosistemas de la Patagonia (CIEP) en el marco de la XX Semana Nacional de la Ciencia y la Tecnolog\u00eda propician que distintos establecimientos educacionales de la Regi\u00f3n puedan desarrollar actividades relacionadas [&hellip;]\" class=\"yoast-seo-meta-tag\" \/>\n<meta property=\"og:url\" content=\"https:\/\/dev.explora.cl\/aysen\/ya-comenzo-a-celebrarse-el-dia-de-la-ciencia-en-mi-colegio-en-la-region-de-aysen\/\" class=\"yoast-seo-meta-tag\" \/>\n<meta property=\"og:site_name\" content=\"Aysen\" class=\"yoast-seo-meta-tag\" \/>\n<meta property=\"article:published_time\" content=\"2014-10-07T04:00:00+00:00\" class=\"yoast-seo-meta-tag\" \/>\n<meta property=\"article:modified_time\" content=\"2019-05-20T21:22:08+00:00\" class=\"yoast-seo-meta-tag\" \/>\n<meta property=\"og:image\" content=\"https:\/\/dev.explora.cl\/aysen\/wp-content\/uploads\/sites\/18\/2018\/06\/bae8f5c2122fcab43e114a0e75cea6ed.jpg\" class=\"yoast-seo-meta-tag\" \/>\n\t<meta property=\"og:image:width\" content=\"800\" class=\"yoast-seo-meta-tag\" \/>\n\t<meta property=\"og:image:height\" content=\"533\" class=\"yoast-seo-meta-tag\" \/>\n\t<meta property=\"og:image:type\" content=\"image\/jpeg\" class=\"yoast-seo-meta-tag\" \/>\n<meta name=\"author\" content=\"webman\" class=\"yoast-seo-meta-tag\" \/>\n<meta name=\"twitter:card\" content=\"summary_large_image\" class=\"yoast-seo-meta-tag\" \/>\n<meta name=\"twitter:label1\" content=\"Escrito por\" class=\"yoast-seo-meta-tag\" \/>\n\t<meta name=\"twitter:data1\" content=\"webman\" class=\"yoast-seo-meta-tag\" \/>\n\t<meta name=\"twitter:label2\" content=\"Tiempo estimado de lectura\" class=\"yoast-seo-meta-tag\" \/>\n\t<meta name=\"twitter:data2\" content=\"1 minuto\" class=\"yoast-seo-meta-tag\" \/>\n<script type=\"application\/ld+json\" class=\"yoast-schema-graph\">{\"@context\":\"https:\/\/schema.org\",\"@graph\":[{\"@type\":\"Article\",\"@id\":\"https:\/\/dev.explora.cl\/aysen\/ya-comenzo-a-celebrarse-el-dia-de-la-ciencia-en-mi-colegio-en-la-region-de-aysen\/#article\",\"isPartOf\":{\"@id\":\"https:\/\/dev.explora.cl\/aysen\/ya-comenzo-a-celebrarse-el-dia-de-la-ciencia-en-mi-colegio-en-la-region-de-aysen\/\"},\"author\":{\"name\":\"webman\",\"@id\":\"https:\/\/dev.explora.cl\/aysen\/#\/schema\/person\/cb8349c13ea2d324080adf8480d7ba5d\"},\"headline\":\"Ya comenz\u00f3 a celebrarse el &quot;D\u00eda de la Ciencia en mi Colegio&quot; en la Regi\u00f3n de Ays\u00e9n\",\"datePublished\":\"2014-10-07T04:00:00+00:00\",\"dateModified\":\"2019-05-20T21:22:08+00:00\",\"mainEntityOfPage\":{\"@id\":\"https:\/\/dev.explora.cl\/aysen\/ya-comenzo-a-celebrarse-el-dia-de-la-ciencia-en-mi-colegio-en-la-region-de-aysen\/\"},\"wordCount\":219,\"commentCount\":0,\"image\":{\"@id\":\"https:\/\/dev.explora.cl\/aysen\/ya-comenzo-a-celebrarse-el-dia-de-la-ciencia-en-mi-colegio-en-la-region-de-aysen\/#primaryimage\"},\"thumbnailUrl\":\"https:\/\/dev.explora.cl\/aysen\/wp-content\/uploads\/sites\/18\/2018\/06\/bae8f5c2122fcab43e114a0e75cea6ed.jpg\",\"articleSection\":[\"Noticias\"],\"inLanguage\":\"es-CL\",\"potentialAction\":[{\"@type\":\"CommentAction\",\"name\":\"Comment\",\"target\":[\"https:\/\/dev.explora.cl\/aysen\/ya-comenzo-a-celebrarse-el-dia-de-la-ciencia-en-mi-colegio-en-la-region-de-aysen\/#respond\"]}]},{\"@type\":\"WebPage\",\"@id\":\"https:\/\/dev.explora.cl\/aysen\/ya-comenzo-a-celebrarse-el-dia-de-la-ciencia-en-mi-colegio-en-la-region-de-aysen\/\",\"url\":\"https:\/\/dev.explora.cl\/aysen\/ya-comenzo-a-celebrarse-el-dia-de-la-ciencia-en-mi-colegio-en-la-region-de-aysen\/\",\"name\":\"Ya comenz\u00f3 a celebrarse el &quot;D\u00eda de la Ciencia en mi Colegio&quot; en la Regi\u00f3n de Ays\u00e9n - Aysen\",\"isPartOf\":{\"@id\":\"https:\/\/dev.explora.cl\/aysen\/#website\"},\"primaryImageOfPage\":{\"@id\":\"https:\/\/dev.explora.cl\/aysen\/ya-comenzo-a-celebrarse-el-dia-de-la-ciencia-en-mi-colegio-en-la-region-de-aysen\/#primaryimage\"},\"image\":{\"@id\":\"https:\/\/dev.explora.cl\/aysen\/ya-comenzo-a-celebrarse-el-dia-de-la-ciencia-en-mi-colegio-en-la-region-de-aysen\/#primaryimage\"},\"thumbnailUrl\":\"https:\/\/dev.explora.cl\/aysen\/wp-content\/uploads\/sites\/18\/2018\/06\/bae8f5c2122fcab43e114a0e75cea6ed.jpg\",\"datePublished\":\"2014-10-07T04:00:00+00:00\",\"dateModified\":\"2019-05-20T21:22:08+00:00\",\"author\":{\"@id\":\"https:\/\/dev.explora.cl\/aysen\/#\/schema\/person\/cb8349c13ea2d324080adf8480d7ba5d\"},\"breadcrumb\":{\"@id\":\"https:\/\/dev.explora.cl\/aysen\/ya-comenzo-a-celebrarse-el-dia-de-la-ciencia-en-mi-colegio-en-la-region-de-aysen\/#breadcrumb\"},\"inLanguage\":\"es-CL\",\"potentialAction\":[{\"@type\":\"ReadAction\",\"target\":[\"https:\/\/dev.explora.cl\/aysen\/ya-comenzo-a-celebrarse-el-dia-de-la-ciencia-en-mi-colegio-en-la-region-de-aysen\/\"]}]},{\"@type\":\"ImageObject\",\"inLanguage\":\"es-CL\",\"@id\":\"https:\/\/dev.explora.cl\/aysen\/ya-comenzo-a-celebrarse-el-dia-de-la-ciencia-en-mi-colegio-en-la-region-de-aysen\/#primaryimage\",\"url\":\"https:\/\/dev.explora.cl\/aysen\/wp-content\/uploads\/sites\/18\/2018\/06\/bae8f5c2122fcab43e114a0e75cea6ed.jpg\",\"contentUrl\":\"https:\/\/dev.explora.cl\/aysen\/wp-content\/uploads\/sites\/18\/2018\/06\/bae8f5c2122fcab43e114a0e75cea6ed.jpg\",\"width\":800,\"height\":533},{\"@type\":\"BreadcrumbList\",\"@id\":\"https:\/\/dev.explora.cl\/aysen\/ya-comenzo-a-celebrarse-el-dia-de-la-ciencia-en-mi-colegio-en-la-region-de-aysen\/#breadcrumb\",\"itemListElement\":[{\"@type\":\"ListItem\",\"position\":1,\"name\":\"Portada\",\"item\":\"https:\/\/dev.explora.cl\/aysen\/\"},{\"@type\":\"ListItem\",\"position\":2,\"name\":\"Ya comenz\u00f3 a celebrarse el &quot;D\u00eda de la Ciencia en mi Colegio&quot; en la Regi\u00f3n de Ays\u00e9n\"}]},{\"@type\":\"WebSite\",\"@id\":\"https:\/\/dev.explora.cl\/aysen\/#website\",\"url\":\"https:\/\/dev.explora.cl\/aysen\/\",\"name\":\"Aysen\",\"description\":\"Otro sitio m\u00e1s de dev.explora.cl\",\"potentialAction\":[{\"@type\":\"SearchAction\",\"target\":{\"@type\":\"EntryPoint\",\"urlTemplate\":\"https:\/\/dev.explora.cl\/aysen\/?s={search_term_string}\"},\"query-input\":{\"@type\":\"PropertyValueSpecification\",\"valueRequired\":true,\"valueName\":\"search_term_string\"}}],\"inLanguage\":\"es-CL\"},{\"@type\":\"Person\",\"@id\":\"https:\/\/dev.explora.cl\/aysen\/#\/schema\/person\/cb8349c13ea2d324080adf8480d7ba5d\",\"name\":\"webman\",\"image\":{\"@type\":\"ImageObject\",\"inLanguage\":\"es-CL\",\"@id\":\"https:\/\/dev.explora.cl\/aysen\/#\/schema\/person\/image\/\",\"url\":\"https:\/\/secure.gravatar.com\/avatar\/eeff3c82f2c02f7177d13663b7e6f890e9a6a0647ce9bb29cae02dcb094c7312?s=96&d=mm&r=g\",\"contentUrl\":\"https:\/\/secure.gravatar.com\/avatar\/eeff3c82f2c02f7177d13663b7e6f890e9a6a0647ce9bb29cae02dcb094c7312?s=96&d=mm&r=g\",\"caption\":\"webman\"},\"url\":\"https:\/\/dev.explora.cl\/aysen\/author\/webman\/\"}]}<\/script>\n<!-- \/ Yoast SEO plugin. -->","yoast_head_json":{"title":"Ya comenz\u00f3 a celebrarse el &quot;D\u00eda de la Ciencia en mi Colegio&quot; en la Regi\u00f3n de Ays\u00e9n - Aysen","robots":{"index":"index","follow":"follow","max-snippet":"max-snippet:-1","max-image-preview":"max-image-preview:large","max-video-preview":"max-video-preview:-1"},"canonical":"https:\/\/dev.explora.cl\/aysen\/ya-comenzo-a-celebrarse-el-dia-de-la-ciencia-en-mi-colegio-en-la-region-de-aysen\/","og_locale":"es_ES","og_type":"article","og_title":"Ya comenz\u00f3 a celebrarse el &quot;D\u00eda de la Ciencia en mi Colegio&quot; en la Regi\u00f3n de Ays\u00e9n - Aysen","og_description":"El PAR EXPLORA Regi\u00f3n de Ays\u00e9n ejecutado por el Campus Patagonia de la Universidad Austral de Chile junto con el Centro de investigaci\u00f3n en Ecosistemas de la Patagonia (CIEP) en el marco de la XX Semana Nacional de la Ciencia y la Tecnolog\u00eda propician que distintos establecimientos educacionales de la Regi\u00f3n puedan desarrollar actividades relacionadas [&hellip;]","og_url":"https:\/\/dev.explora.cl\/aysen\/ya-comenzo-a-celebrarse-el-dia-de-la-ciencia-en-mi-colegio-en-la-region-de-aysen\/","og_site_name":"Aysen","article_published_time":"2014-10-07T04:00:00+00:00","article_modified_time":"2019-05-20T21:22:08+00:00","og_image":[{"width":800,"height":533,"url":"https:\/\/dev.explora.cl\/aysen\/wp-content\/uploads\/sites\/18\/2018\/06\/bae8f5c2122fcab43e114a0e75cea6ed.jpg","type":"image\/jpeg"}],"author":"webman","twitter_card":"summary_large_image","twitter_misc":{"Escrito por":"webman","Tiempo estimado de lectura":"1 minuto"},"schema":{"@context":"https:\/\/schema.org","@graph":[{"@type":"Article","@id":"https:\/\/dev.explora.cl\/aysen\/ya-comenzo-a-celebrarse-el-dia-de-la-ciencia-en-mi-colegio-en-la-region-de-aysen\/#article","isPartOf":{"@id":"https:\/\/dev.explora.cl\/aysen\/ya-comenzo-a-celebrarse-el-dia-de-la-ciencia-en-mi-colegio-en-la-region-de-aysen\/"},"author":{"name":"webman","@id":"https:\/\/dev.explora.cl\/aysen\/#\/schema\/person\/cb8349c13ea2d324080adf8480d7ba5d"},"headline":"Ya comenz\u00f3 a celebrarse el &quot;D\u00eda de la Ciencia en mi Colegio&quot; en la Regi\u00f3n de Ays\u00e9n","datePublished":"2014-10-07T04:00:00+00:00","dateModified":"2019-05-20T21:22:08+00:00","mainEntityOfPage":{"@id":"https:\/\/dev.explora.cl\/aysen\/ya-comenzo-a-celebrarse-el-dia-de-la-ciencia-en-mi-colegio-en-la-region-de-aysen\/"},"wordCount":219,"commentCount":0,"image":{"@id":"https:\/\/dev.explora.cl\/aysen\/ya-comenzo-a-celebrarse-el-dia-de-la-ciencia-en-mi-colegio-en-la-region-de-aysen\/#primaryimage"},"thumbnailUrl":"https:\/\/dev.explora.cl\/aysen\/wp-content\/uploads\/sites\/18\/2018\/06\/bae8f5c2122fcab43e114a0e75cea6ed.jpg","articleSection":["Noticias"],"inLanguage":"es-CL","potentialAction":[{"@type":"CommentAction","name":"Comment","target":["https:\/\/dev.explora.cl\/aysen\/ya-comenzo-a-celebrarse-el-dia-de-la-ciencia-en-mi-colegio-en-la-region-de-aysen\/#respond"]}]},{"@type":"WebPage","@id":"https:\/\/dev.explora.cl\/aysen\/ya-comenzo-a-celebrarse-el-dia-de-la-ciencia-en-mi-colegio-en-la-region-de-aysen\/","url":"https:\/\/dev.explora.cl\/aysen\/ya-comenzo-a-celebrarse-el-dia-de-la-ciencia-en-mi-colegio-en-la-region-de-aysen\/","name":"Ya comenz\u00f3 a celebrarse el &quot;D\u00eda de la Ciencia en mi Colegio&quot; en la Regi\u00f3n de Ays\u00e9n - Aysen","isPartOf":{"@id":"https:\/\/dev.explora.cl\/aysen\/#website"},"primaryImageOfPage":{"@id":"https:\/\/dev.explora.cl\/aysen\/ya-comenzo-a-celebrarse-el-dia-de-la-ciencia-en-mi-colegio-en-la-region-de-aysen\/#primaryimage"},"image":{"@id":"https:\/\/dev.explora.cl\/aysen\/ya-comenzo-a-celebrarse-el-dia-de-la-ciencia-en-mi-colegio-en-la-region-de-aysen\/#primaryimage"},"thumbnailUrl":"https:\/\/dev.explora.cl\/aysen\/wp-content\/uploads\/sites\/18\/2018\/06\/bae8f5c2122fcab43e114a0e75cea6ed.jpg","datePublished":"2014-10-07T04:00:00+00:00","dateModified":"2019-05-20T21:22:08+00:00","author":{"@id":"https:\/\/dev.explora.cl\/aysen\/#\/schema\/person\/cb8349c13ea2d324080adf8480d7ba5d"},"breadcrumb":{"@id":"https:\/\/dev.explora.cl\/aysen\/ya-comenzo-a-celebrarse-el-dia-de-la-ciencia-en-mi-colegio-en-la-region-de-aysen\/#breadcrumb"},"inLanguage":"es-CL","potentialAction":[{"@type":"ReadAction","target":["https:\/\/dev.explora.cl\/aysen\/ya-comenzo-a-celebrarse-el-dia-de-la-ciencia-en-mi-colegio-en-la-region-de-aysen\/"]}]},{"@type":"ImageObject","inLanguage":"es-CL","@id":"https:\/\/dev.explora.cl\/aysen\/ya-comenzo-a-celebrarse-el-dia-de-la-ciencia-en-mi-colegio-en-la-region-de-aysen\/#primaryimage","url":"https:\/\/dev.explora.cl\/aysen\/wp-content\/uploads\/sites\/18\/2018\/06\/bae8f5c2122fcab43e114a0e75cea6ed.jpg","contentUrl":"https:\/\/dev.explora.cl\/aysen\/wp-content\/uploads\/sites\/18\/2018\/06\/bae8f5c2122fcab43e114a0e75cea6ed.jpg","width":800,"height":533},{"@type":"BreadcrumbList","@id":"https:\/\/dev.explora.cl\/aysen\/ya-comenzo-a-celebrarse-el-dia-de-la-ciencia-en-mi-colegio-en-la-region-de-aysen\/#breadcrumb","itemListElement":[{"@type":"ListItem","position":1,"name":"Portada","item":"https:\/\/dev.explora.cl\/aysen\/"},{"@type":"ListItem","position":2,"name":"Ya comenz\u00f3 a celebrarse el &quot;D\u00eda de la Ciencia en mi Colegio&quot; en la Regi\u00f3n de Ays\u00e9n"}]},{"@type":"WebSite","@id":"https:\/\/dev.explora.cl\/aysen\/#website","url":"https:\/\/dev.explora.cl\/aysen\/","name":"Aysen","description":"Otro sitio m\u00e1s de dev.explora.cl","potentialAction":[{"@type":"SearchAction","target":{"@type":"EntryPoint","urlTemplate":"https:\/\/dev.explora.cl\/aysen\/?s={search_term_string}"},"query-input":{"@type":"PropertyValueSpecification","valueRequired":true,"valueName":"search_term_string"}}],"inLanguage":"es-CL"},{"@type":"Person","@id":"https:\/\/dev.explora.cl\/aysen\/#\/schema\/person\/cb8349c13ea2d324080adf8480d7ba5d","name":"webman","image":{"@type":"ImageObject","inLanguage":"es-CL","@id":"https:\/\/dev.explora.cl\/aysen\/#\/schema\/person\/image\/","url":"https:\/\/secure.gravatar.com\/avatar\/eeff3c82f2c02f7177d13663b7e6f890e9a6a0647ce9bb29cae02dcb094c7312?s=96&d=mm&r=g","contentUrl":"https:\/\/secure.gravatar.com\/avatar\/eeff3c82f2c02f7177d13663b7e6f890e9a6a0647ce9bb29cae02dcb094c7312?s=96&d=mm&r=g","caption":"webman"},"url":"https:\/\/dev.explora.cl\/aysen\/author\/webman\/"}]}},"_links":{"self":[{"href":"https:\/\/dev.explora.cl\/aysen\/wp-json\/wp\/v2\/posts\/128","targetHints":{"allow":["GET"]}}],"collection":[{"href":"https:\/\/dev.explora.cl\/aysen\/wp-json\/wp\/v2\/posts"}],"about":[{"href":"https:\/\/dev.explora.cl\/aysen\/wp-json\/wp\/v2\/types\/post"}],"author":[{"embeddable":true,"href":"https:\/\/dev.explora.cl\/aysen\/wp-json\/wp\/v2\/users\/2"}],"replies":[{"embeddable":true,"href":"https:\/\/dev.explora.cl\/aysen\/wp-json\/wp\/v2\/comments?post=128"}],"version-history":[{"count":1,"href":"https:\/\/dev.explora.cl\/aysen\/wp-json\/wp\/v2\/posts\/128\/revisions"}],"predecessor-version":[{"id":37352,"href":"https:\/\/dev.explora.cl\/aysen\/wp-json\/wp\/v2\/posts\/128\/revisions\/37352"}],"wp:featuredmedia":[{"embeddable":true,"href":"https:\/\/dev.explora.cl\/aysen\/wp-json\/wp\/v2\/media\/129"}],"wp:attachment":[{"href":"https:\/\/dev.explora.cl\/aysen\/wp-json\/wp\/v2\/media?parent=128"}],"wp:term":[{"taxonomy":"category","embeddable":true,"href":"https:\/\/dev.explora.cl\/aysen\/wp-json\/wp\/v2\/categories?post=128"},{"taxonomy":"post_tag","embeddable":true,"href":"https:\/\/dev.explora.cl\/aysen\/wp-json\/wp\/v2\/tags?post=128"}],"curies":[{"name":"wp","href":"https:\/\/api.w.org\/{rel}","templated":true}]}}