{"id":126,"date":"2014-10-07T00:00:00","date_gmt":"2014-10-07T04:00:00","guid":{"rendered":"https:\/\/dev.explora.cl\/aysen\/blog\/2014\/10\/07\/exitosa-inauguracion-de-la-xx-sncyt-en-la-region-de-aysen\/"},"modified":"2019-05-20T21:22:08","modified_gmt":"2019-05-20T21:22:08","slug":"exitosa-inauguracion-de-la-xx-sncyt-en-la-region-de-aysen","status":"publish","type":"post","link":"https:\/\/dev.explora.cl\/aysen\/exitosa-inauguracion-de-la-xx-sncyt-en-la-region-de-aysen\/","title":{"rendered":"Exitosa inauguraci\u00f3n de la XX SNCyT en la Regi\u00f3n de Ays\u00e9n."},"content":{"rendered":"<p><img loading=\"lazy\" decoding=\"async\" class=\" size-full wp-image-5917\" src=\"http:\/\/ec2-34-218-253-251.us-west-2.compute.amazonaws.com\/wp-content\/uploads\/2014\/10\/42e117e0c4e849ea187baaf6f5afd9f6.jpg\" alt=\"\" width=\"800\" height=\"533\" \/><\/p>\n<p>El PAR EXPLORA Regi\u00f3n de Ays\u00e9n ejecutado por el Campus Patagonia de la Universidad Austral de Chile junto con el Centro de Investigaci\u00f3n en Ecosistemas de la Patagonia (CIEP) realizaron la actividad \u201cCaf\u00e9 con Ciencia\u201d que dio inicio a la XX Semana Nacional de la Ciencia y la Tecnolog\u00eda (SNCyT) donde participaron 8 establecimientos educacionales de la Regi\u00f3n.<\/p>\n<p>En la actividad se present\u00f3 el programa de actividades que se llevar\u00e1 a cabo durante toda esta semana donde se destac\u00f3 el tema principal \u201cVida, ciencia y la tecnolog\u00eda\u201d como un eje transversal a todas las iniciativas que forman parte de la XX SNCyT.<\/p>\n<p>En el Caf\u00e9 con Ciencia se present\u00f3 la Dra. Trace Gale de CIEP quien dio un enfoque social respecto de la b\u00fasqueda de conocimiento para permitir el desarrollo de soluciones aplicadas al turismo en la Regi\u00f3n. <br \/>Posteriormente expuso la Dra. Frida Piper, especialista en Ecofisiolog\u00eda vegetal, quien ha realizado estudios cient\u00edficos sobre los bosques de Ays\u00e9n. La especialista coment\u00f3 a los asistentes parte de su experiencia personal y de c\u00f3mo lleg\u00f3 a interesarse por ser cient\u00edfica.<\/p>\n<p>Para el cierre de la actividad fue invitado Marco Acu\u00f1a, Epidemi\u00f3logo de la Seremi de Salud, quien se refiri\u00f3 a la contaminaci\u00f3n atmosf\u00e9rica y sus efectos para la salud humana, un tema de gran relevancia para la Regi\u00f3n de Ays\u00e9n por la gran cantidad de contaminaci\u00f3n que generan las combustiones.<\/p>\n<p>Pedro Matus, Director del PAR EXPLORA Regi\u00f3n de Ays\u00e9n, destac\u00f3 el inter\u00e9s que existe para que los beneficios de la ciencia pueda llegar a todas la comunidad \u00a0y dio a conocer las actividades que ser\u00e1n parte de esta SNCyT. \u201clos cient\u00edficos se movilizan y van a las aulas donde comparten experiencias y conocimientos con los estudiantes en la actividad denominada \u00a0\u201c1000 cient\u00edficos 1000 aulas\u201d, realizaremos visitas a los parques y reservas con establecimientos educacionales locales, una feria cient\u00edfica en Puerto Guadal, el concurso \u201cPinta la Ciencia a tu Pinta\u201d, los laboratorios abiertos y actividad de cierre para el d\u00eda viernes en el Centro Cultural Coyhaique\u201d.<\/p>\n","protected":false},"excerpt":{"rendered":"<p>El PAR EXPLORA Regi\u00f3n de Ays\u00e9n ejecutado por el Campus Patagonia de la Universidad Austral de Chile junto con el Centro de Investigaci\u00f3n en Ecosistemas de la Patagonia (CIEP) realizaron la actividad \u201cCaf\u00e9 con Ciencia\u201d que dio inicio a la XX Semana Nacional de la Ciencia y la Tecnolog\u00eda (SNCyT) donde participaron 8 establecimientos educacionales [&hellip;]<\/p>\n","protected":false},"author":2,"featured_media":127,"comment_status":"open","ping_status":"open","sticky":false,"template":"","format":"standard","meta":{"_acf_changed":false,"_exactmetrics_skip_tracking":false,"_exactmetrics_sitenote_active":false,"_exactmetrics_sitenote_note":"","_exactmetrics_sitenote_category":0,"footnotes":"","_links_to":"","_links_to_target":""},"categories":[4],"tags":[],"class_list":["post-126","post","type-post","status-publish","format-standard","has-post-thumbnail","hentry","category-noticias"],"acf":[],"yoast_head":"<!-- This site is optimized with the Yoast SEO plugin v26.7 - https:\/\/yoast.com\/wordpress\/plugins\/seo\/ -->\n<title>Exitosa inauguraci\u00f3n de la XX SNCyT en la Regi\u00f3n de Ays\u00e9n. - Aysen<\/title>\n<meta name=\"robots\" content=\"index, follow, max-snippet:-1, max-image-preview:large, max-video-preview:-1\" \/>\n<link rel=\"canonical\" href=\"https:\/\/dev.explora.cl\/aysen\/exitosa-inauguracion-de-la-xx-sncyt-en-la-region-de-aysen\/\" class=\"yoast-seo-meta-tag\" \/>\n<meta property=\"og:locale\" content=\"es_ES\" class=\"yoast-seo-meta-tag\" \/>\n<meta property=\"og:type\" content=\"article\" class=\"yoast-seo-meta-tag\" \/>\n<meta property=\"og:title\" content=\"Exitosa inauguraci\u00f3n de la XX SNCyT en la Regi\u00f3n de Ays\u00e9n. - Aysen\" class=\"yoast-seo-meta-tag\" \/>\n<meta property=\"og:description\" content=\"El PAR EXPLORA Regi\u00f3n de Ays\u00e9n ejecutado por el Campus Patagonia de la Universidad Austral de Chile junto con el Centro de Investigaci\u00f3n en Ecosistemas de la Patagonia (CIEP) realizaron la actividad \u201cCaf\u00e9 con Ciencia\u201d que dio inicio a la XX Semana Nacional de la Ciencia y la Tecnolog\u00eda (SNCyT) donde participaron 8 establecimientos educacionales [&hellip;]\" class=\"yoast-seo-meta-tag\" \/>\n<meta property=\"og:url\" content=\"https:\/\/dev.explora.cl\/aysen\/exitosa-inauguracion-de-la-xx-sncyt-en-la-region-de-aysen\/\" class=\"yoast-seo-meta-tag\" \/>\n<meta property=\"og:site_name\" content=\"Aysen\" class=\"yoast-seo-meta-tag\" \/>\n<meta property=\"article:published_time\" content=\"2014-10-07T04:00:00+00:00\" class=\"yoast-seo-meta-tag\" \/>\n<meta property=\"article:modified_time\" content=\"2019-05-20T21:22:08+00:00\" class=\"yoast-seo-meta-tag\" \/>\n<meta property=\"og:image\" content=\"https:\/\/dev.explora.cl\/aysen\/wp-content\/uploads\/sites\/18\/2018\/06\/42e117e0c4e849ea187baaf6f5afd9f6.jpg\" class=\"yoast-seo-meta-tag\" \/>\n\t<meta property=\"og:image:width\" content=\"800\" class=\"yoast-seo-meta-tag\" \/>\n\t<meta property=\"og:image:height\" content=\"533\" class=\"yoast-seo-meta-tag\" \/>\n\t<meta property=\"og:image:type\" content=\"image\/jpeg\" class=\"yoast-seo-meta-tag\" \/>\n<meta name=\"author\" content=\"webman\" class=\"yoast-seo-meta-tag\" \/>\n<meta name=\"twitter:card\" content=\"summary_large_image\" class=\"yoast-seo-meta-tag\" \/>\n<meta name=\"twitter:label1\" content=\"Escrito por\" class=\"yoast-seo-meta-tag\" \/>\n\t<meta name=\"twitter:data1\" content=\"webman\" class=\"yoast-seo-meta-tag\" \/>\n\t<meta name=\"twitter:label2\" content=\"Tiempo estimado de lectura\" class=\"yoast-seo-meta-tag\" \/>\n\t<meta name=\"twitter:data2\" content=\"2 minutos\" class=\"yoast-seo-meta-tag\" \/>\n<script type=\"application\/ld+json\" class=\"yoast-schema-graph\">{\"@context\":\"https:\/\/schema.org\",\"@graph\":[{\"@type\":\"Article\",\"@id\":\"https:\/\/dev.explora.cl\/aysen\/exitosa-inauguracion-de-la-xx-sncyt-en-la-region-de-aysen\/#article\",\"isPartOf\":{\"@id\":\"https:\/\/dev.explora.cl\/aysen\/exitosa-inauguracion-de-la-xx-sncyt-en-la-region-de-aysen\/\"},\"author\":{\"name\":\"webman\",\"@id\":\"https:\/\/dev.explora.cl\/aysen\/#\/schema\/person\/cb8349c13ea2d324080adf8480d7ba5d\"},\"headline\":\"Exitosa inauguraci\u00f3n de la XX SNCyT en la Regi\u00f3n de Ays\u00e9n.\",\"datePublished\":\"2014-10-07T04:00:00+00:00\",\"dateModified\":\"2019-05-20T21:22:08+00:00\",\"mainEntityOfPage\":{\"@id\":\"https:\/\/dev.explora.cl\/aysen\/exitosa-inauguracion-de-la-xx-sncyt-en-la-region-de-aysen\/\"},\"wordCount\":372,\"commentCount\":0,\"image\":{\"@id\":\"https:\/\/dev.explora.cl\/aysen\/exitosa-inauguracion-de-la-xx-sncyt-en-la-region-de-aysen\/#primaryimage\"},\"thumbnailUrl\":\"https:\/\/dev.explora.cl\/aysen\/wp-content\/uploads\/sites\/18\/2018\/06\/42e117e0c4e849ea187baaf6f5afd9f6.jpg\",\"articleSection\":[\"Noticias\"],\"inLanguage\":\"es-CL\",\"potentialAction\":[{\"@type\":\"CommentAction\",\"name\":\"Comment\",\"target\":[\"https:\/\/dev.explora.cl\/aysen\/exitosa-inauguracion-de-la-xx-sncyt-en-la-region-de-aysen\/#respond\"]}]},{\"@type\":\"WebPage\",\"@id\":\"https:\/\/dev.explora.cl\/aysen\/exitosa-inauguracion-de-la-xx-sncyt-en-la-region-de-aysen\/\",\"url\":\"https:\/\/dev.explora.cl\/aysen\/exitosa-inauguracion-de-la-xx-sncyt-en-la-region-de-aysen\/\",\"name\":\"Exitosa inauguraci\u00f3n de la XX SNCyT en la Regi\u00f3n de Ays\u00e9n. - Aysen\",\"isPartOf\":{\"@id\":\"https:\/\/dev.explora.cl\/aysen\/#website\"},\"primaryImageOfPage\":{\"@id\":\"https:\/\/dev.explora.cl\/aysen\/exitosa-inauguracion-de-la-xx-sncyt-en-la-region-de-aysen\/#primaryimage\"},\"image\":{\"@id\":\"https:\/\/dev.explora.cl\/aysen\/exitosa-inauguracion-de-la-xx-sncyt-en-la-region-de-aysen\/#primaryimage\"},\"thumbnailUrl\":\"https:\/\/dev.explora.cl\/aysen\/wp-content\/uploads\/sites\/18\/2018\/06\/42e117e0c4e849ea187baaf6f5afd9f6.jpg\",\"datePublished\":\"2014-10-07T04:00:00+00:00\",\"dateModified\":\"2019-05-20T21:22:08+00:00\",\"author\":{\"@id\":\"https:\/\/dev.explora.cl\/aysen\/#\/schema\/person\/cb8349c13ea2d324080adf8480d7ba5d\"},\"breadcrumb\":{\"@id\":\"https:\/\/dev.explora.cl\/aysen\/exitosa-inauguracion-de-la-xx-sncyt-en-la-region-de-aysen\/#breadcrumb\"},\"inLanguage\":\"es-CL\",\"potentialAction\":[{\"@type\":\"ReadAction\",\"target\":[\"https:\/\/dev.explora.cl\/aysen\/exitosa-inauguracion-de-la-xx-sncyt-en-la-region-de-aysen\/\"]}]},{\"@type\":\"ImageObject\",\"inLanguage\":\"es-CL\",\"@id\":\"https:\/\/dev.explora.cl\/aysen\/exitosa-inauguracion-de-la-xx-sncyt-en-la-region-de-aysen\/#primaryimage\",\"url\":\"https:\/\/dev.explora.cl\/aysen\/wp-content\/uploads\/sites\/18\/2018\/06\/42e117e0c4e849ea187baaf6f5afd9f6.jpg\",\"contentUrl\":\"https:\/\/dev.explora.cl\/aysen\/wp-content\/uploads\/sites\/18\/2018\/06\/42e117e0c4e849ea187baaf6f5afd9f6.jpg\",\"width\":800,\"height\":533},{\"@type\":\"BreadcrumbList\",\"@id\":\"https:\/\/dev.explora.cl\/aysen\/exitosa-inauguracion-de-la-xx-sncyt-en-la-region-de-aysen\/#breadcrumb\",\"itemListElement\":[{\"@type\":\"ListItem\",\"position\":1,\"name\":\"Portada\",\"item\":\"https:\/\/dev.explora.cl\/aysen\/\"},{\"@type\":\"ListItem\",\"position\":2,\"name\":\"Exitosa inauguraci\u00f3n de la XX SNCyT en la Regi\u00f3n de Ays\u00e9n.\"}]},{\"@type\":\"WebSite\",\"@id\":\"https:\/\/dev.explora.cl\/aysen\/#website\",\"url\":\"https:\/\/dev.explora.cl\/aysen\/\",\"name\":\"Aysen\",\"description\":\"Otro sitio m\u00e1s de dev.explora.cl\",\"potentialAction\":[{\"@type\":\"SearchAction\",\"target\":{\"@type\":\"EntryPoint\",\"urlTemplate\":\"https:\/\/dev.explora.cl\/aysen\/?s={search_term_string}\"},\"query-input\":{\"@type\":\"PropertyValueSpecification\",\"valueRequired\":true,\"valueName\":\"search_term_string\"}}],\"inLanguage\":\"es-CL\"},{\"@type\":\"Person\",\"@id\":\"https:\/\/dev.explora.cl\/aysen\/#\/schema\/person\/cb8349c13ea2d324080adf8480d7ba5d\",\"name\":\"webman\",\"image\":{\"@type\":\"ImageObject\",\"inLanguage\":\"es-CL\",\"@id\":\"https:\/\/dev.explora.cl\/aysen\/#\/schema\/person\/image\/\",\"url\":\"https:\/\/secure.gravatar.com\/avatar\/eeff3c82f2c02f7177d13663b7e6f890e9a6a0647ce9bb29cae02dcb094c7312?s=96&d=mm&r=g\",\"contentUrl\":\"https:\/\/secure.gravatar.com\/avatar\/eeff3c82f2c02f7177d13663b7e6f890e9a6a0647ce9bb29cae02dcb094c7312?s=96&d=mm&r=g\",\"caption\":\"webman\"},\"url\":\"https:\/\/dev.explora.cl\/aysen\/author\/webman\/\"}]}<\/script>\n<!-- \/ Yoast SEO plugin. -->","yoast_head_json":{"title":"Exitosa inauguraci\u00f3n de la XX SNCyT en la Regi\u00f3n de Ays\u00e9n. - Aysen","robots":{"index":"index","follow":"follow","max-snippet":"max-snippet:-1","max-image-preview":"max-image-preview:large","max-video-preview":"max-video-preview:-1"},"canonical":"https:\/\/dev.explora.cl\/aysen\/exitosa-inauguracion-de-la-xx-sncyt-en-la-region-de-aysen\/","og_locale":"es_ES","og_type":"article","og_title":"Exitosa inauguraci\u00f3n de la XX SNCyT en la Regi\u00f3n de Ays\u00e9n. - Aysen","og_description":"El PAR EXPLORA Regi\u00f3n de Ays\u00e9n ejecutado por el Campus Patagonia de la Universidad Austral de Chile junto con el Centro de Investigaci\u00f3n en Ecosistemas de la Patagonia (CIEP) realizaron la actividad \u201cCaf\u00e9 con Ciencia\u201d que dio inicio a la XX Semana Nacional de la Ciencia y la Tecnolog\u00eda (SNCyT) donde participaron 8 establecimientos educacionales [&hellip;]","og_url":"https:\/\/dev.explora.cl\/aysen\/exitosa-inauguracion-de-la-xx-sncyt-en-la-region-de-aysen\/","og_site_name":"Aysen","article_published_time":"2014-10-07T04:00:00+00:00","article_modified_time":"2019-05-20T21:22:08+00:00","og_image":[{"width":800,"height":533,"url":"https:\/\/dev.explora.cl\/aysen\/wp-content\/uploads\/sites\/18\/2018\/06\/42e117e0c4e849ea187baaf6f5afd9f6.jpg","type":"image\/jpeg"}],"author":"webman","twitter_card":"summary_large_image","twitter_misc":{"Escrito por":"webman","Tiempo estimado de lectura":"2 minutos"},"schema":{"@context":"https:\/\/schema.org","@graph":[{"@type":"Article","@id":"https:\/\/dev.explora.cl\/aysen\/exitosa-inauguracion-de-la-xx-sncyt-en-la-region-de-aysen\/#article","isPartOf":{"@id":"https:\/\/dev.explora.cl\/aysen\/exitosa-inauguracion-de-la-xx-sncyt-en-la-region-de-aysen\/"},"author":{"name":"webman","@id":"https:\/\/dev.explora.cl\/aysen\/#\/schema\/person\/cb8349c13ea2d324080adf8480d7ba5d"},"headline":"Exitosa inauguraci\u00f3n de la XX SNCyT en la Regi\u00f3n de Ays\u00e9n.","datePublished":"2014-10-07T04:00:00+00:00","dateModified":"2019-05-20T21:22:08+00:00","mainEntityOfPage":{"@id":"https:\/\/dev.explora.cl\/aysen\/exitosa-inauguracion-de-la-xx-sncyt-en-la-region-de-aysen\/"},"wordCount":372,"commentCount":0,"image":{"@id":"https:\/\/dev.explora.cl\/aysen\/exitosa-inauguracion-de-la-xx-sncyt-en-la-region-de-aysen\/#primaryimage"},"thumbnailUrl":"https:\/\/dev.explora.cl\/aysen\/wp-content\/uploads\/sites\/18\/2018\/06\/42e117e0c4e849ea187baaf6f5afd9f6.jpg","articleSection":["Noticias"],"inLanguage":"es-CL","potentialAction":[{"@type":"CommentAction","name":"Comment","target":["https:\/\/dev.explora.cl\/aysen\/exitosa-inauguracion-de-la-xx-sncyt-en-la-region-de-aysen\/#respond"]}]},{"@type":"WebPage","@id":"https:\/\/dev.explora.cl\/aysen\/exitosa-inauguracion-de-la-xx-sncyt-en-la-region-de-aysen\/","url":"https:\/\/dev.explora.cl\/aysen\/exitosa-inauguracion-de-la-xx-sncyt-en-la-region-de-aysen\/","name":"Exitosa inauguraci\u00f3n de la XX SNCyT en la Regi\u00f3n de Ays\u00e9n. - Aysen","isPartOf":{"@id":"https:\/\/dev.explora.cl\/aysen\/#website"},"primaryImageOfPage":{"@id":"https:\/\/dev.explora.cl\/aysen\/exitosa-inauguracion-de-la-xx-sncyt-en-la-region-de-aysen\/#primaryimage"},"image":{"@id":"https:\/\/dev.explora.cl\/aysen\/exitosa-inauguracion-de-la-xx-sncyt-en-la-region-de-aysen\/#primaryimage"},"thumbnailUrl":"https:\/\/dev.explora.cl\/aysen\/wp-content\/uploads\/sites\/18\/2018\/06\/42e117e0c4e849ea187baaf6f5afd9f6.jpg","datePublished":"2014-10-07T04:00:00+00:00","dateModified":"2019-05-20T21:22:08+00:00","author":{"@id":"https:\/\/dev.explora.cl\/aysen\/#\/schema\/person\/cb8349c13ea2d324080adf8480d7ba5d"},"breadcrumb":{"@id":"https:\/\/dev.explora.cl\/aysen\/exitosa-inauguracion-de-la-xx-sncyt-en-la-region-de-aysen\/#breadcrumb"},"inLanguage":"es-CL","potentialAction":[{"@type":"ReadAction","target":["https:\/\/dev.explora.cl\/aysen\/exitosa-inauguracion-de-la-xx-sncyt-en-la-region-de-aysen\/"]}]},{"@type":"ImageObject","inLanguage":"es-CL","@id":"https:\/\/dev.explora.cl\/aysen\/exitosa-inauguracion-de-la-xx-sncyt-en-la-region-de-aysen\/#primaryimage","url":"https:\/\/dev.explora.cl\/aysen\/wp-content\/uploads\/sites\/18\/2018\/06\/42e117e0c4e849ea187baaf6f5afd9f6.jpg","contentUrl":"https:\/\/dev.explora.cl\/aysen\/wp-content\/uploads\/sites\/18\/2018\/06\/42e117e0c4e849ea187baaf6f5afd9f6.jpg","width":800,"height":533},{"@type":"BreadcrumbList","@id":"https:\/\/dev.explora.cl\/aysen\/exitosa-inauguracion-de-la-xx-sncyt-en-la-region-de-aysen\/#breadcrumb","itemListElement":[{"@type":"ListItem","position":1,"name":"Portada","item":"https:\/\/dev.explora.cl\/aysen\/"},{"@type":"ListItem","position":2,"name":"Exitosa inauguraci\u00f3n de la XX SNCyT en la Regi\u00f3n de Ays\u00e9n."}]},{"@type":"WebSite","@id":"https:\/\/dev.explora.cl\/aysen\/#website","url":"https:\/\/dev.explora.cl\/aysen\/","name":"Aysen","description":"Otro sitio m\u00e1s de dev.explora.cl","potentialAction":[{"@type":"SearchAction","target":{"@type":"EntryPoint","urlTemplate":"https:\/\/dev.explora.cl\/aysen\/?s={search_term_string}"},"query-input":{"@type":"PropertyValueSpecification","valueRequired":true,"valueName":"search_term_string"}}],"inLanguage":"es-CL"},{"@type":"Person","@id":"https:\/\/dev.explora.cl\/aysen\/#\/schema\/person\/cb8349c13ea2d324080adf8480d7ba5d","name":"webman","image":{"@type":"ImageObject","inLanguage":"es-CL","@id":"https:\/\/dev.explora.cl\/aysen\/#\/schema\/person\/image\/","url":"https:\/\/secure.gravatar.com\/avatar\/eeff3c82f2c02f7177d13663b7e6f890e9a6a0647ce9bb29cae02dcb094c7312?s=96&d=mm&r=g","contentUrl":"https:\/\/secure.gravatar.com\/avatar\/eeff3c82f2c02f7177d13663b7e6f890e9a6a0647ce9bb29cae02dcb094c7312?s=96&d=mm&r=g","caption":"webman"},"url":"https:\/\/dev.explora.cl\/aysen\/author\/webman\/"}]}},"_links":{"self":[{"href":"https:\/\/dev.explora.cl\/aysen\/wp-json\/wp\/v2\/posts\/126","targetHints":{"allow":["GET"]}}],"collection":[{"href":"https:\/\/dev.explora.cl\/aysen\/wp-json\/wp\/v2\/posts"}],"about":[{"href":"https:\/\/dev.explora.cl\/aysen\/wp-json\/wp\/v2\/types\/post"}],"author":[{"embeddable":true,"href":"https:\/\/dev.explora.cl\/aysen\/wp-json\/wp\/v2\/users\/2"}],"replies":[{"embeddable":true,"href":"https:\/\/dev.explora.cl\/aysen\/wp-json\/wp\/v2\/comments?post=126"}],"version-history":[{"count":1,"href":"https:\/\/dev.explora.cl\/aysen\/wp-json\/wp\/v2\/posts\/126\/revisions"}],"predecessor-version":[{"id":37351,"href":"https:\/\/dev.explora.cl\/aysen\/wp-json\/wp\/v2\/posts\/126\/revisions\/37351"}],"wp:featuredmedia":[{"embeddable":true,"href":"https:\/\/dev.explora.cl\/aysen\/wp-json\/wp\/v2\/media\/127"}],"wp:attachment":[{"href":"https:\/\/dev.explora.cl\/aysen\/wp-json\/wp\/v2\/media?parent=126"}],"wp:term":[{"taxonomy":"category","embeddable":true,"href":"https:\/\/dev.explora.cl\/aysen\/wp-json\/wp\/v2\/categories?post=126"},{"taxonomy":"post_tag","embeddable":true,"href":"https:\/\/dev.explora.cl\/aysen\/wp-json\/wp\/v2\/tags?post=126"}],"curies":[{"name":"wp","href":"https:\/\/api.w.org\/{rel}","templated":true}]}}