{"id":120,"date":"2014-09-15T00:00:00","date_gmt":"2014-09-15T04:00:00","guid":{"rendered":"https:\/\/dev.explora.cl\/aysen\/blog\/2014\/09\/15\/bases-trabajos-para-ix-congreso-regional-escolar-de-ciencia-y-tecnologia-explora-conicyt-2014-region-de-aysen\/"},"modified":"2019-05-20T21:22:10","modified_gmt":"2019-05-20T21:22:10","slug":"bases-trabajos-para-ix-congreso-regional-escolar-de-ciencia-y-tecnologia-explora-conicyt-2014-region-de-aysen","status":"publish","type":"post","link":"https:\/\/dev.explora.cl\/aysen\/bases-trabajos-para-ix-congreso-regional-escolar-de-ciencia-y-tecnologia-explora-conicyt-2014-region-de-aysen\/","title":{"rendered":"Bases trabajos para IX Congreso Regional Escolar de Ciencia y Tecnolog\u00eda EXPLORA CONICYT 2014, Regi\u00f3n de Ays\u00e9n."},"content":{"rendered":"<p><img loading=\"lazy\" decoding=\"async\" class=\" size-full wp-image-5586\" src=\"http:\/\/ec2-34-218-253-251.us-west-2.compute.amazonaws.com\/wp-content\/uploads\/2014\/09\/6bf31aebc831e36655b1408dda8527f4.jpg\" alt=\"\" width=\"1008\" height=\"440\" \/><\/p>\n<p>El Programa EXPLORA de la Comisi\u00f3n Nacional de Investigaci\u00f3n Cient\u00edfica y\u00a0Tecnol\u00f3gica, CONICYT, invita a enviar trabajos al IX Congreso Regional Escolar\u00a0de Ciencia y Tecnolog\u00eda EXPLORA CONICYT 2014, Regi\u00f3n de Ays\u00e9n del General\u00a0Carlos Ib\u00e1\u00f1ez del Campo. Las categor\u00edas de participaci\u00f3n son de (a) Investigaci\u00f3n\u00a0en todas las \u00e1reas de las Ciencias, ya sean naturales, sociales, m\u00e9dicas y de la salud,\u00a0agr\u00edcolas, humanas y de la comunicaci\u00f3n o (b) Desarrollo en las \u00e1reas de Ingenier\u00eda y\u00a0Tecnolog\u00eda.<\/p>\n<p>Esta actividad se realizar\u00e1 para el d\u00eda 29 y 30 de octubre en el Centro Cultural Coyhaique ubicado en la calle Eusebio Lillo #23.<\/p>\n<p>Los Congresos Escolares EXPLORA CONICYT son ferias de investigaci\u00f3n cient\u00edfica y\u00a0desarrollo tecnol\u00f3gico donde pueden competir estudiantes de establecimientos\u00a0educacionales municipalizados, particulares subvencionados y particulares pagados,\u00a0con sus trabajos de investigaci\u00f3n en todas las \u00e1reas de las ciencias, desarrollos en\u00a0ingenier\u00eda y tecnolog\u00eda.<\/p>\n<p>En cada regi\u00f3n, habr\u00e1 al menos dos proyectos ganadores, uno de Educaci\u00f3n Media y\u00a0otro de Educaci\u00f3n B\u00e1sica, que asistir\u00e1n XV Congreso Nacional Escolar de Ciencia y\u00a0Tecnolog\u00eda EXPLORA CONICYT que se realizar\u00e1 en Santiago, Regi\u00f3n Metropolitana, los\u00a0d\u00edas 25, 26 y 27 de noviembre de 2014.<\/p>\n<p>Los proyectos ganadores que asisten al evento nacional s\u00f3lo pueden pertenecer a las\u00a0categor\u00edas de (a) Investigaci\u00f3n en todas las \u00e1reas de las Ciencias o (b) Desarrollo en\u00a0Ingenier\u00eda y Tecnolog\u00eda. Podr\u00e1n viajar m\u00e1s equipos siempre que la disponibilidad\u00a0presupuestaria del Proyecto Asociativo Regional EXPLORA a cargo lo permita.<\/p>\n","protected":false},"excerpt":{"rendered":"<p>El Programa EXPLORA de la Comisi\u00f3n Nacional de Investigaci\u00f3n Cient\u00edfica y\u00a0Tecnol\u00f3gica, CONICYT, invita a enviar trabajos al IX Congreso Regional Escolar\u00a0de Ciencia y Tecnolog\u00eda EXPLORA CONICYT 2014, Regi\u00f3n de Ays\u00e9n del General\u00a0Carlos Ib\u00e1\u00f1ez del Campo. Las categor\u00edas de participaci\u00f3n son de (a) Investigaci\u00f3n\u00a0en todas las \u00e1reas de las Ciencias, ya sean naturales, sociales, m\u00e9dicas y [&hellip;]<\/p>\n","protected":false},"author":2,"featured_media":33784,"comment_status":"open","ping_status":"open","sticky":false,"template":"","format":"standard","meta":{"_acf_changed":false,"_exactmetrics_skip_tracking":false,"_exactmetrics_sitenote_active":false,"_exactmetrics_sitenote_note":"","_exactmetrics_sitenote_category":0,"footnotes":"","_links_to":"","_links_to_target":""},"categories":[4],"tags":[],"class_list":["post-120","post","type-post","status-publish","format-standard","has-post-thumbnail","hentry","category-noticias"],"acf":[],"yoast_head":"<!-- This site is optimized with the Yoast SEO plugin v26.7 - https:\/\/yoast.com\/wordpress\/plugins\/seo\/ -->\n<title>Bases trabajos para IX Congreso Regional Escolar de Ciencia y Tecnolog\u00eda EXPLORA CONICYT 2014, Regi\u00f3n de Ays\u00e9n. - Aysen<\/title>\n<meta name=\"robots\" content=\"index, follow, max-snippet:-1, max-image-preview:large, max-video-preview:-1\" \/>\n<link rel=\"canonical\" href=\"https:\/\/dev.explora.cl\/aysen\/bases-trabajos-para-ix-congreso-regional-escolar-de-ciencia-y-tecnologia-explora-conicyt-2014-region-de-aysen\/\" class=\"yoast-seo-meta-tag\" \/>\n<meta property=\"og:locale\" content=\"es_ES\" class=\"yoast-seo-meta-tag\" \/>\n<meta property=\"og:type\" content=\"article\" class=\"yoast-seo-meta-tag\" \/>\n<meta property=\"og:title\" content=\"Bases trabajos para IX Congreso Regional Escolar de Ciencia y Tecnolog\u00eda EXPLORA CONICYT 2014, Regi\u00f3n de Ays\u00e9n. - Aysen\" class=\"yoast-seo-meta-tag\" \/>\n<meta property=\"og:description\" content=\"El Programa EXPLORA de la Comisi\u00f3n Nacional de Investigaci\u00f3n Cient\u00edfica y\u00a0Tecnol\u00f3gica, CONICYT, invita a enviar trabajos al IX Congreso Regional Escolar\u00a0de Ciencia y Tecnolog\u00eda EXPLORA CONICYT 2014, Regi\u00f3n de Ays\u00e9n del General\u00a0Carlos Ib\u00e1\u00f1ez del Campo. Las categor\u00edas de participaci\u00f3n son de (a) Investigaci\u00f3n\u00a0en todas las \u00e1reas de las Ciencias, ya sean naturales, sociales, m\u00e9dicas y [&hellip;]\" class=\"yoast-seo-meta-tag\" \/>\n<meta property=\"og:url\" content=\"https:\/\/dev.explora.cl\/aysen\/bases-trabajos-para-ix-congreso-regional-escolar-de-ciencia-y-tecnologia-explora-conicyt-2014-region-de-aysen\/\" class=\"yoast-seo-meta-tag\" \/>\n<meta property=\"og:site_name\" content=\"Aysen\" class=\"yoast-seo-meta-tag\" \/>\n<meta property=\"article:published_time\" content=\"2014-09-15T04:00:00+00:00\" class=\"yoast-seo-meta-tag\" \/>\n<meta property=\"article:modified_time\" content=\"2019-05-20T21:22:10+00:00\" class=\"yoast-seo-meta-tag\" \/>\n<meta property=\"og:image\" content=\"https:\/\/dev.explora.cl\/aysen\/wp-content\/uploads\/sites\/18\/2018\/06\/6bf31aebc831e36655b1408dda8527f4.jpg\" class=\"yoast-seo-meta-tag\" \/>\n\t<meta property=\"og:image:width\" content=\"1008\" class=\"yoast-seo-meta-tag\" \/>\n\t<meta property=\"og:image:height\" content=\"440\" class=\"yoast-seo-meta-tag\" \/>\n\t<meta property=\"og:image:type\" content=\"image\/jpeg\" class=\"yoast-seo-meta-tag\" \/>\n<meta name=\"author\" content=\"webman\" class=\"yoast-seo-meta-tag\" \/>\n<meta name=\"twitter:card\" content=\"summary_large_image\" class=\"yoast-seo-meta-tag\" \/>\n<meta name=\"twitter:label1\" content=\"Escrito por\" class=\"yoast-seo-meta-tag\" \/>\n\t<meta name=\"twitter:data1\" content=\"webman\" class=\"yoast-seo-meta-tag\" \/>\n\t<meta name=\"twitter:label2\" content=\"Tiempo estimado de lectura\" class=\"yoast-seo-meta-tag\" \/>\n\t<meta name=\"twitter:data2\" content=\"1 minuto\" class=\"yoast-seo-meta-tag\" \/>\n<script type=\"application\/ld+json\" class=\"yoast-schema-graph\">{\"@context\":\"https:\/\/schema.org\",\"@graph\":[{\"@type\":\"Article\",\"@id\":\"https:\/\/dev.explora.cl\/aysen\/bases-trabajos-para-ix-congreso-regional-escolar-de-ciencia-y-tecnologia-explora-conicyt-2014-region-de-aysen\/#article\",\"isPartOf\":{\"@id\":\"https:\/\/dev.explora.cl\/aysen\/bases-trabajos-para-ix-congreso-regional-escolar-de-ciencia-y-tecnologia-explora-conicyt-2014-region-de-aysen\/\"},\"author\":{\"name\":\"webman\",\"@id\":\"https:\/\/dev.explora.cl\/aysen\/#\/schema\/person\/cb8349c13ea2d324080adf8480d7ba5d\"},\"headline\":\"Bases trabajos para IX Congreso Regional Escolar de Ciencia y Tecnolog\u00eda EXPLORA CONICYT 2014, Regi\u00f3n de Ays\u00e9n.\",\"datePublished\":\"2014-09-15T04:00:00+00:00\",\"dateModified\":\"2019-05-20T21:22:10+00:00\",\"mainEntityOfPage\":{\"@id\":\"https:\/\/dev.explora.cl\/aysen\/bases-trabajos-para-ix-congreso-regional-escolar-de-ciencia-y-tecnologia-explora-conicyt-2014-region-de-aysen\/\"},\"wordCount\":290,\"commentCount\":0,\"image\":{\"@id\":\"https:\/\/dev.explora.cl\/aysen\/bases-trabajos-para-ix-congreso-regional-escolar-de-ciencia-y-tecnologia-explora-conicyt-2014-region-de-aysen\/#primaryimage\"},\"thumbnailUrl\":\"https:\/\/dev.explora.cl\/aysen\/wp-content\/uploads\/sites\/18\/2018\/06\/6bf31aebc831e36655b1408dda8527f4.jpg\",\"articleSection\":[\"Noticias\"],\"inLanguage\":\"es-CL\",\"potentialAction\":[{\"@type\":\"CommentAction\",\"name\":\"Comment\",\"target\":[\"https:\/\/dev.explora.cl\/aysen\/bases-trabajos-para-ix-congreso-regional-escolar-de-ciencia-y-tecnologia-explora-conicyt-2014-region-de-aysen\/#respond\"]}]},{\"@type\":\"WebPage\",\"@id\":\"https:\/\/dev.explora.cl\/aysen\/bases-trabajos-para-ix-congreso-regional-escolar-de-ciencia-y-tecnologia-explora-conicyt-2014-region-de-aysen\/\",\"url\":\"https:\/\/dev.explora.cl\/aysen\/bases-trabajos-para-ix-congreso-regional-escolar-de-ciencia-y-tecnologia-explora-conicyt-2014-region-de-aysen\/\",\"name\":\"Bases trabajos para IX Congreso Regional Escolar de Ciencia y Tecnolog\u00eda EXPLORA CONICYT 2014, Regi\u00f3n de Ays\u00e9n. - Aysen\",\"isPartOf\":{\"@id\":\"https:\/\/dev.explora.cl\/aysen\/#website\"},\"primaryImageOfPage\":{\"@id\":\"https:\/\/dev.explora.cl\/aysen\/bases-trabajos-para-ix-congreso-regional-escolar-de-ciencia-y-tecnologia-explora-conicyt-2014-region-de-aysen\/#primaryimage\"},\"image\":{\"@id\":\"https:\/\/dev.explora.cl\/aysen\/bases-trabajos-para-ix-congreso-regional-escolar-de-ciencia-y-tecnologia-explora-conicyt-2014-region-de-aysen\/#primaryimage\"},\"thumbnailUrl\":\"https:\/\/dev.explora.cl\/aysen\/wp-content\/uploads\/sites\/18\/2018\/06\/6bf31aebc831e36655b1408dda8527f4.jpg\",\"datePublished\":\"2014-09-15T04:00:00+00:00\",\"dateModified\":\"2019-05-20T21:22:10+00:00\",\"author\":{\"@id\":\"https:\/\/dev.explora.cl\/aysen\/#\/schema\/person\/cb8349c13ea2d324080adf8480d7ba5d\"},\"breadcrumb\":{\"@id\":\"https:\/\/dev.explora.cl\/aysen\/bases-trabajos-para-ix-congreso-regional-escolar-de-ciencia-y-tecnologia-explora-conicyt-2014-region-de-aysen\/#breadcrumb\"},\"inLanguage\":\"es-CL\",\"potentialAction\":[{\"@type\":\"ReadAction\",\"target\":[\"https:\/\/dev.explora.cl\/aysen\/bases-trabajos-para-ix-congreso-regional-escolar-de-ciencia-y-tecnologia-explora-conicyt-2014-region-de-aysen\/\"]}]},{\"@type\":\"ImageObject\",\"inLanguage\":\"es-CL\",\"@id\":\"https:\/\/dev.explora.cl\/aysen\/bases-trabajos-para-ix-congreso-regional-escolar-de-ciencia-y-tecnologia-explora-conicyt-2014-region-de-aysen\/#primaryimage\",\"url\":\"https:\/\/dev.explora.cl\/aysen\/wp-content\/uploads\/sites\/18\/2018\/06\/6bf31aebc831e36655b1408dda8527f4.jpg\",\"contentUrl\":\"https:\/\/dev.explora.cl\/aysen\/wp-content\/uploads\/sites\/18\/2018\/06\/6bf31aebc831e36655b1408dda8527f4.jpg\",\"width\":1008,\"height\":440},{\"@type\":\"BreadcrumbList\",\"@id\":\"https:\/\/dev.explora.cl\/aysen\/bases-trabajos-para-ix-congreso-regional-escolar-de-ciencia-y-tecnologia-explora-conicyt-2014-region-de-aysen\/#breadcrumb\",\"itemListElement\":[{\"@type\":\"ListItem\",\"position\":1,\"name\":\"Portada\",\"item\":\"https:\/\/dev.explora.cl\/aysen\/\"},{\"@type\":\"ListItem\",\"position\":2,\"name\":\"Bases trabajos para IX Congreso Regional Escolar de Ciencia y Tecnolog\u00eda EXPLORA CONICYT 2014, Regi\u00f3n de Ays\u00e9n.\"}]},{\"@type\":\"WebSite\",\"@id\":\"https:\/\/dev.explora.cl\/aysen\/#website\",\"url\":\"https:\/\/dev.explora.cl\/aysen\/\",\"name\":\"Aysen\",\"description\":\"Otro sitio m\u00e1s de dev.explora.cl\",\"potentialAction\":[{\"@type\":\"SearchAction\",\"target\":{\"@type\":\"EntryPoint\",\"urlTemplate\":\"https:\/\/dev.explora.cl\/aysen\/?s={search_term_string}\"},\"query-input\":{\"@type\":\"PropertyValueSpecification\",\"valueRequired\":true,\"valueName\":\"search_term_string\"}}],\"inLanguage\":\"es-CL\"},{\"@type\":\"Person\",\"@id\":\"https:\/\/dev.explora.cl\/aysen\/#\/schema\/person\/cb8349c13ea2d324080adf8480d7ba5d\",\"name\":\"webman\",\"image\":{\"@type\":\"ImageObject\",\"inLanguage\":\"es-CL\",\"@id\":\"https:\/\/dev.explora.cl\/aysen\/#\/schema\/person\/image\/\",\"url\":\"https:\/\/secure.gravatar.com\/avatar\/eeff3c82f2c02f7177d13663b7e6f890e9a6a0647ce9bb29cae02dcb094c7312?s=96&d=mm&r=g\",\"contentUrl\":\"https:\/\/secure.gravatar.com\/avatar\/eeff3c82f2c02f7177d13663b7e6f890e9a6a0647ce9bb29cae02dcb094c7312?s=96&d=mm&r=g\",\"caption\":\"webman\"},\"url\":\"https:\/\/dev.explora.cl\/aysen\/author\/webman\/\"}]}<\/script>\n<!-- \/ Yoast SEO plugin. -->","yoast_head_json":{"title":"Bases trabajos para IX Congreso Regional Escolar de Ciencia y Tecnolog\u00eda EXPLORA CONICYT 2014, Regi\u00f3n de Ays\u00e9n. - Aysen","robots":{"index":"index","follow":"follow","max-snippet":"max-snippet:-1","max-image-preview":"max-image-preview:large","max-video-preview":"max-video-preview:-1"},"canonical":"https:\/\/dev.explora.cl\/aysen\/bases-trabajos-para-ix-congreso-regional-escolar-de-ciencia-y-tecnologia-explora-conicyt-2014-region-de-aysen\/","og_locale":"es_ES","og_type":"article","og_title":"Bases trabajos para IX Congreso Regional Escolar de Ciencia y Tecnolog\u00eda EXPLORA CONICYT 2014, Regi\u00f3n de Ays\u00e9n. - Aysen","og_description":"El Programa EXPLORA de la Comisi\u00f3n Nacional de Investigaci\u00f3n Cient\u00edfica y\u00a0Tecnol\u00f3gica, CONICYT, invita a enviar trabajos al IX Congreso Regional Escolar\u00a0de Ciencia y Tecnolog\u00eda EXPLORA CONICYT 2014, Regi\u00f3n de Ays\u00e9n del General\u00a0Carlos Ib\u00e1\u00f1ez del Campo. Las categor\u00edas de participaci\u00f3n son de (a) Investigaci\u00f3n\u00a0en todas las \u00e1reas de las Ciencias, ya sean naturales, sociales, m\u00e9dicas y [&hellip;]","og_url":"https:\/\/dev.explora.cl\/aysen\/bases-trabajos-para-ix-congreso-regional-escolar-de-ciencia-y-tecnologia-explora-conicyt-2014-region-de-aysen\/","og_site_name":"Aysen","article_published_time":"2014-09-15T04:00:00+00:00","article_modified_time":"2019-05-20T21:22:10+00:00","og_image":[{"width":1008,"height":440,"url":"https:\/\/dev.explora.cl\/aysen\/wp-content\/uploads\/sites\/18\/2018\/06\/6bf31aebc831e36655b1408dda8527f4.jpg","type":"image\/jpeg"}],"author":"webman","twitter_card":"summary_large_image","twitter_misc":{"Escrito por":"webman","Tiempo estimado de lectura":"1 minuto"},"schema":{"@context":"https:\/\/schema.org","@graph":[{"@type":"Article","@id":"https:\/\/dev.explora.cl\/aysen\/bases-trabajos-para-ix-congreso-regional-escolar-de-ciencia-y-tecnologia-explora-conicyt-2014-region-de-aysen\/#article","isPartOf":{"@id":"https:\/\/dev.explora.cl\/aysen\/bases-trabajos-para-ix-congreso-regional-escolar-de-ciencia-y-tecnologia-explora-conicyt-2014-region-de-aysen\/"},"author":{"name":"webman","@id":"https:\/\/dev.explora.cl\/aysen\/#\/schema\/person\/cb8349c13ea2d324080adf8480d7ba5d"},"headline":"Bases trabajos para IX Congreso Regional Escolar de Ciencia y Tecnolog\u00eda EXPLORA CONICYT 2014, Regi\u00f3n de Ays\u00e9n.","datePublished":"2014-09-15T04:00:00+00:00","dateModified":"2019-05-20T21:22:10+00:00","mainEntityOfPage":{"@id":"https:\/\/dev.explora.cl\/aysen\/bases-trabajos-para-ix-congreso-regional-escolar-de-ciencia-y-tecnologia-explora-conicyt-2014-region-de-aysen\/"},"wordCount":290,"commentCount":0,"image":{"@id":"https:\/\/dev.explora.cl\/aysen\/bases-trabajos-para-ix-congreso-regional-escolar-de-ciencia-y-tecnologia-explora-conicyt-2014-region-de-aysen\/#primaryimage"},"thumbnailUrl":"https:\/\/dev.explora.cl\/aysen\/wp-content\/uploads\/sites\/18\/2018\/06\/6bf31aebc831e36655b1408dda8527f4.jpg","articleSection":["Noticias"],"inLanguage":"es-CL","potentialAction":[{"@type":"CommentAction","name":"Comment","target":["https:\/\/dev.explora.cl\/aysen\/bases-trabajos-para-ix-congreso-regional-escolar-de-ciencia-y-tecnologia-explora-conicyt-2014-region-de-aysen\/#respond"]}]},{"@type":"WebPage","@id":"https:\/\/dev.explora.cl\/aysen\/bases-trabajos-para-ix-congreso-regional-escolar-de-ciencia-y-tecnologia-explora-conicyt-2014-region-de-aysen\/","url":"https:\/\/dev.explora.cl\/aysen\/bases-trabajos-para-ix-congreso-regional-escolar-de-ciencia-y-tecnologia-explora-conicyt-2014-region-de-aysen\/","name":"Bases trabajos para IX Congreso Regional Escolar de Ciencia y Tecnolog\u00eda EXPLORA CONICYT 2014, Regi\u00f3n de Ays\u00e9n. - Aysen","isPartOf":{"@id":"https:\/\/dev.explora.cl\/aysen\/#website"},"primaryImageOfPage":{"@id":"https:\/\/dev.explora.cl\/aysen\/bases-trabajos-para-ix-congreso-regional-escolar-de-ciencia-y-tecnologia-explora-conicyt-2014-region-de-aysen\/#primaryimage"},"image":{"@id":"https:\/\/dev.explora.cl\/aysen\/bases-trabajos-para-ix-congreso-regional-escolar-de-ciencia-y-tecnologia-explora-conicyt-2014-region-de-aysen\/#primaryimage"},"thumbnailUrl":"https:\/\/dev.explora.cl\/aysen\/wp-content\/uploads\/sites\/18\/2018\/06\/6bf31aebc831e36655b1408dda8527f4.jpg","datePublished":"2014-09-15T04:00:00+00:00","dateModified":"2019-05-20T21:22:10+00:00","author":{"@id":"https:\/\/dev.explora.cl\/aysen\/#\/schema\/person\/cb8349c13ea2d324080adf8480d7ba5d"},"breadcrumb":{"@id":"https:\/\/dev.explora.cl\/aysen\/bases-trabajos-para-ix-congreso-regional-escolar-de-ciencia-y-tecnologia-explora-conicyt-2014-region-de-aysen\/#breadcrumb"},"inLanguage":"es-CL","potentialAction":[{"@type":"ReadAction","target":["https:\/\/dev.explora.cl\/aysen\/bases-trabajos-para-ix-congreso-regional-escolar-de-ciencia-y-tecnologia-explora-conicyt-2014-region-de-aysen\/"]}]},{"@type":"ImageObject","inLanguage":"es-CL","@id":"https:\/\/dev.explora.cl\/aysen\/bases-trabajos-para-ix-congreso-regional-escolar-de-ciencia-y-tecnologia-explora-conicyt-2014-region-de-aysen\/#primaryimage","url":"https:\/\/dev.explora.cl\/aysen\/wp-content\/uploads\/sites\/18\/2018\/06\/6bf31aebc831e36655b1408dda8527f4.jpg","contentUrl":"https:\/\/dev.explora.cl\/aysen\/wp-content\/uploads\/sites\/18\/2018\/06\/6bf31aebc831e36655b1408dda8527f4.jpg","width":1008,"height":440},{"@type":"BreadcrumbList","@id":"https:\/\/dev.explora.cl\/aysen\/bases-trabajos-para-ix-congreso-regional-escolar-de-ciencia-y-tecnologia-explora-conicyt-2014-region-de-aysen\/#breadcrumb","itemListElement":[{"@type":"ListItem","position":1,"name":"Portada","item":"https:\/\/dev.explora.cl\/aysen\/"},{"@type":"ListItem","position":2,"name":"Bases trabajos para IX Congreso Regional Escolar de Ciencia y Tecnolog\u00eda EXPLORA CONICYT 2014, Regi\u00f3n de Ays\u00e9n."}]},{"@type":"WebSite","@id":"https:\/\/dev.explora.cl\/aysen\/#website","url":"https:\/\/dev.explora.cl\/aysen\/","name":"Aysen","description":"Otro sitio m\u00e1s de dev.explora.cl","potentialAction":[{"@type":"SearchAction","target":{"@type":"EntryPoint","urlTemplate":"https:\/\/dev.explora.cl\/aysen\/?s={search_term_string}"},"query-input":{"@type":"PropertyValueSpecification","valueRequired":true,"valueName":"search_term_string"}}],"inLanguage":"es-CL"},{"@type":"Person","@id":"https:\/\/dev.explora.cl\/aysen\/#\/schema\/person\/cb8349c13ea2d324080adf8480d7ba5d","name":"webman","image":{"@type":"ImageObject","inLanguage":"es-CL","@id":"https:\/\/dev.explora.cl\/aysen\/#\/schema\/person\/image\/","url":"https:\/\/secure.gravatar.com\/avatar\/eeff3c82f2c02f7177d13663b7e6f890e9a6a0647ce9bb29cae02dcb094c7312?s=96&d=mm&r=g","contentUrl":"https:\/\/secure.gravatar.com\/avatar\/eeff3c82f2c02f7177d13663b7e6f890e9a6a0647ce9bb29cae02dcb094c7312?s=96&d=mm&r=g","caption":"webman"},"url":"https:\/\/dev.explora.cl\/aysen\/author\/webman\/"}]}},"_links":{"self":[{"href":"https:\/\/dev.explora.cl\/aysen\/wp-json\/wp\/v2\/posts\/120","targetHints":{"allow":["GET"]}}],"collection":[{"href":"https:\/\/dev.explora.cl\/aysen\/wp-json\/wp\/v2\/posts"}],"about":[{"href":"https:\/\/dev.explora.cl\/aysen\/wp-json\/wp\/v2\/types\/post"}],"author":[{"embeddable":true,"href":"https:\/\/dev.explora.cl\/aysen\/wp-json\/wp\/v2\/users\/2"}],"replies":[{"embeddable":true,"href":"https:\/\/dev.explora.cl\/aysen\/wp-json\/wp\/v2\/comments?post=120"}],"version-history":[{"count":1,"href":"https:\/\/dev.explora.cl\/aysen\/wp-json\/wp\/v2\/posts\/120\/revisions"}],"predecessor-version":[{"id":37357,"href":"https:\/\/dev.explora.cl\/aysen\/wp-json\/wp\/v2\/posts\/120\/revisions\/37357"}],"wp:featuredmedia":[{"embeddable":true,"href":"https:\/\/dev.explora.cl\/aysen\/wp-json\/wp\/v2\/media\/33784"}],"wp:attachment":[{"href":"https:\/\/dev.explora.cl\/aysen\/wp-json\/wp\/v2\/media?parent=120"}],"wp:term":[{"taxonomy":"category","embeddable":true,"href":"https:\/\/dev.explora.cl\/aysen\/wp-json\/wp\/v2\/categories?post=120"},{"taxonomy":"post_tag","embeddable":true,"href":"https:\/\/dev.explora.cl\/aysen\/wp-json\/wp\/v2\/tags?post=120"}],"curies":[{"name":"wp","href":"https:\/\/api.w.org\/{rel}","templated":true}]}}