{"id":118,"date":"2014-09-23T00:00:00","date_gmt":"2014-09-23T04:00:00","guid":{"rendered":"https:\/\/dev.explora.cl\/aysen\/blog\/2014\/09\/23\/par-explora-aysen-realizo-seminario-sobre-hans-steffen-y-augusto-grosse\/"},"modified":"2019-05-20T21:22:09","modified_gmt":"2019-05-20T21:22:09","slug":"par-explora-aysen-realizo-seminario-sobre-hans-steffen-y-augusto-grosse","status":"publish","type":"post","link":"https:\/\/dev.explora.cl\/aysen\/par-explora-aysen-realizo-seminario-sobre-hans-steffen-y-augusto-grosse\/","title":{"rendered":"PAR EXPLORA Ays\u00e9n realiz\u00f3 seminario sobre Hans Steffen y Augusto Grosse."},"content":{"rendered":"<p><img loading=\"lazy\" decoding=\"async\" class=\" size-full wp-image-5577\" src=\"http:\/\/ec2-34-218-253-251.us-west-2.compute.amazonaws.com\/wp-content\/uploads\/2014\/09\/048b0b6f1b442b0a916fd7e5022b1905.jpg\" alt=\"\" width=\"800\" height=\"533\" \/><\/p>\n<p>El PAR EXPLORA Regi\u00f3n de Ays\u00e9n ejecutado por el Campus Patagonia de la Universidad Austral de Chile junto con el Centro de Estudios en Ecosistemas de la Patagonia (CIEP) realizaron este Seminario de Historia y Ciencias Sociales en el Auditorio de MOP donde asistieron estudiantes de el Colegio Alianza Austral, Colegio Alborada y Liceo Bicentenario Altos del Mackay.<\/p>\n<p>El seminario se enfoc\u00f3 principalmente en revisar el aporte realizado por dos emblem\u00e1ticos exploradores que recorrieron la regi\u00f3n de Ays\u00e9n contribuyendo en su desarrollo. El Dr. Carlos Sanhueza expuso sobre la obra del Ge\u00f3grafo Alem\u00e1n Hans Steffen en la Patagonia y Luis Olivares, miembro de la ONG Aumen, coment\u00f3 sobre la vida de Augusto Grosse exhibiendo parte del video \u201cExplorando Ays\u00e9n\u201d donde se pueden apreciar im\u00e1genes editadas de las expediciones realizadas por este aventurero.<\/p>\n<p>Para concluir la actividad se llev\u00f3 a cabo una interacci\u00f3n entre la audiencia, los dos expositores que participaron del Seminario y Anah\u00ed Huechan, Persidenta de la Sociedad de Historia y Geograf\u00eda de Ays\u00e9n.<\/p>\n<p>El Dr. Carlos Sanhueza, Profesor del Departamento de Ciencias Hist\u00f3ricas de la Universidad de Chile, expres\u00f3 su felicidad de estar por primera vez en la regi\u00f3n de Ays\u00e9n y valor\u00f3 la realizaci\u00f3n de la actividad. \u201cEs un punto de encuentro fascinante que permite que trabajos que circulan en otros \u00e1mbitos puedan encontrar un p\u00fablico nuevo que son los estudiantes, a los cuales estos libros no est\u00e1n destinados. Es importante que los estudiantes puedan ver que la historia es algo que se est\u00e1 investigando y que tiene muchos aspectos que no se conocen como el aporte que ten\u00edan los grupos expedicionarios y no s\u00f3lo los grandes cient\u00edficos sino que tambi\u00e9n los chilotes que llegaban con conocimientos ind\u00edgenas a la zona\u201d.<\/p>\n<p>Luis Olivares, Vicepresidente de la ONG Aumen, valor\u00f3 positivamente la actividad visualizando el impulso que puede generar en el \u00e1mbito vocacional de los estudiantes de la Regi\u00f3n. \u201cLa idea es contribuir y sumar para que todo este patrimonio que tenemos, tanto natural como cultural e hist\u00f3rico, no se guarde sino que se comparta y se pueda transmitir. Es una buena gesti\u00f3n la que se hace desde la Universidad invitando a alumnos de ense\u00f1anza media para que se vayan empapando de lo que nosotros tenemos y ojal\u00e1 generar un inter\u00e9s en seguir investigando estos temas&#8221;.<\/p>\n<p>Pedro Matus, Director de PAR EXPLORA Regi\u00f3n de Ays\u00e9n, destac\u00f3 la importancia de realizar este tipo de actividades donde j\u00f3venes de ense\u00f1anza media puede profundizar y dialogar en torno a personajes que marcaron la historia local. &#8220;La Regi\u00f3n de Ays\u00e9n fue uno de los \u00faltimos territorios del pa\u00eds en ser poblado debido principalmente a lo complejo de su orograf\u00eda y clima, para que ello ocurriera destacados hombres y mujeres vinieron antes que nosotros. En este sentido es my importante conocer de la historia de los primeros expedicionarios de la Regi\u00f3n, quienes fueron los que abrieron el camino para que otros vinieran despu\u00e9s. De eso se trata este seminario, de poner en valor el trabajo de estas personas, gracias al rescate que destacados investigadores han realizado&#8221;.<\/p>\n","protected":false},"excerpt":{"rendered":"<p>El PAR EXPLORA Regi\u00f3n de Ays\u00e9n ejecutado por el Campus Patagonia de la Universidad Austral de Chile junto con el Centro de Estudios en Ecosistemas de la Patagonia (CIEP) realizaron este Seminario de Historia y Ciencias Sociales en el Auditorio de MOP donde asistieron estudiantes de el Colegio Alianza Austral, Colegio Alborada y Liceo Bicentenario [&hellip;]<\/p>\n","protected":false},"author":2,"featured_media":119,"comment_status":"open","ping_status":"open","sticky":false,"template":"","format":"standard","meta":{"_acf_changed":false,"_exactmetrics_skip_tracking":false,"_exactmetrics_sitenote_active":false,"_exactmetrics_sitenote_note":"","_exactmetrics_sitenote_category":0,"footnotes":"","_links_to":"","_links_to_target":""},"categories":[4],"tags":[],"class_list":["post-118","post","type-post","status-publish","format-standard","has-post-thumbnail","hentry","category-noticias"],"acf":[],"yoast_head":"<!-- This site is optimized with the Yoast SEO plugin v26.7 - https:\/\/yoast.com\/wordpress\/plugins\/seo\/ -->\n<title>PAR EXPLORA Ays\u00e9n realiz\u00f3 seminario sobre Hans Steffen y Augusto Grosse. - Aysen<\/title>\n<meta name=\"robots\" content=\"index, follow, max-snippet:-1, max-image-preview:large, max-video-preview:-1\" \/>\n<link rel=\"canonical\" href=\"https:\/\/dev.explora.cl\/aysen\/par-explora-aysen-realizo-seminario-sobre-hans-steffen-y-augusto-grosse\/\" class=\"yoast-seo-meta-tag\" \/>\n<meta property=\"og:locale\" content=\"es_ES\" class=\"yoast-seo-meta-tag\" \/>\n<meta property=\"og:type\" content=\"article\" class=\"yoast-seo-meta-tag\" \/>\n<meta property=\"og:title\" content=\"PAR EXPLORA Ays\u00e9n realiz\u00f3 seminario sobre Hans Steffen y Augusto Grosse. - Aysen\" class=\"yoast-seo-meta-tag\" \/>\n<meta property=\"og:description\" content=\"El PAR EXPLORA Regi\u00f3n de Ays\u00e9n ejecutado por el Campus Patagonia de la Universidad Austral de Chile junto con el Centro de Estudios en Ecosistemas de la Patagonia (CIEP) realizaron este Seminario de Historia y Ciencias Sociales en el Auditorio de MOP donde asistieron estudiantes de el Colegio Alianza Austral, Colegio Alborada y Liceo Bicentenario [&hellip;]\" class=\"yoast-seo-meta-tag\" \/>\n<meta property=\"og:url\" content=\"https:\/\/dev.explora.cl\/aysen\/par-explora-aysen-realizo-seminario-sobre-hans-steffen-y-augusto-grosse\/\" class=\"yoast-seo-meta-tag\" \/>\n<meta property=\"og:site_name\" content=\"Aysen\" class=\"yoast-seo-meta-tag\" \/>\n<meta property=\"article:published_time\" content=\"2014-09-23T04:00:00+00:00\" class=\"yoast-seo-meta-tag\" \/>\n<meta property=\"article:modified_time\" content=\"2019-05-20T21:22:09+00:00\" class=\"yoast-seo-meta-tag\" \/>\n<meta property=\"og:image\" content=\"https:\/\/dev.explora.cl\/aysen\/wp-content\/uploads\/sites\/18\/2018\/06\/048b0b6f1b442b0a916fd7e5022b1905.jpg\" class=\"yoast-seo-meta-tag\" \/>\n\t<meta property=\"og:image:width\" content=\"800\" class=\"yoast-seo-meta-tag\" \/>\n\t<meta property=\"og:image:height\" content=\"533\" class=\"yoast-seo-meta-tag\" \/>\n\t<meta property=\"og:image:type\" content=\"image\/jpeg\" class=\"yoast-seo-meta-tag\" \/>\n<meta name=\"author\" content=\"webman\" class=\"yoast-seo-meta-tag\" \/>\n<meta name=\"twitter:card\" content=\"summary_large_image\" class=\"yoast-seo-meta-tag\" \/>\n<meta name=\"twitter:label1\" content=\"Escrito por\" class=\"yoast-seo-meta-tag\" \/>\n\t<meta name=\"twitter:data1\" content=\"webman\" class=\"yoast-seo-meta-tag\" \/>\n\t<meta name=\"twitter:label2\" content=\"Tiempo estimado de lectura\" class=\"yoast-seo-meta-tag\" \/>\n\t<meta name=\"twitter:data2\" content=\"3 minutos\" class=\"yoast-seo-meta-tag\" \/>\n<script type=\"application\/ld+json\" class=\"yoast-schema-graph\">{\"@context\":\"https:\/\/schema.org\",\"@graph\":[{\"@type\":\"Article\",\"@id\":\"https:\/\/dev.explora.cl\/aysen\/par-explora-aysen-realizo-seminario-sobre-hans-steffen-y-augusto-grosse\/#article\",\"isPartOf\":{\"@id\":\"https:\/\/dev.explora.cl\/aysen\/par-explora-aysen-realizo-seminario-sobre-hans-steffen-y-augusto-grosse\/\"},\"author\":{\"name\":\"webman\",\"@id\":\"https:\/\/dev.explora.cl\/aysen\/#\/schema\/person\/cb8349c13ea2d324080adf8480d7ba5d\"},\"headline\":\"PAR EXPLORA Ays\u00e9n realiz\u00f3 seminario sobre Hans Steffen y Augusto Grosse.\",\"datePublished\":\"2014-09-23T04:00:00+00:00\",\"dateModified\":\"2019-05-20T21:22:09+00:00\",\"mainEntityOfPage\":{\"@id\":\"https:\/\/dev.explora.cl\/aysen\/par-explora-aysen-realizo-seminario-sobre-hans-steffen-y-augusto-grosse\/\"},\"wordCount\":553,\"commentCount\":0,\"image\":{\"@id\":\"https:\/\/dev.explora.cl\/aysen\/par-explora-aysen-realizo-seminario-sobre-hans-steffen-y-augusto-grosse\/#primaryimage\"},\"thumbnailUrl\":\"https:\/\/dev.explora.cl\/aysen\/wp-content\/uploads\/sites\/18\/2018\/06\/048b0b6f1b442b0a916fd7e5022b1905.jpg\",\"articleSection\":[\"Noticias\"],\"inLanguage\":\"es-CL\",\"potentialAction\":[{\"@type\":\"CommentAction\",\"name\":\"Comment\",\"target\":[\"https:\/\/dev.explora.cl\/aysen\/par-explora-aysen-realizo-seminario-sobre-hans-steffen-y-augusto-grosse\/#respond\"]}]},{\"@type\":\"WebPage\",\"@id\":\"https:\/\/dev.explora.cl\/aysen\/par-explora-aysen-realizo-seminario-sobre-hans-steffen-y-augusto-grosse\/\",\"url\":\"https:\/\/dev.explora.cl\/aysen\/par-explora-aysen-realizo-seminario-sobre-hans-steffen-y-augusto-grosse\/\",\"name\":\"PAR EXPLORA Ays\u00e9n realiz\u00f3 seminario sobre Hans Steffen y Augusto Grosse. - Aysen\",\"isPartOf\":{\"@id\":\"https:\/\/dev.explora.cl\/aysen\/#website\"},\"primaryImageOfPage\":{\"@id\":\"https:\/\/dev.explora.cl\/aysen\/par-explora-aysen-realizo-seminario-sobre-hans-steffen-y-augusto-grosse\/#primaryimage\"},\"image\":{\"@id\":\"https:\/\/dev.explora.cl\/aysen\/par-explora-aysen-realizo-seminario-sobre-hans-steffen-y-augusto-grosse\/#primaryimage\"},\"thumbnailUrl\":\"https:\/\/dev.explora.cl\/aysen\/wp-content\/uploads\/sites\/18\/2018\/06\/048b0b6f1b442b0a916fd7e5022b1905.jpg\",\"datePublished\":\"2014-09-23T04:00:00+00:00\",\"dateModified\":\"2019-05-20T21:22:09+00:00\",\"author\":{\"@id\":\"https:\/\/dev.explora.cl\/aysen\/#\/schema\/person\/cb8349c13ea2d324080adf8480d7ba5d\"},\"breadcrumb\":{\"@id\":\"https:\/\/dev.explora.cl\/aysen\/par-explora-aysen-realizo-seminario-sobre-hans-steffen-y-augusto-grosse\/#breadcrumb\"},\"inLanguage\":\"es-CL\",\"potentialAction\":[{\"@type\":\"ReadAction\",\"target\":[\"https:\/\/dev.explora.cl\/aysen\/par-explora-aysen-realizo-seminario-sobre-hans-steffen-y-augusto-grosse\/\"]}]},{\"@type\":\"ImageObject\",\"inLanguage\":\"es-CL\",\"@id\":\"https:\/\/dev.explora.cl\/aysen\/par-explora-aysen-realizo-seminario-sobre-hans-steffen-y-augusto-grosse\/#primaryimage\",\"url\":\"https:\/\/dev.explora.cl\/aysen\/wp-content\/uploads\/sites\/18\/2018\/06\/048b0b6f1b442b0a916fd7e5022b1905.jpg\",\"contentUrl\":\"https:\/\/dev.explora.cl\/aysen\/wp-content\/uploads\/sites\/18\/2018\/06\/048b0b6f1b442b0a916fd7e5022b1905.jpg\",\"width\":800,\"height\":533},{\"@type\":\"BreadcrumbList\",\"@id\":\"https:\/\/dev.explora.cl\/aysen\/par-explora-aysen-realizo-seminario-sobre-hans-steffen-y-augusto-grosse\/#breadcrumb\",\"itemListElement\":[{\"@type\":\"ListItem\",\"position\":1,\"name\":\"Portada\",\"item\":\"https:\/\/dev.explora.cl\/aysen\/\"},{\"@type\":\"ListItem\",\"position\":2,\"name\":\"PAR EXPLORA Ays\u00e9n realiz\u00f3 seminario sobre Hans Steffen y Augusto Grosse.\"}]},{\"@type\":\"WebSite\",\"@id\":\"https:\/\/dev.explora.cl\/aysen\/#website\",\"url\":\"https:\/\/dev.explora.cl\/aysen\/\",\"name\":\"Aysen\",\"description\":\"Otro sitio m\u00e1s de dev.explora.cl\",\"potentialAction\":[{\"@type\":\"SearchAction\",\"target\":{\"@type\":\"EntryPoint\",\"urlTemplate\":\"https:\/\/dev.explora.cl\/aysen\/?s={search_term_string}\"},\"query-input\":{\"@type\":\"PropertyValueSpecification\",\"valueRequired\":true,\"valueName\":\"search_term_string\"}}],\"inLanguage\":\"es-CL\"},{\"@type\":\"Person\",\"@id\":\"https:\/\/dev.explora.cl\/aysen\/#\/schema\/person\/cb8349c13ea2d324080adf8480d7ba5d\",\"name\":\"webman\",\"image\":{\"@type\":\"ImageObject\",\"inLanguage\":\"es-CL\",\"@id\":\"https:\/\/dev.explora.cl\/aysen\/#\/schema\/person\/image\/\",\"url\":\"https:\/\/secure.gravatar.com\/avatar\/eeff3c82f2c02f7177d13663b7e6f890e9a6a0647ce9bb29cae02dcb094c7312?s=96&d=mm&r=g\",\"contentUrl\":\"https:\/\/secure.gravatar.com\/avatar\/eeff3c82f2c02f7177d13663b7e6f890e9a6a0647ce9bb29cae02dcb094c7312?s=96&d=mm&r=g\",\"caption\":\"webman\"},\"url\":\"https:\/\/dev.explora.cl\/aysen\/author\/webman\/\"}]}<\/script>\n<!-- \/ Yoast SEO plugin. -->","yoast_head_json":{"title":"PAR EXPLORA Ays\u00e9n realiz\u00f3 seminario sobre Hans Steffen y Augusto Grosse. - Aysen","robots":{"index":"index","follow":"follow","max-snippet":"max-snippet:-1","max-image-preview":"max-image-preview:large","max-video-preview":"max-video-preview:-1"},"canonical":"https:\/\/dev.explora.cl\/aysen\/par-explora-aysen-realizo-seminario-sobre-hans-steffen-y-augusto-grosse\/","og_locale":"es_ES","og_type":"article","og_title":"PAR EXPLORA Ays\u00e9n realiz\u00f3 seminario sobre Hans Steffen y Augusto Grosse. - Aysen","og_description":"El PAR EXPLORA Regi\u00f3n de Ays\u00e9n ejecutado por el Campus Patagonia de la Universidad Austral de Chile junto con el Centro de Estudios en Ecosistemas de la Patagonia (CIEP) realizaron este Seminario de Historia y Ciencias Sociales en el Auditorio de MOP donde asistieron estudiantes de el Colegio Alianza Austral, Colegio Alborada y Liceo Bicentenario [&hellip;]","og_url":"https:\/\/dev.explora.cl\/aysen\/par-explora-aysen-realizo-seminario-sobre-hans-steffen-y-augusto-grosse\/","og_site_name":"Aysen","article_published_time":"2014-09-23T04:00:00+00:00","article_modified_time":"2019-05-20T21:22:09+00:00","og_image":[{"width":800,"height":533,"url":"https:\/\/dev.explora.cl\/aysen\/wp-content\/uploads\/sites\/18\/2018\/06\/048b0b6f1b442b0a916fd7e5022b1905.jpg","type":"image\/jpeg"}],"author":"webman","twitter_card":"summary_large_image","twitter_misc":{"Escrito por":"webman","Tiempo estimado de lectura":"3 minutos"},"schema":{"@context":"https:\/\/schema.org","@graph":[{"@type":"Article","@id":"https:\/\/dev.explora.cl\/aysen\/par-explora-aysen-realizo-seminario-sobre-hans-steffen-y-augusto-grosse\/#article","isPartOf":{"@id":"https:\/\/dev.explora.cl\/aysen\/par-explora-aysen-realizo-seminario-sobre-hans-steffen-y-augusto-grosse\/"},"author":{"name":"webman","@id":"https:\/\/dev.explora.cl\/aysen\/#\/schema\/person\/cb8349c13ea2d324080adf8480d7ba5d"},"headline":"PAR EXPLORA Ays\u00e9n realiz\u00f3 seminario sobre Hans Steffen y Augusto Grosse.","datePublished":"2014-09-23T04:00:00+00:00","dateModified":"2019-05-20T21:22:09+00:00","mainEntityOfPage":{"@id":"https:\/\/dev.explora.cl\/aysen\/par-explora-aysen-realizo-seminario-sobre-hans-steffen-y-augusto-grosse\/"},"wordCount":553,"commentCount":0,"image":{"@id":"https:\/\/dev.explora.cl\/aysen\/par-explora-aysen-realizo-seminario-sobre-hans-steffen-y-augusto-grosse\/#primaryimage"},"thumbnailUrl":"https:\/\/dev.explora.cl\/aysen\/wp-content\/uploads\/sites\/18\/2018\/06\/048b0b6f1b442b0a916fd7e5022b1905.jpg","articleSection":["Noticias"],"inLanguage":"es-CL","potentialAction":[{"@type":"CommentAction","name":"Comment","target":["https:\/\/dev.explora.cl\/aysen\/par-explora-aysen-realizo-seminario-sobre-hans-steffen-y-augusto-grosse\/#respond"]}]},{"@type":"WebPage","@id":"https:\/\/dev.explora.cl\/aysen\/par-explora-aysen-realizo-seminario-sobre-hans-steffen-y-augusto-grosse\/","url":"https:\/\/dev.explora.cl\/aysen\/par-explora-aysen-realizo-seminario-sobre-hans-steffen-y-augusto-grosse\/","name":"PAR EXPLORA Ays\u00e9n realiz\u00f3 seminario sobre Hans Steffen y Augusto Grosse. - Aysen","isPartOf":{"@id":"https:\/\/dev.explora.cl\/aysen\/#website"},"primaryImageOfPage":{"@id":"https:\/\/dev.explora.cl\/aysen\/par-explora-aysen-realizo-seminario-sobre-hans-steffen-y-augusto-grosse\/#primaryimage"},"image":{"@id":"https:\/\/dev.explora.cl\/aysen\/par-explora-aysen-realizo-seminario-sobre-hans-steffen-y-augusto-grosse\/#primaryimage"},"thumbnailUrl":"https:\/\/dev.explora.cl\/aysen\/wp-content\/uploads\/sites\/18\/2018\/06\/048b0b6f1b442b0a916fd7e5022b1905.jpg","datePublished":"2014-09-23T04:00:00+00:00","dateModified":"2019-05-20T21:22:09+00:00","author":{"@id":"https:\/\/dev.explora.cl\/aysen\/#\/schema\/person\/cb8349c13ea2d324080adf8480d7ba5d"},"breadcrumb":{"@id":"https:\/\/dev.explora.cl\/aysen\/par-explora-aysen-realizo-seminario-sobre-hans-steffen-y-augusto-grosse\/#breadcrumb"},"inLanguage":"es-CL","potentialAction":[{"@type":"ReadAction","target":["https:\/\/dev.explora.cl\/aysen\/par-explora-aysen-realizo-seminario-sobre-hans-steffen-y-augusto-grosse\/"]}]},{"@type":"ImageObject","inLanguage":"es-CL","@id":"https:\/\/dev.explora.cl\/aysen\/par-explora-aysen-realizo-seminario-sobre-hans-steffen-y-augusto-grosse\/#primaryimage","url":"https:\/\/dev.explora.cl\/aysen\/wp-content\/uploads\/sites\/18\/2018\/06\/048b0b6f1b442b0a916fd7e5022b1905.jpg","contentUrl":"https:\/\/dev.explora.cl\/aysen\/wp-content\/uploads\/sites\/18\/2018\/06\/048b0b6f1b442b0a916fd7e5022b1905.jpg","width":800,"height":533},{"@type":"BreadcrumbList","@id":"https:\/\/dev.explora.cl\/aysen\/par-explora-aysen-realizo-seminario-sobre-hans-steffen-y-augusto-grosse\/#breadcrumb","itemListElement":[{"@type":"ListItem","position":1,"name":"Portada","item":"https:\/\/dev.explora.cl\/aysen\/"},{"@type":"ListItem","position":2,"name":"PAR EXPLORA Ays\u00e9n realiz\u00f3 seminario sobre Hans Steffen y Augusto Grosse."}]},{"@type":"WebSite","@id":"https:\/\/dev.explora.cl\/aysen\/#website","url":"https:\/\/dev.explora.cl\/aysen\/","name":"Aysen","description":"Otro sitio m\u00e1s de dev.explora.cl","potentialAction":[{"@type":"SearchAction","target":{"@type":"EntryPoint","urlTemplate":"https:\/\/dev.explora.cl\/aysen\/?s={search_term_string}"},"query-input":{"@type":"PropertyValueSpecification","valueRequired":true,"valueName":"search_term_string"}}],"inLanguage":"es-CL"},{"@type":"Person","@id":"https:\/\/dev.explora.cl\/aysen\/#\/schema\/person\/cb8349c13ea2d324080adf8480d7ba5d","name":"webman","image":{"@type":"ImageObject","inLanguage":"es-CL","@id":"https:\/\/dev.explora.cl\/aysen\/#\/schema\/person\/image\/","url":"https:\/\/secure.gravatar.com\/avatar\/eeff3c82f2c02f7177d13663b7e6f890e9a6a0647ce9bb29cae02dcb094c7312?s=96&d=mm&r=g","contentUrl":"https:\/\/secure.gravatar.com\/avatar\/eeff3c82f2c02f7177d13663b7e6f890e9a6a0647ce9bb29cae02dcb094c7312?s=96&d=mm&r=g","caption":"webman"},"url":"https:\/\/dev.explora.cl\/aysen\/author\/webman\/"}]}},"_links":{"self":[{"href":"https:\/\/dev.explora.cl\/aysen\/wp-json\/wp\/v2\/posts\/118","targetHints":{"allow":["GET"]}}],"collection":[{"href":"https:\/\/dev.explora.cl\/aysen\/wp-json\/wp\/v2\/posts"}],"about":[{"href":"https:\/\/dev.explora.cl\/aysen\/wp-json\/wp\/v2\/types\/post"}],"author":[{"embeddable":true,"href":"https:\/\/dev.explora.cl\/aysen\/wp-json\/wp\/v2\/users\/2"}],"replies":[{"embeddable":true,"href":"https:\/\/dev.explora.cl\/aysen\/wp-json\/wp\/v2\/comments?post=118"}],"version-history":[{"count":1,"href":"https:\/\/dev.explora.cl\/aysen\/wp-json\/wp\/v2\/posts\/118\/revisions"}],"predecessor-version":[{"id":37355,"href":"https:\/\/dev.explora.cl\/aysen\/wp-json\/wp\/v2\/posts\/118\/revisions\/37355"}],"wp:featuredmedia":[{"embeddable":true,"href":"https:\/\/dev.explora.cl\/aysen\/wp-json\/wp\/v2\/media\/119"}],"wp:attachment":[{"href":"https:\/\/dev.explora.cl\/aysen\/wp-json\/wp\/v2\/media?parent=118"}],"wp:term":[{"taxonomy":"category","embeddable":true,"href":"https:\/\/dev.explora.cl\/aysen\/wp-json\/wp\/v2\/categories?post=118"},{"taxonomy":"post_tag","embeddable":true,"href":"https:\/\/dev.explora.cl\/aysen\/wp-json\/wp\/v2\/tags?post=118"}],"curies":[{"name":"wp","href":"https:\/\/api.w.org\/{rel}","templated":true}]}}