{"id":112,"date":"2014-09-03T00:00:00","date_gmt":"2014-09-03T04:00:00","guid":{"rendered":"https:\/\/dev.explora.cl\/aysen\/blog\/2014\/09\/03\/par-explora-aysen-colabora-en-proyecto-cuentacuentos-para-valorar-biodiversidad-con-ninos-con-capacidades-especiales\/"},"modified":"2019-05-20T21:22:11","modified_gmt":"2019-05-20T21:22:11","slug":"par-explora-aysen-colabora-en-proyecto-cuentacuentos-para-valorar-biodiversidad-con-ninos-con-capacidades-especiales","status":"publish","type":"post","link":"https:\/\/dev.explora.cl\/aysen\/par-explora-aysen-colabora-en-proyecto-cuentacuentos-para-valorar-biodiversidad-con-ninos-con-capacidades-especiales\/","title":{"rendered":"PAR Explora Ays\u00e9n colabora en proyecto cuentacuentos para valorar biodiversidad con ni\u00f1os con capacidades especiales."},"content":{"rendered":"<p><img loading=\"lazy\" decoding=\"async\" class=\" size-full wp-image-5129\" src=\"http:\/\/ec2-34-218-253-251.us-west-2.compute.amazonaws.com\/wp-content\/uploads\/2014\/09\/21c2bb200311df32de2c750b3d42dc4d.jpg\" alt=\"\" width=\"800\" height=\"533\" \/><\/p>\n<p><span style=\"line-height: 1.3em\">Este proyecto de extensi\u00f3n universitaria es financiado por la direcci\u00f3n de vinculaci\u00f3n con el medio de la Universidad Austral de Chile, cuenta con la colaboraci\u00f3n del PAR EXPLORA Regi\u00f3n de Ays\u00e9n y el Instituto Telet\u00f3n.<\/span><\/p>\n<p><span style=\"line-height: 1.3em\">La iniciativa denominada \u201cCuentacuentos: Colores y sonidos de la naturaleza\u201d consiste en presentar cuentos con tem\u00e1ticas asociadas al medio ambiente, ciencia, conocimiento y valoraci\u00f3n de la biodiversidad natural de Chile.<\/span><\/p>\n<p><span style=\"line-height: 1.3em\">La jornada se realiz\u00f3 en dependencias del instituto Telet\u00f3n y cont\u00f3 con la participaci\u00f3n de ni\u00f1os y ni\u00f1as que disfrutaron y participaron de la recreaci\u00f3n preparada por alumnos de Pedagog\u00eda en Educaci\u00f3n B\u00e1sica donde se hac\u00eda alusi\u00f3n a los viajes realizados por Charles Darwin a la Patagonia y a las especies de fauna encontradas por este afamado naturalista ingl\u00e9s conocido principalmente por su teor\u00eda de la evoluci\u00f3n de las especies.<\/span><\/p>\n<p>La peque\u00f1a Natalie Illesca fue parte de esta actividad donde particip\u00f3 y se entretuvo junto a sus compa\u00f1eros. \u201cMe gust\u00f3 mucho la actividad porque le\u00edmos un cuento y lo que m\u00e1s me gusta son los cuentos, tambi\u00e9n hicimos un Darwin y me encant\u00f3 hacerlo. Me interes\u00f3 harto porque yo tengo un libro de animales en extinci\u00f3n y me acord\u00e9 que la ranita de Darwin estaba en extinci\u00f3n\u201d.<\/p>\n<p><span style=\"line-height: 1.3em\">Pedro Matus, Director del PAR EXPLORA regi\u00f3n de Ays\u00e9n, valor\u00f3 la participaci\u00f3n en actividad destacando el compromiso con estudiantes con capacidades especiales. \u201cPara nosotros es importante difundir la ciencia y tecnolog\u00eda llegando a todas las personas de la regi\u00f3n de Ays\u00e9n, por eso nos preocupamos fuertemente de generar este tipo de instancias inclusivas donde trabajamos con ni\u00f1os y ni\u00f1as con capacidades especiales con la idea de que en ellos reciban los beneficios de la ciencia a trav\u00e9s de la valoraci\u00f3n de la biodiversidad y conciencia medio ambiental\u201d.<\/span><\/p>\n","protected":false},"excerpt":{"rendered":"<p>Este proyecto de extensi\u00f3n universitaria es financiado por la direcci\u00f3n de vinculaci\u00f3n con el medio de la Universidad Austral de Chile, cuenta con la colaboraci\u00f3n del PAR EXPLORA Regi\u00f3n de Ays\u00e9n y el Instituto Telet\u00f3n. La iniciativa denominada \u201cCuentacuentos: Colores y sonidos de la naturaleza\u201d consiste en presentar cuentos con tem\u00e1ticas asociadas al medio ambiente, [&hellip;]<\/p>\n","protected":false},"author":2,"featured_media":113,"comment_status":"open","ping_status":"open","sticky":false,"template":"","format":"standard","meta":{"_acf_changed":false,"_exactmetrics_skip_tracking":false,"_exactmetrics_sitenote_active":false,"_exactmetrics_sitenote_note":"","_exactmetrics_sitenote_category":0,"footnotes":"","_links_to":"","_links_to_target":""},"categories":[4],"tags":[],"class_list":["post-112","post","type-post","status-publish","format-standard","has-post-thumbnail","hentry","category-noticias"],"acf":[],"yoast_head":"<!-- This site is optimized with the Yoast SEO plugin v26.7 - https:\/\/yoast.com\/wordpress\/plugins\/seo\/ -->\n<title>PAR Explora Ays\u00e9n colabora en proyecto cuentacuentos para valorar biodiversidad con ni\u00f1os con capacidades especiales. - Aysen<\/title>\n<meta name=\"robots\" content=\"index, follow, max-snippet:-1, max-image-preview:large, max-video-preview:-1\" \/>\n<link rel=\"canonical\" href=\"https:\/\/dev.explora.cl\/aysen\/par-explora-aysen-colabora-en-proyecto-cuentacuentos-para-valorar-biodiversidad-con-ninos-con-capacidades-especiales\/\" class=\"yoast-seo-meta-tag\" \/>\n<meta property=\"og:locale\" content=\"es_ES\" class=\"yoast-seo-meta-tag\" \/>\n<meta property=\"og:type\" content=\"article\" class=\"yoast-seo-meta-tag\" \/>\n<meta property=\"og:title\" content=\"PAR Explora Ays\u00e9n colabora en proyecto cuentacuentos para valorar biodiversidad con ni\u00f1os con capacidades especiales. - Aysen\" class=\"yoast-seo-meta-tag\" \/>\n<meta property=\"og:description\" content=\"Este proyecto de extensi\u00f3n universitaria es financiado por la direcci\u00f3n de vinculaci\u00f3n con el medio de la Universidad Austral de Chile, cuenta con la colaboraci\u00f3n del PAR EXPLORA Regi\u00f3n de Ays\u00e9n y el Instituto Telet\u00f3n. La iniciativa denominada \u201cCuentacuentos: Colores y sonidos de la naturaleza\u201d consiste en presentar cuentos con tem\u00e1ticas asociadas al medio ambiente, [&hellip;]\" class=\"yoast-seo-meta-tag\" \/>\n<meta property=\"og:url\" content=\"https:\/\/dev.explora.cl\/aysen\/par-explora-aysen-colabora-en-proyecto-cuentacuentos-para-valorar-biodiversidad-con-ninos-con-capacidades-especiales\/\" class=\"yoast-seo-meta-tag\" \/>\n<meta property=\"og:site_name\" content=\"Aysen\" class=\"yoast-seo-meta-tag\" \/>\n<meta property=\"article:published_time\" content=\"2014-09-03T04:00:00+00:00\" class=\"yoast-seo-meta-tag\" \/>\n<meta property=\"article:modified_time\" content=\"2019-05-20T21:22:11+00:00\" class=\"yoast-seo-meta-tag\" \/>\n<meta property=\"og:image\" content=\"https:\/\/dev.explora.cl\/aysen\/wp-content\/uploads\/sites\/18\/2018\/06\/21c2bb200311df32de2c750b3d42dc4d.jpg\" class=\"yoast-seo-meta-tag\" \/>\n\t<meta property=\"og:image:width\" content=\"800\" class=\"yoast-seo-meta-tag\" \/>\n\t<meta property=\"og:image:height\" content=\"533\" class=\"yoast-seo-meta-tag\" \/>\n\t<meta property=\"og:image:type\" content=\"image\/jpeg\" class=\"yoast-seo-meta-tag\" \/>\n<meta name=\"author\" content=\"webman\" class=\"yoast-seo-meta-tag\" \/>\n<meta name=\"twitter:card\" content=\"summary_large_image\" class=\"yoast-seo-meta-tag\" \/>\n<meta name=\"twitter:label1\" content=\"Escrito por\" class=\"yoast-seo-meta-tag\" \/>\n\t<meta name=\"twitter:data1\" content=\"webman\" class=\"yoast-seo-meta-tag\" \/>\n\t<meta name=\"twitter:label2\" content=\"Tiempo estimado de lectura\" class=\"yoast-seo-meta-tag\" \/>\n\t<meta name=\"twitter:data2\" content=\"2 minutos\" class=\"yoast-seo-meta-tag\" \/>\n<script type=\"application\/ld+json\" class=\"yoast-schema-graph\">{\"@context\":\"https:\/\/schema.org\",\"@graph\":[{\"@type\":\"Article\",\"@id\":\"https:\/\/dev.explora.cl\/aysen\/par-explora-aysen-colabora-en-proyecto-cuentacuentos-para-valorar-biodiversidad-con-ninos-con-capacidades-especiales\/#article\",\"isPartOf\":{\"@id\":\"https:\/\/dev.explora.cl\/aysen\/par-explora-aysen-colabora-en-proyecto-cuentacuentos-para-valorar-biodiversidad-con-ninos-con-capacidades-especiales\/\"},\"author\":{\"name\":\"webman\",\"@id\":\"https:\/\/dev.explora.cl\/aysen\/#\/schema\/person\/cb8349c13ea2d324080adf8480d7ba5d\"},\"headline\":\"PAR Explora Ays\u00e9n colabora en proyecto cuentacuentos para valorar biodiversidad con ni\u00f1os con capacidades especiales.\",\"datePublished\":\"2014-09-03T04:00:00+00:00\",\"dateModified\":\"2019-05-20T21:22:11+00:00\",\"mainEntityOfPage\":{\"@id\":\"https:\/\/dev.explora.cl\/aysen\/par-explora-aysen-colabora-en-proyecto-cuentacuentos-para-valorar-biodiversidad-con-ninos-con-capacidades-especiales\/\"},\"wordCount\":345,\"commentCount\":0,\"image\":{\"@id\":\"https:\/\/dev.explora.cl\/aysen\/par-explora-aysen-colabora-en-proyecto-cuentacuentos-para-valorar-biodiversidad-con-ninos-con-capacidades-especiales\/#primaryimage\"},\"thumbnailUrl\":\"https:\/\/dev.explora.cl\/aysen\/wp-content\/uploads\/sites\/18\/2018\/06\/21c2bb200311df32de2c750b3d42dc4d.jpg\",\"articleSection\":[\"Noticias\"],\"inLanguage\":\"es-CL\",\"potentialAction\":[{\"@type\":\"CommentAction\",\"name\":\"Comment\",\"target\":[\"https:\/\/dev.explora.cl\/aysen\/par-explora-aysen-colabora-en-proyecto-cuentacuentos-para-valorar-biodiversidad-con-ninos-con-capacidades-especiales\/#respond\"]}]},{\"@type\":\"WebPage\",\"@id\":\"https:\/\/dev.explora.cl\/aysen\/par-explora-aysen-colabora-en-proyecto-cuentacuentos-para-valorar-biodiversidad-con-ninos-con-capacidades-especiales\/\",\"url\":\"https:\/\/dev.explora.cl\/aysen\/par-explora-aysen-colabora-en-proyecto-cuentacuentos-para-valorar-biodiversidad-con-ninos-con-capacidades-especiales\/\",\"name\":\"PAR Explora Ays\u00e9n colabora en proyecto cuentacuentos para valorar biodiversidad con ni\u00f1os con capacidades especiales. - Aysen\",\"isPartOf\":{\"@id\":\"https:\/\/dev.explora.cl\/aysen\/#website\"},\"primaryImageOfPage\":{\"@id\":\"https:\/\/dev.explora.cl\/aysen\/par-explora-aysen-colabora-en-proyecto-cuentacuentos-para-valorar-biodiversidad-con-ninos-con-capacidades-especiales\/#primaryimage\"},\"image\":{\"@id\":\"https:\/\/dev.explora.cl\/aysen\/par-explora-aysen-colabora-en-proyecto-cuentacuentos-para-valorar-biodiversidad-con-ninos-con-capacidades-especiales\/#primaryimage\"},\"thumbnailUrl\":\"https:\/\/dev.explora.cl\/aysen\/wp-content\/uploads\/sites\/18\/2018\/06\/21c2bb200311df32de2c750b3d42dc4d.jpg\",\"datePublished\":\"2014-09-03T04:00:00+00:00\",\"dateModified\":\"2019-05-20T21:22:11+00:00\",\"author\":{\"@id\":\"https:\/\/dev.explora.cl\/aysen\/#\/schema\/person\/cb8349c13ea2d324080adf8480d7ba5d\"},\"breadcrumb\":{\"@id\":\"https:\/\/dev.explora.cl\/aysen\/par-explora-aysen-colabora-en-proyecto-cuentacuentos-para-valorar-biodiversidad-con-ninos-con-capacidades-especiales\/#breadcrumb\"},\"inLanguage\":\"es-CL\",\"potentialAction\":[{\"@type\":\"ReadAction\",\"target\":[\"https:\/\/dev.explora.cl\/aysen\/par-explora-aysen-colabora-en-proyecto-cuentacuentos-para-valorar-biodiversidad-con-ninos-con-capacidades-especiales\/\"]}]},{\"@type\":\"ImageObject\",\"inLanguage\":\"es-CL\",\"@id\":\"https:\/\/dev.explora.cl\/aysen\/par-explora-aysen-colabora-en-proyecto-cuentacuentos-para-valorar-biodiversidad-con-ninos-con-capacidades-especiales\/#primaryimage\",\"url\":\"https:\/\/dev.explora.cl\/aysen\/wp-content\/uploads\/sites\/18\/2018\/06\/21c2bb200311df32de2c750b3d42dc4d.jpg\",\"contentUrl\":\"https:\/\/dev.explora.cl\/aysen\/wp-content\/uploads\/sites\/18\/2018\/06\/21c2bb200311df32de2c750b3d42dc4d.jpg\",\"width\":800,\"height\":533},{\"@type\":\"BreadcrumbList\",\"@id\":\"https:\/\/dev.explora.cl\/aysen\/par-explora-aysen-colabora-en-proyecto-cuentacuentos-para-valorar-biodiversidad-con-ninos-con-capacidades-especiales\/#breadcrumb\",\"itemListElement\":[{\"@type\":\"ListItem\",\"position\":1,\"name\":\"Portada\",\"item\":\"https:\/\/dev.explora.cl\/aysen\/\"},{\"@type\":\"ListItem\",\"position\":2,\"name\":\"PAR Explora Ays\u00e9n colabora en proyecto cuentacuentos para valorar biodiversidad con ni\u00f1os con capacidades especiales.\"}]},{\"@type\":\"WebSite\",\"@id\":\"https:\/\/dev.explora.cl\/aysen\/#website\",\"url\":\"https:\/\/dev.explora.cl\/aysen\/\",\"name\":\"Aysen\",\"description\":\"Otro sitio m\u00e1s de dev.explora.cl\",\"potentialAction\":[{\"@type\":\"SearchAction\",\"target\":{\"@type\":\"EntryPoint\",\"urlTemplate\":\"https:\/\/dev.explora.cl\/aysen\/?s={search_term_string}\"},\"query-input\":{\"@type\":\"PropertyValueSpecification\",\"valueRequired\":true,\"valueName\":\"search_term_string\"}}],\"inLanguage\":\"es-CL\"},{\"@type\":\"Person\",\"@id\":\"https:\/\/dev.explora.cl\/aysen\/#\/schema\/person\/cb8349c13ea2d324080adf8480d7ba5d\",\"name\":\"webman\",\"image\":{\"@type\":\"ImageObject\",\"inLanguage\":\"es-CL\",\"@id\":\"https:\/\/dev.explora.cl\/aysen\/#\/schema\/person\/image\/\",\"url\":\"https:\/\/secure.gravatar.com\/avatar\/eeff3c82f2c02f7177d13663b7e6f890e9a6a0647ce9bb29cae02dcb094c7312?s=96&d=mm&r=g\",\"contentUrl\":\"https:\/\/secure.gravatar.com\/avatar\/eeff3c82f2c02f7177d13663b7e6f890e9a6a0647ce9bb29cae02dcb094c7312?s=96&d=mm&r=g\",\"caption\":\"webman\"},\"url\":\"https:\/\/dev.explora.cl\/aysen\/author\/webman\/\"}]}<\/script>\n<!-- \/ Yoast SEO plugin. -->","yoast_head_json":{"title":"PAR Explora Ays\u00e9n colabora en proyecto cuentacuentos para valorar biodiversidad con ni\u00f1os con capacidades especiales. - Aysen","robots":{"index":"index","follow":"follow","max-snippet":"max-snippet:-1","max-image-preview":"max-image-preview:large","max-video-preview":"max-video-preview:-1"},"canonical":"https:\/\/dev.explora.cl\/aysen\/par-explora-aysen-colabora-en-proyecto-cuentacuentos-para-valorar-biodiversidad-con-ninos-con-capacidades-especiales\/","og_locale":"es_ES","og_type":"article","og_title":"PAR Explora Ays\u00e9n colabora en proyecto cuentacuentos para valorar biodiversidad con ni\u00f1os con capacidades especiales. - Aysen","og_description":"Este proyecto de extensi\u00f3n universitaria es financiado por la direcci\u00f3n de vinculaci\u00f3n con el medio de la Universidad Austral de Chile, cuenta con la colaboraci\u00f3n del PAR EXPLORA Regi\u00f3n de Ays\u00e9n y el Instituto Telet\u00f3n. La iniciativa denominada \u201cCuentacuentos: Colores y sonidos de la naturaleza\u201d consiste en presentar cuentos con tem\u00e1ticas asociadas al medio ambiente, [&hellip;]","og_url":"https:\/\/dev.explora.cl\/aysen\/par-explora-aysen-colabora-en-proyecto-cuentacuentos-para-valorar-biodiversidad-con-ninos-con-capacidades-especiales\/","og_site_name":"Aysen","article_published_time":"2014-09-03T04:00:00+00:00","article_modified_time":"2019-05-20T21:22:11+00:00","og_image":[{"width":800,"height":533,"url":"https:\/\/dev.explora.cl\/aysen\/wp-content\/uploads\/sites\/18\/2018\/06\/21c2bb200311df32de2c750b3d42dc4d.jpg","type":"image\/jpeg"}],"author":"webman","twitter_card":"summary_large_image","twitter_misc":{"Escrito por":"webman","Tiempo estimado de lectura":"2 minutos"},"schema":{"@context":"https:\/\/schema.org","@graph":[{"@type":"Article","@id":"https:\/\/dev.explora.cl\/aysen\/par-explora-aysen-colabora-en-proyecto-cuentacuentos-para-valorar-biodiversidad-con-ninos-con-capacidades-especiales\/#article","isPartOf":{"@id":"https:\/\/dev.explora.cl\/aysen\/par-explora-aysen-colabora-en-proyecto-cuentacuentos-para-valorar-biodiversidad-con-ninos-con-capacidades-especiales\/"},"author":{"name":"webman","@id":"https:\/\/dev.explora.cl\/aysen\/#\/schema\/person\/cb8349c13ea2d324080adf8480d7ba5d"},"headline":"PAR Explora Ays\u00e9n colabora en proyecto cuentacuentos para valorar biodiversidad con ni\u00f1os con capacidades especiales.","datePublished":"2014-09-03T04:00:00+00:00","dateModified":"2019-05-20T21:22:11+00:00","mainEntityOfPage":{"@id":"https:\/\/dev.explora.cl\/aysen\/par-explora-aysen-colabora-en-proyecto-cuentacuentos-para-valorar-biodiversidad-con-ninos-con-capacidades-especiales\/"},"wordCount":345,"commentCount":0,"image":{"@id":"https:\/\/dev.explora.cl\/aysen\/par-explora-aysen-colabora-en-proyecto-cuentacuentos-para-valorar-biodiversidad-con-ninos-con-capacidades-especiales\/#primaryimage"},"thumbnailUrl":"https:\/\/dev.explora.cl\/aysen\/wp-content\/uploads\/sites\/18\/2018\/06\/21c2bb200311df32de2c750b3d42dc4d.jpg","articleSection":["Noticias"],"inLanguage":"es-CL","potentialAction":[{"@type":"CommentAction","name":"Comment","target":["https:\/\/dev.explora.cl\/aysen\/par-explora-aysen-colabora-en-proyecto-cuentacuentos-para-valorar-biodiversidad-con-ninos-con-capacidades-especiales\/#respond"]}]},{"@type":"WebPage","@id":"https:\/\/dev.explora.cl\/aysen\/par-explora-aysen-colabora-en-proyecto-cuentacuentos-para-valorar-biodiversidad-con-ninos-con-capacidades-especiales\/","url":"https:\/\/dev.explora.cl\/aysen\/par-explora-aysen-colabora-en-proyecto-cuentacuentos-para-valorar-biodiversidad-con-ninos-con-capacidades-especiales\/","name":"PAR Explora Ays\u00e9n colabora en proyecto cuentacuentos para valorar biodiversidad con ni\u00f1os con capacidades especiales. - Aysen","isPartOf":{"@id":"https:\/\/dev.explora.cl\/aysen\/#website"},"primaryImageOfPage":{"@id":"https:\/\/dev.explora.cl\/aysen\/par-explora-aysen-colabora-en-proyecto-cuentacuentos-para-valorar-biodiversidad-con-ninos-con-capacidades-especiales\/#primaryimage"},"image":{"@id":"https:\/\/dev.explora.cl\/aysen\/par-explora-aysen-colabora-en-proyecto-cuentacuentos-para-valorar-biodiversidad-con-ninos-con-capacidades-especiales\/#primaryimage"},"thumbnailUrl":"https:\/\/dev.explora.cl\/aysen\/wp-content\/uploads\/sites\/18\/2018\/06\/21c2bb200311df32de2c750b3d42dc4d.jpg","datePublished":"2014-09-03T04:00:00+00:00","dateModified":"2019-05-20T21:22:11+00:00","author":{"@id":"https:\/\/dev.explora.cl\/aysen\/#\/schema\/person\/cb8349c13ea2d324080adf8480d7ba5d"},"breadcrumb":{"@id":"https:\/\/dev.explora.cl\/aysen\/par-explora-aysen-colabora-en-proyecto-cuentacuentos-para-valorar-biodiversidad-con-ninos-con-capacidades-especiales\/#breadcrumb"},"inLanguage":"es-CL","potentialAction":[{"@type":"ReadAction","target":["https:\/\/dev.explora.cl\/aysen\/par-explora-aysen-colabora-en-proyecto-cuentacuentos-para-valorar-biodiversidad-con-ninos-con-capacidades-especiales\/"]}]},{"@type":"ImageObject","inLanguage":"es-CL","@id":"https:\/\/dev.explora.cl\/aysen\/par-explora-aysen-colabora-en-proyecto-cuentacuentos-para-valorar-biodiversidad-con-ninos-con-capacidades-especiales\/#primaryimage","url":"https:\/\/dev.explora.cl\/aysen\/wp-content\/uploads\/sites\/18\/2018\/06\/21c2bb200311df32de2c750b3d42dc4d.jpg","contentUrl":"https:\/\/dev.explora.cl\/aysen\/wp-content\/uploads\/sites\/18\/2018\/06\/21c2bb200311df32de2c750b3d42dc4d.jpg","width":800,"height":533},{"@type":"BreadcrumbList","@id":"https:\/\/dev.explora.cl\/aysen\/par-explora-aysen-colabora-en-proyecto-cuentacuentos-para-valorar-biodiversidad-con-ninos-con-capacidades-especiales\/#breadcrumb","itemListElement":[{"@type":"ListItem","position":1,"name":"Portada","item":"https:\/\/dev.explora.cl\/aysen\/"},{"@type":"ListItem","position":2,"name":"PAR Explora Ays\u00e9n colabora en proyecto cuentacuentos para valorar biodiversidad con ni\u00f1os con capacidades especiales."}]},{"@type":"WebSite","@id":"https:\/\/dev.explora.cl\/aysen\/#website","url":"https:\/\/dev.explora.cl\/aysen\/","name":"Aysen","description":"Otro sitio m\u00e1s de dev.explora.cl","potentialAction":[{"@type":"SearchAction","target":{"@type":"EntryPoint","urlTemplate":"https:\/\/dev.explora.cl\/aysen\/?s={search_term_string}"},"query-input":{"@type":"PropertyValueSpecification","valueRequired":true,"valueName":"search_term_string"}}],"inLanguage":"es-CL"},{"@type":"Person","@id":"https:\/\/dev.explora.cl\/aysen\/#\/schema\/person\/cb8349c13ea2d324080adf8480d7ba5d","name":"webman","image":{"@type":"ImageObject","inLanguage":"es-CL","@id":"https:\/\/dev.explora.cl\/aysen\/#\/schema\/person\/image\/","url":"https:\/\/secure.gravatar.com\/avatar\/eeff3c82f2c02f7177d13663b7e6f890e9a6a0647ce9bb29cae02dcb094c7312?s=96&d=mm&r=g","contentUrl":"https:\/\/secure.gravatar.com\/avatar\/eeff3c82f2c02f7177d13663b7e6f890e9a6a0647ce9bb29cae02dcb094c7312?s=96&d=mm&r=g","caption":"webman"},"url":"https:\/\/dev.explora.cl\/aysen\/author\/webman\/"}]}},"_links":{"self":[{"href":"https:\/\/dev.explora.cl\/aysen\/wp-json\/wp\/v2\/posts\/112","targetHints":{"allow":["GET"]}}],"collection":[{"href":"https:\/\/dev.explora.cl\/aysen\/wp-json\/wp\/v2\/posts"}],"about":[{"href":"https:\/\/dev.explora.cl\/aysen\/wp-json\/wp\/v2\/types\/post"}],"author":[{"embeddable":true,"href":"https:\/\/dev.explora.cl\/aysen\/wp-json\/wp\/v2\/users\/2"}],"replies":[{"embeddable":true,"href":"https:\/\/dev.explora.cl\/aysen\/wp-json\/wp\/v2\/comments?post=112"}],"version-history":[{"count":1,"href":"https:\/\/dev.explora.cl\/aysen\/wp-json\/wp\/v2\/posts\/112\/revisions"}],"predecessor-version":[{"id":37359,"href":"https:\/\/dev.explora.cl\/aysen\/wp-json\/wp\/v2\/posts\/112\/revisions\/37359"}],"wp:featuredmedia":[{"embeddable":true,"href":"https:\/\/dev.explora.cl\/aysen\/wp-json\/wp\/v2\/media\/113"}],"wp:attachment":[{"href":"https:\/\/dev.explora.cl\/aysen\/wp-json\/wp\/v2\/media?parent=112"}],"wp:term":[{"taxonomy":"category","embeddable":true,"href":"https:\/\/dev.explora.cl\/aysen\/wp-json\/wp\/v2\/categories?post=112"},{"taxonomy":"post_tag","embeddable":true,"href":"https:\/\/dev.explora.cl\/aysen\/wp-json\/wp\/v2\/tags?post=112"}],"curies":[{"name":"wp","href":"https:\/\/api.w.org\/{rel}","templated":true}]}}