{"id":110,"date":"2014-08-26T00:00:00","date_gmt":"2014-08-26T04:00:00","guid":{"rendered":"https:\/\/dev.explora.cl\/aysen\/blog\/2014\/08\/26\/culmino-iii-capacitacion-docente-en-medio-ambiente-y-ciencias-de-la-region-de-aysen\/"},"modified":"2019-05-20T21:22:11","modified_gmt":"2019-05-20T21:22:11","slug":"culmino-iii-capacitacion-docente-en-medio-ambiente-y-ciencias-de-la-region-de-aysen","status":"publish","type":"post","link":"https:\/\/dev.explora.cl\/aysen\/culmino-iii-capacitacion-docente-en-medio-ambiente-y-ciencias-de-la-region-de-aysen\/","title":{"rendered":"Culmin\u00f3 III Capacitaci\u00f3n Docente en Medio Ambiente y Ciencias de la regi\u00f3n de Ays\u00e9n"},"content":{"rendered":"<p><img loading=\"lazy\" decoding=\"async\" class=\" size-full wp-image-4872\" src=\"http:\/\/ec2-34-218-253-251.us-west-2.compute.amazonaws.com\/wp-content\/uploads\/2014\/08\/60089bfd39c4e90e37ccd64af3e7cb70.jpg\" alt=\"\" width=\"655\" height=\"433\" \/><\/p>\n<p>La iniciativa, organizada por la Seremi del Medio Ambiente de la regi\u00f3n de Ays\u00e9n, en conjunto con Forestal Mininco y el Proyecto Asociativo Regional EXPLORA ejecutado por el Campus Patagonia de la Universidad Austral de Chile, se realiz\u00f3 en el Lodge El Pangue de Puyuhuapi.<\/p>\n<p>Durante tres d\u00edas, docentes de las distintas localidades de la regi\u00f3n de Ays\u00e9n se reunieron con sus pares y distintos profesionales del \u00e1rea medioambiental para fortalecer sus conocimientos en materias de sustentabilidad energ\u00e9tica, ciencias, flora y fauna con el objetivo de promover en sus estudiantes procesos educacionales con miras hac\u00eda un desarrollo sustentable.<\/p>\n<p>Al respecto la seremi de Medio Ambiente, Susana Figueroa, destac\u00f3 que \u201cdesde hace varios a\u00f1os que hemos generado este espacio de di\u00e1logo con los profesores y docentes de la regi\u00f3n, porque entendemos que para poder lograr los cambios que impulsamos en materia medioambiental debemos entregar conocimientos actualizados a quienes forman a las nuevas generaciones, entregando herramientas que potencian la educaci\u00f3n ambiental como parte de la formaci\u00f3n integral de los alumnos\u201d.<\/p>\n<p>Cabe se\u00f1alar, que la ocasi\u00f3n sirvi\u00f3 tambi\u00e9n para fortalecer los compromisos de \u201cLa Red de Educadores en Ciencias y Medio Ambiente de la Patagonia Ays\u00e9n \u2013 Red CYMA\u201d, instancia que se gener\u00f3 como resultado de la primera Capacitaci\u00f3n Docente realizada en el 2012, y que tiene como objetivo trabajar en la construcci\u00f3n de una comunidad educativa que promueva la sustentabilidad ambiental a trav\u00e9s de la educaci\u00f3n y la investigaci\u00f3n cient\u00edfica escolar.<\/p>\n<p>Para el Director del PAR EXPLORA Ays\u00e9n, Pedro Matus Pezo, \u201cel objetivo de estas acciones, es que entre todos podamos apoyar a los colegios y profesores en la importante labor de la educaci\u00f3n en la ciencia, cada uno desde un prisma particular, y que desde aqu\u00ed podamos proyectar esta y otras acciones con la certeza que los resultados ser\u00e1n mucho m\u00e1s provechosos para ellos y fundamentalmente, que los beneficios llegar\u00e1n a los estudiantes\u201d.<\/p>\n<p>Por su parte, la encargada de Extensi\u00f3n Escolar en Ays\u00e9n de Forestal Mininco, Viviana Pizarro se\u00f1al\u00f3 que \u201cesta capacitaci\u00f3n es parte de los compromisos que como empresa hemos adquirido con los profesores de la regi\u00f3n. Estamos muy contentos y queremos felicitar a los profesores por la entrega y el compromiso que demostraron durante las jornadas, donde participaron activamente y tuvieron la oportunidad de poner en pr\u00e1ctica lo aprendido\u201d.<\/p>\n<p>Esta capacitaci\u00f3n fue posible gracias al esfuerzo del mundo p\u00fablico\/privado y cont\u00f3 la participaci\u00f3n de importantes expositores como Roberto Gonz\u00e1lez, Encargado del Departamento de Educaci\u00f3n Ambiental del Ministerio de Medio Ambiente, qui\u00e9n expuso \u201cConstruyendo Educaci\u00f3n Ambiental, Revisi\u00f3n de gu\u00eda elaborada por los participantes del a\u00f1o 2013\u201d. Adem\u00e1s, Juan Carlos Osorio, ingeniero el\u00e9ctrico del Campus Patagonia de la UACh quien realiz\u00f3 el m\u00f3dulo \u201cEficiencia Energ\u00e9tica y Energ\u00edas Alternativas\u201d, mientras que Sebasti\u00e1n Riestra, encargado de Educaci\u00f3n Ambiental de la Seremi del Medio Ambiente de la Regi\u00f3n de Ays\u00e9n, llev\u00f3 a cabo el modulo \u201cFlora y Fauna de la regi\u00f3n de Ays\u00e9n\u201d, presentaciones que fueron entregadas a todos los participantes para que puedan utilizar este material con sus alumnos.<\/p>\n","protected":false},"excerpt":{"rendered":"<p>La iniciativa, organizada por la Seremi del Medio Ambiente de la regi\u00f3n de Ays\u00e9n, en conjunto con Forestal Mininco y el Proyecto Asociativo Regional EXPLORA ejecutado por el Campus Patagonia de la Universidad Austral de Chile, se realiz\u00f3 en el Lodge El Pangue de Puyuhuapi. Durante tres d\u00edas, docentes de las distintas localidades de la [&hellip;]<\/p>\n","protected":false},"author":2,"featured_media":111,"comment_status":"open","ping_status":"open","sticky":false,"template":"","format":"standard","meta":{"_acf_changed":false,"_exactmetrics_skip_tracking":false,"_exactmetrics_sitenote_active":false,"_exactmetrics_sitenote_note":"","_exactmetrics_sitenote_category":0,"footnotes":"","_links_to":"","_links_to_target":""},"categories":[4],"tags":[],"class_list":["post-110","post","type-post","status-publish","format-standard","has-post-thumbnail","hentry","category-noticias"],"acf":[],"yoast_head":"<!-- This site is optimized with the Yoast SEO plugin v26.7 - https:\/\/yoast.com\/wordpress\/plugins\/seo\/ -->\n<title>Culmin\u00f3 III Capacitaci\u00f3n Docente en Medio Ambiente y Ciencias de la regi\u00f3n de Ays\u00e9n - Aysen<\/title>\n<meta name=\"robots\" content=\"index, follow, max-snippet:-1, max-image-preview:large, max-video-preview:-1\" \/>\n<link rel=\"canonical\" href=\"https:\/\/dev.explora.cl\/aysen\/culmino-iii-capacitacion-docente-en-medio-ambiente-y-ciencias-de-la-region-de-aysen\/\" class=\"yoast-seo-meta-tag\" \/>\n<meta property=\"og:locale\" content=\"es_ES\" class=\"yoast-seo-meta-tag\" \/>\n<meta property=\"og:type\" content=\"article\" class=\"yoast-seo-meta-tag\" \/>\n<meta property=\"og:title\" content=\"Culmin\u00f3 III Capacitaci\u00f3n Docente en Medio Ambiente y Ciencias de la regi\u00f3n de Ays\u00e9n - Aysen\" class=\"yoast-seo-meta-tag\" \/>\n<meta property=\"og:description\" content=\"La iniciativa, organizada por la Seremi del Medio Ambiente de la regi\u00f3n de Ays\u00e9n, en conjunto con Forestal Mininco y el Proyecto Asociativo Regional EXPLORA ejecutado por el Campus Patagonia de la Universidad Austral de Chile, se realiz\u00f3 en el Lodge El Pangue de Puyuhuapi. Durante tres d\u00edas, docentes de las distintas localidades de la [&hellip;]\" class=\"yoast-seo-meta-tag\" \/>\n<meta property=\"og:url\" content=\"https:\/\/dev.explora.cl\/aysen\/culmino-iii-capacitacion-docente-en-medio-ambiente-y-ciencias-de-la-region-de-aysen\/\" class=\"yoast-seo-meta-tag\" \/>\n<meta property=\"og:site_name\" content=\"Aysen\" class=\"yoast-seo-meta-tag\" \/>\n<meta property=\"article:published_time\" content=\"2014-08-26T04:00:00+00:00\" class=\"yoast-seo-meta-tag\" \/>\n<meta property=\"article:modified_time\" content=\"2019-05-20T21:22:11+00:00\" class=\"yoast-seo-meta-tag\" \/>\n<meta property=\"og:image\" content=\"https:\/\/dev.explora.cl\/aysen\/wp-content\/uploads\/sites\/18\/2018\/06\/60089bfd39c4e90e37ccd64af3e7cb70.jpg\" class=\"yoast-seo-meta-tag\" \/>\n\t<meta property=\"og:image:width\" content=\"655\" class=\"yoast-seo-meta-tag\" \/>\n\t<meta property=\"og:image:height\" content=\"433\" class=\"yoast-seo-meta-tag\" \/>\n\t<meta property=\"og:image:type\" content=\"image\/jpeg\" class=\"yoast-seo-meta-tag\" \/>\n<meta name=\"author\" content=\"webman\" class=\"yoast-seo-meta-tag\" \/>\n<meta name=\"twitter:card\" content=\"summary_large_image\" class=\"yoast-seo-meta-tag\" \/>\n<meta name=\"twitter:label1\" content=\"Escrito por\" class=\"yoast-seo-meta-tag\" \/>\n\t<meta name=\"twitter:data1\" content=\"webman\" class=\"yoast-seo-meta-tag\" \/>\n\t<meta name=\"twitter:label2\" content=\"Tiempo estimado de lectura\" class=\"yoast-seo-meta-tag\" \/>\n\t<meta name=\"twitter:data2\" content=\"3 minutos\" class=\"yoast-seo-meta-tag\" \/>\n<script type=\"application\/ld+json\" class=\"yoast-schema-graph\">{\"@context\":\"https:\/\/schema.org\",\"@graph\":[{\"@type\":\"Article\",\"@id\":\"https:\/\/dev.explora.cl\/aysen\/culmino-iii-capacitacion-docente-en-medio-ambiente-y-ciencias-de-la-region-de-aysen\/#article\",\"isPartOf\":{\"@id\":\"https:\/\/dev.explora.cl\/aysen\/culmino-iii-capacitacion-docente-en-medio-ambiente-y-ciencias-de-la-region-de-aysen\/\"},\"author\":{\"name\":\"webman\",\"@id\":\"https:\/\/dev.explora.cl\/aysen\/#\/schema\/person\/cb8349c13ea2d324080adf8480d7ba5d\"},\"headline\":\"Culmin\u00f3 III Capacitaci\u00f3n Docente en Medio Ambiente y Ciencias de la regi\u00f3n de Ays\u00e9n\",\"datePublished\":\"2014-08-26T04:00:00+00:00\",\"dateModified\":\"2019-05-20T21:22:11+00:00\",\"mainEntityOfPage\":{\"@id\":\"https:\/\/dev.explora.cl\/aysen\/culmino-iii-capacitacion-docente-en-medio-ambiente-y-ciencias-de-la-region-de-aysen\/\"},\"wordCount\":565,\"commentCount\":0,\"image\":{\"@id\":\"https:\/\/dev.explora.cl\/aysen\/culmino-iii-capacitacion-docente-en-medio-ambiente-y-ciencias-de-la-region-de-aysen\/#primaryimage\"},\"thumbnailUrl\":\"https:\/\/dev.explora.cl\/aysen\/wp-content\/uploads\/sites\/18\/2018\/06\/60089bfd39c4e90e37ccd64af3e7cb70.jpg\",\"articleSection\":[\"Noticias\"],\"inLanguage\":\"es-CL\",\"potentialAction\":[{\"@type\":\"CommentAction\",\"name\":\"Comment\",\"target\":[\"https:\/\/dev.explora.cl\/aysen\/culmino-iii-capacitacion-docente-en-medio-ambiente-y-ciencias-de-la-region-de-aysen\/#respond\"]}]},{\"@type\":\"WebPage\",\"@id\":\"https:\/\/dev.explora.cl\/aysen\/culmino-iii-capacitacion-docente-en-medio-ambiente-y-ciencias-de-la-region-de-aysen\/\",\"url\":\"https:\/\/dev.explora.cl\/aysen\/culmino-iii-capacitacion-docente-en-medio-ambiente-y-ciencias-de-la-region-de-aysen\/\",\"name\":\"Culmin\u00f3 III Capacitaci\u00f3n Docente en Medio Ambiente y Ciencias de la regi\u00f3n de Ays\u00e9n - Aysen\",\"isPartOf\":{\"@id\":\"https:\/\/dev.explora.cl\/aysen\/#website\"},\"primaryImageOfPage\":{\"@id\":\"https:\/\/dev.explora.cl\/aysen\/culmino-iii-capacitacion-docente-en-medio-ambiente-y-ciencias-de-la-region-de-aysen\/#primaryimage\"},\"image\":{\"@id\":\"https:\/\/dev.explora.cl\/aysen\/culmino-iii-capacitacion-docente-en-medio-ambiente-y-ciencias-de-la-region-de-aysen\/#primaryimage\"},\"thumbnailUrl\":\"https:\/\/dev.explora.cl\/aysen\/wp-content\/uploads\/sites\/18\/2018\/06\/60089bfd39c4e90e37ccd64af3e7cb70.jpg\",\"datePublished\":\"2014-08-26T04:00:00+00:00\",\"dateModified\":\"2019-05-20T21:22:11+00:00\",\"author\":{\"@id\":\"https:\/\/dev.explora.cl\/aysen\/#\/schema\/person\/cb8349c13ea2d324080adf8480d7ba5d\"},\"breadcrumb\":{\"@id\":\"https:\/\/dev.explora.cl\/aysen\/culmino-iii-capacitacion-docente-en-medio-ambiente-y-ciencias-de-la-region-de-aysen\/#breadcrumb\"},\"inLanguage\":\"es-CL\",\"potentialAction\":[{\"@type\":\"ReadAction\",\"target\":[\"https:\/\/dev.explora.cl\/aysen\/culmino-iii-capacitacion-docente-en-medio-ambiente-y-ciencias-de-la-region-de-aysen\/\"]}]},{\"@type\":\"ImageObject\",\"inLanguage\":\"es-CL\",\"@id\":\"https:\/\/dev.explora.cl\/aysen\/culmino-iii-capacitacion-docente-en-medio-ambiente-y-ciencias-de-la-region-de-aysen\/#primaryimage\",\"url\":\"https:\/\/dev.explora.cl\/aysen\/wp-content\/uploads\/sites\/18\/2018\/06\/60089bfd39c4e90e37ccd64af3e7cb70.jpg\",\"contentUrl\":\"https:\/\/dev.explora.cl\/aysen\/wp-content\/uploads\/sites\/18\/2018\/06\/60089bfd39c4e90e37ccd64af3e7cb70.jpg\",\"width\":655,\"height\":433},{\"@type\":\"BreadcrumbList\",\"@id\":\"https:\/\/dev.explora.cl\/aysen\/culmino-iii-capacitacion-docente-en-medio-ambiente-y-ciencias-de-la-region-de-aysen\/#breadcrumb\",\"itemListElement\":[{\"@type\":\"ListItem\",\"position\":1,\"name\":\"Portada\",\"item\":\"https:\/\/dev.explora.cl\/aysen\/\"},{\"@type\":\"ListItem\",\"position\":2,\"name\":\"Culmin\u00f3 III Capacitaci\u00f3n Docente en Medio Ambiente y Ciencias de la regi\u00f3n de Ays\u00e9n\"}]},{\"@type\":\"WebSite\",\"@id\":\"https:\/\/dev.explora.cl\/aysen\/#website\",\"url\":\"https:\/\/dev.explora.cl\/aysen\/\",\"name\":\"Aysen\",\"description\":\"Otro sitio m\u00e1s de dev.explora.cl\",\"potentialAction\":[{\"@type\":\"SearchAction\",\"target\":{\"@type\":\"EntryPoint\",\"urlTemplate\":\"https:\/\/dev.explora.cl\/aysen\/?s={search_term_string}\"},\"query-input\":{\"@type\":\"PropertyValueSpecification\",\"valueRequired\":true,\"valueName\":\"search_term_string\"}}],\"inLanguage\":\"es-CL\"},{\"@type\":\"Person\",\"@id\":\"https:\/\/dev.explora.cl\/aysen\/#\/schema\/person\/cb8349c13ea2d324080adf8480d7ba5d\",\"name\":\"webman\",\"image\":{\"@type\":\"ImageObject\",\"inLanguage\":\"es-CL\",\"@id\":\"https:\/\/dev.explora.cl\/aysen\/#\/schema\/person\/image\/\",\"url\":\"https:\/\/secure.gravatar.com\/avatar\/eeff3c82f2c02f7177d13663b7e6f890e9a6a0647ce9bb29cae02dcb094c7312?s=96&d=mm&r=g\",\"contentUrl\":\"https:\/\/secure.gravatar.com\/avatar\/eeff3c82f2c02f7177d13663b7e6f890e9a6a0647ce9bb29cae02dcb094c7312?s=96&d=mm&r=g\",\"caption\":\"webman\"},\"url\":\"https:\/\/dev.explora.cl\/aysen\/author\/webman\/\"}]}<\/script>\n<!-- \/ Yoast SEO plugin. -->","yoast_head_json":{"title":"Culmin\u00f3 III Capacitaci\u00f3n Docente en Medio Ambiente y Ciencias de la regi\u00f3n de Ays\u00e9n - Aysen","robots":{"index":"index","follow":"follow","max-snippet":"max-snippet:-1","max-image-preview":"max-image-preview:large","max-video-preview":"max-video-preview:-1"},"canonical":"https:\/\/dev.explora.cl\/aysen\/culmino-iii-capacitacion-docente-en-medio-ambiente-y-ciencias-de-la-region-de-aysen\/","og_locale":"es_ES","og_type":"article","og_title":"Culmin\u00f3 III Capacitaci\u00f3n Docente en Medio Ambiente y Ciencias de la regi\u00f3n de Ays\u00e9n - Aysen","og_description":"La iniciativa, organizada por la Seremi del Medio Ambiente de la regi\u00f3n de Ays\u00e9n, en conjunto con Forestal Mininco y el Proyecto Asociativo Regional EXPLORA ejecutado por el Campus Patagonia de la Universidad Austral de Chile, se realiz\u00f3 en el Lodge El Pangue de Puyuhuapi. Durante tres d\u00edas, docentes de las distintas localidades de la [&hellip;]","og_url":"https:\/\/dev.explora.cl\/aysen\/culmino-iii-capacitacion-docente-en-medio-ambiente-y-ciencias-de-la-region-de-aysen\/","og_site_name":"Aysen","article_published_time":"2014-08-26T04:00:00+00:00","article_modified_time":"2019-05-20T21:22:11+00:00","og_image":[{"width":655,"height":433,"url":"https:\/\/dev.explora.cl\/aysen\/wp-content\/uploads\/sites\/18\/2018\/06\/60089bfd39c4e90e37ccd64af3e7cb70.jpg","type":"image\/jpeg"}],"author":"webman","twitter_card":"summary_large_image","twitter_misc":{"Escrito por":"webman","Tiempo estimado de lectura":"3 minutos"},"schema":{"@context":"https:\/\/schema.org","@graph":[{"@type":"Article","@id":"https:\/\/dev.explora.cl\/aysen\/culmino-iii-capacitacion-docente-en-medio-ambiente-y-ciencias-de-la-region-de-aysen\/#article","isPartOf":{"@id":"https:\/\/dev.explora.cl\/aysen\/culmino-iii-capacitacion-docente-en-medio-ambiente-y-ciencias-de-la-region-de-aysen\/"},"author":{"name":"webman","@id":"https:\/\/dev.explora.cl\/aysen\/#\/schema\/person\/cb8349c13ea2d324080adf8480d7ba5d"},"headline":"Culmin\u00f3 III Capacitaci\u00f3n Docente en Medio Ambiente y Ciencias de la regi\u00f3n de Ays\u00e9n","datePublished":"2014-08-26T04:00:00+00:00","dateModified":"2019-05-20T21:22:11+00:00","mainEntityOfPage":{"@id":"https:\/\/dev.explora.cl\/aysen\/culmino-iii-capacitacion-docente-en-medio-ambiente-y-ciencias-de-la-region-de-aysen\/"},"wordCount":565,"commentCount":0,"image":{"@id":"https:\/\/dev.explora.cl\/aysen\/culmino-iii-capacitacion-docente-en-medio-ambiente-y-ciencias-de-la-region-de-aysen\/#primaryimage"},"thumbnailUrl":"https:\/\/dev.explora.cl\/aysen\/wp-content\/uploads\/sites\/18\/2018\/06\/60089bfd39c4e90e37ccd64af3e7cb70.jpg","articleSection":["Noticias"],"inLanguage":"es-CL","potentialAction":[{"@type":"CommentAction","name":"Comment","target":["https:\/\/dev.explora.cl\/aysen\/culmino-iii-capacitacion-docente-en-medio-ambiente-y-ciencias-de-la-region-de-aysen\/#respond"]}]},{"@type":"WebPage","@id":"https:\/\/dev.explora.cl\/aysen\/culmino-iii-capacitacion-docente-en-medio-ambiente-y-ciencias-de-la-region-de-aysen\/","url":"https:\/\/dev.explora.cl\/aysen\/culmino-iii-capacitacion-docente-en-medio-ambiente-y-ciencias-de-la-region-de-aysen\/","name":"Culmin\u00f3 III Capacitaci\u00f3n Docente en Medio Ambiente y Ciencias de la regi\u00f3n de Ays\u00e9n - Aysen","isPartOf":{"@id":"https:\/\/dev.explora.cl\/aysen\/#website"},"primaryImageOfPage":{"@id":"https:\/\/dev.explora.cl\/aysen\/culmino-iii-capacitacion-docente-en-medio-ambiente-y-ciencias-de-la-region-de-aysen\/#primaryimage"},"image":{"@id":"https:\/\/dev.explora.cl\/aysen\/culmino-iii-capacitacion-docente-en-medio-ambiente-y-ciencias-de-la-region-de-aysen\/#primaryimage"},"thumbnailUrl":"https:\/\/dev.explora.cl\/aysen\/wp-content\/uploads\/sites\/18\/2018\/06\/60089bfd39c4e90e37ccd64af3e7cb70.jpg","datePublished":"2014-08-26T04:00:00+00:00","dateModified":"2019-05-20T21:22:11+00:00","author":{"@id":"https:\/\/dev.explora.cl\/aysen\/#\/schema\/person\/cb8349c13ea2d324080adf8480d7ba5d"},"breadcrumb":{"@id":"https:\/\/dev.explora.cl\/aysen\/culmino-iii-capacitacion-docente-en-medio-ambiente-y-ciencias-de-la-region-de-aysen\/#breadcrumb"},"inLanguage":"es-CL","potentialAction":[{"@type":"ReadAction","target":["https:\/\/dev.explora.cl\/aysen\/culmino-iii-capacitacion-docente-en-medio-ambiente-y-ciencias-de-la-region-de-aysen\/"]}]},{"@type":"ImageObject","inLanguage":"es-CL","@id":"https:\/\/dev.explora.cl\/aysen\/culmino-iii-capacitacion-docente-en-medio-ambiente-y-ciencias-de-la-region-de-aysen\/#primaryimage","url":"https:\/\/dev.explora.cl\/aysen\/wp-content\/uploads\/sites\/18\/2018\/06\/60089bfd39c4e90e37ccd64af3e7cb70.jpg","contentUrl":"https:\/\/dev.explora.cl\/aysen\/wp-content\/uploads\/sites\/18\/2018\/06\/60089bfd39c4e90e37ccd64af3e7cb70.jpg","width":655,"height":433},{"@type":"BreadcrumbList","@id":"https:\/\/dev.explora.cl\/aysen\/culmino-iii-capacitacion-docente-en-medio-ambiente-y-ciencias-de-la-region-de-aysen\/#breadcrumb","itemListElement":[{"@type":"ListItem","position":1,"name":"Portada","item":"https:\/\/dev.explora.cl\/aysen\/"},{"@type":"ListItem","position":2,"name":"Culmin\u00f3 III Capacitaci\u00f3n Docente en Medio Ambiente y Ciencias de la regi\u00f3n de Ays\u00e9n"}]},{"@type":"WebSite","@id":"https:\/\/dev.explora.cl\/aysen\/#website","url":"https:\/\/dev.explora.cl\/aysen\/","name":"Aysen","description":"Otro sitio m\u00e1s de dev.explora.cl","potentialAction":[{"@type":"SearchAction","target":{"@type":"EntryPoint","urlTemplate":"https:\/\/dev.explora.cl\/aysen\/?s={search_term_string}"},"query-input":{"@type":"PropertyValueSpecification","valueRequired":true,"valueName":"search_term_string"}}],"inLanguage":"es-CL"},{"@type":"Person","@id":"https:\/\/dev.explora.cl\/aysen\/#\/schema\/person\/cb8349c13ea2d324080adf8480d7ba5d","name":"webman","image":{"@type":"ImageObject","inLanguage":"es-CL","@id":"https:\/\/dev.explora.cl\/aysen\/#\/schema\/person\/image\/","url":"https:\/\/secure.gravatar.com\/avatar\/eeff3c82f2c02f7177d13663b7e6f890e9a6a0647ce9bb29cae02dcb094c7312?s=96&d=mm&r=g","contentUrl":"https:\/\/secure.gravatar.com\/avatar\/eeff3c82f2c02f7177d13663b7e6f890e9a6a0647ce9bb29cae02dcb094c7312?s=96&d=mm&r=g","caption":"webman"},"url":"https:\/\/dev.explora.cl\/aysen\/author\/webman\/"}]}},"_links":{"self":[{"href":"https:\/\/dev.explora.cl\/aysen\/wp-json\/wp\/v2\/posts\/110","targetHints":{"allow":["GET"]}}],"collection":[{"href":"https:\/\/dev.explora.cl\/aysen\/wp-json\/wp\/v2\/posts"}],"about":[{"href":"https:\/\/dev.explora.cl\/aysen\/wp-json\/wp\/v2\/types\/post"}],"author":[{"embeddable":true,"href":"https:\/\/dev.explora.cl\/aysen\/wp-json\/wp\/v2\/users\/2"}],"replies":[{"embeddable":true,"href":"https:\/\/dev.explora.cl\/aysen\/wp-json\/wp\/v2\/comments?post=110"}],"version-history":[{"count":1,"href":"https:\/\/dev.explora.cl\/aysen\/wp-json\/wp\/v2\/posts\/110\/revisions"}],"predecessor-version":[{"id":37360,"href":"https:\/\/dev.explora.cl\/aysen\/wp-json\/wp\/v2\/posts\/110\/revisions\/37360"}],"wp:featuredmedia":[{"embeddable":true,"href":"https:\/\/dev.explora.cl\/aysen\/wp-json\/wp\/v2\/media\/111"}],"wp:attachment":[{"href":"https:\/\/dev.explora.cl\/aysen\/wp-json\/wp\/v2\/media?parent=110"}],"wp:term":[{"taxonomy":"category","embeddable":true,"href":"https:\/\/dev.explora.cl\/aysen\/wp-json\/wp\/v2\/categories?post=110"},{"taxonomy":"post_tag","embeddable":true,"href":"https:\/\/dev.explora.cl\/aysen\/wp-json\/wp\/v2\/tags?post=110"}],"curies":[{"name":"wp","href":"https:\/\/api.w.org\/{rel}","templated":true}]}}