{"id":108,"date":"2014-08-19T00:00:00","date_gmt":"2014-08-19T04:00:00","guid":{"rendered":"https:\/\/dev.explora.cl\/aysen\/blog\/2014\/08\/19\/35-profesores-de-la-region-participaran-en-capacitacion-sobre-medio-ambiente-y-ciencias\/"},"modified":"2019-05-20T21:22:12","modified_gmt":"2019-05-20T21:22:12","slug":"35-profesores-de-la-region-participaran-en-capacitacion-sobre-medio-ambiente-y-ciencias","status":"publish","type":"post","link":"https:\/\/dev.explora.cl\/aysen\/35-profesores-de-la-region-participaran-en-capacitacion-sobre-medio-ambiente-y-ciencias\/","title":{"rendered":"35 profesores de la Regi\u00f3n participar\u00e1n en capacitaci\u00f3n sobre medio ambiente y ciencias."},"content":{"rendered":"<p><img loading=\"lazy\" decoding=\"async\" class=\" size-full wp-image-4710\" src=\"http:\/\/ec2-34-218-253-251.us-west-2.compute.amazonaws.com\/wp-content\/uploads\/2014\/08\/b90c3557a61a887cb566204d08aac170.jpg\" alt=\"\" width=\"800\" height=\"530\" \/><\/p>\n<p>La Seremi del Medio Ambiente de Ays\u00e9n, el PAR EXPLORA Regi\u00f3n de Ays\u00e9n ejecutado por el Campus Patagonia de la Universidad Austral de Chile y Forestal Mininco llevar\u00e1n a cabo esta \u201cIII Capacitaci\u00f3n Docente en Medio Ambiente y Ciencias en la Regi\u00f3n de Ays\u00e9n\u201d cuya finalidad es promover procesos educacionales que apunten al desarrollo sustentable.<\/p>\n<p>Desde el 21 hasta el 23 de agosto se reunir\u00e1n en Puyuhuapi un total de 35 profesores de distintas localidades de la regi\u00f3n de Ays\u00e9n para profundizar sus conocimientos en temas de Medio Ambiente y Ciencias, instancia en la que podr\u00e1n compartir con pares sus experiencias y desaf\u00edos en el aula.<\/p>\n<p>La iniciativa, dirigida a docentes de ense\u00f1anza b\u00e1sica y media de los distintos establecimientos educacionales de la regi\u00f3n de Ays\u00e9n, abordar\u00e1 tem\u00e1ticas como flora y fauna, eficiencia energ\u00e9tica y aplicaci\u00f3n pr\u00e1ctica para entregar contenidos en sala de clases con el objetivo de mirar el medio ambiente a trav\u00e9s de la ciencia.<\/p>\n<p>Los organizadores indicaron estar muy contentos con la acogida y participaci\u00f3n de la comunidad educativa. &#8220;Es muy importante poder reunir a gran parte de los profesores de ciencias y de los talleres ambientales en colegios de la Regi\u00f3n para realizar una jornada de actualizaci\u00f3n docente, con temas que son relevantes para Ays\u00e9n, que forman parte del curr\u00edculum escolar y que los profesores pueden trabajar y transmitir a sus estudiantes. En general exigimos mucho a nuestros profesores pero son pocas las instancias que ellos tienen para refrescar y adquirir nuevos conocimientos en sus disciplinas. En este sentido agradecemos a las autoridades educativas y los directores de colegios que nos apoyan en esta tercera versi\u00f3n de &#8220;Capacitaci\u00f3n Docente en Medio Ambiente y Ciencias en la Regi\u00f3n de Ays\u00e9n&#8221;.<\/p>\n<p>Es importante destacar que la \u201cIII Capacitaci\u00f3n Docente en Medio Ambiente y Ciencias en la Regi\u00f3n de Ays\u00e9n\u201d es posible gracias al trabajo entre el sector p\u00fablico y privado quienes han entendido la importancia de mejorar las competencias de los educadores en esta \u00e1rea y que en el corto plazo se ha alzado como una de las instancias de formaci\u00f3n m\u00e1s importantes en esta materia, permitiendo la implementaci\u00f3n de iniciativas de desarrollo sustentable, que tienen un impacto positivo en nuestra comunidad.<\/p>\n<p>\u00a0<\/p>\n","protected":false},"excerpt":{"rendered":"<p>La Seremi del Medio Ambiente de Ays\u00e9n, el PAR EXPLORA Regi\u00f3n de Ays\u00e9n ejecutado por el Campus Patagonia de la Universidad Austral de Chile y Forestal Mininco llevar\u00e1n a cabo esta \u201cIII Capacitaci\u00f3n Docente en Medio Ambiente y Ciencias en la Regi\u00f3n de Ays\u00e9n\u201d cuya finalidad es promover procesos educacionales que apunten al desarrollo sustentable. [&hellip;]<\/p>\n","protected":false},"author":2,"featured_media":109,"comment_status":"open","ping_status":"open","sticky":false,"template":"","format":"standard","meta":{"_acf_changed":false,"_exactmetrics_skip_tracking":false,"_exactmetrics_sitenote_active":false,"_exactmetrics_sitenote_note":"","_exactmetrics_sitenote_category":0,"footnotes":"","_links_to":"","_links_to_target":""},"categories":[4],"tags":[],"class_list":["post-108","post","type-post","status-publish","format-standard","has-post-thumbnail","hentry","category-noticias"],"acf":[],"yoast_head":"<!-- This site is optimized with the Yoast SEO plugin v26.7 - https:\/\/yoast.com\/wordpress\/plugins\/seo\/ -->\n<title>35 profesores de la Regi\u00f3n participar\u00e1n en capacitaci\u00f3n sobre medio ambiente y ciencias. - Aysen<\/title>\n<meta name=\"robots\" content=\"index, follow, max-snippet:-1, max-image-preview:large, max-video-preview:-1\" \/>\n<link rel=\"canonical\" href=\"https:\/\/dev.explora.cl\/aysen\/35-profesores-de-la-region-participaran-en-capacitacion-sobre-medio-ambiente-y-ciencias\/\" class=\"yoast-seo-meta-tag\" \/>\n<meta property=\"og:locale\" content=\"es_ES\" class=\"yoast-seo-meta-tag\" \/>\n<meta property=\"og:type\" content=\"article\" class=\"yoast-seo-meta-tag\" \/>\n<meta property=\"og:title\" content=\"35 profesores de la Regi\u00f3n participar\u00e1n en capacitaci\u00f3n sobre medio ambiente y ciencias. - Aysen\" class=\"yoast-seo-meta-tag\" \/>\n<meta property=\"og:description\" content=\"La Seremi del Medio Ambiente de Ays\u00e9n, el PAR EXPLORA Regi\u00f3n de Ays\u00e9n ejecutado por el Campus Patagonia de la Universidad Austral de Chile y Forestal Mininco llevar\u00e1n a cabo esta \u201cIII Capacitaci\u00f3n Docente en Medio Ambiente y Ciencias en la Regi\u00f3n de Ays\u00e9n\u201d cuya finalidad es promover procesos educacionales que apunten al desarrollo sustentable. [&hellip;]\" class=\"yoast-seo-meta-tag\" \/>\n<meta property=\"og:url\" content=\"https:\/\/dev.explora.cl\/aysen\/35-profesores-de-la-region-participaran-en-capacitacion-sobre-medio-ambiente-y-ciencias\/\" class=\"yoast-seo-meta-tag\" \/>\n<meta property=\"og:site_name\" content=\"Aysen\" class=\"yoast-seo-meta-tag\" \/>\n<meta property=\"article:published_time\" content=\"2014-08-19T04:00:00+00:00\" class=\"yoast-seo-meta-tag\" \/>\n<meta property=\"article:modified_time\" content=\"2019-05-20T21:22:12+00:00\" class=\"yoast-seo-meta-tag\" \/>\n<meta property=\"og:image\" content=\"https:\/\/dev.explora.cl\/aysen\/wp-content\/uploads\/sites\/18\/2018\/06\/b90c3557a61a887cb566204d08aac170.jpg\" class=\"yoast-seo-meta-tag\" \/>\n\t<meta property=\"og:image:width\" content=\"800\" class=\"yoast-seo-meta-tag\" \/>\n\t<meta property=\"og:image:height\" content=\"530\" class=\"yoast-seo-meta-tag\" \/>\n\t<meta property=\"og:image:type\" content=\"image\/jpeg\" class=\"yoast-seo-meta-tag\" \/>\n<meta name=\"author\" content=\"webman\" class=\"yoast-seo-meta-tag\" \/>\n<meta name=\"twitter:card\" content=\"summary_large_image\" class=\"yoast-seo-meta-tag\" \/>\n<meta name=\"twitter:label1\" content=\"Escrito por\" class=\"yoast-seo-meta-tag\" \/>\n\t<meta name=\"twitter:data1\" content=\"webman\" class=\"yoast-seo-meta-tag\" \/>\n\t<meta name=\"twitter:label2\" content=\"Tiempo estimado de lectura\" class=\"yoast-seo-meta-tag\" \/>\n\t<meta name=\"twitter:data2\" content=\"2 minutos\" class=\"yoast-seo-meta-tag\" \/>\n<script type=\"application\/ld+json\" class=\"yoast-schema-graph\">{\"@context\":\"https:\/\/schema.org\",\"@graph\":[{\"@type\":\"Article\",\"@id\":\"https:\/\/dev.explora.cl\/aysen\/35-profesores-de-la-region-participaran-en-capacitacion-sobre-medio-ambiente-y-ciencias\/#article\",\"isPartOf\":{\"@id\":\"https:\/\/dev.explora.cl\/aysen\/35-profesores-de-la-region-participaran-en-capacitacion-sobre-medio-ambiente-y-ciencias\/\"},\"author\":{\"name\":\"webman\",\"@id\":\"https:\/\/dev.explora.cl\/aysen\/#\/schema\/person\/cb8349c13ea2d324080adf8480d7ba5d\"},\"headline\":\"35 profesores de la Regi\u00f3n participar\u00e1n en capacitaci\u00f3n sobre medio ambiente y ciencias.\",\"datePublished\":\"2014-08-19T04:00:00+00:00\",\"dateModified\":\"2019-05-20T21:22:12+00:00\",\"mainEntityOfPage\":{\"@id\":\"https:\/\/dev.explora.cl\/aysen\/35-profesores-de-la-region-participaran-en-capacitacion-sobre-medio-ambiente-y-ciencias\/\"},\"wordCount\":413,\"commentCount\":0,\"image\":{\"@id\":\"https:\/\/dev.explora.cl\/aysen\/35-profesores-de-la-region-participaran-en-capacitacion-sobre-medio-ambiente-y-ciencias\/#primaryimage\"},\"thumbnailUrl\":\"https:\/\/dev.explora.cl\/aysen\/wp-content\/uploads\/sites\/18\/2018\/06\/b90c3557a61a887cb566204d08aac170.jpg\",\"articleSection\":[\"Noticias\"],\"inLanguage\":\"es-CL\",\"potentialAction\":[{\"@type\":\"CommentAction\",\"name\":\"Comment\",\"target\":[\"https:\/\/dev.explora.cl\/aysen\/35-profesores-de-la-region-participaran-en-capacitacion-sobre-medio-ambiente-y-ciencias\/#respond\"]}]},{\"@type\":\"WebPage\",\"@id\":\"https:\/\/dev.explora.cl\/aysen\/35-profesores-de-la-region-participaran-en-capacitacion-sobre-medio-ambiente-y-ciencias\/\",\"url\":\"https:\/\/dev.explora.cl\/aysen\/35-profesores-de-la-region-participaran-en-capacitacion-sobre-medio-ambiente-y-ciencias\/\",\"name\":\"35 profesores de la Regi\u00f3n participar\u00e1n en capacitaci\u00f3n sobre medio ambiente y ciencias. - Aysen\",\"isPartOf\":{\"@id\":\"https:\/\/dev.explora.cl\/aysen\/#website\"},\"primaryImageOfPage\":{\"@id\":\"https:\/\/dev.explora.cl\/aysen\/35-profesores-de-la-region-participaran-en-capacitacion-sobre-medio-ambiente-y-ciencias\/#primaryimage\"},\"image\":{\"@id\":\"https:\/\/dev.explora.cl\/aysen\/35-profesores-de-la-region-participaran-en-capacitacion-sobre-medio-ambiente-y-ciencias\/#primaryimage\"},\"thumbnailUrl\":\"https:\/\/dev.explora.cl\/aysen\/wp-content\/uploads\/sites\/18\/2018\/06\/b90c3557a61a887cb566204d08aac170.jpg\",\"datePublished\":\"2014-08-19T04:00:00+00:00\",\"dateModified\":\"2019-05-20T21:22:12+00:00\",\"author\":{\"@id\":\"https:\/\/dev.explora.cl\/aysen\/#\/schema\/person\/cb8349c13ea2d324080adf8480d7ba5d\"},\"breadcrumb\":{\"@id\":\"https:\/\/dev.explora.cl\/aysen\/35-profesores-de-la-region-participaran-en-capacitacion-sobre-medio-ambiente-y-ciencias\/#breadcrumb\"},\"inLanguage\":\"es-CL\",\"potentialAction\":[{\"@type\":\"ReadAction\",\"target\":[\"https:\/\/dev.explora.cl\/aysen\/35-profesores-de-la-region-participaran-en-capacitacion-sobre-medio-ambiente-y-ciencias\/\"]}]},{\"@type\":\"ImageObject\",\"inLanguage\":\"es-CL\",\"@id\":\"https:\/\/dev.explora.cl\/aysen\/35-profesores-de-la-region-participaran-en-capacitacion-sobre-medio-ambiente-y-ciencias\/#primaryimage\",\"url\":\"https:\/\/dev.explora.cl\/aysen\/wp-content\/uploads\/sites\/18\/2018\/06\/b90c3557a61a887cb566204d08aac170.jpg\",\"contentUrl\":\"https:\/\/dev.explora.cl\/aysen\/wp-content\/uploads\/sites\/18\/2018\/06\/b90c3557a61a887cb566204d08aac170.jpg\",\"width\":800,\"height\":530},{\"@type\":\"BreadcrumbList\",\"@id\":\"https:\/\/dev.explora.cl\/aysen\/35-profesores-de-la-region-participaran-en-capacitacion-sobre-medio-ambiente-y-ciencias\/#breadcrumb\",\"itemListElement\":[{\"@type\":\"ListItem\",\"position\":1,\"name\":\"Portada\",\"item\":\"https:\/\/dev.explora.cl\/aysen\/\"},{\"@type\":\"ListItem\",\"position\":2,\"name\":\"35 profesores de la Regi\u00f3n participar\u00e1n en capacitaci\u00f3n sobre medio ambiente y ciencias.\"}]},{\"@type\":\"WebSite\",\"@id\":\"https:\/\/dev.explora.cl\/aysen\/#website\",\"url\":\"https:\/\/dev.explora.cl\/aysen\/\",\"name\":\"Aysen\",\"description\":\"Otro sitio m\u00e1s de dev.explora.cl\",\"potentialAction\":[{\"@type\":\"SearchAction\",\"target\":{\"@type\":\"EntryPoint\",\"urlTemplate\":\"https:\/\/dev.explora.cl\/aysen\/?s={search_term_string}\"},\"query-input\":{\"@type\":\"PropertyValueSpecification\",\"valueRequired\":true,\"valueName\":\"search_term_string\"}}],\"inLanguage\":\"es-CL\"},{\"@type\":\"Person\",\"@id\":\"https:\/\/dev.explora.cl\/aysen\/#\/schema\/person\/cb8349c13ea2d324080adf8480d7ba5d\",\"name\":\"webman\",\"image\":{\"@type\":\"ImageObject\",\"inLanguage\":\"es-CL\",\"@id\":\"https:\/\/dev.explora.cl\/aysen\/#\/schema\/person\/image\/\",\"url\":\"https:\/\/secure.gravatar.com\/avatar\/eeff3c82f2c02f7177d13663b7e6f890e9a6a0647ce9bb29cae02dcb094c7312?s=96&d=mm&r=g\",\"contentUrl\":\"https:\/\/secure.gravatar.com\/avatar\/eeff3c82f2c02f7177d13663b7e6f890e9a6a0647ce9bb29cae02dcb094c7312?s=96&d=mm&r=g\",\"caption\":\"webman\"},\"url\":\"https:\/\/dev.explora.cl\/aysen\/author\/webman\/\"}]}<\/script>\n<!-- \/ Yoast SEO plugin. -->","yoast_head_json":{"title":"35 profesores de la Regi\u00f3n participar\u00e1n en capacitaci\u00f3n sobre medio ambiente y ciencias. - Aysen","robots":{"index":"index","follow":"follow","max-snippet":"max-snippet:-1","max-image-preview":"max-image-preview:large","max-video-preview":"max-video-preview:-1"},"canonical":"https:\/\/dev.explora.cl\/aysen\/35-profesores-de-la-region-participaran-en-capacitacion-sobre-medio-ambiente-y-ciencias\/","og_locale":"es_ES","og_type":"article","og_title":"35 profesores de la Regi\u00f3n participar\u00e1n en capacitaci\u00f3n sobre medio ambiente y ciencias. - Aysen","og_description":"La Seremi del Medio Ambiente de Ays\u00e9n, el PAR EXPLORA Regi\u00f3n de Ays\u00e9n ejecutado por el Campus Patagonia de la Universidad Austral de Chile y Forestal Mininco llevar\u00e1n a cabo esta \u201cIII Capacitaci\u00f3n Docente en Medio Ambiente y Ciencias en la Regi\u00f3n de Ays\u00e9n\u201d cuya finalidad es promover procesos educacionales que apunten al desarrollo sustentable. [&hellip;]","og_url":"https:\/\/dev.explora.cl\/aysen\/35-profesores-de-la-region-participaran-en-capacitacion-sobre-medio-ambiente-y-ciencias\/","og_site_name":"Aysen","article_published_time":"2014-08-19T04:00:00+00:00","article_modified_time":"2019-05-20T21:22:12+00:00","og_image":[{"width":800,"height":530,"url":"https:\/\/dev.explora.cl\/aysen\/wp-content\/uploads\/sites\/18\/2018\/06\/b90c3557a61a887cb566204d08aac170.jpg","type":"image\/jpeg"}],"author":"webman","twitter_card":"summary_large_image","twitter_misc":{"Escrito por":"webman","Tiempo estimado de lectura":"2 minutos"},"schema":{"@context":"https:\/\/schema.org","@graph":[{"@type":"Article","@id":"https:\/\/dev.explora.cl\/aysen\/35-profesores-de-la-region-participaran-en-capacitacion-sobre-medio-ambiente-y-ciencias\/#article","isPartOf":{"@id":"https:\/\/dev.explora.cl\/aysen\/35-profesores-de-la-region-participaran-en-capacitacion-sobre-medio-ambiente-y-ciencias\/"},"author":{"name":"webman","@id":"https:\/\/dev.explora.cl\/aysen\/#\/schema\/person\/cb8349c13ea2d324080adf8480d7ba5d"},"headline":"35 profesores de la Regi\u00f3n participar\u00e1n en capacitaci\u00f3n sobre medio ambiente y ciencias.","datePublished":"2014-08-19T04:00:00+00:00","dateModified":"2019-05-20T21:22:12+00:00","mainEntityOfPage":{"@id":"https:\/\/dev.explora.cl\/aysen\/35-profesores-de-la-region-participaran-en-capacitacion-sobre-medio-ambiente-y-ciencias\/"},"wordCount":413,"commentCount":0,"image":{"@id":"https:\/\/dev.explora.cl\/aysen\/35-profesores-de-la-region-participaran-en-capacitacion-sobre-medio-ambiente-y-ciencias\/#primaryimage"},"thumbnailUrl":"https:\/\/dev.explora.cl\/aysen\/wp-content\/uploads\/sites\/18\/2018\/06\/b90c3557a61a887cb566204d08aac170.jpg","articleSection":["Noticias"],"inLanguage":"es-CL","potentialAction":[{"@type":"CommentAction","name":"Comment","target":["https:\/\/dev.explora.cl\/aysen\/35-profesores-de-la-region-participaran-en-capacitacion-sobre-medio-ambiente-y-ciencias\/#respond"]}]},{"@type":"WebPage","@id":"https:\/\/dev.explora.cl\/aysen\/35-profesores-de-la-region-participaran-en-capacitacion-sobre-medio-ambiente-y-ciencias\/","url":"https:\/\/dev.explora.cl\/aysen\/35-profesores-de-la-region-participaran-en-capacitacion-sobre-medio-ambiente-y-ciencias\/","name":"35 profesores de la Regi\u00f3n participar\u00e1n en capacitaci\u00f3n sobre medio ambiente y ciencias. - Aysen","isPartOf":{"@id":"https:\/\/dev.explora.cl\/aysen\/#website"},"primaryImageOfPage":{"@id":"https:\/\/dev.explora.cl\/aysen\/35-profesores-de-la-region-participaran-en-capacitacion-sobre-medio-ambiente-y-ciencias\/#primaryimage"},"image":{"@id":"https:\/\/dev.explora.cl\/aysen\/35-profesores-de-la-region-participaran-en-capacitacion-sobre-medio-ambiente-y-ciencias\/#primaryimage"},"thumbnailUrl":"https:\/\/dev.explora.cl\/aysen\/wp-content\/uploads\/sites\/18\/2018\/06\/b90c3557a61a887cb566204d08aac170.jpg","datePublished":"2014-08-19T04:00:00+00:00","dateModified":"2019-05-20T21:22:12+00:00","author":{"@id":"https:\/\/dev.explora.cl\/aysen\/#\/schema\/person\/cb8349c13ea2d324080adf8480d7ba5d"},"breadcrumb":{"@id":"https:\/\/dev.explora.cl\/aysen\/35-profesores-de-la-region-participaran-en-capacitacion-sobre-medio-ambiente-y-ciencias\/#breadcrumb"},"inLanguage":"es-CL","potentialAction":[{"@type":"ReadAction","target":["https:\/\/dev.explora.cl\/aysen\/35-profesores-de-la-region-participaran-en-capacitacion-sobre-medio-ambiente-y-ciencias\/"]}]},{"@type":"ImageObject","inLanguage":"es-CL","@id":"https:\/\/dev.explora.cl\/aysen\/35-profesores-de-la-region-participaran-en-capacitacion-sobre-medio-ambiente-y-ciencias\/#primaryimage","url":"https:\/\/dev.explora.cl\/aysen\/wp-content\/uploads\/sites\/18\/2018\/06\/b90c3557a61a887cb566204d08aac170.jpg","contentUrl":"https:\/\/dev.explora.cl\/aysen\/wp-content\/uploads\/sites\/18\/2018\/06\/b90c3557a61a887cb566204d08aac170.jpg","width":800,"height":530},{"@type":"BreadcrumbList","@id":"https:\/\/dev.explora.cl\/aysen\/35-profesores-de-la-region-participaran-en-capacitacion-sobre-medio-ambiente-y-ciencias\/#breadcrumb","itemListElement":[{"@type":"ListItem","position":1,"name":"Portada","item":"https:\/\/dev.explora.cl\/aysen\/"},{"@type":"ListItem","position":2,"name":"35 profesores de la Regi\u00f3n participar\u00e1n en capacitaci\u00f3n sobre medio ambiente y ciencias."}]},{"@type":"WebSite","@id":"https:\/\/dev.explora.cl\/aysen\/#website","url":"https:\/\/dev.explora.cl\/aysen\/","name":"Aysen","description":"Otro sitio m\u00e1s de dev.explora.cl","potentialAction":[{"@type":"SearchAction","target":{"@type":"EntryPoint","urlTemplate":"https:\/\/dev.explora.cl\/aysen\/?s={search_term_string}"},"query-input":{"@type":"PropertyValueSpecification","valueRequired":true,"valueName":"search_term_string"}}],"inLanguage":"es-CL"},{"@type":"Person","@id":"https:\/\/dev.explora.cl\/aysen\/#\/schema\/person\/cb8349c13ea2d324080adf8480d7ba5d","name":"webman","image":{"@type":"ImageObject","inLanguage":"es-CL","@id":"https:\/\/dev.explora.cl\/aysen\/#\/schema\/person\/image\/","url":"https:\/\/secure.gravatar.com\/avatar\/eeff3c82f2c02f7177d13663b7e6f890e9a6a0647ce9bb29cae02dcb094c7312?s=96&d=mm&r=g","contentUrl":"https:\/\/secure.gravatar.com\/avatar\/eeff3c82f2c02f7177d13663b7e6f890e9a6a0647ce9bb29cae02dcb094c7312?s=96&d=mm&r=g","caption":"webman"},"url":"https:\/\/dev.explora.cl\/aysen\/author\/webman\/"}]}},"_links":{"self":[{"href":"https:\/\/dev.explora.cl\/aysen\/wp-json\/wp\/v2\/posts\/108","targetHints":{"allow":["GET"]}}],"collection":[{"href":"https:\/\/dev.explora.cl\/aysen\/wp-json\/wp\/v2\/posts"}],"about":[{"href":"https:\/\/dev.explora.cl\/aysen\/wp-json\/wp\/v2\/types\/post"}],"author":[{"embeddable":true,"href":"https:\/\/dev.explora.cl\/aysen\/wp-json\/wp\/v2\/users\/2"}],"replies":[{"embeddable":true,"href":"https:\/\/dev.explora.cl\/aysen\/wp-json\/wp\/v2\/comments?post=108"}],"version-history":[{"count":1,"href":"https:\/\/dev.explora.cl\/aysen\/wp-json\/wp\/v2\/posts\/108\/revisions"}],"predecessor-version":[{"id":37361,"href":"https:\/\/dev.explora.cl\/aysen\/wp-json\/wp\/v2\/posts\/108\/revisions\/37361"}],"wp:featuredmedia":[{"embeddable":true,"href":"https:\/\/dev.explora.cl\/aysen\/wp-json\/wp\/v2\/media\/109"}],"wp:attachment":[{"href":"https:\/\/dev.explora.cl\/aysen\/wp-json\/wp\/v2\/media?parent=108"}],"wp:term":[{"taxonomy":"category","embeddable":true,"href":"https:\/\/dev.explora.cl\/aysen\/wp-json\/wp\/v2\/categories?post=108"},{"taxonomy":"post_tag","embeddable":true,"href":"https:\/\/dev.explora.cl\/aysen\/wp-json\/wp\/v2\/tags?post=108"}],"curies":[{"name":"wp","href":"https:\/\/api.w.org\/{rel}","templated":true}]}}