{"id":106,"date":"2014-08-14T00:00:00","date_gmt":"2014-08-14T04:00:00","guid":{"rendered":"https:\/\/dev.explora.cl\/aysen\/blog\/2014\/08\/14\/par-explora-aysen-invita-a-participar-del-seminario-de-desarrollo-sustentable\/"},"modified":"2019-05-20T21:22:13","modified_gmt":"2019-05-20T21:22:13","slug":"par-explora-aysen-invita-a-participar-del-seminario-de-desarrollo-sustentable","status":"publish","type":"post","link":"https:\/\/dev.explora.cl\/aysen\/par-explora-aysen-invita-a-participar-del-seminario-de-desarrollo-sustentable\/","title":{"rendered":"PAR EXPLORA Ays\u00e9n invita a participar del Seminario de Desarrollo Sustentable."},"content":{"rendered":"<p><img loading=\"lazy\" decoding=\"async\" class=\" size-full wp-image-4607\" src=\"http:\/\/ec2-34-218-253-251.us-west-2.compute.amazonaws.com\/wp-content\/uploads\/2014\/08\/811ebeb995a22870e562dc4cc35a49b1.jpg\" alt=\"\" width=\"1754\" height=\"2480\" \/><\/p>\n<p>El Proyecto Asociativo Regional EXPLORA Regi\u00f3n de Ays\u00e9n, ejecutado por el Campus Patagonia de la Universidad Austral de Chile, como parte de la Mesa Ays\u00e9n de la Pol\u00edtica Nacional de Educaci\u00f3n por el Desarrollo Sustentable participa de la organizaci\u00f3n del Seminario de Desarrollo Sustentable en la Regi\u00f3n de Ays\u00e9n sobre Calidad del Aire.<\/p>\n<p><span style=\"line-height: 1.3em\">En esta jornada expondr\u00e1n Marcelo Mena, Subsecretario de Medio Ambiente quien presentar\u00e1 \u201cEstrategia de cambio clim\u00e1tico y contaminaci\u00f3n atmosf\u00e9rica\u201d; Antonio Horvath, Senador de la regi\u00f3n de Ays\u00e9n explicar\u00e1 \u201cAlternativas de generaci\u00f3n el\u00e9ctrica\u201d; Marcos Acu\u00f1a, Epidemi\u00f3logo Seremi de Salud expondr\u00e1 \u201cEfectos de la contaminaci\u00f3n atmosf\u00e9rica en la Salud de la poblaci\u00f3n\u201d y Miguel \u00c1ngel Rodr\u00edguez, Arquitecto Serviu regi\u00f3n de Ays\u00e9n presentar\u00e1 \u201cEnvolvente t\u00e9rmica en la vivienda\u201d.<\/span><\/p>\n<p><span style=\"line-height: 1.3em\">Desde el PAR EXPLORA Ays\u00e9n destacaron la importancia de comenzar a involucrarse \u00a0en actividades que est\u00e9n dirigidas a un p\u00fablico adulto poniendo en la mesa tem\u00e1ticas de relevancia y contingencia. &#8220;El problema en la calidad del aire est\u00e1 afectando directamente la calidad de vida de los habitantes de la Regi\u00f3n, nos parece necesario ser parte de estas iniciativas donde se genera un di\u00e1logo constructivo tomando en cuenta las distintas experiencias y propuestas de los expositores con la finalidad de solucionar este tipo de problem\u00e1ticas&#8221;.<\/span><\/p>\n<p><span style=\"line-height: 1.3em\">La actividad se realizar\u00e1 el mi\u00e9rcoles 27 de agosto desde las 09:00 hasta las 18:30 en el Sal\u00f3n Auditorio del MOP, ubicado en calle Riquelme #444. La inscripci\u00f3n es gratuita y los cupos son limitados. Para mayor informaci\u00f3n contactarse con gnunez@gmail.com<\/span><\/p>\n<p>INSCR\u00cdBETE <a href=\"http:\/\/publico.mma.gob.cl\/capaysen\/index.php\">AQU\u00cd\u00a0<\/a><\/p>\n","protected":false},"excerpt":{"rendered":"<p>El Proyecto Asociativo Regional EXPLORA Regi\u00f3n de Ays\u00e9n, ejecutado por el Campus Patagonia de la Universidad Austral de Chile, como parte de la Mesa Ays\u00e9n de la Pol\u00edtica Nacional de Educaci\u00f3n por el Desarrollo Sustentable participa de la organizaci\u00f3n del Seminario de Desarrollo Sustentable en la Regi\u00f3n de Ays\u00e9n sobre Calidad del Aire. En esta [&hellip;]<\/p>\n","protected":false},"author":2,"featured_media":107,"comment_status":"open","ping_status":"open","sticky":false,"template":"","format":"standard","meta":{"_acf_changed":false,"_exactmetrics_skip_tracking":false,"_exactmetrics_sitenote_active":false,"_exactmetrics_sitenote_note":"","_exactmetrics_sitenote_category":0,"footnotes":"","_links_to":"","_links_to_target":""},"categories":[4],"tags":[],"class_list":["post-106","post","type-post","status-publish","format-standard","has-post-thumbnail","hentry","category-noticias"],"acf":[],"yoast_head":"<!-- This site is optimized with the Yoast SEO plugin v26.7 - https:\/\/yoast.com\/wordpress\/plugins\/seo\/ -->\n<title>PAR EXPLORA Ays\u00e9n invita a participar del Seminario de Desarrollo Sustentable. - Aysen<\/title>\n<meta name=\"robots\" content=\"index, follow, max-snippet:-1, max-image-preview:large, max-video-preview:-1\" \/>\n<link rel=\"canonical\" href=\"https:\/\/dev.explora.cl\/aysen\/par-explora-aysen-invita-a-participar-del-seminario-de-desarrollo-sustentable\/\" class=\"yoast-seo-meta-tag\" \/>\n<meta property=\"og:locale\" content=\"es_ES\" class=\"yoast-seo-meta-tag\" \/>\n<meta property=\"og:type\" content=\"article\" class=\"yoast-seo-meta-tag\" \/>\n<meta property=\"og:title\" content=\"PAR EXPLORA Ays\u00e9n invita a participar del Seminario de Desarrollo Sustentable. - Aysen\" class=\"yoast-seo-meta-tag\" \/>\n<meta property=\"og:description\" content=\"El Proyecto Asociativo Regional EXPLORA Regi\u00f3n de Ays\u00e9n, ejecutado por el Campus Patagonia de la Universidad Austral de Chile, como parte de la Mesa Ays\u00e9n de la Pol\u00edtica Nacional de Educaci\u00f3n por el Desarrollo Sustentable participa de la organizaci\u00f3n del Seminario de Desarrollo Sustentable en la Regi\u00f3n de Ays\u00e9n sobre Calidad del Aire. En esta [&hellip;]\" class=\"yoast-seo-meta-tag\" \/>\n<meta property=\"og:url\" content=\"https:\/\/dev.explora.cl\/aysen\/par-explora-aysen-invita-a-participar-del-seminario-de-desarrollo-sustentable\/\" class=\"yoast-seo-meta-tag\" \/>\n<meta property=\"og:site_name\" content=\"Aysen\" class=\"yoast-seo-meta-tag\" \/>\n<meta property=\"article:published_time\" content=\"2014-08-14T04:00:00+00:00\" class=\"yoast-seo-meta-tag\" \/>\n<meta property=\"article:modified_time\" content=\"2019-05-20T21:22:13+00:00\" class=\"yoast-seo-meta-tag\" \/>\n<meta property=\"og:image\" content=\"https:\/\/dev.explora.cl\/aysen\/wp-content\/uploads\/sites\/18\/2018\/06\/811ebeb995a22870e562dc4cc35a49b1.jpg\" class=\"yoast-seo-meta-tag\" \/>\n\t<meta property=\"og:image:width\" content=\"1754\" class=\"yoast-seo-meta-tag\" \/>\n\t<meta property=\"og:image:height\" content=\"2480\" class=\"yoast-seo-meta-tag\" \/>\n\t<meta property=\"og:image:type\" content=\"image\/jpeg\" class=\"yoast-seo-meta-tag\" \/>\n<meta name=\"author\" content=\"webman\" class=\"yoast-seo-meta-tag\" \/>\n<meta name=\"twitter:card\" content=\"summary_large_image\" class=\"yoast-seo-meta-tag\" \/>\n<meta name=\"twitter:label1\" content=\"Escrito por\" class=\"yoast-seo-meta-tag\" \/>\n\t<meta name=\"twitter:data1\" content=\"webman\" class=\"yoast-seo-meta-tag\" \/>\n\t<meta name=\"twitter:label2\" content=\"Tiempo estimado de lectura\" class=\"yoast-seo-meta-tag\" \/>\n\t<meta name=\"twitter:data2\" content=\"1 minuto\" class=\"yoast-seo-meta-tag\" \/>\n<script type=\"application\/ld+json\" class=\"yoast-schema-graph\">{\"@context\":\"https:\/\/schema.org\",\"@graph\":[{\"@type\":\"Article\",\"@id\":\"https:\/\/dev.explora.cl\/aysen\/par-explora-aysen-invita-a-participar-del-seminario-de-desarrollo-sustentable\/#article\",\"isPartOf\":{\"@id\":\"https:\/\/dev.explora.cl\/aysen\/par-explora-aysen-invita-a-participar-del-seminario-de-desarrollo-sustentable\/\"},\"author\":{\"name\":\"webman\",\"@id\":\"https:\/\/dev.explora.cl\/aysen\/#\/schema\/person\/cb8349c13ea2d324080adf8480d7ba5d\"},\"headline\":\"PAR EXPLORA Ays\u00e9n invita a participar del Seminario de Desarrollo Sustentable.\",\"datePublished\":\"2014-08-14T04:00:00+00:00\",\"dateModified\":\"2019-05-20T21:22:13+00:00\",\"mainEntityOfPage\":{\"@id\":\"https:\/\/dev.explora.cl\/aysen\/par-explora-aysen-invita-a-participar-del-seminario-de-desarrollo-sustentable\/\"},\"wordCount\":292,\"commentCount\":0,\"image\":{\"@id\":\"https:\/\/dev.explora.cl\/aysen\/par-explora-aysen-invita-a-participar-del-seminario-de-desarrollo-sustentable\/#primaryimage\"},\"thumbnailUrl\":\"https:\/\/dev.explora.cl\/aysen\/wp-content\/uploads\/sites\/18\/2018\/06\/811ebeb995a22870e562dc4cc35a49b1.jpg\",\"articleSection\":[\"Noticias\"],\"inLanguage\":\"es-CL\",\"potentialAction\":[{\"@type\":\"CommentAction\",\"name\":\"Comment\",\"target\":[\"https:\/\/dev.explora.cl\/aysen\/par-explora-aysen-invita-a-participar-del-seminario-de-desarrollo-sustentable\/#respond\"]}]},{\"@type\":\"WebPage\",\"@id\":\"https:\/\/dev.explora.cl\/aysen\/par-explora-aysen-invita-a-participar-del-seminario-de-desarrollo-sustentable\/\",\"url\":\"https:\/\/dev.explora.cl\/aysen\/par-explora-aysen-invita-a-participar-del-seminario-de-desarrollo-sustentable\/\",\"name\":\"PAR EXPLORA Ays\u00e9n invita a participar del Seminario de Desarrollo Sustentable. - Aysen\",\"isPartOf\":{\"@id\":\"https:\/\/dev.explora.cl\/aysen\/#website\"},\"primaryImageOfPage\":{\"@id\":\"https:\/\/dev.explora.cl\/aysen\/par-explora-aysen-invita-a-participar-del-seminario-de-desarrollo-sustentable\/#primaryimage\"},\"image\":{\"@id\":\"https:\/\/dev.explora.cl\/aysen\/par-explora-aysen-invita-a-participar-del-seminario-de-desarrollo-sustentable\/#primaryimage\"},\"thumbnailUrl\":\"https:\/\/dev.explora.cl\/aysen\/wp-content\/uploads\/sites\/18\/2018\/06\/811ebeb995a22870e562dc4cc35a49b1.jpg\",\"datePublished\":\"2014-08-14T04:00:00+00:00\",\"dateModified\":\"2019-05-20T21:22:13+00:00\",\"author\":{\"@id\":\"https:\/\/dev.explora.cl\/aysen\/#\/schema\/person\/cb8349c13ea2d324080adf8480d7ba5d\"},\"breadcrumb\":{\"@id\":\"https:\/\/dev.explora.cl\/aysen\/par-explora-aysen-invita-a-participar-del-seminario-de-desarrollo-sustentable\/#breadcrumb\"},\"inLanguage\":\"es-CL\",\"potentialAction\":[{\"@type\":\"ReadAction\",\"target\":[\"https:\/\/dev.explora.cl\/aysen\/par-explora-aysen-invita-a-participar-del-seminario-de-desarrollo-sustentable\/\"]}]},{\"@type\":\"ImageObject\",\"inLanguage\":\"es-CL\",\"@id\":\"https:\/\/dev.explora.cl\/aysen\/par-explora-aysen-invita-a-participar-del-seminario-de-desarrollo-sustentable\/#primaryimage\",\"url\":\"https:\/\/dev.explora.cl\/aysen\/wp-content\/uploads\/sites\/18\/2018\/06\/811ebeb995a22870e562dc4cc35a49b1.jpg\",\"contentUrl\":\"https:\/\/dev.explora.cl\/aysen\/wp-content\/uploads\/sites\/18\/2018\/06\/811ebeb995a22870e562dc4cc35a49b1.jpg\",\"width\":1754,\"height\":2480},{\"@type\":\"BreadcrumbList\",\"@id\":\"https:\/\/dev.explora.cl\/aysen\/par-explora-aysen-invita-a-participar-del-seminario-de-desarrollo-sustentable\/#breadcrumb\",\"itemListElement\":[{\"@type\":\"ListItem\",\"position\":1,\"name\":\"Portada\",\"item\":\"https:\/\/dev.explora.cl\/aysen\/\"},{\"@type\":\"ListItem\",\"position\":2,\"name\":\"PAR EXPLORA Ays\u00e9n invita a participar del Seminario de Desarrollo Sustentable.\"}]},{\"@type\":\"WebSite\",\"@id\":\"https:\/\/dev.explora.cl\/aysen\/#website\",\"url\":\"https:\/\/dev.explora.cl\/aysen\/\",\"name\":\"Aysen\",\"description\":\"Otro sitio m\u00e1s de dev.explora.cl\",\"potentialAction\":[{\"@type\":\"SearchAction\",\"target\":{\"@type\":\"EntryPoint\",\"urlTemplate\":\"https:\/\/dev.explora.cl\/aysen\/?s={search_term_string}\"},\"query-input\":{\"@type\":\"PropertyValueSpecification\",\"valueRequired\":true,\"valueName\":\"search_term_string\"}}],\"inLanguage\":\"es-CL\"},{\"@type\":\"Person\",\"@id\":\"https:\/\/dev.explora.cl\/aysen\/#\/schema\/person\/cb8349c13ea2d324080adf8480d7ba5d\",\"name\":\"webman\",\"image\":{\"@type\":\"ImageObject\",\"inLanguage\":\"es-CL\",\"@id\":\"https:\/\/dev.explora.cl\/aysen\/#\/schema\/person\/image\/\",\"url\":\"https:\/\/secure.gravatar.com\/avatar\/eeff3c82f2c02f7177d13663b7e6f890e9a6a0647ce9bb29cae02dcb094c7312?s=96&d=mm&r=g\",\"contentUrl\":\"https:\/\/secure.gravatar.com\/avatar\/eeff3c82f2c02f7177d13663b7e6f890e9a6a0647ce9bb29cae02dcb094c7312?s=96&d=mm&r=g\",\"caption\":\"webman\"},\"url\":\"https:\/\/dev.explora.cl\/aysen\/author\/webman\/\"}]}<\/script>\n<!-- \/ Yoast SEO plugin. -->","yoast_head_json":{"title":"PAR EXPLORA Ays\u00e9n invita a participar del Seminario de Desarrollo Sustentable. - Aysen","robots":{"index":"index","follow":"follow","max-snippet":"max-snippet:-1","max-image-preview":"max-image-preview:large","max-video-preview":"max-video-preview:-1"},"canonical":"https:\/\/dev.explora.cl\/aysen\/par-explora-aysen-invita-a-participar-del-seminario-de-desarrollo-sustentable\/","og_locale":"es_ES","og_type":"article","og_title":"PAR EXPLORA Ays\u00e9n invita a participar del Seminario de Desarrollo Sustentable. - Aysen","og_description":"El Proyecto Asociativo Regional EXPLORA Regi\u00f3n de Ays\u00e9n, ejecutado por el Campus Patagonia de la Universidad Austral de Chile, como parte de la Mesa Ays\u00e9n de la Pol\u00edtica Nacional de Educaci\u00f3n por el Desarrollo Sustentable participa de la organizaci\u00f3n del Seminario de Desarrollo Sustentable en la Regi\u00f3n de Ays\u00e9n sobre Calidad del Aire. En esta [&hellip;]","og_url":"https:\/\/dev.explora.cl\/aysen\/par-explora-aysen-invita-a-participar-del-seminario-de-desarrollo-sustentable\/","og_site_name":"Aysen","article_published_time":"2014-08-14T04:00:00+00:00","article_modified_time":"2019-05-20T21:22:13+00:00","og_image":[{"width":1754,"height":2480,"url":"https:\/\/dev.explora.cl\/aysen\/wp-content\/uploads\/sites\/18\/2018\/06\/811ebeb995a22870e562dc4cc35a49b1.jpg","type":"image\/jpeg"}],"author":"webman","twitter_card":"summary_large_image","twitter_misc":{"Escrito por":"webman","Tiempo estimado de lectura":"1 minuto"},"schema":{"@context":"https:\/\/schema.org","@graph":[{"@type":"Article","@id":"https:\/\/dev.explora.cl\/aysen\/par-explora-aysen-invita-a-participar-del-seminario-de-desarrollo-sustentable\/#article","isPartOf":{"@id":"https:\/\/dev.explora.cl\/aysen\/par-explora-aysen-invita-a-participar-del-seminario-de-desarrollo-sustentable\/"},"author":{"name":"webman","@id":"https:\/\/dev.explora.cl\/aysen\/#\/schema\/person\/cb8349c13ea2d324080adf8480d7ba5d"},"headline":"PAR EXPLORA Ays\u00e9n invita a participar del Seminario de Desarrollo Sustentable.","datePublished":"2014-08-14T04:00:00+00:00","dateModified":"2019-05-20T21:22:13+00:00","mainEntityOfPage":{"@id":"https:\/\/dev.explora.cl\/aysen\/par-explora-aysen-invita-a-participar-del-seminario-de-desarrollo-sustentable\/"},"wordCount":292,"commentCount":0,"image":{"@id":"https:\/\/dev.explora.cl\/aysen\/par-explora-aysen-invita-a-participar-del-seminario-de-desarrollo-sustentable\/#primaryimage"},"thumbnailUrl":"https:\/\/dev.explora.cl\/aysen\/wp-content\/uploads\/sites\/18\/2018\/06\/811ebeb995a22870e562dc4cc35a49b1.jpg","articleSection":["Noticias"],"inLanguage":"es-CL","potentialAction":[{"@type":"CommentAction","name":"Comment","target":["https:\/\/dev.explora.cl\/aysen\/par-explora-aysen-invita-a-participar-del-seminario-de-desarrollo-sustentable\/#respond"]}]},{"@type":"WebPage","@id":"https:\/\/dev.explora.cl\/aysen\/par-explora-aysen-invita-a-participar-del-seminario-de-desarrollo-sustentable\/","url":"https:\/\/dev.explora.cl\/aysen\/par-explora-aysen-invita-a-participar-del-seminario-de-desarrollo-sustentable\/","name":"PAR EXPLORA Ays\u00e9n invita a participar del Seminario de Desarrollo Sustentable. - Aysen","isPartOf":{"@id":"https:\/\/dev.explora.cl\/aysen\/#website"},"primaryImageOfPage":{"@id":"https:\/\/dev.explora.cl\/aysen\/par-explora-aysen-invita-a-participar-del-seminario-de-desarrollo-sustentable\/#primaryimage"},"image":{"@id":"https:\/\/dev.explora.cl\/aysen\/par-explora-aysen-invita-a-participar-del-seminario-de-desarrollo-sustentable\/#primaryimage"},"thumbnailUrl":"https:\/\/dev.explora.cl\/aysen\/wp-content\/uploads\/sites\/18\/2018\/06\/811ebeb995a22870e562dc4cc35a49b1.jpg","datePublished":"2014-08-14T04:00:00+00:00","dateModified":"2019-05-20T21:22:13+00:00","author":{"@id":"https:\/\/dev.explora.cl\/aysen\/#\/schema\/person\/cb8349c13ea2d324080adf8480d7ba5d"},"breadcrumb":{"@id":"https:\/\/dev.explora.cl\/aysen\/par-explora-aysen-invita-a-participar-del-seminario-de-desarrollo-sustentable\/#breadcrumb"},"inLanguage":"es-CL","potentialAction":[{"@type":"ReadAction","target":["https:\/\/dev.explora.cl\/aysen\/par-explora-aysen-invita-a-participar-del-seminario-de-desarrollo-sustentable\/"]}]},{"@type":"ImageObject","inLanguage":"es-CL","@id":"https:\/\/dev.explora.cl\/aysen\/par-explora-aysen-invita-a-participar-del-seminario-de-desarrollo-sustentable\/#primaryimage","url":"https:\/\/dev.explora.cl\/aysen\/wp-content\/uploads\/sites\/18\/2018\/06\/811ebeb995a22870e562dc4cc35a49b1.jpg","contentUrl":"https:\/\/dev.explora.cl\/aysen\/wp-content\/uploads\/sites\/18\/2018\/06\/811ebeb995a22870e562dc4cc35a49b1.jpg","width":1754,"height":2480},{"@type":"BreadcrumbList","@id":"https:\/\/dev.explora.cl\/aysen\/par-explora-aysen-invita-a-participar-del-seminario-de-desarrollo-sustentable\/#breadcrumb","itemListElement":[{"@type":"ListItem","position":1,"name":"Portada","item":"https:\/\/dev.explora.cl\/aysen\/"},{"@type":"ListItem","position":2,"name":"PAR EXPLORA Ays\u00e9n invita a participar del Seminario de Desarrollo Sustentable."}]},{"@type":"WebSite","@id":"https:\/\/dev.explora.cl\/aysen\/#website","url":"https:\/\/dev.explora.cl\/aysen\/","name":"Aysen","description":"Otro sitio m\u00e1s de dev.explora.cl","potentialAction":[{"@type":"SearchAction","target":{"@type":"EntryPoint","urlTemplate":"https:\/\/dev.explora.cl\/aysen\/?s={search_term_string}"},"query-input":{"@type":"PropertyValueSpecification","valueRequired":true,"valueName":"search_term_string"}}],"inLanguage":"es-CL"},{"@type":"Person","@id":"https:\/\/dev.explora.cl\/aysen\/#\/schema\/person\/cb8349c13ea2d324080adf8480d7ba5d","name":"webman","image":{"@type":"ImageObject","inLanguage":"es-CL","@id":"https:\/\/dev.explora.cl\/aysen\/#\/schema\/person\/image\/","url":"https:\/\/secure.gravatar.com\/avatar\/eeff3c82f2c02f7177d13663b7e6f890e9a6a0647ce9bb29cae02dcb094c7312?s=96&d=mm&r=g","contentUrl":"https:\/\/secure.gravatar.com\/avatar\/eeff3c82f2c02f7177d13663b7e6f890e9a6a0647ce9bb29cae02dcb094c7312?s=96&d=mm&r=g","caption":"webman"},"url":"https:\/\/dev.explora.cl\/aysen\/author\/webman\/"}]}},"_links":{"self":[{"href":"https:\/\/dev.explora.cl\/aysen\/wp-json\/wp\/v2\/posts\/106","targetHints":{"allow":["GET"]}}],"collection":[{"href":"https:\/\/dev.explora.cl\/aysen\/wp-json\/wp\/v2\/posts"}],"about":[{"href":"https:\/\/dev.explora.cl\/aysen\/wp-json\/wp\/v2\/types\/post"}],"author":[{"embeddable":true,"href":"https:\/\/dev.explora.cl\/aysen\/wp-json\/wp\/v2\/users\/2"}],"replies":[{"embeddable":true,"href":"https:\/\/dev.explora.cl\/aysen\/wp-json\/wp\/v2\/comments?post=106"}],"version-history":[{"count":1,"href":"https:\/\/dev.explora.cl\/aysen\/wp-json\/wp\/v2\/posts\/106\/revisions"}],"predecessor-version":[{"id":37362,"href":"https:\/\/dev.explora.cl\/aysen\/wp-json\/wp\/v2\/posts\/106\/revisions\/37362"}],"wp:featuredmedia":[{"embeddable":true,"href":"https:\/\/dev.explora.cl\/aysen\/wp-json\/wp\/v2\/media\/107"}],"wp:attachment":[{"href":"https:\/\/dev.explora.cl\/aysen\/wp-json\/wp\/v2\/media?parent=106"}],"wp:term":[{"taxonomy":"category","embeddable":true,"href":"https:\/\/dev.explora.cl\/aysen\/wp-json\/wp\/v2\/categories?post=106"},{"taxonomy":"post_tag","embeddable":true,"href":"https:\/\/dev.explora.cl\/aysen\/wp-json\/wp\/v2\/tags?post=106"}],"curies":[{"name":"wp","href":"https:\/\/api.w.org\/{rel}","templated":true}]}}