{"id":39606,"date":"2021-12-21T10:28:21","date_gmt":"2021-12-21T13:28:21","guid":{"rendered":"https:\/\/dev.explora.cl\/atacama\/?p=39606"},"modified":"2022-01-24T12:46:42","modified_gmt":"2022-01-24T15:46:42","slug":"actividades-ludicas-reflexivas-y-pedagogicas-marcaron-el-inicio-del-campamento-para-profes-explora-va-2021","status":"publish","type":"post","link":"https:\/\/dev.explora.cl\/atacama\/actividades-ludicas-reflexivas-y-pedagogicas-marcaron-el-inicio-del-campamento-para-profes-explora-va-2021\/","title":{"rendered":"Actividades l\u00fadicas, reflexivas y pedag\u00f3gicas marcaron el inicio del Campamento para Profes Explora Va! 2021"},"content":{"rendered":"<p><span style=\"color: #339966\"><strong>La actividad online reuni\u00f3 a docentes de ense\u00f1anza b\u00e1sica y media en ejercicio de cualquier disciplina, educadoras\/es y asistentes de p\u00e1rvulos, directivos y UTPs de diferentes comunas de la regi\u00f3n de Atacama.<\/strong><\/span><\/p>\n<p>Fueron tres tardes de juegos, charlas, reflexi\u00f3n y conversaciones las que vivieron los participantes del Campamento para Profes Explora Va! que en su primera versi\u00f3n online se distingui\u00f3 por la motivaci\u00f3n de sus participantes en\u00a0 cada actividad, y que tendr\u00e1 su segunda parte entre el 3 y el 7 de enero del 2022.<\/p>\n<p>El encuentro organizado por el Proyecto Explora Atacama cont\u00f3 con la participaci\u00f3n de docentes de ense\u00f1anza b\u00e1sica y media en ejercicio de cualquier disciplina, educadoras\/es y asistentes de p\u00e1rvulos, directivos y UTPs de Cha\u00f1aral, Caldera y Copiap\u00f3, con quienes se busc\u00f3 formar una red de colaboraci\u00f3n dentro de la regi\u00f3n de Atacama, potenciar la apropiaci\u00f3n de herramientas pedag\u00f3gicas basadas en el modelo de competencias y se promovi\u00f3 la formaci\u00f3n de comunidades de aprendizaje, esto gracias a actividades l\u00fadicas y que adem\u00e1s son replicables en las aulas, charlas lideradas por expertos de diferentes \u00e1reas y un extenso di\u00e1logo entre los asistentes.<\/p>\n<p>\u201cNos alegra la motivaci\u00f3n que han mostrados los docentes, educadores y directivos participantes en esta instancia, quienes a pesar del movimiento propio del cierre de a\u00f1o escolar y tambi\u00e9n los compromisos personales de fin de a\u00f1o, decidieron ser parte de esta aventura que tiene como objetivo acercar la ciencia, tecnolog\u00eda, conocimiento, innovaci\u00f3n y humanidades a los participantes. Esperamos que tras vivir experiencia pedag\u00f3gica puedan obtener nuevas herramientas que sean \u00fatiles para implementar en las aulas\u201d, mencion\u00f3 Cristi\u00e1n Galaz, director de Explora Atacama.<\/p>\n<p>Por su parte, Katia Riveros, encargada de Comunidad Explora, Ciencias para la Educaci\u00f3n Parvularia y coordinadora del Campamento para docentes Explora VA! coment\u00f3 que \u201ccomo equipo estamos felices por el resultado de esta primera parte de nuestro campamento, los asistentes se mostraron muy motivados con todas las actividades y los esperamos en esta segunda parte donde adem\u00e1s, si las medidas sanitarias lo permiten, tendemos una salida presencial que nos permitir\u00e1 disfrutar de la riqueza de nuestra regi\u00f3n de Atacama\u201d.<\/p>\n<p>Una de las participantes quien se mostr\u00f3 muy activa dentro de las jornadas es\u00a0 Claudia Guerrero, educadora de p\u00e1rvulo de la comuna de Caldera quien explic\u00f3 que particip\u00f3 de esta actividad ya que \u201cpienso en adquirir nuevas herramientas para potenciar los aprendizajes de las ni\u00f1as y ni\u00f1os del nivel, tengo altas expectativas de todo lo que vamos a tratar, se por el programa PIPE que estamos frente a un programa estructurado, donde vamos a adquirir nuevas herramientas, sobre todo congio en el equipo y s\u00e9 que vamos a poder innovar en el aula\u201d.<\/p>\n<p>Es as\u00ed, como esta primera parte ser\u00e1 complementada por las jornadas que se realizar\u00e1n en enero, con un programa que contempla muchas sorpresas y expertos. Para conocer m\u00e1s a fondo este encuentro, puedes visitar las redes sociales del proyecto, se puede encontrar como Explora Atacama en Facebook, Intagram y Twitter, por dichos medios se estar\u00e1n difundiendo otas actividades gratuitas para diversos p\u00fablicos, que esperan divulgar y acercar a la comunidad a las CTCI.<\/p>\n","protected":false},"excerpt":{"rendered":"<p>La actividad online reuni\u00f3 a docentes de ense\u00f1anza b\u00e1sica y media en ejercicio de cualquier disciplina, educadoras\/es y asistentes de p\u00e1rvulos, directivos y UTPs de diferentes comunas de la regi\u00f3n de Atacama culmin\u00f3 su primera parte y continuar\u00e1 entre el 3 y el 7 de enero del a\u00f1o 2021.<\/p>\n","protected":false},"author":20,"featured_media":39607,"comment_status":"open","ping_status":"open","sticky":false,"template":"","format":"standard","meta":{"_acf_changed":false,"_exactmetrics_skip_tracking":false,"_exactmetrics_sitenote_active":false,"_exactmetrics_sitenote_note":"","_exactmetrics_sitenote_category":0,"footnotes":"","_links_to":"","_links_to_target":""},"categories":[143,4],"tags":[],"class_list":["post-39606","post","type-post","status-publish","format-standard","has-post-thumbnail","hentry","category-lugar-8","category-noticias"],"acf":[],"yoast_head":"<!-- This site is optimized with the Yoast SEO plugin v26.7 - https:\/\/yoast.com\/wordpress\/plugins\/seo\/ -->\n<title>Actividades l\u00fadicas, reflexivas y pedag\u00f3gicas marcaron el inicio del Campamento para Profes Explora Va! 2021 - Atacama<\/title>\n<meta name=\"robots\" content=\"index, follow, max-snippet:-1, max-image-preview:large, max-video-preview:-1\" \/>\n<link rel=\"canonical\" href=\"https:\/\/dev.explora.cl\/atacama\/actividades-ludicas-reflexivas-y-pedagogicas-marcaron-el-inicio-del-campamento-para-profes-explora-va-2021\/\" class=\"yoast-seo-meta-tag\" \/>\n<meta property=\"og:locale\" content=\"es_ES\" class=\"yoast-seo-meta-tag\" \/>\n<meta property=\"og:type\" content=\"article\" class=\"yoast-seo-meta-tag\" \/>\n<meta property=\"og:title\" content=\"Actividades l\u00fadicas, reflexivas y pedag\u00f3gicas marcaron el inicio del Campamento para Profes Explora Va! 2021 - Atacama\" class=\"yoast-seo-meta-tag\" \/>\n<meta property=\"og:description\" content=\"La actividad online reuni\u00f3 a docentes de ense\u00f1anza b\u00e1sica y media en ejercicio de cualquier disciplina, educadoras\/es y asistentes de p\u00e1rvulos, directivos y UTPs de diferentes comunas de la regi\u00f3n de Atacama culmin\u00f3 su primera parte y continuar\u00e1 entre el 3 y el 7 de enero del a\u00f1o 2021.\" class=\"yoast-seo-meta-tag\" \/>\n<meta property=\"og:url\" content=\"https:\/\/dev.explora.cl\/atacama\/actividades-ludicas-reflexivas-y-pedagogicas-marcaron-el-inicio-del-campamento-para-profes-explora-va-2021\/\" class=\"yoast-seo-meta-tag\" \/>\n<meta property=\"og:site_name\" content=\"Atacama\" class=\"yoast-seo-meta-tag\" \/>\n<meta property=\"article:published_time\" content=\"2021-12-21T13:28:21+00:00\" class=\"yoast-seo-meta-tag\" \/>\n<meta property=\"article:modified_time\" content=\"2022-01-24T15:46:42+00:00\" class=\"yoast-seo-meta-tag\" \/>\n<meta property=\"og:image\" content=\"https:\/\/dev.explora.cl\/atacama\/wp-content\/uploads\/sites\/5\/2021\/12\/captura-de-pantalla-Campamento.jpg\" class=\"yoast-seo-meta-tag\" \/>\n\t<meta property=\"og:image:width\" content=\"1427\" class=\"yoast-seo-meta-tag\" \/>\n\t<meta property=\"og:image:height\" content=\"753\" class=\"yoast-seo-meta-tag\" \/>\n\t<meta property=\"og:image:type\" content=\"image\/jpeg\" class=\"yoast-seo-meta-tag\" \/>\n<meta name=\"author\" content=\"ExploraAtacama\" class=\"yoast-seo-meta-tag\" \/>\n<meta name=\"twitter:card\" content=\"summary_large_image\" class=\"yoast-seo-meta-tag\" \/>\n<meta name=\"twitter:label1\" content=\"Escrito por\" class=\"yoast-seo-meta-tag\" \/>\n\t<meta name=\"twitter:data1\" content=\"ExploraAtacama\" class=\"yoast-seo-meta-tag\" \/>\n\t<meta name=\"twitter:label2\" content=\"Tiempo estimado de lectura\" class=\"yoast-seo-meta-tag\" \/>\n\t<meta name=\"twitter:data2\" content=\"3 minutos\" class=\"yoast-seo-meta-tag\" \/>\n<script type=\"application\/ld+json\" class=\"yoast-schema-graph\">{\"@context\":\"https:\/\/schema.org\",\"@graph\":[{\"@type\":\"Article\",\"@id\":\"https:\/\/dev.explora.cl\/atacama\/actividades-ludicas-reflexivas-y-pedagogicas-marcaron-el-inicio-del-campamento-para-profes-explora-va-2021\/#article\",\"isPartOf\":{\"@id\":\"https:\/\/dev.explora.cl\/atacama\/actividades-ludicas-reflexivas-y-pedagogicas-marcaron-el-inicio-del-campamento-para-profes-explora-va-2021\/\"},\"author\":{\"name\":\"ExploraAtacama\",\"@id\":\"https:\/\/dev.explora.cl\/atacama\/#\/schema\/person\/1e89437dfd0db398617a5057c75b8bf3\"},\"headline\":\"Actividades l\u00fadicas, reflexivas y pedag\u00f3gicas marcaron el inicio del Campamento para Profes Explora Va! 2021\",\"datePublished\":\"2021-12-21T13:28:21+00:00\",\"dateModified\":\"2022-01-24T15:46:42+00:00\",\"mainEntityOfPage\":{\"@id\":\"https:\/\/dev.explora.cl\/atacama\/actividades-ludicas-reflexivas-y-pedagogicas-marcaron-el-inicio-del-campamento-para-profes-explora-va-2021\/\"},\"wordCount\":565,\"commentCount\":0,\"image\":{\"@id\":\"https:\/\/dev.explora.cl\/atacama\/actividades-ludicas-reflexivas-y-pedagogicas-marcaron-el-inicio-del-campamento-para-profes-explora-va-2021\/#primaryimage\"},\"thumbnailUrl\":\"https:\/\/dev.explora.cl\/atacama\/wp-content\/uploads\/sites\/5\/2021\/12\/captura-de-pantalla-Campamento.jpg\",\"articleSection\":[\"Lugar 8\",\"Noticias\"],\"inLanguage\":\"es-CL\",\"potentialAction\":[{\"@type\":\"CommentAction\",\"name\":\"Comment\",\"target\":[\"https:\/\/dev.explora.cl\/atacama\/actividades-ludicas-reflexivas-y-pedagogicas-marcaron-el-inicio-del-campamento-para-profes-explora-va-2021\/#respond\"]}]},{\"@type\":\"WebPage\",\"@id\":\"https:\/\/dev.explora.cl\/atacama\/actividades-ludicas-reflexivas-y-pedagogicas-marcaron-el-inicio-del-campamento-para-profes-explora-va-2021\/\",\"url\":\"https:\/\/dev.explora.cl\/atacama\/actividades-ludicas-reflexivas-y-pedagogicas-marcaron-el-inicio-del-campamento-para-profes-explora-va-2021\/\",\"name\":\"Actividades l\u00fadicas, reflexivas y pedag\u00f3gicas marcaron el inicio del Campamento para Profes Explora Va! 2021 - Atacama\",\"isPartOf\":{\"@id\":\"https:\/\/dev.explora.cl\/atacama\/#website\"},\"primaryImageOfPage\":{\"@id\":\"https:\/\/dev.explora.cl\/atacama\/actividades-ludicas-reflexivas-y-pedagogicas-marcaron-el-inicio-del-campamento-para-profes-explora-va-2021\/#primaryimage\"},\"image\":{\"@id\":\"https:\/\/dev.explora.cl\/atacama\/actividades-ludicas-reflexivas-y-pedagogicas-marcaron-el-inicio-del-campamento-para-profes-explora-va-2021\/#primaryimage\"},\"thumbnailUrl\":\"https:\/\/dev.explora.cl\/atacama\/wp-content\/uploads\/sites\/5\/2021\/12\/captura-de-pantalla-Campamento.jpg\",\"datePublished\":\"2021-12-21T13:28:21+00:00\",\"dateModified\":\"2022-01-24T15:46:42+00:00\",\"author\":{\"@id\":\"https:\/\/dev.explora.cl\/atacama\/#\/schema\/person\/1e89437dfd0db398617a5057c75b8bf3\"},\"breadcrumb\":{\"@id\":\"https:\/\/dev.explora.cl\/atacama\/actividades-ludicas-reflexivas-y-pedagogicas-marcaron-el-inicio-del-campamento-para-profes-explora-va-2021\/#breadcrumb\"},\"inLanguage\":\"es-CL\",\"potentialAction\":[{\"@type\":\"ReadAction\",\"target\":[\"https:\/\/dev.explora.cl\/atacama\/actividades-ludicas-reflexivas-y-pedagogicas-marcaron-el-inicio-del-campamento-para-profes-explora-va-2021\/\"]}]},{\"@type\":\"ImageObject\",\"inLanguage\":\"es-CL\",\"@id\":\"https:\/\/dev.explora.cl\/atacama\/actividades-ludicas-reflexivas-y-pedagogicas-marcaron-el-inicio-del-campamento-para-profes-explora-va-2021\/#primaryimage\",\"url\":\"https:\/\/dev.explora.cl\/atacama\/wp-content\/uploads\/sites\/5\/2021\/12\/captura-de-pantalla-Campamento.jpg\",\"contentUrl\":\"https:\/\/dev.explora.cl\/atacama\/wp-content\/uploads\/sites\/5\/2021\/12\/captura-de-pantalla-Campamento.jpg\",\"width\":1427,\"height\":753},{\"@type\":\"BreadcrumbList\",\"@id\":\"https:\/\/dev.explora.cl\/atacama\/actividades-ludicas-reflexivas-y-pedagogicas-marcaron-el-inicio-del-campamento-para-profes-explora-va-2021\/#breadcrumb\",\"itemListElement\":[{\"@type\":\"ListItem\",\"position\":1,\"name\":\"Portada\",\"item\":\"https:\/\/dev.explora.cl\/atacama\/\"},{\"@type\":\"ListItem\",\"position\":2,\"name\":\"Actividades l\u00fadicas, reflexivas y pedag\u00f3gicas marcaron el inicio del Campamento para Profes Explora Va! 2021\"}]},{\"@type\":\"WebSite\",\"@id\":\"https:\/\/dev.explora.cl\/atacama\/#website\",\"url\":\"https:\/\/dev.explora.cl\/atacama\/\",\"name\":\"Atacama\",\"description\":\"Otro sitio m\u00e1s de dev.explora.cl\",\"potentialAction\":[{\"@type\":\"SearchAction\",\"target\":{\"@type\":\"EntryPoint\",\"urlTemplate\":\"https:\/\/dev.explora.cl\/atacama\/?s={search_term_string}\"},\"query-input\":{\"@type\":\"PropertyValueSpecification\",\"valueRequired\":true,\"valueName\":\"search_term_string\"}}],\"inLanguage\":\"es-CL\"},{\"@type\":\"Person\",\"@id\":\"https:\/\/dev.explora.cl\/atacama\/#\/schema\/person\/1e89437dfd0db398617a5057c75b8bf3\",\"name\":\"ExploraAtacama\",\"image\":{\"@type\":\"ImageObject\",\"inLanguage\":\"es-CL\",\"@id\":\"https:\/\/dev.explora.cl\/atacama\/#\/schema\/person\/image\/\",\"url\":\"https:\/\/secure.gravatar.com\/avatar\/2e2fd819b7985a746e8ea39b36909cf1a17dc034046e230e83eb1534d0a52b24?s=96&d=mm&r=g\",\"contentUrl\":\"https:\/\/secure.gravatar.com\/avatar\/2e2fd819b7985a746e8ea39b36909cf1a17dc034046e230e83eb1534d0a52b24?s=96&d=mm&r=g\",\"caption\":\"ExploraAtacama\"},\"url\":\"https:\/\/dev.explora.cl\/atacama\/author\/dortiz\/\"}]}<\/script>\n<!-- \/ Yoast SEO plugin. -->","yoast_head_json":{"title":"Actividades l\u00fadicas, reflexivas y pedag\u00f3gicas marcaron el inicio del Campamento para Profes Explora Va! 2021 - Atacama","robots":{"index":"index","follow":"follow","max-snippet":"max-snippet:-1","max-image-preview":"max-image-preview:large","max-video-preview":"max-video-preview:-1"},"canonical":"https:\/\/dev.explora.cl\/atacama\/actividades-ludicas-reflexivas-y-pedagogicas-marcaron-el-inicio-del-campamento-para-profes-explora-va-2021\/","og_locale":"es_ES","og_type":"article","og_title":"Actividades l\u00fadicas, reflexivas y pedag\u00f3gicas marcaron el inicio del Campamento para Profes Explora Va! 2021 - Atacama","og_description":"La actividad online reuni\u00f3 a docentes de ense\u00f1anza b\u00e1sica y media en ejercicio de cualquier disciplina, educadoras\/es y asistentes de p\u00e1rvulos, directivos y UTPs de diferentes comunas de la regi\u00f3n de Atacama culmin\u00f3 su primera parte y continuar\u00e1 entre el 3 y el 7 de enero del a\u00f1o 2021.","og_url":"https:\/\/dev.explora.cl\/atacama\/actividades-ludicas-reflexivas-y-pedagogicas-marcaron-el-inicio-del-campamento-para-profes-explora-va-2021\/","og_site_name":"Atacama","article_published_time":"2021-12-21T13:28:21+00:00","article_modified_time":"2022-01-24T15:46:42+00:00","og_image":[{"width":1427,"height":753,"url":"https:\/\/dev.explora.cl\/atacama\/wp-content\/uploads\/sites\/5\/2021\/12\/captura-de-pantalla-Campamento.jpg","type":"image\/jpeg"}],"author":"ExploraAtacama","twitter_card":"summary_large_image","twitter_misc":{"Escrito por":"ExploraAtacama","Tiempo estimado de lectura":"3 minutos"},"schema":{"@context":"https:\/\/schema.org","@graph":[{"@type":"Article","@id":"https:\/\/dev.explora.cl\/atacama\/actividades-ludicas-reflexivas-y-pedagogicas-marcaron-el-inicio-del-campamento-para-profes-explora-va-2021\/#article","isPartOf":{"@id":"https:\/\/dev.explora.cl\/atacama\/actividades-ludicas-reflexivas-y-pedagogicas-marcaron-el-inicio-del-campamento-para-profes-explora-va-2021\/"},"author":{"name":"ExploraAtacama","@id":"https:\/\/dev.explora.cl\/atacama\/#\/schema\/person\/1e89437dfd0db398617a5057c75b8bf3"},"headline":"Actividades l\u00fadicas, reflexivas y pedag\u00f3gicas marcaron el inicio del Campamento para Profes Explora Va! 2021","datePublished":"2021-12-21T13:28:21+00:00","dateModified":"2022-01-24T15:46:42+00:00","mainEntityOfPage":{"@id":"https:\/\/dev.explora.cl\/atacama\/actividades-ludicas-reflexivas-y-pedagogicas-marcaron-el-inicio-del-campamento-para-profes-explora-va-2021\/"},"wordCount":565,"commentCount":0,"image":{"@id":"https:\/\/dev.explora.cl\/atacama\/actividades-ludicas-reflexivas-y-pedagogicas-marcaron-el-inicio-del-campamento-para-profes-explora-va-2021\/#primaryimage"},"thumbnailUrl":"https:\/\/dev.explora.cl\/atacama\/wp-content\/uploads\/sites\/5\/2021\/12\/captura-de-pantalla-Campamento.jpg","articleSection":["Lugar 8","Noticias"],"inLanguage":"es-CL","potentialAction":[{"@type":"CommentAction","name":"Comment","target":["https:\/\/dev.explora.cl\/atacama\/actividades-ludicas-reflexivas-y-pedagogicas-marcaron-el-inicio-del-campamento-para-profes-explora-va-2021\/#respond"]}]},{"@type":"WebPage","@id":"https:\/\/dev.explora.cl\/atacama\/actividades-ludicas-reflexivas-y-pedagogicas-marcaron-el-inicio-del-campamento-para-profes-explora-va-2021\/","url":"https:\/\/dev.explora.cl\/atacama\/actividades-ludicas-reflexivas-y-pedagogicas-marcaron-el-inicio-del-campamento-para-profes-explora-va-2021\/","name":"Actividades l\u00fadicas, reflexivas y pedag\u00f3gicas marcaron el inicio del Campamento para Profes Explora Va! 2021 - Atacama","isPartOf":{"@id":"https:\/\/dev.explora.cl\/atacama\/#website"},"primaryImageOfPage":{"@id":"https:\/\/dev.explora.cl\/atacama\/actividades-ludicas-reflexivas-y-pedagogicas-marcaron-el-inicio-del-campamento-para-profes-explora-va-2021\/#primaryimage"},"image":{"@id":"https:\/\/dev.explora.cl\/atacama\/actividades-ludicas-reflexivas-y-pedagogicas-marcaron-el-inicio-del-campamento-para-profes-explora-va-2021\/#primaryimage"},"thumbnailUrl":"https:\/\/dev.explora.cl\/atacama\/wp-content\/uploads\/sites\/5\/2021\/12\/captura-de-pantalla-Campamento.jpg","datePublished":"2021-12-21T13:28:21+00:00","dateModified":"2022-01-24T15:46:42+00:00","author":{"@id":"https:\/\/dev.explora.cl\/atacama\/#\/schema\/person\/1e89437dfd0db398617a5057c75b8bf3"},"breadcrumb":{"@id":"https:\/\/dev.explora.cl\/atacama\/actividades-ludicas-reflexivas-y-pedagogicas-marcaron-el-inicio-del-campamento-para-profes-explora-va-2021\/#breadcrumb"},"inLanguage":"es-CL","potentialAction":[{"@type":"ReadAction","target":["https:\/\/dev.explora.cl\/atacama\/actividades-ludicas-reflexivas-y-pedagogicas-marcaron-el-inicio-del-campamento-para-profes-explora-va-2021\/"]}]},{"@type":"ImageObject","inLanguage":"es-CL","@id":"https:\/\/dev.explora.cl\/atacama\/actividades-ludicas-reflexivas-y-pedagogicas-marcaron-el-inicio-del-campamento-para-profes-explora-va-2021\/#primaryimage","url":"https:\/\/dev.explora.cl\/atacama\/wp-content\/uploads\/sites\/5\/2021\/12\/captura-de-pantalla-Campamento.jpg","contentUrl":"https:\/\/dev.explora.cl\/atacama\/wp-content\/uploads\/sites\/5\/2021\/12\/captura-de-pantalla-Campamento.jpg","width":1427,"height":753},{"@type":"BreadcrumbList","@id":"https:\/\/dev.explora.cl\/atacama\/actividades-ludicas-reflexivas-y-pedagogicas-marcaron-el-inicio-del-campamento-para-profes-explora-va-2021\/#breadcrumb","itemListElement":[{"@type":"ListItem","position":1,"name":"Portada","item":"https:\/\/dev.explora.cl\/atacama\/"},{"@type":"ListItem","position":2,"name":"Actividades l\u00fadicas, reflexivas y pedag\u00f3gicas marcaron el inicio del Campamento para Profes Explora Va! 2021"}]},{"@type":"WebSite","@id":"https:\/\/dev.explora.cl\/atacama\/#website","url":"https:\/\/dev.explora.cl\/atacama\/","name":"Atacama","description":"Otro sitio m\u00e1s de dev.explora.cl","potentialAction":[{"@type":"SearchAction","target":{"@type":"EntryPoint","urlTemplate":"https:\/\/dev.explora.cl\/atacama\/?s={search_term_string}"},"query-input":{"@type":"PropertyValueSpecification","valueRequired":true,"valueName":"search_term_string"}}],"inLanguage":"es-CL"},{"@type":"Person","@id":"https:\/\/dev.explora.cl\/atacama\/#\/schema\/person\/1e89437dfd0db398617a5057c75b8bf3","name":"ExploraAtacama","image":{"@type":"ImageObject","inLanguage":"es-CL","@id":"https:\/\/dev.explora.cl\/atacama\/#\/schema\/person\/image\/","url":"https:\/\/secure.gravatar.com\/avatar\/2e2fd819b7985a746e8ea39b36909cf1a17dc034046e230e83eb1534d0a52b24?s=96&d=mm&r=g","contentUrl":"https:\/\/secure.gravatar.com\/avatar\/2e2fd819b7985a746e8ea39b36909cf1a17dc034046e230e83eb1534d0a52b24?s=96&d=mm&r=g","caption":"ExploraAtacama"},"url":"https:\/\/dev.explora.cl\/atacama\/author\/dortiz\/"}]}},"_links":{"self":[{"href":"https:\/\/dev.explora.cl\/atacama\/wp-json\/wp\/v2\/posts\/39606","targetHints":{"allow":["GET"]}}],"collection":[{"href":"https:\/\/dev.explora.cl\/atacama\/wp-json\/wp\/v2\/posts"}],"about":[{"href":"https:\/\/dev.explora.cl\/atacama\/wp-json\/wp\/v2\/types\/post"}],"author":[{"embeddable":true,"href":"https:\/\/dev.explora.cl\/atacama\/wp-json\/wp\/v2\/users\/20"}],"replies":[{"embeddable":true,"href":"https:\/\/dev.explora.cl\/atacama\/wp-json\/wp\/v2\/comments?post=39606"}],"version-history":[{"count":1,"href":"https:\/\/dev.explora.cl\/atacama\/wp-json\/wp\/v2\/posts\/39606\/revisions"}],"predecessor-version":[{"id":39608,"href":"https:\/\/dev.explora.cl\/atacama\/wp-json\/wp\/v2\/posts\/39606\/revisions\/39608"}],"wp:featuredmedia":[{"embeddable":true,"href":"https:\/\/dev.explora.cl\/atacama\/wp-json\/wp\/v2\/media\/39607"}],"wp:attachment":[{"href":"https:\/\/dev.explora.cl\/atacama\/wp-json\/wp\/v2\/media?parent=39606"}],"wp:term":[{"taxonomy":"category","embeddable":true,"href":"https:\/\/dev.explora.cl\/atacama\/wp-json\/wp\/v2\/categories?post=39606"},{"taxonomy":"post_tag","embeddable":true,"href":"https:\/\/dev.explora.cl\/atacama\/wp-json\/wp\/v2\/tags?post=39606"}],"curies":[{"name":"wp","href":"https:\/\/api.w.org\/{rel}","templated":true}]}}