{"id":39511,"date":"2021-10-14T18:42:56","date_gmt":"2021-10-14T21:42:56","guid":{"rendered":"https:\/\/dev.explora.cl\/atacama\/?p=39511"},"modified":"2021-10-15T13:06:31","modified_gmt":"2021-10-15T16:06:31","slug":"explora-atacama-invita-a-celebrar-la-curiosidad-con-festival-de-ciencia-2021","status":"publish","type":"post","link":"https:\/\/dev.explora.cl\/atacama\/explora-atacama-invita-a-celebrar-la-curiosidad-con-festival-de-ciencia-2021\/","title":{"rendered":"Explora Atacama invita a celebrar la curiosidad con Festival de Ciencia 2021"},"content":{"rendered":"<p><span style=\"color: #339966\"><strong>El evento se realizar\u00e1 entre el 20 y el 24 de Octubre y abordar\u00e1 las tem\u00e1ticas de geolog\u00eda, paleontolog\u00eda, mujeres en ciencia, patrimonio cultural, biodiversidad, entre otras. Todas las actividades se realizar\u00e1n de forma gratuita para toda la Regi\u00f3n.<\/strong><\/span><\/p>\n<p>Con charlas, conversatorios, talleres, contenido audiovisual, un matinal diario, podcast, entre otras actividades regresa el Festival de la Ciencia (FECI) evento que respetando las medidas sanitarias se realizar\u00e1 de forma online, sin embargo, en esta oportunidad contar\u00e1 con espacios de interacci\u00f3n para la comunidad y un taller presencial en la comuna de Diego de Almagro, posicion\u00e1ndose como un punto de encuentro para p\u00fablicos de todas las edades y comunas de la Regi\u00f3n de Atacama.<\/p>\n<p>El evento organizado por el Proyecto Explora Atacama que ejecuta la Universidad de Atacama del Ministerio de Ciencia, Tecnolog\u00eda, Conocimiento e Innovaci\u00f3n y su Programa Ciencia P\u00fablica, se extender\u00e1 por cinco d\u00edas, contar\u00e1 con m\u00e1s de 25 expertos de diversas \u00e1reas, 38 actividades en cartelera trabajando en conjunto a la red de colaboraci\u00f3n de Explora Atacama que se ha articulado a lo largo de estos 3 a\u00f1os de ejecuci\u00f3n. Adem\u00e1s, se destaca que a pesar de tener un marcado car\u00e1cter regional, forma parte del gran Festival de la Ciencia nacional que une en una sola cartelera a todos los programas Explora a lo largo de Chile, contando con variadas actividades que respetan y destacan el valor de cada territorio, para as\u00ed poder celebrar juntos la curiosidad.<\/p>\n<p><img loading=\"lazy\" decoding=\"async\" class=\"wp-image-39512 aligncenter\" src=\"https:\/\/dev.explora.cl\/atacama\/wp-content\/uploads\/sites\/5\/2021\/10\/Foto-2-1024x556.jpg\" alt=\"\" width=\"802\" height=\"436\" srcset=\"https:\/\/dev.explora.cl\/atacama\/wp-content\/uploads\/sites\/5\/2021\/10\/Foto-2-1024x556.jpg 1024w, https:\/\/dev.explora.cl\/atacama\/wp-content\/uploads\/sites\/5\/2021\/10\/Foto-2-300x163.jpg 300w, https:\/\/dev.explora.cl\/atacama\/wp-content\/uploads\/sites\/5\/2021\/10\/Foto-2-768x417.jpg 768w, https:\/\/dev.explora.cl\/atacama\/wp-content\/uploads\/sites\/5\/2021\/10\/Foto-2.jpg 1152w\" sizes=\"auto, (max-width: 802px) 100vw, 802px\" \/><\/p>\n<p>&nbsp;<\/p>\n<p><span style=\"color: #339966\"><strong><img loading=\"lazy\" decoding=\"async\" class=\"alignright wp-image-39513\" src=\"https:\/\/dev.explora.cl\/atacama\/wp-content\/uploads\/sites\/5\/2021\/10\/FOTO-5.jpg\" alt=\"\" width=\"499\" height=\"254\" srcset=\"https:\/\/dev.explora.cl\/atacama\/wp-content\/uploads\/sites\/5\/2021\/10\/FOTO-5.jpg 775w, https:\/\/dev.explora.cl\/atacama\/wp-content\/uploads\/sites\/5\/2021\/10\/FOTO-5-300x153.jpg 300w, https:\/\/dev.explora.cl\/atacama\/wp-content\/uploads\/sites\/5\/2021\/10\/FOTO-5-768x391.jpg 768w\" sizes=\"auto, (max-width: 499px) 100vw, 499px\" \/><img loading=\"lazy\" decoding=\"async\" class=\"alignright wp-image-39514\" src=\"https:\/\/dev.explora.cl\/atacama\/wp-content\/uploads\/sites\/5\/2021\/10\/Foto-1.jpg\" alt=\"\" width=\"499\" height=\"251\" srcset=\"https:\/\/dev.explora.cl\/atacama\/wp-content\/uploads\/sites\/5\/2021\/10\/Foto-1.jpg 734w, https:\/\/dev.explora.cl\/atacama\/wp-content\/uploads\/sites\/5\/2021\/10\/Foto-1-300x151.jpg 300w\" sizes=\"auto, (max-width: 499px) 100vw, 499px\" \/><\/strong><strong>Celebrar juntos la Curiosidad<\/strong><\/span><\/p>\n<p>Cristi\u00e1n Galaz Esquivel, director de Explora Atacama enfatiz\u00f3 que el evento es 100% gratuito y abierto a la comunidad, adem\u00e1s de ser un espacio inclusivo. \u201cEl Festival se desarrollar\u00e1 en formato virtual entre el 20 y el 24 de Octubre, en \u00e9l tendremos diversas actividades. Cada uno de estos d\u00edas estar\u00e1 marcado por una tem\u00e1tica que nos invita a conocer y aprender m\u00e1s sobre ciencia, tecnolog\u00eda, innovaci\u00f3n y humanidades, pero tambi\u00e9n nos acompa\u00f1a a viajar por nuestra querida Regi\u00f3n de Atacama, recorriendo sus rincones, tradiciones, patrimonio, flora y fauna nativa, con ello esperamos que quienes participen de este encuentro logren entender que el CTCI forma parte de nuestro d\u00eda a d\u00eda como ciudadanos y ciudadanas\u201d, mencion\u00f3.<\/p>\n<p>Por su parte, Katia Riveros Zepeda, encargada de FECI, \u00a0quien ha estado a cargo de la coordinaci\u00f3n y programaci\u00f3n del encuentro adelant\u00f3 que \u201ceste a\u00f1o tenemos como novedad un matinal que se va a transmitir desde el d\u00eda mi\u00e9rcoles al d\u00eda domingo (20 al 24 de octubre) en las ma\u00f1anas y para quienes no puedan verlo ya que es de manera sincr\u00f3nica se va a repetir en las tardes, entonces est\u00e1 toda la comunidad invitada a ver este programa, tendremos diversos invitados para hablar de biodiversidad, patrimonio natural y cultural, geolog\u00eda, paleontolog\u00eda y muchos temas interesantes\u201d.<\/p>\n<p>Sumado a ello, la encargada del Festival mencion\u00f3 que el principal desaf\u00edo al desarrollarse de forma online es contar con la activa participaci\u00f3n de la comunidad de Atacama. \u201cPara motivar a las personas, vamos a tener charlas interesantes e interactivas y dos talleres,<\/p>\n<p>uno para peque\u00f1os donde pueden participar ni\u00f1os y ni\u00f1as desde los 5 a\u00f1os donde podr\u00e1n aprender a modelar animales en plasticinas con 25 cupos y un segundo taller se realizar\u00e1\u00a0 en el Centro Cultural de la Comuna de Diego de Almagro\u00a0 , este tiene la particularidad de ser el \u00fanico taller presencial,\u00a0 donde realizaremos un taller de eficiencia h\u00eddrica y construcci\u00f3n de un huerto vertical\u00a0 y tenemos 25 cupos y desde ya se pueden inscribir. Queremos invitar a los ni\u00f1os, ni\u00f1as, j\u00f3venes, sus familias e incluso a los adultos mayores a celebrar la curiosidad y hacerse parte de este encuentro\u201d, dijo.<\/p>\n<p><strong>\u00a0<span style=\"color: #339966\">Cinco interesantes tem\u00e1ticas<\/span><\/strong><\/p>\n<p>La programaci\u00f3n de FECI 2021 est\u00e1 coordinada para tocar diversos temas y as\u00ed abordar los diferentes intereses de la comunidad. De esta forma, la apertura de este evento ser\u00e1 el d\u00eda mi\u00e9rcoles 20 con la tem\u00e1tica Geolog\u00eda y Paleontolog\u00eda, mientras que \u00a0jueves 21 el programa se basar\u00e1 en \u00a0Mujeres en Ciencia, el viernes 22 se abordar\u00e1 el Patrimonio Cultural, d\u00eda s\u00e1bado 23 se destinar\u00e1 a hablar sobre biodiversidad y finalmente, el domingo 24 se dejar\u00e1 un espacio denominado \u201cCiencia Random\u201d. Todas las actividades, junto a muchas otras se desarrollar\u00e1n en un ambiente l\u00fadico y entretenido que buscar\u00e1 la atenci\u00f3n del espectador, quien adem\u00e1s podr\u00e1 participar y comentar cada uno de los episodios.<\/p>\n<p><img loading=\"lazy\" decoding=\"async\" class=\" wp-image-39515 aligncenter\" src=\"https:\/\/dev.explora.cl\/atacama\/wp-content\/uploads\/sites\/5\/2021\/10\/FOTO-4-1024x768.jpeg\" alt=\"\" width=\"769\" height=\"577\" srcset=\"https:\/\/dev.explora.cl\/atacama\/wp-content\/uploads\/sites\/5\/2021\/10\/FOTO-4-1024x768.jpeg 1024w, https:\/\/dev.explora.cl\/atacama\/wp-content\/uploads\/sites\/5\/2021\/10\/FOTO-4-300x225.jpeg 300w, https:\/\/dev.explora.cl\/atacama\/wp-content\/uploads\/sites\/5\/2021\/10\/FOTO-4-768x576.jpeg 768w, https:\/\/dev.explora.cl\/atacama\/wp-content\/uploads\/sites\/5\/2021\/10\/FOTO-4.jpeg 1280w\" sizes=\"auto, (max-width: 769px) 100vw, 769px\" \/><\/p>\n<p>Para poder estar al tanto de toda la programaci\u00f3n del festival es importante revisar de forma constante las redes sociales de Explora Atacama, donde en Youtube, Facebook y Twitter se pueden encontrar como Par Explora Atacama mientras que en Instagram se puede encontrar como Proyecto Explora Atacama adem\u00e1s de visitar la p\u00e1gina\u00a0<a href=\"https:\/\/dev.explora.cl\/Atacama\" data-saferedirecturl=\"https:\/\/www.google.com\/url?q=http:\/\/dev.explora.cl\/Atacama&amp;source=gmail&amp;ust=1634329721602000&amp;usg=AFQjCNF55ebCwF2sWBlRYDzeHEsVw6ee4g\"><span style=\"color: #339966\">dev.explora.cl\/Atacama<\/span> <\/a>tambi\u00e9n la mencionada p\u00e1gina oficial de FECI <span style=\"color: #339966\"><a style=\"color: #339966\" href=\"http:\/\/www.festivaldelaciencia.cl\/\" data-saferedirecturl=\"https:\/\/www.google.com\/url?q=http:\/\/www.festivaldelaciencia.cl&amp;source=gmail&amp;ust=1634329721602000&amp;usg=AFQjCNGl6pwK0NL0vLD4Rb7r7HTdfaTbGg\">www.festivaldelaciencia.cl<\/a><\/span>\u00a0 en todas ellas se estar\u00e1 dando a conocer la cartelera, horarios e invitaciones donde el principal objetivo es celebrar juntos la curiosidad. Mientras que las inscripciones a los talleres se pueden realizar en el siguiente<strong><span style=\"color: #339966\"><a style=\"color: #339966\" href=\"https:\/\/dev.explora.cl\/atacama\/inscribete-a-los-talleres-feci-2021\/\"> LINK.<\/a>\u00a0<\/span><\/strong><\/p>\n","protected":false},"excerpt":{"rendered":"<p>El evento se realizar\u00e1 entre el 20 y el 24 de Octubre y abordar\u00e1 las tem\u00e1ticas de geolog\u00eda, paleontolog\u00eda, mujeres en ciencia, patrimonio cultural, biodiversidad, entre otras. Todas las actividades se realizar\u00e1n de forma gratuita para toda la Regi\u00f3n.<\/p>\n","protected":false},"author":20,"featured_media":39505,"comment_status":"open","ping_status":"open","sticky":false,"template":"","format":"standard","meta":{"_acf_changed":false,"_exactmetrics_skip_tracking":false,"_exactmetrics_sitenote_active":false,"_exactmetrics_sitenote_note":"","_exactmetrics_sitenote_category":0,"footnotes":"","_links_to":"","_links_to_target":""},"categories":[139],"tags":[],"class_list":["post-39511","post","type-post","status-publish","format-standard","has-post-thumbnail","hentry","category-lugar-4"],"acf":[],"yoast_head":"<!-- This site is optimized with the Yoast SEO plugin v26.7 - https:\/\/yoast.com\/wordpress\/plugins\/seo\/ -->\n<title>Explora Atacama invita a celebrar la curiosidad con Festival de Ciencia 2021 - Atacama<\/title>\n<meta name=\"robots\" content=\"index, follow, max-snippet:-1, max-image-preview:large, max-video-preview:-1\" \/>\n<link rel=\"canonical\" href=\"https:\/\/dev.explora.cl\/atacama\/explora-atacama-invita-a-celebrar-la-curiosidad-con-festival-de-ciencia-2021\/\" class=\"yoast-seo-meta-tag\" \/>\n<meta property=\"og:locale\" content=\"es_ES\" class=\"yoast-seo-meta-tag\" \/>\n<meta property=\"og:type\" content=\"article\" class=\"yoast-seo-meta-tag\" \/>\n<meta property=\"og:title\" content=\"Explora Atacama invita a celebrar la curiosidad con Festival de Ciencia 2021 - Atacama\" class=\"yoast-seo-meta-tag\" \/>\n<meta property=\"og:description\" content=\"El evento se realizar\u00e1 entre el 20 y el 24 de Octubre y abordar\u00e1 las tem\u00e1ticas de geolog\u00eda, paleontolog\u00eda, mujeres en ciencia, patrimonio cultural, biodiversidad, entre otras. Todas las actividades se realizar\u00e1n de forma gratuita para toda la Regi\u00f3n.\" class=\"yoast-seo-meta-tag\" \/>\n<meta property=\"og:url\" content=\"https:\/\/dev.explora.cl\/atacama\/explora-atacama-invita-a-celebrar-la-curiosidad-con-festival-de-ciencia-2021\/\" class=\"yoast-seo-meta-tag\" \/>\n<meta property=\"og:site_name\" content=\"Atacama\" class=\"yoast-seo-meta-tag\" \/>\n<meta property=\"article:published_time\" content=\"2021-10-14T21:42:56+00:00\" class=\"yoast-seo-meta-tag\" \/>\n<meta property=\"article:modified_time\" content=\"2021-10-15T16:06:31+00:00\" class=\"yoast-seo-meta-tag\" \/>\n<meta property=\"og:image\" content=\"https:\/\/dev.explora.cl\/atacama\/wp-content\/uploads\/sites\/5\/2021\/10\/WhatsApp-Image-2021-10-13-at-6.08.58-PM.jpeg\" class=\"yoast-seo-meta-tag\" \/>\n\t<meta property=\"og:image:width\" content=\"1280\" class=\"yoast-seo-meta-tag\" \/>\n\t<meta property=\"og:image:height\" content=\"1280\" class=\"yoast-seo-meta-tag\" \/>\n\t<meta property=\"og:image:type\" content=\"image\/jpeg\" class=\"yoast-seo-meta-tag\" \/>\n<meta name=\"author\" content=\"ExploraAtacama\" class=\"yoast-seo-meta-tag\" \/>\n<meta name=\"twitter:card\" content=\"summary_large_image\" class=\"yoast-seo-meta-tag\" \/>\n<meta name=\"twitter:label1\" content=\"Escrito por\" class=\"yoast-seo-meta-tag\" \/>\n\t<meta name=\"twitter:data1\" content=\"ExploraAtacama\" class=\"yoast-seo-meta-tag\" \/>\n\t<meta name=\"twitter:label2\" content=\"Tiempo estimado de lectura\" class=\"yoast-seo-meta-tag\" \/>\n\t<meta name=\"twitter:data2\" content=\"4 minutos\" class=\"yoast-seo-meta-tag\" \/>\n<script type=\"application\/ld+json\" class=\"yoast-schema-graph\">{\"@context\":\"https:\/\/schema.org\",\"@graph\":[{\"@type\":\"Article\",\"@id\":\"https:\/\/dev.explora.cl\/atacama\/explora-atacama-invita-a-celebrar-la-curiosidad-con-festival-de-ciencia-2021\/#article\",\"isPartOf\":{\"@id\":\"https:\/\/dev.explora.cl\/atacama\/explora-atacama-invita-a-celebrar-la-curiosidad-con-festival-de-ciencia-2021\/\"},\"author\":{\"name\":\"ExploraAtacama\",\"@id\":\"https:\/\/dev.explora.cl\/atacama\/#\/schema\/person\/1e89437dfd0db398617a5057c75b8bf3\"},\"headline\":\"Explora Atacama invita a celebrar la curiosidad con Festival de Ciencia 2021\",\"datePublished\":\"2021-10-14T21:42:56+00:00\",\"dateModified\":\"2021-10-15T16:06:31+00:00\",\"mainEntityOfPage\":{\"@id\":\"https:\/\/dev.explora.cl\/atacama\/explora-atacama-invita-a-celebrar-la-curiosidad-con-festival-de-ciencia-2021\/\"},\"wordCount\":879,\"commentCount\":0,\"image\":{\"@id\":\"https:\/\/dev.explora.cl\/atacama\/explora-atacama-invita-a-celebrar-la-curiosidad-con-festival-de-ciencia-2021\/#primaryimage\"},\"thumbnailUrl\":\"https:\/\/dev.explora.cl\/atacama\/wp-content\/uploads\/sites\/5\/2021\/10\/WhatsApp-Image-2021-10-13-at-6.08.58-PM.jpeg\",\"articleSection\":[\"Lugar 4\"],\"inLanguage\":\"es-CL\",\"potentialAction\":[{\"@type\":\"CommentAction\",\"name\":\"Comment\",\"target\":[\"https:\/\/dev.explora.cl\/atacama\/explora-atacama-invita-a-celebrar-la-curiosidad-con-festival-de-ciencia-2021\/#respond\"]}]},{\"@type\":\"WebPage\",\"@id\":\"https:\/\/dev.explora.cl\/atacama\/explora-atacama-invita-a-celebrar-la-curiosidad-con-festival-de-ciencia-2021\/\",\"url\":\"https:\/\/dev.explora.cl\/atacama\/explora-atacama-invita-a-celebrar-la-curiosidad-con-festival-de-ciencia-2021\/\",\"name\":\"Explora Atacama invita a celebrar la curiosidad con Festival de Ciencia 2021 - Atacama\",\"isPartOf\":{\"@id\":\"https:\/\/dev.explora.cl\/atacama\/#website\"},\"primaryImageOfPage\":{\"@id\":\"https:\/\/dev.explora.cl\/atacama\/explora-atacama-invita-a-celebrar-la-curiosidad-con-festival-de-ciencia-2021\/#primaryimage\"},\"image\":{\"@id\":\"https:\/\/dev.explora.cl\/atacama\/explora-atacama-invita-a-celebrar-la-curiosidad-con-festival-de-ciencia-2021\/#primaryimage\"},\"thumbnailUrl\":\"https:\/\/dev.explora.cl\/atacama\/wp-content\/uploads\/sites\/5\/2021\/10\/WhatsApp-Image-2021-10-13-at-6.08.58-PM.jpeg\",\"datePublished\":\"2021-10-14T21:42:56+00:00\",\"dateModified\":\"2021-10-15T16:06:31+00:00\",\"author\":{\"@id\":\"https:\/\/dev.explora.cl\/atacama\/#\/schema\/person\/1e89437dfd0db398617a5057c75b8bf3\"},\"breadcrumb\":{\"@id\":\"https:\/\/dev.explora.cl\/atacama\/explora-atacama-invita-a-celebrar-la-curiosidad-con-festival-de-ciencia-2021\/#breadcrumb\"},\"inLanguage\":\"es-CL\",\"potentialAction\":[{\"@type\":\"ReadAction\",\"target\":[\"https:\/\/dev.explora.cl\/atacama\/explora-atacama-invita-a-celebrar-la-curiosidad-con-festival-de-ciencia-2021\/\"]}]},{\"@type\":\"ImageObject\",\"inLanguage\":\"es-CL\",\"@id\":\"https:\/\/dev.explora.cl\/atacama\/explora-atacama-invita-a-celebrar-la-curiosidad-con-festival-de-ciencia-2021\/#primaryimage\",\"url\":\"https:\/\/dev.explora.cl\/atacama\/wp-content\/uploads\/sites\/5\/2021\/10\/WhatsApp-Image-2021-10-13-at-6.08.58-PM.jpeg\",\"contentUrl\":\"https:\/\/dev.explora.cl\/atacama\/wp-content\/uploads\/sites\/5\/2021\/10\/WhatsApp-Image-2021-10-13-at-6.08.58-PM.jpeg\",\"width\":1280,\"height\":1280},{\"@type\":\"BreadcrumbList\",\"@id\":\"https:\/\/dev.explora.cl\/atacama\/explora-atacama-invita-a-celebrar-la-curiosidad-con-festival-de-ciencia-2021\/#breadcrumb\",\"itemListElement\":[{\"@type\":\"ListItem\",\"position\":1,\"name\":\"Portada\",\"item\":\"https:\/\/dev.explora.cl\/atacama\/\"},{\"@type\":\"ListItem\",\"position\":2,\"name\":\"Explora Atacama invita a celebrar la curiosidad con Festival de Ciencia 2021\"}]},{\"@type\":\"WebSite\",\"@id\":\"https:\/\/dev.explora.cl\/atacama\/#website\",\"url\":\"https:\/\/dev.explora.cl\/atacama\/\",\"name\":\"Atacama\",\"description\":\"Otro sitio m\u00e1s de dev.explora.cl\",\"potentialAction\":[{\"@type\":\"SearchAction\",\"target\":{\"@type\":\"EntryPoint\",\"urlTemplate\":\"https:\/\/dev.explora.cl\/atacama\/?s={search_term_string}\"},\"query-input\":{\"@type\":\"PropertyValueSpecification\",\"valueRequired\":true,\"valueName\":\"search_term_string\"}}],\"inLanguage\":\"es-CL\"},{\"@type\":\"Person\",\"@id\":\"https:\/\/dev.explora.cl\/atacama\/#\/schema\/person\/1e89437dfd0db398617a5057c75b8bf3\",\"name\":\"ExploraAtacama\",\"image\":{\"@type\":\"ImageObject\",\"inLanguage\":\"es-CL\",\"@id\":\"https:\/\/dev.explora.cl\/atacama\/#\/schema\/person\/image\/\",\"url\":\"https:\/\/secure.gravatar.com\/avatar\/2e2fd819b7985a746e8ea39b36909cf1a17dc034046e230e83eb1534d0a52b24?s=96&d=mm&r=g\",\"contentUrl\":\"https:\/\/secure.gravatar.com\/avatar\/2e2fd819b7985a746e8ea39b36909cf1a17dc034046e230e83eb1534d0a52b24?s=96&d=mm&r=g\",\"caption\":\"ExploraAtacama\"},\"url\":\"https:\/\/dev.explora.cl\/atacama\/author\/dortiz\/\"}]}<\/script>\n<!-- \/ Yoast SEO plugin. -->","yoast_head_json":{"title":"Explora Atacama invita a celebrar la curiosidad con Festival de Ciencia 2021 - Atacama","robots":{"index":"index","follow":"follow","max-snippet":"max-snippet:-1","max-image-preview":"max-image-preview:large","max-video-preview":"max-video-preview:-1"},"canonical":"https:\/\/dev.explora.cl\/atacama\/explora-atacama-invita-a-celebrar-la-curiosidad-con-festival-de-ciencia-2021\/","og_locale":"es_ES","og_type":"article","og_title":"Explora Atacama invita a celebrar la curiosidad con Festival de Ciencia 2021 - Atacama","og_description":"El evento se realizar\u00e1 entre el 20 y el 24 de Octubre y abordar\u00e1 las tem\u00e1ticas de geolog\u00eda, paleontolog\u00eda, mujeres en ciencia, patrimonio cultural, biodiversidad, entre otras. Todas las actividades se realizar\u00e1n de forma gratuita para toda la Regi\u00f3n.","og_url":"https:\/\/dev.explora.cl\/atacama\/explora-atacama-invita-a-celebrar-la-curiosidad-con-festival-de-ciencia-2021\/","og_site_name":"Atacama","article_published_time":"2021-10-14T21:42:56+00:00","article_modified_time":"2021-10-15T16:06:31+00:00","og_image":[{"width":1280,"height":1280,"url":"https:\/\/dev.explora.cl\/atacama\/wp-content\/uploads\/sites\/5\/2021\/10\/WhatsApp-Image-2021-10-13-at-6.08.58-PM.jpeg","type":"image\/jpeg"}],"author":"ExploraAtacama","twitter_card":"summary_large_image","twitter_misc":{"Escrito por":"ExploraAtacama","Tiempo estimado de lectura":"4 minutos"},"schema":{"@context":"https:\/\/schema.org","@graph":[{"@type":"Article","@id":"https:\/\/dev.explora.cl\/atacama\/explora-atacama-invita-a-celebrar-la-curiosidad-con-festival-de-ciencia-2021\/#article","isPartOf":{"@id":"https:\/\/dev.explora.cl\/atacama\/explora-atacama-invita-a-celebrar-la-curiosidad-con-festival-de-ciencia-2021\/"},"author":{"name":"ExploraAtacama","@id":"https:\/\/dev.explora.cl\/atacama\/#\/schema\/person\/1e89437dfd0db398617a5057c75b8bf3"},"headline":"Explora Atacama invita a celebrar la curiosidad con Festival de Ciencia 2021","datePublished":"2021-10-14T21:42:56+00:00","dateModified":"2021-10-15T16:06:31+00:00","mainEntityOfPage":{"@id":"https:\/\/dev.explora.cl\/atacama\/explora-atacama-invita-a-celebrar-la-curiosidad-con-festival-de-ciencia-2021\/"},"wordCount":879,"commentCount":0,"image":{"@id":"https:\/\/dev.explora.cl\/atacama\/explora-atacama-invita-a-celebrar-la-curiosidad-con-festival-de-ciencia-2021\/#primaryimage"},"thumbnailUrl":"https:\/\/dev.explora.cl\/atacama\/wp-content\/uploads\/sites\/5\/2021\/10\/WhatsApp-Image-2021-10-13-at-6.08.58-PM.jpeg","articleSection":["Lugar 4"],"inLanguage":"es-CL","potentialAction":[{"@type":"CommentAction","name":"Comment","target":["https:\/\/dev.explora.cl\/atacama\/explora-atacama-invita-a-celebrar-la-curiosidad-con-festival-de-ciencia-2021\/#respond"]}]},{"@type":"WebPage","@id":"https:\/\/dev.explora.cl\/atacama\/explora-atacama-invita-a-celebrar-la-curiosidad-con-festival-de-ciencia-2021\/","url":"https:\/\/dev.explora.cl\/atacama\/explora-atacama-invita-a-celebrar-la-curiosidad-con-festival-de-ciencia-2021\/","name":"Explora Atacama invita a celebrar la curiosidad con Festival de Ciencia 2021 - Atacama","isPartOf":{"@id":"https:\/\/dev.explora.cl\/atacama\/#website"},"primaryImageOfPage":{"@id":"https:\/\/dev.explora.cl\/atacama\/explora-atacama-invita-a-celebrar-la-curiosidad-con-festival-de-ciencia-2021\/#primaryimage"},"image":{"@id":"https:\/\/dev.explora.cl\/atacama\/explora-atacama-invita-a-celebrar-la-curiosidad-con-festival-de-ciencia-2021\/#primaryimage"},"thumbnailUrl":"https:\/\/dev.explora.cl\/atacama\/wp-content\/uploads\/sites\/5\/2021\/10\/WhatsApp-Image-2021-10-13-at-6.08.58-PM.jpeg","datePublished":"2021-10-14T21:42:56+00:00","dateModified":"2021-10-15T16:06:31+00:00","author":{"@id":"https:\/\/dev.explora.cl\/atacama\/#\/schema\/person\/1e89437dfd0db398617a5057c75b8bf3"},"breadcrumb":{"@id":"https:\/\/dev.explora.cl\/atacama\/explora-atacama-invita-a-celebrar-la-curiosidad-con-festival-de-ciencia-2021\/#breadcrumb"},"inLanguage":"es-CL","potentialAction":[{"@type":"ReadAction","target":["https:\/\/dev.explora.cl\/atacama\/explora-atacama-invita-a-celebrar-la-curiosidad-con-festival-de-ciencia-2021\/"]}]},{"@type":"ImageObject","inLanguage":"es-CL","@id":"https:\/\/dev.explora.cl\/atacama\/explora-atacama-invita-a-celebrar-la-curiosidad-con-festival-de-ciencia-2021\/#primaryimage","url":"https:\/\/dev.explora.cl\/atacama\/wp-content\/uploads\/sites\/5\/2021\/10\/WhatsApp-Image-2021-10-13-at-6.08.58-PM.jpeg","contentUrl":"https:\/\/dev.explora.cl\/atacama\/wp-content\/uploads\/sites\/5\/2021\/10\/WhatsApp-Image-2021-10-13-at-6.08.58-PM.jpeg","width":1280,"height":1280},{"@type":"BreadcrumbList","@id":"https:\/\/dev.explora.cl\/atacama\/explora-atacama-invita-a-celebrar-la-curiosidad-con-festival-de-ciencia-2021\/#breadcrumb","itemListElement":[{"@type":"ListItem","position":1,"name":"Portada","item":"https:\/\/dev.explora.cl\/atacama\/"},{"@type":"ListItem","position":2,"name":"Explora Atacama invita a celebrar la curiosidad con Festival de Ciencia 2021"}]},{"@type":"WebSite","@id":"https:\/\/dev.explora.cl\/atacama\/#website","url":"https:\/\/dev.explora.cl\/atacama\/","name":"Atacama","description":"Otro sitio m\u00e1s de dev.explora.cl","potentialAction":[{"@type":"SearchAction","target":{"@type":"EntryPoint","urlTemplate":"https:\/\/dev.explora.cl\/atacama\/?s={search_term_string}"},"query-input":{"@type":"PropertyValueSpecification","valueRequired":true,"valueName":"search_term_string"}}],"inLanguage":"es-CL"},{"@type":"Person","@id":"https:\/\/dev.explora.cl\/atacama\/#\/schema\/person\/1e89437dfd0db398617a5057c75b8bf3","name":"ExploraAtacama","image":{"@type":"ImageObject","inLanguage":"es-CL","@id":"https:\/\/dev.explora.cl\/atacama\/#\/schema\/person\/image\/","url":"https:\/\/secure.gravatar.com\/avatar\/2e2fd819b7985a746e8ea39b36909cf1a17dc034046e230e83eb1534d0a52b24?s=96&d=mm&r=g","contentUrl":"https:\/\/secure.gravatar.com\/avatar\/2e2fd819b7985a746e8ea39b36909cf1a17dc034046e230e83eb1534d0a52b24?s=96&d=mm&r=g","caption":"ExploraAtacama"},"url":"https:\/\/dev.explora.cl\/atacama\/author\/dortiz\/"}]}},"_links":{"self":[{"href":"https:\/\/dev.explora.cl\/atacama\/wp-json\/wp\/v2\/posts\/39511","targetHints":{"allow":["GET"]}}],"collection":[{"href":"https:\/\/dev.explora.cl\/atacama\/wp-json\/wp\/v2\/posts"}],"about":[{"href":"https:\/\/dev.explora.cl\/atacama\/wp-json\/wp\/v2\/types\/post"}],"author":[{"embeddable":true,"href":"https:\/\/dev.explora.cl\/atacama\/wp-json\/wp\/v2\/users\/20"}],"replies":[{"embeddable":true,"href":"https:\/\/dev.explora.cl\/atacama\/wp-json\/wp\/v2\/comments?post=39511"}],"version-history":[{"count":4,"href":"https:\/\/dev.explora.cl\/atacama\/wp-json\/wp\/v2\/posts\/39511\/revisions"}],"predecessor-version":[{"id":39521,"href":"https:\/\/dev.explora.cl\/atacama\/wp-json\/wp\/v2\/posts\/39511\/revisions\/39521"}],"wp:featuredmedia":[{"embeddable":true,"href":"https:\/\/dev.explora.cl\/atacama\/wp-json\/wp\/v2\/media\/39505"}],"wp:attachment":[{"href":"https:\/\/dev.explora.cl\/atacama\/wp-json\/wp\/v2\/media?parent=39511"}],"wp:term":[{"taxonomy":"category","embeddable":true,"href":"https:\/\/dev.explora.cl\/atacama\/wp-json\/wp\/v2\/categories?post=39511"},{"taxonomy":"post_tag","embeddable":true,"href":"https:\/\/dev.explora.cl\/atacama\/wp-json\/wp\/v2\/tags?post=39511"}],"curies":[{"name":"wp","href":"https:\/\/api.w.org\/{rel}","templated":true}]}}