{"id":39501,"date":"2021-10-14T18:01:53","date_gmt":"2021-10-14T21:01:53","guid":{"rendered":"https:\/\/dev.explora.cl\/atacama\/?p=39501"},"modified":"2021-10-27T16:34:52","modified_gmt":"2021-10-27T19:34:52","slug":"inscribete-a-los-talleres-feci-2021","status":"publish","type":"post","link":"https:\/\/dev.explora.cl\/atacama\/inscribete-a-los-talleres-feci-2021\/","title":{"rendered":"Inscr\u00edbete a los talleres FECI 2021"},"content":{"rendered":"<div>Entre el 20 y el 24 de Octubre podr\u00e1s disfrutar del Festival de la Ciencia, evento que este a\u00f1o invita a celebrar la curiosidad. Para conocer la cartelera puedes acceder a www.festivaldelaciencia.cl, las actividades son gratuitas y de libre acceso.<\/div>\n<div>En la Regi\u00f3n de Atacama solo dos de\u00a0 necesitan inscripci\u00f3n previa.<\/div>\n<div><\/div>\n<div><\/div>\n<div><span style=\"color: #339966\"><strong>Taller de Eficiencia H\u00eddrica.<\/strong><\/span><\/div>\n<div>Este taller ser\u00e1 el \u00fanico evento presencial se realizar\u00e1 en la comuna de Diego de Almagro a las 18:00 horas y ser\u00e1 dirigido por la Fundaci\u00f3n Ecogen.<\/div>\n<div>\n<div>\n<div>En este taller se realizar\u00e1 la\u00a0 fabricaci\u00f3n de huerto vertical con sistema de riego por goteo, reutilizando botellas de pl\u00e1stico de bebidas, con el objetivo de ense\u00f1ar una t\u00e9cnica eficiente de cultivo que permite utilizar menos suelo y agua. <span style=\"color: #ff0000\"><strong>CUPOS AGOTADOS<\/strong><\/span><\/div>\n<\/div>\n<\/div>\n<div>\n<div><\/div>\n<div><img loading=\"lazy\" decoding=\"async\" class=\"wp-image-39523 aligncenter\" src=\"https:\/\/dev.explora.cl\/atacama\/wp-content\/uploads\/sites\/5\/2021\/10\/AficheOficial-06-1-1024x1024.png\" alt=\"\" width=\"458\" height=\"458\" srcset=\"https:\/\/dev.explora.cl\/atacama\/wp-content\/uploads\/sites\/5\/2021\/10\/AficheOficial-06-1-1024x1024.png 1024w, https:\/\/dev.explora.cl\/atacama\/wp-content\/uploads\/sites\/5\/2021\/10\/AficheOficial-06-1-150x150.png 150w, https:\/\/dev.explora.cl\/atacama\/wp-content\/uploads\/sites\/5\/2021\/10\/AficheOficial-06-1-300x300.png 300w, https:\/\/dev.explora.cl\/atacama\/wp-content\/uploads\/sites\/5\/2021\/10\/AficheOficial-06-1-768x767.png 768w, https:\/\/dev.explora.cl\/atacama\/wp-content\/uploads\/sites\/5\/2021\/10\/AficheOficial-06-1-60x60.png 60w, https:\/\/dev.explora.cl\/atacama\/wp-content\/uploads\/sites\/5\/2021\/10\/AficheOficial-06-1.png 1081w\" sizes=\"auto, (max-width: 458px) 100vw, 458px\" \/><\/div>\n<div><strong><span style=\"color: #339966\">Taller animales chilenos en plasticina<\/span><\/strong><\/div>\n<div>Los ni\u00f1os, ni\u00f1as y sus familias tambi\u00e9n tendr\u00e1n un lugar en FECI2021 con el taller de Animales Chilenos en Plasticina, esta actividad ser\u00e1 en formato online y se requieren los siguientes materiales para crear un Flamenco.<\/div>\n<div>\n<ul>\n<li><strong>2 barras de plasticina\u00a0rosada<\/strong><\/li>\n<li><strong>2 barra de plasticina blanca<\/strong><\/li>\n<li><strong>1 barra de plasticina\u00a0negra<\/strong><\/li>\n<li><strong>1 barra de\u00a0plasticina\u00a0naranja<\/strong><\/li>\n<li><strong>30 cm de alambre recubierto blanco 2,5mm (no alambre de pelo, muy fr\u00e1gil)<\/strong><\/li>\n<li><strong>20 cm de alusa met\u00e1lica ( para hacer una bolita )<\/strong><\/li>\n<\/ul>\n<p>Los colores son sugerencia para hacerlo lo m\u00e1s cercano a la realidad. Para ser parte de este taller te puedes inscribir en el siguiente<strong><span style=\"color: #339966\"><a style=\"color: #339966\" href=\"https:\/\/docs.google.com\/forms\/d\/e\/1FAIpQLSfzzOBESJCK3CdNUNPah7ROBaQR0dFXkZnu01ye3aSYcQ01MQ\/viewform\"> LINK<\/a><\/span><\/strong><\/p>\n<\/div>\n<\/div>\n<div><img loading=\"lazy\" decoding=\"async\" class=\"wp-image-39503 aligncenter\" src=\"https:\/\/dev.explora.cl\/atacama\/wp-content\/uploads\/sites\/5\/2021\/10\/AficheOficial-05-1-1024x1024.png\" alt=\"\" width=\"501\" height=\"501\" srcset=\"https:\/\/dev.explora.cl\/atacama\/wp-content\/uploads\/sites\/5\/2021\/10\/AficheOficial-05-1-1024x1024.png 1024w, https:\/\/dev.explora.cl\/atacama\/wp-content\/uploads\/sites\/5\/2021\/10\/AficheOficial-05-1-150x150.png 150w, https:\/\/dev.explora.cl\/atacama\/wp-content\/uploads\/sites\/5\/2021\/10\/AficheOficial-05-1-300x300.png 300w, https:\/\/dev.explora.cl\/atacama\/wp-content\/uploads\/sites\/5\/2021\/10\/AficheOficial-05-1-768x767.png 768w, https:\/\/dev.explora.cl\/atacama\/wp-content\/uploads\/sites\/5\/2021\/10\/AficheOficial-05-1-60x60.png 60w, https:\/\/dev.explora.cl\/atacama\/wp-content\/uploads\/sites\/5\/2021\/10\/AficheOficial-05-1.png 1081w\" sizes=\"auto, (max-width: 501px) 100vw, 501px\" \/><\/div>\n<div>\n<div style=\"text-align: center\"><span style=\"color: #339966\"><strong>\u00a1Te esperamos!<\/strong><\/span><\/div>\n<\/div>\n","protected":false},"excerpt":{"rendered":"<p>Entre el 20 y el 24 de Octubre podr\u00e1s disfrutar del Festival de la Ciencia, evento que este a\u00f1o invita a celebrar la curiosidad.<br \/>\nPara conocer la cartelera puedes acceder a www.festivaldelaciencia.cl, las actividades son gratuitas y de libre acceso.<br \/>\nEn la Regi\u00f3n de Atacama solo dos de\u00a0 necesitan inscripci\u00f3n previa.\u00a0<\/p>\n","protected":false},"author":20,"featured_media":39522,"comment_status":"open","ping_status":"open","sticky":false,"template":"","format":"standard","meta":{"_acf_changed":false,"_exactmetrics_skip_tracking":false,"_exactmetrics_sitenote_active":false,"_exactmetrics_sitenote_note":"","_exactmetrics_sitenote_category":0,"footnotes":"","_links_to":"","_links_to_target":""},"categories":[128,127],"tags":[],"class_list":["post-39501","post","type-post","status-publish","format-standard","has-post-thumbnail","hentry","category-eventos_publ_grl","category-iniciativas_publ_grl"],"acf":[],"yoast_head":"<!-- This site is optimized with the Yoast SEO plugin v26.7 - https:\/\/yoast.com\/wordpress\/plugins\/seo\/ -->\n<title>Inscr\u00edbete a los talleres FECI 2021 - Atacama<\/title>\n<meta name=\"robots\" content=\"index, follow, max-snippet:-1, max-image-preview:large, max-video-preview:-1\" \/>\n<link rel=\"canonical\" href=\"https:\/\/dev.explora.cl\/atacama\/inscribete-a-los-talleres-feci-2021\/\" class=\"yoast-seo-meta-tag\" \/>\n<meta property=\"og:locale\" content=\"es_ES\" class=\"yoast-seo-meta-tag\" \/>\n<meta property=\"og:type\" content=\"article\" class=\"yoast-seo-meta-tag\" \/>\n<meta property=\"og:title\" content=\"Inscr\u00edbete a los talleres FECI 2021 - Atacama\" class=\"yoast-seo-meta-tag\" \/>\n<meta property=\"og:description\" content=\"Entre el 20 y el 24 de Octubre podr\u00e1s disfrutar del Festival de la Ciencia, evento que este a\u00f1o invita a celebrar la curiosidad. Para conocer la cartelera puedes acceder a www.festivaldelaciencia.cl, las actividades son gratuitas y de libre acceso. En la Regi\u00f3n de Atacama solo dos de\u00a0 necesitan inscripci\u00f3n previa.\u00a0\" class=\"yoast-seo-meta-tag\" \/>\n<meta property=\"og:url\" content=\"https:\/\/dev.explora.cl\/atacama\/inscribete-a-los-talleres-feci-2021\/\" class=\"yoast-seo-meta-tag\" \/>\n<meta property=\"og:site_name\" content=\"Atacama\" class=\"yoast-seo-meta-tag\" \/>\n<meta property=\"article:published_time\" content=\"2021-10-14T21:01:53+00:00\" class=\"yoast-seo-meta-tag\" \/>\n<meta property=\"article:modified_time\" content=\"2021-10-27T19:34:52+00:00\" class=\"yoast-seo-meta-tag\" \/>\n<meta property=\"og:image\" content=\"https:\/\/dev.explora.cl\/atacama\/wp-content\/uploads\/sites\/5\/2021\/10\/AficheOficial-05-1-1.png\" class=\"yoast-seo-meta-tag\" \/>\n\t<meta property=\"og:image:width\" content=\"1081\" class=\"yoast-seo-meta-tag\" \/>\n\t<meta property=\"og:image:height\" content=\"1080\" class=\"yoast-seo-meta-tag\" \/>\n\t<meta property=\"og:image:type\" content=\"image\/png\" class=\"yoast-seo-meta-tag\" \/>\n<meta name=\"author\" content=\"ExploraAtacama\" class=\"yoast-seo-meta-tag\" \/>\n<meta name=\"twitter:card\" content=\"summary_large_image\" class=\"yoast-seo-meta-tag\" \/>\n<meta name=\"twitter:label1\" content=\"Escrito por\" class=\"yoast-seo-meta-tag\" \/>\n\t<meta name=\"twitter:data1\" content=\"ExploraAtacama\" class=\"yoast-seo-meta-tag\" \/>\n\t<meta name=\"twitter:label2\" content=\"Tiempo estimado de lectura\" class=\"yoast-seo-meta-tag\" \/>\n\t<meta name=\"twitter:data2\" content=\"1 minuto\" class=\"yoast-seo-meta-tag\" \/>\n<script type=\"application\/ld+json\" class=\"yoast-schema-graph\">{\"@context\":\"https:\/\/schema.org\",\"@graph\":[{\"@type\":\"Article\",\"@id\":\"https:\/\/dev.explora.cl\/atacama\/inscribete-a-los-talleres-feci-2021\/#article\",\"isPartOf\":{\"@id\":\"https:\/\/dev.explora.cl\/atacama\/inscribete-a-los-talleres-feci-2021\/\"},\"author\":{\"name\":\"ExploraAtacama\",\"@id\":\"https:\/\/dev.explora.cl\/atacama\/#\/schema\/person\/1e89437dfd0db398617a5057c75b8bf3\"},\"headline\":\"Inscr\u00edbete a los talleres FECI 2021\",\"datePublished\":\"2021-10-14T21:01:53+00:00\",\"dateModified\":\"2021-10-27T19:34:52+00:00\",\"mainEntityOfPage\":{\"@id\":\"https:\/\/dev.explora.cl\/atacama\/inscribete-a-los-talleres-feci-2021\/\"},\"wordCount\":249,\"commentCount\":0,\"image\":{\"@id\":\"https:\/\/dev.explora.cl\/atacama\/inscribete-a-los-talleres-feci-2021\/#primaryimage\"},\"thumbnailUrl\":\"https:\/\/dev.explora.cl\/atacama\/wp-content\/uploads\/sites\/5\/2021\/10\/AficheOficial-05-1-1.png\",\"articleSection\":[\"Eventos\",\"Iniciativas\"],\"inLanguage\":\"es-CL\",\"potentialAction\":[{\"@type\":\"CommentAction\",\"name\":\"Comment\",\"target\":[\"https:\/\/dev.explora.cl\/atacama\/inscribete-a-los-talleres-feci-2021\/#respond\"]}]},{\"@type\":\"WebPage\",\"@id\":\"https:\/\/dev.explora.cl\/atacama\/inscribete-a-los-talleres-feci-2021\/\",\"url\":\"https:\/\/dev.explora.cl\/atacama\/inscribete-a-los-talleres-feci-2021\/\",\"name\":\"Inscr\u00edbete a los talleres FECI 2021 - Atacama\",\"isPartOf\":{\"@id\":\"https:\/\/dev.explora.cl\/atacama\/#website\"},\"primaryImageOfPage\":{\"@id\":\"https:\/\/dev.explora.cl\/atacama\/inscribete-a-los-talleres-feci-2021\/#primaryimage\"},\"image\":{\"@id\":\"https:\/\/dev.explora.cl\/atacama\/inscribete-a-los-talleres-feci-2021\/#primaryimage\"},\"thumbnailUrl\":\"https:\/\/dev.explora.cl\/atacama\/wp-content\/uploads\/sites\/5\/2021\/10\/AficheOficial-05-1-1.png\",\"datePublished\":\"2021-10-14T21:01:53+00:00\",\"dateModified\":\"2021-10-27T19:34:52+00:00\",\"author\":{\"@id\":\"https:\/\/dev.explora.cl\/atacama\/#\/schema\/person\/1e89437dfd0db398617a5057c75b8bf3\"},\"breadcrumb\":{\"@id\":\"https:\/\/dev.explora.cl\/atacama\/inscribete-a-los-talleres-feci-2021\/#breadcrumb\"},\"inLanguage\":\"es-CL\",\"potentialAction\":[{\"@type\":\"ReadAction\",\"target\":[\"https:\/\/dev.explora.cl\/atacama\/inscribete-a-los-talleres-feci-2021\/\"]}]},{\"@type\":\"ImageObject\",\"inLanguage\":\"es-CL\",\"@id\":\"https:\/\/dev.explora.cl\/atacama\/inscribete-a-los-talleres-feci-2021\/#primaryimage\",\"url\":\"https:\/\/dev.explora.cl\/atacama\/wp-content\/uploads\/sites\/5\/2021\/10\/AficheOficial-05-1-1.png\",\"contentUrl\":\"https:\/\/dev.explora.cl\/atacama\/wp-content\/uploads\/sites\/5\/2021\/10\/AficheOficial-05-1-1.png\",\"width\":1081,\"height\":1080},{\"@type\":\"BreadcrumbList\",\"@id\":\"https:\/\/dev.explora.cl\/atacama\/inscribete-a-los-talleres-feci-2021\/#breadcrumb\",\"itemListElement\":[{\"@type\":\"ListItem\",\"position\":1,\"name\":\"Portada\",\"item\":\"https:\/\/dev.explora.cl\/atacama\/\"},{\"@type\":\"ListItem\",\"position\":2,\"name\":\"Inscr\u00edbete a los talleres FECI 2021\"}]},{\"@type\":\"WebSite\",\"@id\":\"https:\/\/dev.explora.cl\/atacama\/#website\",\"url\":\"https:\/\/dev.explora.cl\/atacama\/\",\"name\":\"Atacama\",\"description\":\"Otro sitio m\u00e1s de dev.explora.cl\",\"potentialAction\":[{\"@type\":\"SearchAction\",\"target\":{\"@type\":\"EntryPoint\",\"urlTemplate\":\"https:\/\/dev.explora.cl\/atacama\/?s={search_term_string}\"},\"query-input\":{\"@type\":\"PropertyValueSpecification\",\"valueRequired\":true,\"valueName\":\"search_term_string\"}}],\"inLanguage\":\"es-CL\"},{\"@type\":\"Person\",\"@id\":\"https:\/\/dev.explora.cl\/atacama\/#\/schema\/person\/1e89437dfd0db398617a5057c75b8bf3\",\"name\":\"ExploraAtacama\",\"image\":{\"@type\":\"ImageObject\",\"inLanguage\":\"es-CL\",\"@id\":\"https:\/\/dev.explora.cl\/atacama\/#\/schema\/person\/image\/\",\"url\":\"https:\/\/secure.gravatar.com\/avatar\/2e2fd819b7985a746e8ea39b36909cf1a17dc034046e230e83eb1534d0a52b24?s=96&d=mm&r=g\",\"contentUrl\":\"https:\/\/secure.gravatar.com\/avatar\/2e2fd819b7985a746e8ea39b36909cf1a17dc034046e230e83eb1534d0a52b24?s=96&d=mm&r=g\",\"caption\":\"ExploraAtacama\"},\"url\":\"https:\/\/dev.explora.cl\/atacama\/author\/dortiz\/\"}]}<\/script>\n<!-- \/ Yoast SEO plugin. -->","yoast_head_json":{"title":"Inscr\u00edbete a los talleres FECI 2021 - Atacama","robots":{"index":"index","follow":"follow","max-snippet":"max-snippet:-1","max-image-preview":"max-image-preview:large","max-video-preview":"max-video-preview:-1"},"canonical":"https:\/\/dev.explora.cl\/atacama\/inscribete-a-los-talleres-feci-2021\/","og_locale":"es_ES","og_type":"article","og_title":"Inscr\u00edbete a los talleres FECI 2021 - Atacama","og_description":"Entre el 20 y el 24 de Octubre podr\u00e1s disfrutar del Festival de la Ciencia, evento que este a\u00f1o invita a celebrar la curiosidad. Para conocer la cartelera puedes acceder a www.festivaldelaciencia.cl, las actividades son gratuitas y de libre acceso. En la Regi\u00f3n de Atacama solo dos de\u00a0 necesitan inscripci\u00f3n previa.\u00a0","og_url":"https:\/\/dev.explora.cl\/atacama\/inscribete-a-los-talleres-feci-2021\/","og_site_name":"Atacama","article_published_time":"2021-10-14T21:01:53+00:00","article_modified_time":"2021-10-27T19:34:52+00:00","og_image":[{"width":1081,"height":1080,"url":"https:\/\/dev.explora.cl\/atacama\/wp-content\/uploads\/sites\/5\/2021\/10\/AficheOficial-05-1-1.png","type":"image\/png"}],"author":"ExploraAtacama","twitter_card":"summary_large_image","twitter_misc":{"Escrito por":"ExploraAtacama","Tiempo estimado de lectura":"1 minuto"},"schema":{"@context":"https:\/\/schema.org","@graph":[{"@type":"Article","@id":"https:\/\/dev.explora.cl\/atacama\/inscribete-a-los-talleres-feci-2021\/#article","isPartOf":{"@id":"https:\/\/dev.explora.cl\/atacama\/inscribete-a-los-talleres-feci-2021\/"},"author":{"name":"ExploraAtacama","@id":"https:\/\/dev.explora.cl\/atacama\/#\/schema\/person\/1e89437dfd0db398617a5057c75b8bf3"},"headline":"Inscr\u00edbete a los talleres FECI 2021","datePublished":"2021-10-14T21:01:53+00:00","dateModified":"2021-10-27T19:34:52+00:00","mainEntityOfPage":{"@id":"https:\/\/dev.explora.cl\/atacama\/inscribete-a-los-talleres-feci-2021\/"},"wordCount":249,"commentCount":0,"image":{"@id":"https:\/\/dev.explora.cl\/atacama\/inscribete-a-los-talleres-feci-2021\/#primaryimage"},"thumbnailUrl":"https:\/\/dev.explora.cl\/atacama\/wp-content\/uploads\/sites\/5\/2021\/10\/AficheOficial-05-1-1.png","articleSection":["Eventos","Iniciativas"],"inLanguage":"es-CL","potentialAction":[{"@type":"CommentAction","name":"Comment","target":["https:\/\/dev.explora.cl\/atacama\/inscribete-a-los-talleres-feci-2021\/#respond"]}]},{"@type":"WebPage","@id":"https:\/\/dev.explora.cl\/atacama\/inscribete-a-los-talleres-feci-2021\/","url":"https:\/\/dev.explora.cl\/atacama\/inscribete-a-los-talleres-feci-2021\/","name":"Inscr\u00edbete a los talleres FECI 2021 - Atacama","isPartOf":{"@id":"https:\/\/dev.explora.cl\/atacama\/#website"},"primaryImageOfPage":{"@id":"https:\/\/dev.explora.cl\/atacama\/inscribete-a-los-talleres-feci-2021\/#primaryimage"},"image":{"@id":"https:\/\/dev.explora.cl\/atacama\/inscribete-a-los-talleres-feci-2021\/#primaryimage"},"thumbnailUrl":"https:\/\/dev.explora.cl\/atacama\/wp-content\/uploads\/sites\/5\/2021\/10\/AficheOficial-05-1-1.png","datePublished":"2021-10-14T21:01:53+00:00","dateModified":"2021-10-27T19:34:52+00:00","author":{"@id":"https:\/\/dev.explora.cl\/atacama\/#\/schema\/person\/1e89437dfd0db398617a5057c75b8bf3"},"breadcrumb":{"@id":"https:\/\/dev.explora.cl\/atacama\/inscribete-a-los-talleres-feci-2021\/#breadcrumb"},"inLanguage":"es-CL","potentialAction":[{"@type":"ReadAction","target":["https:\/\/dev.explora.cl\/atacama\/inscribete-a-los-talleres-feci-2021\/"]}]},{"@type":"ImageObject","inLanguage":"es-CL","@id":"https:\/\/dev.explora.cl\/atacama\/inscribete-a-los-talleres-feci-2021\/#primaryimage","url":"https:\/\/dev.explora.cl\/atacama\/wp-content\/uploads\/sites\/5\/2021\/10\/AficheOficial-05-1-1.png","contentUrl":"https:\/\/dev.explora.cl\/atacama\/wp-content\/uploads\/sites\/5\/2021\/10\/AficheOficial-05-1-1.png","width":1081,"height":1080},{"@type":"BreadcrumbList","@id":"https:\/\/dev.explora.cl\/atacama\/inscribete-a-los-talleres-feci-2021\/#breadcrumb","itemListElement":[{"@type":"ListItem","position":1,"name":"Portada","item":"https:\/\/dev.explora.cl\/atacama\/"},{"@type":"ListItem","position":2,"name":"Inscr\u00edbete a los talleres FECI 2021"}]},{"@type":"WebSite","@id":"https:\/\/dev.explora.cl\/atacama\/#website","url":"https:\/\/dev.explora.cl\/atacama\/","name":"Atacama","description":"Otro sitio m\u00e1s de dev.explora.cl","potentialAction":[{"@type":"SearchAction","target":{"@type":"EntryPoint","urlTemplate":"https:\/\/dev.explora.cl\/atacama\/?s={search_term_string}"},"query-input":{"@type":"PropertyValueSpecification","valueRequired":true,"valueName":"search_term_string"}}],"inLanguage":"es-CL"},{"@type":"Person","@id":"https:\/\/dev.explora.cl\/atacama\/#\/schema\/person\/1e89437dfd0db398617a5057c75b8bf3","name":"ExploraAtacama","image":{"@type":"ImageObject","inLanguage":"es-CL","@id":"https:\/\/dev.explora.cl\/atacama\/#\/schema\/person\/image\/","url":"https:\/\/secure.gravatar.com\/avatar\/2e2fd819b7985a746e8ea39b36909cf1a17dc034046e230e83eb1534d0a52b24?s=96&d=mm&r=g","contentUrl":"https:\/\/secure.gravatar.com\/avatar\/2e2fd819b7985a746e8ea39b36909cf1a17dc034046e230e83eb1534d0a52b24?s=96&d=mm&r=g","caption":"ExploraAtacama"},"url":"https:\/\/dev.explora.cl\/atacama\/author\/dortiz\/"}]}},"_links":{"self":[{"href":"https:\/\/dev.explora.cl\/atacama\/wp-json\/wp\/v2\/posts\/39501","targetHints":{"allow":["GET"]}}],"collection":[{"href":"https:\/\/dev.explora.cl\/atacama\/wp-json\/wp\/v2\/posts"}],"about":[{"href":"https:\/\/dev.explora.cl\/atacama\/wp-json\/wp\/v2\/types\/post"}],"author":[{"embeddable":true,"href":"https:\/\/dev.explora.cl\/atacama\/wp-json\/wp\/v2\/users\/20"}],"replies":[{"embeddable":true,"href":"https:\/\/dev.explora.cl\/atacama\/wp-json\/wp\/v2\/comments?post=39501"}],"version-history":[{"count":8,"href":"https:\/\/dev.explora.cl\/atacama\/wp-json\/wp\/v2\/posts\/39501\/revisions"}],"predecessor-version":[{"id":39533,"href":"https:\/\/dev.explora.cl\/atacama\/wp-json\/wp\/v2\/posts\/39501\/revisions\/39533"}],"wp:featuredmedia":[{"embeddable":true,"href":"https:\/\/dev.explora.cl\/atacama\/wp-json\/wp\/v2\/media\/39522"}],"wp:attachment":[{"href":"https:\/\/dev.explora.cl\/atacama\/wp-json\/wp\/v2\/media?parent=39501"}],"wp:term":[{"taxonomy":"category","embeddable":true,"href":"https:\/\/dev.explora.cl\/atacama\/wp-json\/wp\/v2\/categories?post=39501"},{"taxonomy":"post_tag","embeddable":true,"href":"https:\/\/dev.explora.cl\/atacama\/wp-json\/wp\/v2\/tags?post=39501"}],"curies":[{"name":"wp","href":"https:\/\/api.w.org\/{rel}","templated":true}]}}