{"id":39401,"date":"2021-06-22T13:02:06","date_gmt":"2021-06-22T17:02:06","guid":{"rendered":"https:\/\/dev.explora.cl\/atacama\/?p=39401"},"modified":"2021-06-22T17:16:38","modified_gmt":"2021-06-22T21:16:38","slug":"astronomo-italiano-que-se-vino-a-vivir-a-atacama-por-sus-cielos-dio-inicio-a-ciclo-de-charlas-ciencia-abierta","status":"publish","type":"post","link":"https:\/\/dev.explora.cl\/atacama\/astronomo-italiano-que-se-vino-a-vivir-a-atacama-por-sus-cielos-dio-inicio-a-ciclo-de-charlas-ciencia-abierta\/","title":{"rendered":"Astr\u00f3nomo italiano que se vino a vivir a Atacama por sus cielos, dio inicio a ciclo de charlas Ciencia Abierta"},"content":{"rendered":"<p><span style=\"color: #008000\"><b>El Proyecto Explora Atacama dio inicio a su ciclo Ciencia Abierta 2021, con una charla a cargo del astr\u00f3nomo Daniele Gasparri, un cient\u00edfico que se vino a vivir a nuestra regi\u00f3n para capturar y difundir los cielos nocturnos de Atacama. La charla puede ser revisitada en el canal de YouTube PAR Explora Atacama y abord\u00f3 el tema de porqu\u00e9 son tan buenas las noches atacame\u00f1as para la observaci\u00f3n astron\u00f3mica.<\/b><\/span><\/p>\n<p>Este mi\u00e9rcoles se dio inicio a un nuevo ciclo de charlas de la iniciativa Ciencia Abierta que lleva adelante el Proyecto Explora Atacama en nuestra regi\u00f3n. La charla abierta a todo p\u00fablico fue liderada por el italiano Daniele Gasparri, un estudiante de doctorado en astronom\u00eda del INCT de la UDA, quien se vino a nuestra zona atra\u00eddo por los cielos nocturnos.<\/p>\n<p>En la charla, el cient\u00edfico destac\u00f3 las condiciones naturales de nuestra zona para el ejercicio de la astronom\u00eda, tanto cient\u00edfica como la de aficionados. Destacando all\u00ed iniciativa como la de la Agrupaci\u00f3n Astron\u00f3mica Ori\u00f3n y el Centro Astron\u00f3mico Andr\u00f3meda. Comparando las realidades dis\u00edmiles de la realidad europea, con mucha contaminaci\u00f3n lum\u00ednica; en contraposici\u00f3n con los pr\u00edstinos cielos sin intervenci\u00f3n de luminarias como las de Atacama, el experto llam\u00f3 a proteger y conservar los cielos nocturnos atacame\u00f1os.<\/p>\n<p>Al finalizar la charla, Daniele Gasparri se\u00f1al\u00f3: \u201cEs una experiencia maravillosa, porque es siempre un gusto estar en contacto con los curiosos y aficionados de la astronom\u00eda. Para m\u00ed es un gusto cuando puedo ayudar a desarrollar la ciencia, en este caso la astronom\u00eda\u201d.\u00a0 Adem\u00e1s, realiz\u00f3 un llamado para sumarse a las nuevas charlas que est\u00e1n programadas por el Proyecto Explora, \u201cespero que muchas personas se vayan a conectar en las siguientes charlas porque ser\u00e1n todas muy intersantes, principalmente se va a hablar de forma sencilla. Mucha gente cree que porque se va a hablar de ciencia, se va hacer dif\u00edcil y aburrido y no es as\u00ed.Es simple curiosidad. Invito a todos a participar porque ser\u00e1 una experiencia maravillosa\u201d, dijo el doctorando en astronom\u00eda.<\/p>\n<p>Cristian Galaz Esquivel, director del Proyecto Explora de la UDA, dijo tras la actividad que \u201cLa ciencia se democratiza llegando a la ciudadan\u00eda. Este es nuestra misi\u00f3n con estas charlas que gracias a la buena voluntad de expertas y expertos residentes en la regi\u00f3n y otros puntos del pa\u00eds, podemos llevar adelante este ciclo de charlas donde el conocimiento en distintas \u00e1reas es puesto a disposici\u00f3n de la comunidad. Invitamos a revisar nuestros contenidos en el canal de YouTube PAR Explora Atacama, que aloja todos los conversatorios y exposiciones desarrolladas hasta ahora\u201d.<\/p>\n<p>Esta iniciativa se enmarca dentro del trabajo del Ministerio de Ciencia a trav\u00e9s del Programa Ciencia P\u00fablica y el Programa Explora para vincular a investigadores e investigadoras, adem\u00e1s de centros de conocimiento con la ciudadan\u00eda, buscando promover el desarrollo de una cultura cient\u00edfica en nuestro pa\u00eds. Ya durante el 2020 el ciclo Ciencia Abierta desarroll\u00f3 numerosas actividades en formato <i>online; <\/i>una experiencia exitosa que permiti\u00f3 nutrir de contenidos educativos la oferta digital en pandemia.<\/p>\n<p>&nbsp;<\/p>\n","protected":false},"excerpt":{"rendered":"<p>El Proyecto Explora Atacama dio inicio a su ciclo Ciencia Abierta 2021, con una charla a cargo del astr\u00f3nomo Daniele Gasparri, un cient\u00edfico que se vino a vivir a nuestra regi\u00f3n para capturar y difundir los cielos nocturnos de Atacama. La charla puede ser revisitada en el canal de YouTube PAR Explora Atacama y abord\u00f3 el tema de porqu\u00e9 son tan buenas las noches atacame\u00f1as para la observaci\u00f3n astron\u00f3mica.<\/p>\n","protected":false},"author":20,"featured_media":39403,"comment_status":"open","ping_status":"open","sticky":false,"template":"","format":"standard","meta":{"_acf_changed":false,"_exactmetrics_skip_tracking":false,"_exactmetrics_sitenote_active":false,"_exactmetrics_sitenote_note":"","_exactmetrics_sitenote_category":0,"footnotes":"","_links_to":"","_links_to_target":""},"categories":[141],"tags":[177,188,286],"class_list":["post-39401","post","type-post","status-publish","format-standard","has-post-thumbnail","hentry","category-lugar-6","tag-astronomia","tag-atacama","tag-daniele-gasparri"],"acf":[],"yoast_head":"<!-- This site is optimized with the Yoast SEO plugin v26.7 - https:\/\/yoast.com\/wordpress\/plugins\/seo\/ -->\n<title>Astr\u00f3nomo italiano que se vino a vivir a Atacama por sus cielos, dio inicio a ciclo de charlas Ciencia Abierta - Atacama<\/title>\n<meta name=\"robots\" content=\"index, follow, max-snippet:-1, max-image-preview:large, max-video-preview:-1\" \/>\n<link rel=\"canonical\" href=\"https:\/\/dev.explora.cl\/atacama\/astronomo-italiano-que-se-vino-a-vivir-a-atacama-por-sus-cielos-dio-inicio-a-ciclo-de-charlas-ciencia-abierta\/\" class=\"yoast-seo-meta-tag\" \/>\n<meta property=\"og:locale\" content=\"es_ES\" class=\"yoast-seo-meta-tag\" \/>\n<meta property=\"og:type\" content=\"article\" class=\"yoast-seo-meta-tag\" \/>\n<meta property=\"og:title\" content=\"Astr\u00f3nomo italiano que se vino a vivir a Atacama por sus cielos, dio inicio a ciclo de charlas Ciencia Abierta - Atacama\" class=\"yoast-seo-meta-tag\" \/>\n<meta property=\"og:description\" content=\"El Proyecto Explora Atacama dio inicio a su ciclo Ciencia Abierta 2021, con una charla a cargo del astr\u00f3nomo Daniele Gasparri, un cient\u00edfico que se vino a vivir a nuestra regi\u00f3n para capturar y difundir los cielos nocturnos de Atacama. La charla puede ser revisitada en el canal de YouTube PAR Explora Atacama y abord\u00f3 el tema de porqu\u00e9 son tan buenas las noches atacame\u00f1as para la observaci\u00f3n astron\u00f3mica.\" class=\"yoast-seo-meta-tag\" \/>\n<meta property=\"og:url\" content=\"https:\/\/dev.explora.cl\/atacama\/astronomo-italiano-que-se-vino-a-vivir-a-atacama-por-sus-cielos-dio-inicio-a-ciclo-de-charlas-ciencia-abierta\/\" class=\"yoast-seo-meta-tag\" \/>\n<meta property=\"og:site_name\" content=\"Atacama\" class=\"yoast-seo-meta-tag\" \/>\n<meta property=\"article:published_time\" content=\"2021-06-22T17:02:06+00:00\" class=\"yoast-seo-meta-tag\" \/>\n<meta property=\"article:modified_time\" content=\"2021-06-22T21:16:38+00:00\" class=\"yoast-seo-meta-tag\" \/>\n<meta property=\"og:image\" content=\"https:\/\/dev.explora.cl\/atacama\/wp-content\/uploads\/sites\/5\/2021\/06\/01-DANIELE-GASPARRI-.jpg\" class=\"yoast-seo-meta-tag\" \/>\n\t<meta property=\"og:image:width\" content=\"4096\" class=\"yoast-seo-meta-tag\" \/>\n\t<meta property=\"og:image:height\" content=\"2304\" class=\"yoast-seo-meta-tag\" \/>\n\t<meta property=\"og:image:type\" content=\"image\/jpeg\" class=\"yoast-seo-meta-tag\" \/>\n<meta name=\"author\" content=\"ExploraAtacama\" class=\"yoast-seo-meta-tag\" \/>\n<meta name=\"twitter:card\" content=\"summary_large_image\" class=\"yoast-seo-meta-tag\" \/>\n<meta name=\"twitter:label1\" content=\"Escrito por\" class=\"yoast-seo-meta-tag\" \/>\n\t<meta name=\"twitter:data1\" content=\"ExploraAtacama\" class=\"yoast-seo-meta-tag\" \/>\n\t<meta name=\"twitter:label2\" content=\"Tiempo estimado de lectura\" class=\"yoast-seo-meta-tag\" \/>\n\t<meta name=\"twitter:data2\" content=\"3 minutos\" class=\"yoast-seo-meta-tag\" \/>\n<script type=\"application\/ld+json\" class=\"yoast-schema-graph\">{\"@context\":\"https:\/\/schema.org\",\"@graph\":[{\"@type\":\"Article\",\"@id\":\"https:\/\/dev.explora.cl\/atacama\/astronomo-italiano-que-se-vino-a-vivir-a-atacama-por-sus-cielos-dio-inicio-a-ciclo-de-charlas-ciencia-abierta\/#article\",\"isPartOf\":{\"@id\":\"https:\/\/dev.explora.cl\/atacama\/astronomo-italiano-que-se-vino-a-vivir-a-atacama-por-sus-cielos-dio-inicio-a-ciclo-de-charlas-ciencia-abierta\/\"},\"author\":{\"name\":\"ExploraAtacama\",\"@id\":\"https:\/\/dev.explora.cl\/atacama\/#\/schema\/person\/1e89437dfd0db398617a5057c75b8bf3\"},\"headline\":\"Astr\u00f3nomo italiano que se vino a vivir a Atacama por sus cielos, dio inicio a ciclo de charlas Ciencia Abierta\",\"datePublished\":\"2021-06-22T17:02:06+00:00\",\"dateModified\":\"2021-06-22T21:16:38+00:00\",\"mainEntityOfPage\":{\"@id\":\"https:\/\/dev.explora.cl\/atacama\/astronomo-italiano-que-se-vino-a-vivir-a-atacama-por-sus-cielos-dio-inicio-a-ciclo-de-charlas-ciencia-abierta\/\"},\"wordCount\":562,\"commentCount\":0,\"image\":{\"@id\":\"https:\/\/dev.explora.cl\/atacama\/astronomo-italiano-que-se-vino-a-vivir-a-atacama-por-sus-cielos-dio-inicio-a-ciclo-de-charlas-ciencia-abierta\/#primaryimage\"},\"thumbnailUrl\":\"https:\/\/dev.explora.cl\/atacama\/wp-content\/uploads\/sites\/5\/2021\/06\/01-DANIELE-GASPARRI-.jpg\",\"keywords\":[\"astronom\u00eda\",\"Atacama\",\"Daniele Gasparri\"],\"articleSection\":[\"Lugar 6\"],\"inLanguage\":\"es-CL\",\"potentialAction\":[{\"@type\":\"CommentAction\",\"name\":\"Comment\",\"target\":[\"https:\/\/dev.explora.cl\/atacama\/astronomo-italiano-que-se-vino-a-vivir-a-atacama-por-sus-cielos-dio-inicio-a-ciclo-de-charlas-ciencia-abierta\/#respond\"]}]},{\"@type\":\"WebPage\",\"@id\":\"https:\/\/dev.explora.cl\/atacama\/astronomo-italiano-que-se-vino-a-vivir-a-atacama-por-sus-cielos-dio-inicio-a-ciclo-de-charlas-ciencia-abierta\/\",\"url\":\"https:\/\/dev.explora.cl\/atacama\/astronomo-italiano-que-se-vino-a-vivir-a-atacama-por-sus-cielos-dio-inicio-a-ciclo-de-charlas-ciencia-abierta\/\",\"name\":\"Astr\u00f3nomo italiano que se vino a vivir a Atacama por sus cielos, dio inicio a ciclo de charlas Ciencia Abierta - Atacama\",\"isPartOf\":{\"@id\":\"https:\/\/dev.explora.cl\/atacama\/#website\"},\"primaryImageOfPage\":{\"@id\":\"https:\/\/dev.explora.cl\/atacama\/astronomo-italiano-que-se-vino-a-vivir-a-atacama-por-sus-cielos-dio-inicio-a-ciclo-de-charlas-ciencia-abierta\/#primaryimage\"},\"image\":{\"@id\":\"https:\/\/dev.explora.cl\/atacama\/astronomo-italiano-que-se-vino-a-vivir-a-atacama-por-sus-cielos-dio-inicio-a-ciclo-de-charlas-ciencia-abierta\/#primaryimage\"},\"thumbnailUrl\":\"https:\/\/dev.explora.cl\/atacama\/wp-content\/uploads\/sites\/5\/2021\/06\/01-DANIELE-GASPARRI-.jpg\",\"datePublished\":\"2021-06-22T17:02:06+00:00\",\"dateModified\":\"2021-06-22T21:16:38+00:00\",\"author\":{\"@id\":\"https:\/\/dev.explora.cl\/atacama\/#\/schema\/person\/1e89437dfd0db398617a5057c75b8bf3\"},\"breadcrumb\":{\"@id\":\"https:\/\/dev.explora.cl\/atacama\/astronomo-italiano-que-se-vino-a-vivir-a-atacama-por-sus-cielos-dio-inicio-a-ciclo-de-charlas-ciencia-abierta\/#breadcrumb\"},\"inLanguage\":\"es-CL\",\"potentialAction\":[{\"@type\":\"ReadAction\",\"target\":[\"https:\/\/dev.explora.cl\/atacama\/astronomo-italiano-que-se-vino-a-vivir-a-atacama-por-sus-cielos-dio-inicio-a-ciclo-de-charlas-ciencia-abierta\/\"]}]},{\"@type\":\"ImageObject\",\"inLanguage\":\"es-CL\",\"@id\":\"https:\/\/dev.explora.cl\/atacama\/astronomo-italiano-que-se-vino-a-vivir-a-atacama-por-sus-cielos-dio-inicio-a-ciclo-de-charlas-ciencia-abierta\/#primaryimage\",\"url\":\"https:\/\/dev.explora.cl\/atacama\/wp-content\/uploads\/sites\/5\/2021\/06\/01-DANIELE-GASPARRI-.jpg\",\"contentUrl\":\"https:\/\/dev.explora.cl\/atacama\/wp-content\/uploads\/sites\/5\/2021\/06\/01-DANIELE-GASPARRI-.jpg\",\"width\":4096,\"height\":2304},{\"@type\":\"BreadcrumbList\",\"@id\":\"https:\/\/dev.explora.cl\/atacama\/astronomo-italiano-que-se-vino-a-vivir-a-atacama-por-sus-cielos-dio-inicio-a-ciclo-de-charlas-ciencia-abierta\/#breadcrumb\",\"itemListElement\":[{\"@type\":\"ListItem\",\"position\":1,\"name\":\"Portada\",\"item\":\"https:\/\/dev.explora.cl\/atacama\/\"},{\"@type\":\"ListItem\",\"position\":2,\"name\":\"Astr\u00f3nomo italiano que se vino a vivir a Atacama por sus cielos, dio inicio a ciclo de charlas Ciencia Abierta\"}]},{\"@type\":\"WebSite\",\"@id\":\"https:\/\/dev.explora.cl\/atacama\/#website\",\"url\":\"https:\/\/dev.explora.cl\/atacama\/\",\"name\":\"Atacama\",\"description\":\"Otro sitio m\u00e1s de dev.explora.cl\",\"potentialAction\":[{\"@type\":\"SearchAction\",\"target\":{\"@type\":\"EntryPoint\",\"urlTemplate\":\"https:\/\/dev.explora.cl\/atacama\/?s={search_term_string}\"},\"query-input\":{\"@type\":\"PropertyValueSpecification\",\"valueRequired\":true,\"valueName\":\"search_term_string\"}}],\"inLanguage\":\"es-CL\"},{\"@type\":\"Person\",\"@id\":\"https:\/\/dev.explora.cl\/atacama\/#\/schema\/person\/1e89437dfd0db398617a5057c75b8bf3\",\"name\":\"ExploraAtacama\",\"image\":{\"@type\":\"ImageObject\",\"inLanguage\":\"es-CL\",\"@id\":\"https:\/\/dev.explora.cl\/atacama\/#\/schema\/person\/image\/\",\"url\":\"https:\/\/secure.gravatar.com\/avatar\/2e2fd819b7985a746e8ea39b36909cf1a17dc034046e230e83eb1534d0a52b24?s=96&d=mm&r=g\",\"contentUrl\":\"https:\/\/secure.gravatar.com\/avatar\/2e2fd819b7985a746e8ea39b36909cf1a17dc034046e230e83eb1534d0a52b24?s=96&d=mm&r=g\",\"caption\":\"ExploraAtacama\"},\"url\":\"https:\/\/dev.explora.cl\/atacama\/author\/dortiz\/\"}]}<\/script>\n<!-- \/ Yoast SEO plugin. -->","yoast_head_json":{"title":"Astr\u00f3nomo italiano que se vino a vivir a Atacama por sus cielos, dio inicio a ciclo de charlas Ciencia Abierta - Atacama","robots":{"index":"index","follow":"follow","max-snippet":"max-snippet:-1","max-image-preview":"max-image-preview:large","max-video-preview":"max-video-preview:-1"},"canonical":"https:\/\/dev.explora.cl\/atacama\/astronomo-italiano-que-se-vino-a-vivir-a-atacama-por-sus-cielos-dio-inicio-a-ciclo-de-charlas-ciencia-abierta\/","og_locale":"es_ES","og_type":"article","og_title":"Astr\u00f3nomo italiano que se vino a vivir a Atacama por sus cielos, dio inicio a ciclo de charlas Ciencia Abierta - Atacama","og_description":"El Proyecto Explora Atacama dio inicio a su ciclo Ciencia Abierta 2021, con una charla a cargo del astr\u00f3nomo Daniele Gasparri, un cient\u00edfico que se vino a vivir a nuestra regi\u00f3n para capturar y difundir los cielos nocturnos de Atacama. La charla puede ser revisitada en el canal de YouTube PAR Explora Atacama y abord\u00f3 el tema de porqu\u00e9 son tan buenas las noches atacame\u00f1as para la observaci\u00f3n astron\u00f3mica.","og_url":"https:\/\/dev.explora.cl\/atacama\/astronomo-italiano-que-se-vino-a-vivir-a-atacama-por-sus-cielos-dio-inicio-a-ciclo-de-charlas-ciencia-abierta\/","og_site_name":"Atacama","article_published_time":"2021-06-22T17:02:06+00:00","article_modified_time":"2021-06-22T21:16:38+00:00","og_image":[{"width":4096,"height":2304,"url":"https:\/\/dev.explora.cl\/atacama\/wp-content\/uploads\/sites\/5\/2021\/06\/01-DANIELE-GASPARRI-.jpg","type":"image\/jpeg"}],"author":"ExploraAtacama","twitter_card":"summary_large_image","twitter_misc":{"Escrito por":"ExploraAtacama","Tiempo estimado de lectura":"3 minutos"},"schema":{"@context":"https:\/\/schema.org","@graph":[{"@type":"Article","@id":"https:\/\/dev.explora.cl\/atacama\/astronomo-italiano-que-se-vino-a-vivir-a-atacama-por-sus-cielos-dio-inicio-a-ciclo-de-charlas-ciencia-abierta\/#article","isPartOf":{"@id":"https:\/\/dev.explora.cl\/atacama\/astronomo-italiano-que-se-vino-a-vivir-a-atacama-por-sus-cielos-dio-inicio-a-ciclo-de-charlas-ciencia-abierta\/"},"author":{"name":"ExploraAtacama","@id":"https:\/\/dev.explora.cl\/atacama\/#\/schema\/person\/1e89437dfd0db398617a5057c75b8bf3"},"headline":"Astr\u00f3nomo italiano que se vino a vivir a Atacama por sus cielos, dio inicio a ciclo de charlas Ciencia Abierta","datePublished":"2021-06-22T17:02:06+00:00","dateModified":"2021-06-22T21:16:38+00:00","mainEntityOfPage":{"@id":"https:\/\/dev.explora.cl\/atacama\/astronomo-italiano-que-se-vino-a-vivir-a-atacama-por-sus-cielos-dio-inicio-a-ciclo-de-charlas-ciencia-abierta\/"},"wordCount":562,"commentCount":0,"image":{"@id":"https:\/\/dev.explora.cl\/atacama\/astronomo-italiano-que-se-vino-a-vivir-a-atacama-por-sus-cielos-dio-inicio-a-ciclo-de-charlas-ciencia-abierta\/#primaryimage"},"thumbnailUrl":"https:\/\/dev.explora.cl\/atacama\/wp-content\/uploads\/sites\/5\/2021\/06\/01-DANIELE-GASPARRI-.jpg","keywords":["astronom\u00eda","Atacama","Daniele Gasparri"],"articleSection":["Lugar 6"],"inLanguage":"es-CL","potentialAction":[{"@type":"CommentAction","name":"Comment","target":["https:\/\/dev.explora.cl\/atacama\/astronomo-italiano-que-se-vino-a-vivir-a-atacama-por-sus-cielos-dio-inicio-a-ciclo-de-charlas-ciencia-abierta\/#respond"]}]},{"@type":"WebPage","@id":"https:\/\/dev.explora.cl\/atacama\/astronomo-italiano-que-se-vino-a-vivir-a-atacama-por-sus-cielos-dio-inicio-a-ciclo-de-charlas-ciencia-abierta\/","url":"https:\/\/dev.explora.cl\/atacama\/astronomo-italiano-que-se-vino-a-vivir-a-atacama-por-sus-cielos-dio-inicio-a-ciclo-de-charlas-ciencia-abierta\/","name":"Astr\u00f3nomo italiano que se vino a vivir a Atacama por sus cielos, dio inicio a ciclo de charlas Ciencia Abierta - Atacama","isPartOf":{"@id":"https:\/\/dev.explora.cl\/atacama\/#website"},"primaryImageOfPage":{"@id":"https:\/\/dev.explora.cl\/atacama\/astronomo-italiano-que-se-vino-a-vivir-a-atacama-por-sus-cielos-dio-inicio-a-ciclo-de-charlas-ciencia-abierta\/#primaryimage"},"image":{"@id":"https:\/\/dev.explora.cl\/atacama\/astronomo-italiano-que-se-vino-a-vivir-a-atacama-por-sus-cielos-dio-inicio-a-ciclo-de-charlas-ciencia-abierta\/#primaryimage"},"thumbnailUrl":"https:\/\/dev.explora.cl\/atacama\/wp-content\/uploads\/sites\/5\/2021\/06\/01-DANIELE-GASPARRI-.jpg","datePublished":"2021-06-22T17:02:06+00:00","dateModified":"2021-06-22T21:16:38+00:00","author":{"@id":"https:\/\/dev.explora.cl\/atacama\/#\/schema\/person\/1e89437dfd0db398617a5057c75b8bf3"},"breadcrumb":{"@id":"https:\/\/dev.explora.cl\/atacama\/astronomo-italiano-que-se-vino-a-vivir-a-atacama-por-sus-cielos-dio-inicio-a-ciclo-de-charlas-ciencia-abierta\/#breadcrumb"},"inLanguage":"es-CL","potentialAction":[{"@type":"ReadAction","target":["https:\/\/dev.explora.cl\/atacama\/astronomo-italiano-que-se-vino-a-vivir-a-atacama-por-sus-cielos-dio-inicio-a-ciclo-de-charlas-ciencia-abierta\/"]}]},{"@type":"ImageObject","inLanguage":"es-CL","@id":"https:\/\/dev.explora.cl\/atacama\/astronomo-italiano-que-se-vino-a-vivir-a-atacama-por-sus-cielos-dio-inicio-a-ciclo-de-charlas-ciencia-abierta\/#primaryimage","url":"https:\/\/dev.explora.cl\/atacama\/wp-content\/uploads\/sites\/5\/2021\/06\/01-DANIELE-GASPARRI-.jpg","contentUrl":"https:\/\/dev.explora.cl\/atacama\/wp-content\/uploads\/sites\/5\/2021\/06\/01-DANIELE-GASPARRI-.jpg","width":4096,"height":2304},{"@type":"BreadcrumbList","@id":"https:\/\/dev.explora.cl\/atacama\/astronomo-italiano-que-se-vino-a-vivir-a-atacama-por-sus-cielos-dio-inicio-a-ciclo-de-charlas-ciencia-abierta\/#breadcrumb","itemListElement":[{"@type":"ListItem","position":1,"name":"Portada","item":"https:\/\/dev.explora.cl\/atacama\/"},{"@type":"ListItem","position":2,"name":"Astr\u00f3nomo italiano que se vino a vivir a Atacama por sus cielos, dio inicio a ciclo de charlas Ciencia Abierta"}]},{"@type":"WebSite","@id":"https:\/\/dev.explora.cl\/atacama\/#website","url":"https:\/\/dev.explora.cl\/atacama\/","name":"Atacama","description":"Otro sitio m\u00e1s de dev.explora.cl","potentialAction":[{"@type":"SearchAction","target":{"@type":"EntryPoint","urlTemplate":"https:\/\/dev.explora.cl\/atacama\/?s={search_term_string}"},"query-input":{"@type":"PropertyValueSpecification","valueRequired":true,"valueName":"search_term_string"}}],"inLanguage":"es-CL"},{"@type":"Person","@id":"https:\/\/dev.explora.cl\/atacama\/#\/schema\/person\/1e89437dfd0db398617a5057c75b8bf3","name":"ExploraAtacama","image":{"@type":"ImageObject","inLanguage":"es-CL","@id":"https:\/\/dev.explora.cl\/atacama\/#\/schema\/person\/image\/","url":"https:\/\/secure.gravatar.com\/avatar\/2e2fd819b7985a746e8ea39b36909cf1a17dc034046e230e83eb1534d0a52b24?s=96&d=mm&r=g","contentUrl":"https:\/\/secure.gravatar.com\/avatar\/2e2fd819b7985a746e8ea39b36909cf1a17dc034046e230e83eb1534d0a52b24?s=96&d=mm&r=g","caption":"ExploraAtacama"},"url":"https:\/\/dev.explora.cl\/atacama\/author\/dortiz\/"}]}},"_links":{"self":[{"href":"https:\/\/dev.explora.cl\/atacama\/wp-json\/wp\/v2\/posts\/39401","targetHints":{"allow":["GET"]}}],"collection":[{"href":"https:\/\/dev.explora.cl\/atacama\/wp-json\/wp\/v2\/posts"}],"about":[{"href":"https:\/\/dev.explora.cl\/atacama\/wp-json\/wp\/v2\/types\/post"}],"author":[{"embeddable":true,"href":"https:\/\/dev.explora.cl\/atacama\/wp-json\/wp\/v2\/users\/20"}],"replies":[{"embeddable":true,"href":"https:\/\/dev.explora.cl\/atacama\/wp-json\/wp\/v2\/comments?post=39401"}],"version-history":[{"count":1,"href":"https:\/\/dev.explora.cl\/atacama\/wp-json\/wp\/v2\/posts\/39401\/revisions"}],"predecessor-version":[{"id":39402,"href":"https:\/\/dev.explora.cl\/atacama\/wp-json\/wp\/v2\/posts\/39401\/revisions\/39402"}],"wp:featuredmedia":[{"embeddable":true,"href":"https:\/\/dev.explora.cl\/atacama\/wp-json\/wp\/v2\/media\/39403"}],"wp:attachment":[{"href":"https:\/\/dev.explora.cl\/atacama\/wp-json\/wp\/v2\/media?parent=39401"}],"wp:term":[{"taxonomy":"category","embeddable":true,"href":"https:\/\/dev.explora.cl\/atacama\/wp-json\/wp\/v2\/categories?post=39401"},{"taxonomy":"post_tag","embeddable":true,"href":"https:\/\/dev.explora.cl\/atacama\/wp-json\/wp\/v2\/tags?post=39401"}],"curies":[{"name":"wp","href":"https:\/\/api.w.org\/{rel}","templated":true}]}}