{"id":39282,"date":"2021-03-18T14:25:55","date_gmt":"2021-03-18T17:25:55","guid":{"rendered":"https:\/\/dev.explora.cl\/atacama\/?p=39282"},"modified":"2021-09-13T17:27:49","modified_gmt":"2021-09-13T20:27:49","slug":"explora-atacama-prepara-una-semana-de-divulgacion-astronomica-con-charlas-y-talleres","status":"publish","type":"post","link":"https:\/\/dev.explora.cl\/atacama\/explora-atacama-prepara-una-semana-de-divulgacion-astronomica-con-charlas-y-talleres\/","title":{"rendered":"EXPLORA Atacama prepara una semana de divulgaci\u00f3n astron\u00f3mica con charlas y talleres"},"content":{"rendered":"<p><span style=\"color: #008000\"><b>El Proyecto Explora Atacama afina los \u00faltimos detalles de una semana llena de charlas y talleres donde se pondr\u00e1 en valor una de las principales disciplinas cient\u00edficas desarrolladas en el pa\u00eds. Cuatro d\u00edas de actividades a las que se podr\u00e1 acceder de manera online y que son absolutamente gratuitas.<span class=\"Apple-converted-space\">\u00a0<\/span><\/b><\/span><\/p>\n<p>Cada mes de marzo en todo Chile se celebra el D\u00eda de la Astronom\u00eda, donde se pone de relieve esta ciencia que en nuestro pa\u00eds tiene un importante grado de desarrollo, convirtiendo al desierto de Atacama en los ojos del mundo hacia el universo. Por ello el Ministerio de Ciencias, Tecnolog\u00eda, Conocimiento e Innovaci\u00f3n impulsa en todo el pa\u00eds actividades que vinculen a la ciudadan\u00eda con esta \u00e1rea del conocimiento.<\/p>\n<p>En nuestra regi\u00f3n el Proyecto Explora Atacama de la Universidad de Atacama, ya ha preparado una serie de actividades que se inician el lunes 22 con una charla destinada a ni\u00f1as y ni\u00f1os a cargo de la astr\u00f3noma Francisca Contreras, divulgadora cient\u00edfica que puedes conocer en su <i>instagram<\/i> @fran.astronoma, cuenta donde genera contenidos acerca la astron\u00e1utica y la astrof\u00edsica a la comunidad.<span class=\"Apple-converted-space\">\u00a0<\/span><\/p>\n<p>El d\u00eda martes las actividades contin\u00faan con el divulgador copiapino Carlos Araya del canal de YouTube Desierto C\u00f3smico, quien entregar\u00e1 un taller de astrofograf\u00eda para ni\u00f1as y ni\u00f1os. El taller de libre acceso permitir\u00e1 tener las nociones elementales que necesitas para elaborar fotos nocturnas y fotograf\u00edas de campo profundo, con objetos que est\u00e1n lejos en el universo. El mi\u00e9rcoles de 19:00 a las 20:00 horas el taller se repetir\u00e1 pero enfocado a adultos tambi\u00e9n, con el destacado divulgador astron\u00f3mico perteneciente a la Agrupaci\u00f3n Astron\u00f3mica Ori\u00f3n. <span class=\"Apple-converted-space\">\u00a0<\/span><\/p>\n<p>Ya para el cierre, el astrof\u00edsico mexicano Dr. Alejandro M\u00e1rquez de la Universidad de Guadalajara entregar\u00e1 la charla abierta a todo p\u00fablico llamada \u201cBuscando a ET\u201d, dedicada a la b\u00fasqueda de vida extraterrestre y los avances cient\u00edficos en ese sentido. La astrobiolog\u00eda es uno de los temas m\u00e1s fascinantes en el actual estudio del universo.<span class=\"Apple-converted-space\">\u00a0<\/span><\/p>\n<p>Respecto de este evento el director del Proyecto Explora Atacama de la UDA invit\u00f3 a la comunidad a sumarse a estas actividades, se\u00f1alando que \u201c estamos muy contentos de invitar a la comunidad a sumarse a estas actividades que tenemos preparadas en formato online a fin de llegar a todo Atacama. La astronom\u00eda es una ciencia que tiene un gran desarrollo en nuestros pa\u00eds, gracias al patrimonio de los cielos limpios que tiene el Desierto de Atacama. Este tesoro debe ser valorado por la comunidad y es por ello que seguimos trabajando en llevar contenidos cient\u00edficos a la ciudadan\u00eda\u201d.<span class=\"Apple-converted-space\">\u00a0<\/span><\/p>\n<p>Para conocer el detalle de las actividades puede seguir las redes del Proyecto Explora Atacama o visitar el sitio web <a href=\"http:\/\/www.diadelastronomia.cl\">www.diadelastronomia.cl<\/a> en que se destacan tambi\u00e9n todas las actividades realizadas a lo largo del pa\u00eds por el Ministerio de Ciencia, Tecnolog\u00eda, Conocimiento e Innovaci\u00f3n.<span class=\"Apple-converted-space\">\u00a0<\/span><\/p>\n<p><img loading=\"lazy\" decoding=\"async\" class=\"aligncenter size-full wp-image-39285\" src=\"https:\/\/dev.explora.cl\/atacama\/wp-content\/uploads\/sites\/5\/2021\/03\/Mesa-de-trabajo-6.png\" alt=\"\" width=\"1000\" height=\"1000\" srcset=\"https:\/\/dev.explora.cl\/atacama\/wp-content\/uploads\/sites\/5\/2021\/03\/Mesa-de-trabajo-6.png 1000w, https:\/\/dev.explora.cl\/atacama\/wp-content\/uploads\/sites\/5\/2021\/03\/Mesa-de-trabajo-6-150x150.png 150w, https:\/\/dev.explora.cl\/atacama\/wp-content\/uploads\/sites\/5\/2021\/03\/Mesa-de-trabajo-6-300x300.png 300w, https:\/\/dev.explora.cl\/atacama\/wp-content\/uploads\/sites\/5\/2021\/03\/Mesa-de-trabajo-6-768x768.png 768w, https:\/\/dev.explora.cl\/atacama\/wp-content\/uploads\/sites\/5\/2021\/03\/Mesa-de-trabajo-6-60x60.png 60w\" sizes=\"auto, (max-width: 1000px) 100vw, 1000px\" \/><\/p>\n","protected":false},"excerpt":{"rendered":"<p>El Proyecto Explora Atacama afina los \u00faltimos detalles de una semana llena de charlas y talleres donde se pondr\u00e1 en valor una de las principales disciplinas cient\u00edficas desarrolladas en el pa\u00eds. Cuatro d\u00edas de actividades a las que se podr\u00e1 acceder de manera online y que son absolutamente gratuitas.\u00a0<\/p>\n","protected":false},"author":20,"featured_media":39283,"comment_status":"open","ping_status":"open","sticky":false,"template":"","format":"standard","meta":{"_acf_changed":false,"_exactmetrics_skip_tracking":false,"_exactmetrics_sitenote_active":false,"_exactmetrics_sitenote_note":"","_exactmetrics_sitenote_category":0,"footnotes":"","_links_to":"","_links_to_target":""},"categories":[4],"tags":[],"class_list":["post-39282","post","type-post","status-publish","format-standard","has-post-thumbnail","hentry","category-noticias"],"acf":[],"yoast_head":"<!-- This site is optimized with the Yoast SEO plugin v26.7 - https:\/\/yoast.com\/wordpress\/plugins\/seo\/ -->\n<title>EXPLORA Atacama prepara una semana de divulgaci\u00f3n astron\u00f3mica con charlas y talleres - Atacama<\/title>\n<meta name=\"robots\" content=\"index, follow, max-snippet:-1, max-image-preview:large, max-video-preview:-1\" \/>\n<link rel=\"canonical\" href=\"https:\/\/dev.explora.cl\/atacama\/explora-atacama-prepara-una-semana-de-divulgacion-astronomica-con-charlas-y-talleres\/\" class=\"yoast-seo-meta-tag\" \/>\n<meta property=\"og:locale\" content=\"es_ES\" class=\"yoast-seo-meta-tag\" \/>\n<meta property=\"og:type\" content=\"article\" class=\"yoast-seo-meta-tag\" \/>\n<meta property=\"og:title\" content=\"EXPLORA Atacama prepara una semana de divulgaci\u00f3n astron\u00f3mica con charlas y talleres - Atacama\" class=\"yoast-seo-meta-tag\" \/>\n<meta property=\"og:description\" content=\"El Proyecto Explora Atacama afina los \u00faltimos detalles de una semana llena de charlas y talleres donde se pondr\u00e1 en valor una de las principales disciplinas cient\u00edficas desarrolladas en el pa\u00eds. Cuatro d\u00edas de actividades a las que se podr\u00e1 acceder de manera online y que son absolutamente gratuitas.\u00a0\" class=\"yoast-seo-meta-tag\" \/>\n<meta property=\"og:url\" content=\"https:\/\/dev.explora.cl\/atacama\/explora-atacama-prepara-una-semana-de-divulgacion-astronomica-con-charlas-y-talleres\/\" class=\"yoast-seo-meta-tag\" \/>\n<meta property=\"og:site_name\" content=\"Atacama\" class=\"yoast-seo-meta-tag\" \/>\n<meta property=\"article:published_time\" content=\"2021-03-18T17:25:55+00:00\" class=\"yoast-seo-meta-tag\" \/>\n<meta property=\"article:modified_time\" content=\"2021-09-13T20:27:49+00:00\" class=\"yoast-seo-meta-tag\" \/>\n<meta property=\"og:image\" content=\"https:\/\/dev.explora.cl\/atacama\/wp-content\/uploads\/sites\/5\/2021\/03\/Mesa-de-trabajo-7.png\" class=\"yoast-seo-meta-tag\" \/>\n\t<meta property=\"og:image:width\" content=\"800\" class=\"yoast-seo-meta-tag\" \/>\n\t<meta property=\"og:image:height\" content=\"200\" class=\"yoast-seo-meta-tag\" \/>\n\t<meta property=\"og:image:type\" content=\"image\/png\" class=\"yoast-seo-meta-tag\" \/>\n<meta name=\"author\" content=\"ExploraAtacama\" class=\"yoast-seo-meta-tag\" \/>\n<meta name=\"twitter:card\" content=\"summary_large_image\" class=\"yoast-seo-meta-tag\" \/>\n<meta name=\"twitter:label1\" content=\"Escrito por\" class=\"yoast-seo-meta-tag\" \/>\n\t<meta name=\"twitter:data1\" content=\"ExploraAtacama\" class=\"yoast-seo-meta-tag\" \/>\n\t<meta name=\"twitter:label2\" content=\"Tiempo estimado de lectura\" class=\"yoast-seo-meta-tag\" \/>\n\t<meta name=\"twitter:data2\" content=\"3 minutos\" class=\"yoast-seo-meta-tag\" \/>\n<script type=\"application\/ld+json\" class=\"yoast-schema-graph\">{\"@context\":\"https:\/\/schema.org\",\"@graph\":[{\"@type\":\"Article\",\"@id\":\"https:\/\/dev.explora.cl\/atacama\/explora-atacama-prepara-una-semana-de-divulgacion-astronomica-con-charlas-y-talleres\/#article\",\"isPartOf\":{\"@id\":\"https:\/\/dev.explora.cl\/atacama\/explora-atacama-prepara-una-semana-de-divulgacion-astronomica-con-charlas-y-talleres\/\"},\"author\":{\"name\":\"ExploraAtacama\",\"@id\":\"https:\/\/dev.explora.cl\/atacama\/#\/schema\/person\/1e89437dfd0db398617a5057c75b8bf3\"},\"headline\":\"EXPLORA Atacama prepara una semana de divulgaci\u00f3n astron\u00f3mica con charlas y talleres\",\"datePublished\":\"2021-03-18T17:25:55+00:00\",\"dateModified\":\"2021-09-13T20:27:49+00:00\",\"mainEntityOfPage\":{\"@id\":\"https:\/\/dev.explora.cl\/atacama\/explora-atacama-prepara-una-semana-de-divulgacion-astronomica-con-charlas-y-talleres\/\"},\"wordCount\":524,\"commentCount\":0,\"image\":{\"@id\":\"https:\/\/dev.explora.cl\/atacama\/explora-atacama-prepara-una-semana-de-divulgacion-astronomica-con-charlas-y-talleres\/#primaryimage\"},\"thumbnailUrl\":\"https:\/\/dev.explora.cl\/atacama\/wp-content\/uploads\/sites\/5\/2021\/03\/Mesa-de-trabajo-7.png\",\"articleSection\":[\"Noticias\"],\"inLanguage\":\"es-CL\",\"potentialAction\":[{\"@type\":\"CommentAction\",\"name\":\"Comment\",\"target\":[\"https:\/\/dev.explora.cl\/atacama\/explora-atacama-prepara-una-semana-de-divulgacion-astronomica-con-charlas-y-talleres\/#respond\"]}]},{\"@type\":\"WebPage\",\"@id\":\"https:\/\/dev.explora.cl\/atacama\/explora-atacama-prepara-una-semana-de-divulgacion-astronomica-con-charlas-y-talleres\/\",\"url\":\"https:\/\/dev.explora.cl\/atacama\/explora-atacama-prepara-una-semana-de-divulgacion-astronomica-con-charlas-y-talleres\/\",\"name\":\"EXPLORA Atacama prepara una semana de divulgaci\u00f3n astron\u00f3mica con charlas y talleres - Atacama\",\"isPartOf\":{\"@id\":\"https:\/\/dev.explora.cl\/atacama\/#website\"},\"primaryImageOfPage\":{\"@id\":\"https:\/\/dev.explora.cl\/atacama\/explora-atacama-prepara-una-semana-de-divulgacion-astronomica-con-charlas-y-talleres\/#primaryimage\"},\"image\":{\"@id\":\"https:\/\/dev.explora.cl\/atacama\/explora-atacama-prepara-una-semana-de-divulgacion-astronomica-con-charlas-y-talleres\/#primaryimage\"},\"thumbnailUrl\":\"https:\/\/dev.explora.cl\/atacama\/wp-content\/uploads\/sites\/5\/2021\/03\/Mesa-de-trabajo-7.png\",\"datePublished\":\"2021-03-18T17:25:55+00:00\",\"dateModified\":\"2021-09-13T20:27:49+00:00\",\"author\":{\"@id\":\"https:\/\/dev.explora.cl\/atacama\/#\/schema\/person\/1e89437dfd0db398617a5057c75b8bf3\"},\"breadcrumb\":{\"@id\":\"https:\/\/dev.explora.cl\/atacama\/explora-atacama-prepara-una-semana-de-divulgacion-astronomica-con-charlas-y-talleres\/#breadcrumb\"},\"inLanguage\":\"es-CL\",\"potentialAction\":[{\"@type\":\"ReadAction\",\"target\":[\"https:\/\/dev.explora.cl\/atacama\/explora-atacama-prepara-una-semana-de-divulgacion-astronomica-con-charlas-y-talleres\/\"]}]},{\"@type\":\"ImageObject\",\"inLanguage\":\"es-CL\",\"@id\":\"https:\/\/dev.explora.cl\/atacama\/explora-atacama-prepara-una-semana-de-divulgacion-astronomica-con-charlas-y-talleres\/#primaryimage\",\"url\":\"https:\/\/dev.explora.cl\/atacama\/wp-content\/uploads\/sites\/5\/2021\/03\/Mesa-de-trabajo-7.png\",\"contentUrl\":\"https:\/\/dev.explora.cl\/atacama\/wp-content\/uploads\/sites\/5\/2021\/03\/Mesa-de-trabajo-7.png\",\"width\":800,\"height\":200},{\"@type\":\"BreadcrumbList\",\"@id\":\"https:\/\/dev.explora.cl\/atacama\/explora-atacama-prepara-una-semana-de-divulgacion-astronomica-con-charlas-y-talleres\/#breadcrumb\",\"itemListElement\":[{\"@type\":\"ListItem\",\"position\":1,\"name\":\"Portada\",\"item\":\"https:\/\/dev.explora.cl\/atacama\/\"},{\"@type\":\"ListItem\",\"position\":2,\"name\":\"EXPLORA Atacama prepara una semana de divulgaci\u00f3n astron\u00f3mica con charlas y talleres\"}]},{\"@type\":\"WebSite\",\"@id\":\"https:\/\/dev.explora.cl\/atacama\/#website\",\"url\":\"https:\/\/dev.explora.cl\/atacama\/\",\"name\":\"Atacama\",\"description\":\"Otro sitio m\u00e1s de dev.explora.cl\",\"potentialAction\":[{\"@type\":\"SearchAction\",\"target\":{\"@type\":\"EntryPoint\",\"urlTemplate\":\"https:\/\/dev.explora.cl\/atacama\/?s={search_term_string}\"},\"query-input\":{\"@type\":\"PropertyValueSpecification\",\"valueRequired\":true,\"valueName\":\"search_term_string\"}}],\"inLanguage\":\"es-CL\"},{\"@type\":\"Person\",\"@id\":\"https:\/\/dev.explora.cl\/atacama\/#\/schema\/person\/1e89437dfd0db398617a5057c75b8bf3\",\"name\":\"ExploraAtacama\",\"image\":{\"@type\":\"ImageObject\",\"inLanguage\":\"es-CL\",\"@id\":\"https:\/\/dev.explora.cl\/atacama\/#\/schema\/person\/image\/\",\"url\":\"https:\/\/secure.gravatar.com\/avatar\/2e2fd819b7985a746e8ea39b36909cf1a17dc034046e230e83eb1534d0a52b24?s=96&d=mm&r=g\",\"contentUrl\":\"https:\/\/secure.gravatar.com\/avatar\/2e2fd819b7985a746e8ea39b36909cf1a17dc034046e230e83eb1534d0a52b24?s=96&d=mm&r=g\",\"caption\":\"ExploraAtacama\"},\"url\":\"https:\/\/dev.explora.cl\/atacama\/author\/dortiz\/\"}]}<\/script>\n<!-- \/ Yoast SEO plugin. -->","yoast_head_json":{"title":"EXPLORA Atacama prepara una semana de divulgaci\u00f3n astron\u00f3mica con charlas y talleres - Atacama","robots":{"index":"index","follow":"follow","max-snippet":"max-snippet:-1","max-image-preview":"max-image-preview:large","max-video-preview":"max-video-preview:-1"},"canonical":"https:\/\/dev.explora.cl\/atacama\/explora-atacama-prepara-una-semana-de-divulgacion-astronomica-con-charlas-y-talleres\/","og_locale":"es_ES","og_type":"article","og_title":"EXPLORA Atacama prepara una semana de divulgaci\u00f3n astron\u00f3mica con charlas y talleres - Atacama","og_description":"El Proyecto Explora Atacama afina los \u00faltimos detalles de una semana llena de charlas y talleres donde se pondr\u00e1 en valor una de las principales disciplinas cient\u00edficas desarrolladas en el pa\u00eds. Cuatro d\u00edas de actividades a las que se podr\u00e1 acceder de manera online y que son absolutamente gratuitas.\u00a0","og_url":"https:\/\/dev.explora.cl\/atacama\/explora-atacama-prepara-una-semana-de-divulgacion-astronomica-con-charlas-y-talleres\/","og_site_name":"Atacama","article_published_time":"2021-03-18T17:25:55+00:00","article_modified_time":"2021-09-13T20:27:49+00:00","og_image":[{"width":800,"height":200,"url":"https:\/\/dev.explora.cl\/atacama\/wp-content\/uploads\/sites\/5\/2021\/03\/Mesa-de-trabajo-7.png","type":"image\/png"}],"author":"ExploraAtacama","twitter_card":"summary_large_image","twitter_misc":{"Escrito por":"ExploraAtacama","Tiempo estimado de lectura":"3 minutos"},"schema":{"@context":"https:\/\/schema.org","@graph":[{"@type":"Article","@id":"https:\/\/dev.explora.cl\/atacama\/explora-atacama-prepara-una-semana-de-divulgacion-astronomica-con-charlas-y-talleres\/#article","isPartOf":{"@id":"https:\/\/dev.explora.cl\/atacama\/explora-atacama-prepara-una-semana-de-divulgacion-astronomica-con-charlas-y-talleres\/"},"author":{"name":"ExploraAtacama","@id":"https:\/\/dev.explora.cl\/atacama\/#\/schema\/person\/1e89437dfd0db398617a5057c75b8bf3"},"headline":"EXPLORA Atacama prepara una semana de divulgaci\u00f3n astron\u00f3mica con charlas y talleres","datePublished":"2021-03-18T17:25:55+00:00","dateModified":"2021-09-13T20:27:49+00:00","mainEntityOfPage":{"@id":"https:\/\/dev.explora.cl\/atacama\/explora-atacama-prepara-una-semana-de-divulgacion-astronomica-con-charlas-y-talleres\/"},"wordCount":524,"commentCount":0,"image":{"@id":"https:\/\/dev.explora.cl\/atacama\/explora-atacama-prepara-una-semana-de-divulgacion-astronomica-con-charlas-y-talleres\/#primaryimage"},"thumbnailUrl":"https:\/\/dev.explora.cl\/atacama\/wp-content\/uploads\/sites\/5\/2021\/03\/Mesa-de-trabajo-7.png","articleSection":["Noticias"],"inLanguage":"es-CL","potentialAction":[{"@type":"CommentAction","name":"Comment","target":["https:\/\/dev.explora.cl\/atacama\/explora-atacama-prepara-una-semana-de-divulgacion-astronomica-con-charlas-y-talleres\/#respond"]}]},{"@type":"WebPage","@id":"https:\/\/dev.explora.cl\/atacama\/explora-atacama-prepara-una-semana-de-divulgacion-astronomica-con-charlas-y-talleres\/","url":"https:\/\/dev.explora.cl\/atacama\/explora-atacama-prepara-una-semana-de-divulgacion-astronomica-con-charlas-y-talleres\/","name":"EXPLORA Atacama prepara una semana de divulgaci\u00f3n astron\u00f3mica con charlas y talleres - Atacama","isPartOf":{"@id":"https:\/\/dev.explora.cl\/atacama\/#website"},"primaryImageOfPage":{"@id":"https:\/\/dev.explora.cl\/atacama\/explora-atacama-prepara-una-semana-de-divulgacion-astronomica-con-charlas-y-talleres\/#primaryimage"},"image":{"@id":"https:\/\/dev.explora.cl\/atacama\/explora-atacama-prepara-una-semana-de-divulgacion-astronomica-con-charlas-y-talleres\/#primaryimage"},"thumbnailUrl":"https:\/\/dev.explora.cl\/atacama\/wp-content\/uploads\/sites\/5\/2021\/03\/Mesa-de-trabajo-7.png","datePublished":"2021-03-18T17:25:55+00:00","dateModified":"2021-09-13T20:27:49+00:00","author":{"@id":"https:\/\/dev.explora.cl\/atacama\/#\/schema\/person\/1e89437dfd0db398617a5057c75b8bf3"},"breadcrumb":{"@id":"https:\/\/dev.explora.cl\/atacama\/explora-atacama-prepara-una-semana-de-divulgacion-astronomica-con-charlas-y-talleres\/#breadcrumb"},"inLanguage":"es-CL","potentialAction":[{"@type":"ReadAction","target":["https:\/\/dev.explora.cl\/atacama\/explora-atacama-prepara-una-semana-de-divulgacion-astronomica-con-charlas-y-talleres\/"]}]},{"@type":"ImageObject","inLanguage":"es-CL","@id":"https:\/\/dev.explora.cl\/atacama\/explora-atacama-prepara-una-semana-de-divulgacion-astronomica-con-charlas-y-talleres\/#primaryimage","url":"https:\/\/dev.explora.cl\/atacama\/wp-content\/uploads\/sites\/5\/2021\/03\/Mesa-de-trabajo-7.png","contentUrl":"https:\/\/dev.explora.cl\/atacama\/wp-content\/uploads\/sites\/5\/2021\/03\/Mesa-de-trabajo-7.png","width":800,"height":200},{"@type":"BreadcrumbList","@id":"https:\/\/dev.explora.cl\/atacama\/explora-atacama-prepara-una-semana-de-divulgacion-astronomica-con-charlas-y-talleres\/#breadcrumb","itemListElement":[{"@type":"ListItem","position":1,"name":"Portada","item":"https:\/\/dev.explora.cl\/atacama\/"},{"@type":"ListItem","position":2,"name":"EXPLORA Atacama prepara una semana de divulgaci\u00f3n astron\u00f3mica con charlas y talleres"}]},{"@type":"WebSite","@id":"https:\/\/dev.explora.cl\/atacama\/#website","url":"https:\/\/dev.explora.cl\/atacama\/","name":"Atacama","description":"Otro sitio m\u00e1s de dev.explora.cl","potentialAction":[{"@type":"SearchAction","target":{"@type":"EntryPoint","urlTemplate":"https:\/\/dev.explora.cl\/atacama\/?s={search_term_string}"},"query-input":{"@type":"PropertyValueSpecification","valueRequired":true,"valueName":"search_term_string"}}],"inLanguage":"es-CL"},{"@type":"Person","@id":"https:\/\/dev.explora.cl\/atacama\/#\/schema\/person\/1e89437dfd0db398617a5057c75b8bf3","name":"ExploraAtacama","image":{"@type":"ImageObject","inLanguage":"es-CL","@id":"https:\/\/dev.explora.cl\/atacama\/#\/schema\/person\/image\/","url":"https:\/\/secure.gravatar.com\/avatar\/2e2fd819b7985a746e8ea39b36909cf1a17dc034046e230e83eb1534d0a52b24?s=96&d=mm&r=g","contentUrl":"https:\/\/secure.gravatar.com\/avatar\/2e2fd819b7985a746e8ea39b36909cf1a17dc034046e230e83eb1534d0a52b24?s=96&d=mm&r=g","caption":"ExploraAtacama"},"url":"https:\/\/dev.explora.cl\/atacama\/author\/dortiz\/"}]}},"_links":{"self":[{"href":"https:\/\/dev.explora.cl\/atacama\/wp-json\/wp\/v2\/posts\/39282","targetHints":{"allow":["GET"]}}],"collection":[{"href":"https:\/\/dev.explora.cl\/atacama\/wp-json\/wp\/v2\/posts"}],"about":[{"href":"https:\/\/dev.explora.cl\/atacama\/wp-json\/wp\/v2\/types\/post"}],"author":[{"embeddable":true,"href":"https:\/\/dev.explora.cl\/atacama\/wp-json\/wp\/v2\/users\/20"}],"replies":[{"embeddable":true,"href":"https:\/\/dev.explora.cl\/atacama\/wp-json\/wp\/v2\/comments?post=39282"}],"version-history":[{"count":2,"href":"https:\/\/dev.explora.cl\/atacama\/wp-json\/wp\/v2\/posts\/39282\/revisions"}],"predecessor-version":[{"id":39286,"href":"https:\/\/dev.explora.cl\/atacama\/wp-json\/wp\/v2\/posts\/39282\/revisions\/39286"}],"wp:featuredmedia":[{"embeddable":true,"href":"https:\/\/dev.explora.cl\/atacama\/wp-json\/wp\/v2\/media\/39283"}],"wp:attachment":[{"href":"https:\/\/dev.explora.cl\/atacama\/wp-json\/wp\/v2\/media?parent=39282"}],"wp:term":[{"taxonomy":"category","embeddable":true,"href":"https:\/\/dev.explora.cl\/atacama\/wp-json\/wp\/v2\/categories?post=39282"},{"taxonomy":"post_tag","embeddable":true,"href":"https:\/\/dev.explora.cl\/atacama\/wp-json\/wp\/v2\/tags?post=39282"}],"curies":[{"name":"wp","href":"https:\/\/api.w.org\/{rel}","templated":true}]}}