{"id":39088,"date":"2020-11-04T16:35:58","date_gmt":"2020-11-04T19:35:58","guid":{"rendered":"https:\/\/dev.explora.cl\/atacama\/?p=39088"},"modified":"2020-11-09T20:46:04","modified_gmt":"2020-11-09T23:46:04","slug":"el-festival-de-la-ciencia-se-exhibira-en-forma-virtual-con-talleres-y-conversatorios-de-libre-acceso-a-la-ciudadania","status":"publish","type":"post","link":"https:\/\/dev.explora.cl\/atacama\/el-festival-de-la-ciencia-se-exhibira-en-forma-virtual-con-talleres-y-conversatorios-de-libre-acceso-a-la-ciudadania\/","title":{"rendered":"El Festival de la Ciencia desarrollar\u00e1 talleres, c\u00e1psulas, charlas y conversatorios en formato online"},"content":{"rendered":"<p><span style=\"color: #008000\"><strong>Explora Atacama invita a toda la comunidad a sumarse al Festival de la Ciencia, una actividad que del 11 al 15 de noviembre llenar\u00e1 la web con contenidos cient\u00edficos. C\u00e1psulas, podcast, conversatorios, talleres online y charlas ser\u00e1n parte de las actividades que se desarrollar\u00e1n y que podr\u00e1s seguir por el canal de YouTube PAR Explora Atacama y el sitio web <\/strong><a style=\"color: #008000\" href=\"https:\/\/dev.explora.cl\/atacama\"><strong>dev.explora.cl\/atacama<\/strong><\/a><strong>. Las actividades son totalmente gratuitas y de libre acceso.<\/strong><\/span><\/p>\n<p>El pr\u00f3ximo mi\u00e9rcoles 11 de noviembre se inaugura el Festival de la Ciencia, una actividad del Ministerio de Ciencia, Tecnolog\u00eda, Conocimiento e Innovaci\u00f3n y que entregar\u00e1 virtualmente contenidos cient\u00edficos en la web y redes sociales a trav\u00e9s del trabajo que se est\u00e1 realizando en la regi\u00f3n y que el equipo del PAR Explora Atacama pone en relevancia, bajo el alero de la Universidad de Atacama.<\/p>\n<p>\u201c\u00a1Celebremos la Curiosidad!\u201d es el lema de este a\u00f1o y en redes sociales o <a href=\"https:\/\/dev.explora.cl\/atacama\">dev.explora.cl\/atacama<\/a>donde puedes encontrar mayor informaci\u00f3n acerca de la programaci\u00f3n, horarios, expositores, inscripci\u00f3n, requisitos. \u00a0Entre las actividades m\u00e1s destacadas est\u00e1n una serie de talleres a los cuales se puede acceder de manera totalmente gratuita previa inscripci\u00f3n en <a href=\"https:\/\/dev.explora.cl\/atacama\">dev.explora.cl\/atacama<\/a>y que pueden seguir por redes sociales.<\/p>\n<p>Cristi\u00e1n Galaz Esquivel, director del PAR Explora Atacama, invit\u00f3 a la comunidad a ser parte de esta actividad: \u201cQueremos invitar a todas y todos a sumarse a estas actividades preparadas por el equipo Explora Atacama y por nuestros asociados, donde hablaremos de distintas disciplinas cient\u00edficas de manera entretenida. Tendremos muchas actividades que apuntan a socializar el conocimiento, llevando de manera entretenida la ciencia a todo p\u00fablico hablando directamente con investigadoras e investigadores. Les esperamos en esta nueva edici\u00f3n del Festival de la Ciencia\u201d.<\/p>\n<p>Charlas, talleres, exhibici\u00f3n de documentales, c\u00e1psulas audiovisuales y podcast radiales que divulgan la ciencia preparados por el equipo Explora Atacama son de libre acceso para la ciudadan\u00eda.<\/p>\n<p>El lanzamiento del FECI 2020 es abordado en la regi\u00f3n de Atacama rescatando su valor patrimonial, historia y geograf\u00eda, riquezas minerales conservadas de mar a cordillera y la importancia de los ni\u00f1os, ni\u00f1as y adolescentes en la innovaci\u00f3n que imparten estos saberes.<\/p>\n<p><strong>Un trabajo colaborativo<\/strong><\/p>\n<p>Ser\u00e1n cinco d\u00edas donde participar\u00e1n investigadores e investigadoras de la UDA, el Museo Regional de Atacama, la Sociedad Astron\u00f3mica Ori\u00f3n con el observatorio educativo de Venado Norte, el Museo Mineral\u00f3gico de la Universidad de Atacama y el Museo Paleontol\u00f3gico de la Municipalidad de Caldera entre otras instituciones.<\/p>\n<p>Las c\u00e1psulas nos mostrar\u00e1n este observatorio enclavado en las alturas; los f\u00f3siles baados por el viento costero; las piezas resguardadas de meteoritos y minerales raros, adem\u00e1s de conocer la ciencia para conservar y clasificar estas piezas.<\/p>\n<p><img loading=\"lazy\" decoding=\"async\" class=\"aligncenter size-full wp-image-39015\" src=\"https:\/\/dev.explora.cl\/atacama\/wp-content\/uploads\/sites\/5\/2020\/11\/BANNERWEB.png\" alt=\"\" width=\"3063\" height=\"1751\" srcset=\"https:\/\/dev.explora.cl\/atacama\/wp-content\/uploads\/sites\/5\/2020\/11\/BANNERWEB.png 3063w, https:\/\/dev.explora.cl\/atacama\/wp-content\/uploads\/sites\/5\/2020\/11\/BANNERWEB-300x171.png 300w, https:\/\/dev.explora.cl\/atacama\/wp-content\/uploads\/sites\/5\/2020\/11\/BANNERWEB-768x439.png 768w, https:\/\/dev.explora.cl\/atacama\/wp-content\/uploads\/sites\/5\/2020\/11\/BANNERWEB-1024x585.png 1024w\" sizes=\"auto, (max-width: 3063px) 100vw, 3063px\" \/><\/p>\n","protected":false},"excerpt":{"rendered":"<p>Explora Atacama invita a toda la comunidad a sumarse al Festival de la Ciencia, una actividad que del 11 al 15 de noviembre llenar\u00e1 la web con contenidos cient\u00edficos. C\u00e1psulas, podcast, conversatorios, talleres online y charlas ser\u00e1n parte de las actividades que se desarrollar\u00e1n y que podr\u00e1s seguir por el canal de YouTube PAR Explora Atacama y el sitio web dev.explora.cl\/atacama. Las actividades son totalmente gratuitas y de libre acceso.<\/p>\n","protected":false},"author":20,"featured_media":39089,"comment_status":"open","ping_status":"open","sticky":false,"template":"","format":"standard","meta":{"_acf_changed":false,"_exactmetrics_skip_tracking":false,"_exactmetrics_sitenote_active":false,"_exactmetrics_sitenote_note":"","_exactmetrics_sitenote_category":0,"footnotes":"","_links_to":"","_links_to_target":""},"categories":[141],"tags":[],"class_list":["post-39088","post","type-post","status-publish","format-standard","has-post-thumbnail","hentry","category-lugar-6"],"acf":[],"yoast_head":"<!-- This site is optimized with the Yoast SEO plugin v26.7 - https:\/\/yoast.com\/wordpress\/plugins\/seo\/ -->\n<title>El Festival de la Ciencia desarrollar\u00e1 talleres, c\u00e1psulas, charlas y conversatorios en formato online - Atacama<\/title>\n<meta name=\"robots\" content=\"index, follow, max-snippet:-1, max-image-preview:large, max-video-preview:-1\" \/>\n<link rel=\"canonical\" href=\"https:\/\/dev.explora.cl\/atacama\/el-festival-de-la-ciencia-se-exhibira-en-forma-virtual-con-talleres-y-conversatorios-de-libre-acceso-a-la-ciudadania\/\" class=\"yoast-seo-meta-tag\" \/>\n<meta property=\"og:locale\" content=\"es_ES\" class=\"yoast-seo-meta-tag\" \/>\n<meta property=\"og:type\" content=\"article\" class=\"yoast-seo-meta-tag\" \/>\n<meta property=\"og:title\" content=\"El Festival de la Ciencia desarrollar\u00e1 talleres, c\u00e1psulas, charlas y conversatorios en formato online - Atacama\" class=\"yoast-seo-meta-tag\" \/>\n<meta property=\"og:description\" content=\"Explora Atacama invita a toda la comunidad a sumarse al Festival de la Ciencia, una actividad que del 11 al 15 de noviembre llenar\u00e1 la web con contenidos cient\u00edficos. C\u00e1psulas, podcast, conversatorios, talleres online y charlas ser\u00e1n parte de las actividades que se desarrollar\u00e1n y que podr\u00e1s seguir por el canal de YouTube PAR Explora Atacama y el sitio web dev.explora.cl\/atacama. Las actividades son totalmente gratuitas y de libre acceso.\" class=\"yoast-seo-meta-tag\" \/>\n<meta property=\"og:url\" content=\"https:\/\/dev.explora.cl\/atacama\/el-festival-de-la-ciencia-se-exhibira-en-forma-virtual-con-talleres-y-conversatorios-de-libre-acceso-a-la-ciudadania\/\" class=\"yoast-seo-meta-tag\" \/>\n<meta property=\"og:site_name\" content=\"Atacama\" class=\"yoast-seo-meta-tag\" \/>\n<meta property=\"article:published_time\" content=\"2020-11-04T19:35:58+00:00\" class=\"yoast-seo-meta-tag\" \/>\n<meta property=\"article:modified_time\" content=\"2020-11-09T23:46:04+00:00\" class=\"yoast-seo-meta-tag\" \/>\n<meta property=\"og:image\" content=\"https:\/\/dev.explora.cl\/atacama\/wp-content\/uploads\/sites\/5\/2020\/11\/Captura-de-pantalla-2020-11-04-a-las-16.34.55.png\" class=\"yoast-seo-meta-tag\" \/>\n\t<meta property=\"og:image:width\" content=\"1440\" class=\"yoast-seo-meta-tag\" \/>\n\t<meta property=\"og:image:height\" content=\"900\" class=\"yoast-seo-meta-tag\" \/>\n\t<meta property=\"og:image:type\" content=\"image\/png\" class=\"yoast-seo-meta-tag\" \/>\n<meta name=\"author\" content=\"ExploraAtacama\" class=\"yoast-seo-meta-tag\" \/>\n<meta name=\"twitter:card\" content=\"summary_large_image\" class=\"yoast-seo-meta-tag\" \/>\n<meta name=\"twitter:label1\" content=\"Escrito por\" class=\"yoast-seo-meta-tag\" \/>\n\t<meta name=\"twitter:data1\" content=\"ExploraAtacama\" class=\"yoast-seo-meta-tag\" \/>\n\t<meta name=\"twitter:label2\" content=\"Tiempo estimado de lectura\" class=\"yoast-seo-meta-tag\" \/>\n\t<meta name=\"twitter:data2\" content=\"2 minutos\" class=\"yoast-seo-meta-tag\" \/>\n<script type=\"application\/ld+json\" class=\"yoast-schema-graph\">{\"@context\":\"https:\/\/schema.org\",\"@graph\":[{\"@type\":\"Article\",\"@id\":\"https:\/\/dev.explora.cl\/atacama\/el-festival-de-la-ciencia-se-exhibira-en-forma-virtual-con-talleres-y-conversatorios-de-libre-acceso-a-la-ciudadania\/#article\",\"isPartOf\":{\"@id\":\"https:\/\/dev.explora.cl\/atacama\/el-festival-de-la-ciencia-se-exhibira-en-forma-virtual-con-talleres-y-conversatorios-de-libre-acceso-a-la-ciudadania\/\"},\"author\":{\"name\":\"ExploraAtacama\",\"@id\":\"https:\/\/dev.explora.cl\/atacama\/#\/schema\/person\/1e89437dfd0db398617a5057c75b8bf3\"},\"headline\":\"El Festival de la Ciencia desarrollar\u00e1 talleres, c\u00e1psulas, charlas y conversatorios en formato online\",\"datePublished\":\"2020-11-04T19:35:58+00:00\",\"dateModified\":\"2020-11-09T23:46:04+00:00\",\"mainEntityOfPage\":{\"@id\":\"https:\/\/dev.explora.cl\/atacama\/el-festival-de-la-ciencia-se-exhibira-en-forma-virtual-con-talleres-y-conversatorios-de-libre-acceso-a-la-ciudadania\/\"},\"wordCount\":492,\"commentCount\":0,\"image\":{\"@id\":\"https:\/\/dev.explora.cl\/atacama\/el-festival-de-la-ciencia-se-exhibira-en-forma-virtual-con-talleres-y-conversatorios-de-libre-acceso-a-la-ciudadania\/#primaryimage\"},\"thumbnailUrl\":\"https:\/\/dev.explora.cl\/atacama\/wp-content\/uploads\/sites\/5\/2020\/11\/Captura-de-pantalla-2020-11-04-a-las-16.34.55.png\",\"articleSection\":[\"Lugar 6\"],\"inLanguage\":\"es-CL\",\"potentialAction\":[{\"@type\":\"CommentAction\",\"name\":\"Comment\",\"target\":[\"https:\/\/dev.explora.cl\/atacama\/el-festival-de-la-ciencia-se-exhibira-en-forma-virtual-con-talleres-y-conversatorios-de-libre-acceso-a-la-ciudadania\/#respond\"]}]},{\"@type\":\"WebPage\",\"@id\":\"https:\/\/dev.explora.cl\/atacama\/el-festival-de-la-ciencia-se-exhibira-en-forma-virtual-con-talleres-y-conversatorios-de-libre-acceso-a-la-ciudadania\/\",\"url\":\"https:\/\/dev.explora.cl\/atacama\/el-festival-de-la-ciencia-se-exhibira-en-forma-virtual-con-talleres-y-conversatorios-de-libre-acceso-a-la-ciudadania\/\",\"name\":\"El Festival de la Ciencia desarrollar\u00e1 talleres, c\u00e1psulas, charlas y conversatorios en formato online - Atacama\",\"isPartOf\":{\"@id\":\"https:\/\/dev.explora.cl\/atacama\/#website\"},\"primaryImageOfPage\":{\"@id\":\"https:\/\/dev.explora.cl\/atacama\/el-festival-de-la-ciencia-se-exhibira-en-forma-virtual-con-talleres-y-conversatorios-de-libre-acceso-a-la-ciudadania\/#primaryimage\"},\"image\":{\"@id\":\"https:\/\/dev.explora.cl\/atacama\/el-festival-de-la-ciencia-se-exhibira-en-forma-virtual-con-talleres-y-conversatorios-de-libre-acceso-a-la-ciudadania\/#primaryimage\"},\"thumbnailUrl\":\"https:\/\/dev.explora.cl\/atacama\/wp-content\/uploads\/sites\/5\/2020\/11\/Captura-de-pantalla-2020-11-04-a-las-16.34.55.png\",\"datePublished\":\"2020-11-04T19:35:58+00:00\",\"dateModified\":\"2020-11-09T23:46:04+00:00\",\"author\":{\"@id\":\"https:\/\/dev.explora.cl\/atacama\/#\/schema\/person\/1e89437dfd0db398617a5057c75b8bf3\"},\"breadcrumb\":{\"@id\":\"https:\/\/dev.explora.cl\/atacama\/el-festival-de-la-ciencia-se-exhibira-en-forma-virtual-con-talleres-y-conversatorios-de-libre-acceso-a-la-ciudadania\/#breadcrumb\"},\"inLanguage\":\"es-CL\",\"potentialAction\":[{\"@type\":\"ReadAction\",\"target\":[\"https:\/\/dev.explora.cl\/atacama\/el-festival-de-la-ciencia-se-exhibira-en-forma-virtual-con-talleres-y-conversatorios-de-libre-acceso-a-la-ciudadania\/\"]}]},{\"@type\":\"ImageObject\",\"inLanguage\":\"es-CL\",\"@id\":\"https:\/\/dev.explora.cl\/atacama\/el-festival-de-la-ciencia-se-exhibira-en-forma-virtual-con-talleres-y-conversatorios-de-libre-acceso-a-la-ciudadania\/#primaryimage\",\"url\":\"https:\/\/dev.explora.cl\/atacama\/wp-content\/uploads\/sites\/5\/2020\/11\/Captura-de-pantalla-2020-11-04-a-las-16.34.55.png\",\"contentUrl\":\"https:\/\/dev.explora.cl\/atacama\/wp-content\/uploads\/sites\/5\/2020\/11\/Captura-de-pantalla-2020-11-04-a-las-16.34.55.png\",\"width\":1440,\"height\":900},{\"@type\":\"BreadcrumbList\",\"@id\":\"https:\/\/dev.explora.cl\/atacama\/el-festival-de-la-ciencia-se-exhibira-en-forma-virtual-con-talleres-y-conversatorios-de-libre-acceso-a-la-ciudadania\/#breadcrumb\",\"itemListElement\":[{\"@type\":\"ListItem\",\"position\":1,\"name\":\"Portada\",\"item\":\"https:\/\/dev.explora.cl\/atacama\/\"},{\"@type\":\"ListItem\",\"position\":2,\"name\":\"El Festival de la Ciencia desarrollar\u00e1 talleres, c\u00e1psulas, charlas y conversatorios en formato online\"}]},{\"@type\":\"WebSite\",\"@id\":\"https:\/\/dev.explora.cl\/atacama\/#website\",\"url\":\"https:\/\/dev.explora.cl\/atacama\/\",\"name\":\"Atacama\",\"description\":\"Otro sitio m\u00e1s de dev.explora.cl\",\"potentialAction\":[{\"@type\":\"SearchAction\",\"target\":{\"@type\":\"EntryPoint\",\"urlTemplate\":\"https:\/\/dev.explora.cl\/atacama\/?s={search_term_string}\"},\"query-input\":{\"@type\":\"PropertyValueSpecification\",\"valueRequired\":true,\"valueName\":\"search_term_string\"}}],\"inLanguage\":\"es-CL\"},{\"@type\":\"Person\",\"@id\":\"https:\/\/dev.explora.cl\/atacama\/#\/schema\/person\/1e89437dfd0db398617a5057c75b8bf3\",\"name\":\"ExploraAtacama\",\"image\":{\"@type\":\"ImageObject\",\"inLanguage\":\"es-CL\",\"@id\":\"https:\/\/dev.explora.cl\/atacama\/#\/schema\/person\/image\/\",\"url\":\"https:\/\/secure.gravatar.com\/avatar\/2e2fd819b7985a746e8ea39b36909cf1a17dc034046e230e83eb1534d0a52b24?s=96&d=mm&r=g\",\"contentUrl\":\"https:\/\/secure.gravatar.com\/avatar\/2e2fd819b7985a746e8ea39b36909cf1a17dc034046e230e83eb1534d0a52b24?s=96&d=mm&r=g\",\"caption\":\"ExploraAtacama\"},\"url\":\"https:\/\/dev.explora.cl\/atacama\/author\/dortiz\/\"}]}<\/script>\n<!-- \/ Yoast SEO plugin. -->","yoast_head_json":{"title":"El Festival de la Ciencia desarrollar\u00e1 talleres, c\u00e1psulas, charlas y conversatorios en formato online - Atacama","robots":{"index":"index","follow":"follow","max-snippet":"max-snippet:-1","max-image-preview":"max-image-preview:large","max-video-preview":"max-video-preview:-1"},"canonical":"https:\/\/dev.explora.cl\/atacama\/el-festival-de-la-ciencia-se-exhibira-en-forma-virtual-con-talleres-y-conversatorios-de-libre-acceso-a-la-ciudadania\/","og_locale":"es_ES","og_type":"article","og_title":"El Festival de la Ciencia desarrollar\u00e1 talleres, c\u00e1psulas, charlas y conversatorios en formato online - Atacama","og_description":"Explora Atacama invita a toda la comunidad a sumarse al Festival de la Ciencia, una actividad que del 11 al 15 de noviembre llenar\u00e1 la web con contenidos cient\u00edficos. C\u00e1psulas, podcast, conversatorios, talleres online y charlas ser\u00e1n parte de las actividades que se desarrollar\u00e1n y que podr\u00e1s seguir por el canal de YouTube PAR Explora Atacama y el sitio web dev.explora.cl\/atacama. Las actividades son totalmente gratuitas y de libre acceso.","og_url":"https:\/\/dev.explora.cl\/atacama\/el-festival-de-la-ciencia-se-exhibira-en-forma-virtual-con-talleres-y-conversatorios-de-libre-acceso-a-la-ciudadania\/","og_site_name":"Atacama","article_published_time":"2020-11-04T19:35:58+00:00","article_modified_time":"2020-11-09T23:46:04+00:00","og_image":[{"width":1440,"height":900,"url":"https:\/\/dev.explora.cl\/atacama\/wp-content\/uploads\/sites\/5\/2020\/11\/Captura-de-pantalla-2020-11-04-a-las-16.34.55.png","type":"image\/png"}],"author":"ExploraAtacama","twitter_card":"summary_large_image","twitter_misc":{"Escrito por":"ExploraAtacama","Tiempo estimado de lectura":"2 minutos"},"schema":{"@context":"https:\/\/schema.org","@graph":[{"@type":"Article","@id":"https:\/\/dev.explora.cl\/atacama\/el-festival-de-la-ciencia-se-exhibira-en-forma-virtual-con-talleres-y-conversatorios-de-libre-acceso-a-la-ciudadania\/#article","isPartOf":{"@id":"https:\/\/dev.explora.cl\/atacama\/el-festival-de-la-ciencia-se-exhibira-en-forma-virtual-con-talleres-y-conversatorios-de-libre-acceso-a-la-ciudadania\/"},"author":{"name":"ExploraAtacama","@id":"https:\/\/dev.explora.cl\/atacama\/#\/schema\/person\/1e89437dfd0db398617a5057c75b8bf3"},"headline":"El Festival de la Ciencia desarrollar\u00e1 talleres, c\u00e1psulas, charlas y conversatorios en formato online","datePublished":"2020-11-04T19:35:58+00:00","dateModified":"2020-11-09T23:46:04+00:00","mainEntityOfPage":{"@id":"https:\/\/dev.explora.cl\/atacama\/el-festival-de-la-ciencia-se-exhibira-en-forma-virtual-con-talleres-y-conversatorios-de-libre-acceso-a-la-ciudadania\/"},"wordCount":492,"commentCount":0,"image":{"@id":"https:\/\/dev.explora.cl\/atacama\/el-festival-de-la-ciencia-se-exhibira-en-forma-virtual-con-talleres-y-conversatorios-de-libre-acceso-a-la-ciudadania\/#primaryimage"},"thumbnailUrl":"https:\/\/dev.explora.cl\/atacama\/wp-content\/uploads\/sites\/5\/2020\/11\/Captura-de-pantalla-2020-11-04-a-las-16.34.55.png","articleSection":["Lugar 6"],"inLanguage":"es-CL","potentialAction":[{"@type":"CommentAction","name":"Comment","target":["https:\/\/dev.explora.cl\/atacama\/el-festival-de-la-ciencia-se-exhibira-en-forma-virtual-con-talleres-y-conversatorios-de-libre-acceso-a-la-ciudadania\/#respond"]}]},{"@type":"WebPage","@id":"https:\/\/dev.explora.cl\/atacama\/el-festival-de-la-ciencia-se-exhibira-en-forma-virtual-con-talleres-y-conversatorios-de-libre-acceso-a-la-ciudadania\/","url":"https:\/\/dev.explora.cl\/atacama\/el-festival-de-la-ciencia-se-exhibira-en-forma-virtual-con-talleres-y-conversatorios-de-libre-acceso-a-la-ciudadania\/","name":"El Festival de la Ciencia desarrollar\u00e1 talleres, c\u00e1psulas, charlas y conversatorios en formato online - Atacama","isPartOf":{"@id":"https:\/\/dev.explora.cl\/atacama\/#website"},"primaryImageOfPage":{"@id":"https:\/\/dev.explora.cl\/atacama\/el-festival-de-la-ciencia-se-exhibira-en-forma-virtual-con-talleres-y-conversatorios-de-libre-acceso-a-la-ciudadania\/#primaryimage"},"image":{"@id":"https:\/\/dev.explora.cl\/atacama\/el-festival-de-la-ciencia-se-exhibira-en-forma-virtual-con-talleres-y-conversatorios-de-libre-acceso-a-la-ciudadania\/#primaryimage"},"thumbnailUrl":"https:\/\/dev.explora.cl\/atacama\/wp-content\/uploads\/sites\/5\/2020\/11\/Captura-de-pantalla-2020-11-04-a-las-16.34.55.png","datePublished":"2020-11-04T19:35:58+00:00","dateModified":"2020-11-09T23:46:04+00:00","author":{"@id":"https:\/\/dev.explora.cl\/atacama\/#\/schema\/person\/1e89437dfd0db398617a5057c75b8bf3"},"breadcrumb":{"@id":"https:\/\/dev.explora.cl\/atacama\/el-festival-de-la-ciencia-se-exhibira-en-forma-virtual-con-talleres-y-conversatorios-de-libre-acceso-a-la-ciudadania\/#breadcrumb"},"inLanguage":"es-CL","potentialAction":[{"@type":"ReadAction","target":["https:\/\/dev.explora.cl\/atacama\/el-festival-de-la-ciencia-se-exhibira-en-forma-virtual-con-talleres-y-conversatorios-de-libre-acceso-a-la-ciudadania\/"]}]},{"@type":"ImageObject","inLanguage":"es-CL","@id":"https:\/\/dev.explora.cl\/atacama\/el-festival-de-la-ciencia-se-exhibira-en-forma-virtual-con-talleres-y-conversatorios-de-libre-acceso-a-la-ciudadania\/#primaryimage","url":"https:\/\/dev.explora.cl\/atacama\/wp-content\/uploads\/sites\/5\/2020\/11\/Captura-de-pantalla-2020-11-04-a-las-16.34.55.png","contentUrl":"https:\/\/dev.explora.cl\/atacama\/wp-content\/uploads\/sites\/5\/2020\/11\/Captura-de-pantalla-2020-11-04-a-las-16.34.55.png","width":1440,"height":900},{"@type":"BreadcrumbList","@id":"https:\/\/dev.explora.cl\/atacama\/el-festival-de-la-ciencia-se-exhibira-en-forma-virtual-con-talleres-y-conversatorios-de-libre-acceso-a-la-ciudadania\/#breadcrumb","itemListElement":[{"@type":"ListItem","position":1,"name":"Portada","item":"https:\/\/dev.explora.cl\/atacama\/"},{"@type":"ListItem","position":2,"name":"El Festival de la Ciencia desarrollar\u00e1 talleres, c\u00e1psulas, charlas y conversatorios en formato online"}]},{"@type":"WebSite","@id":"https:\/\/dev.explora.cl\/atacama\/#website","url":"https:\/\/dev.explora.cl\/atacama\/","name":"Atacama","description":"Otro sitio m\u00e1s de dev.explora.cl","potentialAction":[{"@type":"SearchAction","target":{"@type":"EntryPoint","urlTemplate":"https:\/\/dev.explora.cl\/atacama\/?s={search_term_string}"},"query-input":{"@type":"PropertyValueSpecification","valueRequired":true,"valueName":"search_term_string"}}],"inLanguage":"es-CL"},{"@type":"Person","@id":"https:\/\/dev.explora.cl\/atacama\/#\/schema\/person\/1e89437dfd0db398617a5057c75b8bf3","name":"ExploraAtacama","image":{"@type":"ImageObject","inLanguage":"es-CL","@id":"https:\/\/dev.explora.cl\/atacama\/#\/schema\/person\/image\/","url":"https:\/\/secure.gravatar.com\/avatar\/2e2fd819b7985a746e8ea39b36909cf1a17dc034046e230e83eb1534d0a52b24?s=96&d=mm&r=g","contentUrl":"https:\/\/secure.gravatar.com\/avatar\/2e2fd819b7985a746e8ea39b36909cf1a17dc034046e230e83eb1534d0a52b24?s=96&d=mm&r=g","caption":"ExploraAtacama"},"url":"https:\/\/dev.explora.cl\/atacama\/author\/dortiz\/"}]}},"_links":{"self":[{"href":"https:\/\/dev.explora.cl\/atacama\/wp-json\/wp\/v2\/posts\/39088","targetHints":{"allow":["GET"]}}],"collection":[{"href":"https:\/\/dev.explora.cl\/atacama\/wp-json\/wp\/v2\/posts"}],"about":[{"href":"https:\/\/dev.explora.cl\/atacama\/wp-json\/wp\/v2\/types\/post"}],"author":[{"embeddable":true,"href":"https:\/\/dev.explora.cl\/atacama\/wp-json\/wp\/v2\/users\/20"}],"replies":[{"embeddable":true,"href":"https:\/\/dev.explora.cl\/atacama\/wp-json\/wp\/v2\/comments?post=39088"}],"version-history":[{"count":4,"href":"https:\/\/dev.explora.cl\/atacama\/wp-json\/wp\/v2\/posts\/39088\/revisions"}],"predecessor-version":[{"id":39096,"href":"https:\/\/dev.explora.cl\/atacama\/wp-json\/wp\/v2\/posts\/39088\/revisions\/39096"}],"wp:featuredmedia":[{"embeddable":true,"href":"https:\/\/dev.explora.cl\/atacama\/wp-json\/wp\/v2\/media\/39089"}],"wp:attachment":[{"href":"https:\/\/dev.explora.cl\/atacama\/wp-json\/wp\/v2\/media?parent=39088"}],"wp:term":[{"taxonomy":"category","embeddable":true,"href":"https:\/\/dev.explora.cl\/atacama\/wp-json\/wp\/v2\/categories?post=39088"},{"taxonomy":"post_tag","embeddable":true,"href":"https:\/\/dev.explora.cl\/atacama\/wp-json\/wp\/v2\/tags?post=39088"}],"curies":[{"name":"wp","href":"https:\/\/api.w.org\/{rel}","templated":true}]}}