{"id":38996,"date":"2020-10-14T15:07:46","date_gmt":"2020-10-14T18:07:46","guid":{"rendered":"https:\/\/dev.explora.cl\/atacama\/?p=38996"},"modified":"2020-10-14T15:14:58","modified_gmt":"2020-10-14T18:14:58","slug":"invitan-a-primera-charla-del-ciclo-ciencia-abierta-realizada-integramente-en-lengua-de-senas-chilena-para-conocer-mas-de-la-cultura-sorda-en-el-pais","status":"publish","type":"post","link":"https:\/\/dev.explora.cl\/atacama\/invitan-a-primera-charla-del-ciclo-ciencia-abierta-realizada-integramente-en-lengua-de-senas-chilena-para-conocer-mas-de-la-cultura-sorda-en-el-pais\/","title":{"rendered":"Invitan a primera charla del ciclo Ciencia Abierta realizada \u00edntegramente en Lengua de Se\u00f1as Chilena, para conocer m\u00e1s de la cultura sorda en el pa\u00eds"},"content":{"rendered":"<p><span style=\"color: #008000\"><strong>El profesor Juan Luis Mar\u00edn, director del establecimiento <\/strong><strong>Colegio de Sordos Dr. Jorge Otte Gabler, compartir\u00e1 una charla para aprender m\u00e1s del Lengua de Se\u00f1as y la cultura de la comunidad sorda en Chile, este jueves a las 19:00 horas por el canal de Youtube PAR Explora Atacama en su ciclo de charlas Ciencia Abierta.\u00a0<\/strong><\/span><\/p>\n<p>La actividad de libre acceso se realizar\u00e1 este jueves a las 19:00 horas y posterior a la exposici\u00f3n habr\u00e1 un espacio para preguntas y comentarios del p\u00fablico. Es una excelente oportunidad para conocer m\u00e1s sobre la realidad que d\u00eda a d\u00eda vive una comunidad importante dentro del pa\u00eds.<\/p>\n<p>Cristian Galaz Esquivel, director de Explora Atacama de la UDA, invit\u00f3 a la comunidad a hacerse parte de esta actividad se\u00f1alando que: \u201cqueremos invitar a toda la ciudadan\u00eda a participar de esta charla por nuestro Facebook y Youtube PAR Explora Atacama, para conocer m\u00e1s de esta realidad desde un punto de vista del conocimiento. Son muchas las disciplinas que nos permiten generar una sociedad m\u00e1s inclusiva y esta instancia de divulgaci\u00f3n del conocimiento es ideal para ello\u201d.<\/p>\n<p>Algunas reflexiones que se plantear\u00e1n son el \u00bfC\u00f3mo podemos abordar la Cultura Sorda en la escuela? \u00bfResponsabilidad del educador y coeducador Sordo? \u00bfC\u00f3mo acabar con la visi\u00f3n \u201cpatol\u00f3gica\u201d de las personas sordas? \u00bfCu\u00e1les son los aportes de las personas Sordas a la sociedad?<\/p>\n<p>Seg\u00fan datos generados por organizaciones civiles de personas sordas del pa\u00eds en Chile se estima que unas 600 mil personas las que poseen discapacidad auditiva y en ellas se incluyen personas que forman parte de la comunidad sorda, que se comunican exclusivamente mediante lengua de se\u00f1as, con el arraigo y cultura de las personas sordas de Chile. La diferencia entre ambos conceptos es parte de lo que se tratar\u00e1 en la charla.<\/p>\n<p>Juan Luis Mar\u00edn es un activo promotor de la lengua de se\u00f1as y del trabajo por la inclusi\u00f3n de la comunidad sorda en la vida social, y desde este a\u00f1o dirige un establecimiento educacional. Esta es la primera charla del ciclo Ciencia Abierta donde su expositor nos habla desde la Lengua de Se\u00f1as Chilena.<\/p>\n<p>Esta actividad forma parte del Programa Ciencia Abierta del Ministerio de Ciencia, Tecnolog\u00eda, Conocimiento e Innovaci\u00f3n que en la regi\u00f3n lleva adelante el Explora Atacama de la Universidad de Atacama.<\/p>\n<p><img loading=\"lazy\" decoding=\"async\" class=\"aligncenter size-full wp-image-38994\" src=\"https:\/\/dev.explora.cl\/atacama\/wp-content\/uploads\/sites\/5\/2020\/10\/121568913_1695461837288534_1946131626982161756_n.jpg\" alt=\"\" width=\"960\" height=\"960\" srcset=\"https:\/\/dev.explora.cl\/atacama\/wp-content\/uploads\/sites\/5\/2020\/10\/121568913_1695461837288534_1946131626982161756_n.jpg 960w, https:\/\/dev.explora.cl\/atacama\/wp-content\/uploads\/sites\/5\/2020\/10\/121568913_1695461837288534_1946131626982161756_n-150x150.jpg 150w, https:\/\/dev.explora.cl\/atacama\/wp-content\/uploads\/sites\/5\/2020\/10\/121568913_1695461837288534_1946131626982161756_n-300x300.jpg 300w, https:\/\/dev.explora.cl\/atacama\/wp-content\/uploads\/sites\/5\/2020\/10\/121568913_1695461837288534_1946131626982161756_n-768x768.jpg 768w, https:\/\/dev.explora.cl\/atacama\/wp-content\/uploads\/sites\/5\/2020\/10\/121568913_1695461837288534_1946131626982161756_n-60x60.jpg 60w\" sizes=\"auto, (max-width: 960px) 100vw, 960px\" \/><\/p>\n","protected":false},"excerpt":{"rendered":"<p>El profesor Juan Luis Mar\u00edn, director del establecimiento Colegio de Sordos Dr. Jorge Otte Gabler, compartir\u00e1 una charla para aprender m\u00e1s del Lengua de Se\u00f1as y la cultura de la comunidad sorda en Chile, este jueves a las 19:00 horas por el canal de Youtube PAR Explora Atacama en su ciclo de charlas Ciencia Abierta.\u00a0<\/p>\n","protected":false},"author":20,"featured_media":38994,"comment_status":"open","ping_status":"open","sticky":false,"template":"","format":"standard","meta":{"_acf_changed":false,"_exactmetrics_skip_tracking":false,"_exactmetrics_sitenote_active":false,"_exactmetrics_sitenote_note":"","_exactmetrics_sitenote_category":0,"footnotes":"","_links_to":"","_links_to_target":""},"categories":[139],"tags":[],"class_list":["post-38996","post","type-post","status-publish","format-standard","has-post-thumbnail","hentry","category-lugar-4"],"acf":[],"yoast_head":"<!-- This site is optimized with the Yoast SEO plugin v26.7 - https:\/\/yoast.com\/wordpress\/plugins\/seo\/ -->\n<title>Invitan a primera charla del ciclo Ciencia Abierta realizada \u00edntegramente en Lengua de Se\u00f1as Chilena, para conocer m\u00e1s de la cultura sorda en el pa\u00eds - Atacama<\/title>\n<meta name=\"robots\" content=\"index, follow, max-snippet:-1, max-image-preview:large, max-video-preview:-1\" \/>\n<link rel=\"canonical\" href=\"https:\/\/dev.explora.cl\/atacama\/invitan-a-primera-charla-del-ciclo-ciencia-abierta-realizada-integramente-en-lengua-de-senas-chilena-para-conocer-mas-de-la-cultura-sorda-en-el-pais\/\" class=\"yoast-seo-meta-tag\" \/>\n<meta property=\"og:locale\" content=\"es_ES\" class=\"yoast-seo-meta-tag\" \/>\n<meta property=\"og:type\" content=\"article\" class=\"yoast-seo-meta-tag\" \/>\n<meta property=\"og:title\" content=\"Invitan a primera charla del ciclo Ciencia Abierta realizada \u00edntegramente en Lengua de Se\u00f1as Chilena, para conocer m\u00e1s de la cultura sorda en el pa\u00eds - Atacama\" class=\"yoast-seo-meta-tag\" \/>\n<meta property=\"og:description\" content=\"El profesor Juan Luis Mar\u00edn, director del establecimiento Colegio de Sordos Dr. Jorge Otte Gabler, compartir\u00e1 una charla para aprender m\u00e1s del Lengua de Se\u00f1as y la cultura de la comunidad sorda en Chile, este jueves a las 19:00 horas por el canal de Youtube PAR Explora Atacama en su ciclo de charlas Ciencia Abierta.\u00a0\" class=\"yoast-seo-meta-tag\" \/>\n<meta property=\"og:url\" content=\"https:\/\/dev.explora.cl\/atacama\/invitan-a-primera-charla-del-ciclo-ciencia-abierta-realizada-integramente-en-lengua-de-senas-chilena-para-conocer-mas-de-la-cultura-sorda-en-el-pais\/\" class=\"yoast-seo-meta-tag\" \/>\n<meta property=\"og:site_name\" content=\"Atacama\" class=\"yoast-seo-meta-tag\" \/>\n<meta property=\"article:published_time\" content=\"2020-10-14T18:07:46+00:00\" class=\"yoast-seo-meta-tag\" \/>\n<meta property=\"article:modified_time\" content=\"2020-10-14T18:14:58+00:00\" class=\"yoast-seo-meta-tag\" \/>\n<meta property=\"og:image\" content=\"https:\/\/dev.explora.cl\/atacama\/wp-content\/uploads\/sites\/5\/2020\/10\/121568913_1695461837288534_1946131626982161756_n.jpg\" class=\"yoast-seo-meta-tag\" \/>\n\t<meta property=\"og:image:width\" content=\"960\" class=\"yoast-seo-meta-tag\" \/>\n\t<meta property=\"og:image:height\" content=\"960\" class=\"yoast-seo-meta-tag\" \/>\n\t<meta property=\"og:image:type\" content=\"image\/jpeg\" class=\"yoast-seo-meta-tag\" \/>\n<meta name=\"author\" content=\"ExploraAtacama\" class=\"yoast-seo-meta-tag\" \/>\n<meta name=\"twitter:card\" content=\"summary_large_image\" class=\"yoast-seo-meta-tag\" \/>\n<meta name=\"twitter:label1\" content=\"Escrito por\" class=\"yoast-seo-meta-tag\" \/>\n\t<meta name=\"twitter:data1\" content=\"ExploraAtacama\" class=\"yoast-seo-meta-tag\" \/>\n\t<meta name=\"twitter:label2\" content=\"Tiempo estimado de lectura\" class=\"yoast-seo-meta-tag\" \/>\n\t<meta name=\"twitter:data2\" content=\"2 minutos\" class=\"yoast-seo-meta-tag\" \/>\n<script type=\"application\/ld+json\" class=\"yoast-schema-graph\">{\"@context\":\"https:\/\/schema.org\",\"@graph\":[{\"@type\":\"Article\",\"@id\":\"https:\/\/dev.explora.cl\/atacama\/invitan-a-primera-charla-del-ciclo-ciencia-abierta-realizada-integramente-en-lengua-de-senas-chilena-para-conocer-mas-de-la-cultura-sorda-en-el-pais\/#article\",\"isPartOf\":{\"@id\":\"https:\/\/dev.explora.cl\/atacama\/invitan-a-primera-charla-del-ciclo-ciencia-abierta-realizada-integramente-en-lengua-de-senas-chilena-para-conocer-mas-de-la-cultura-sorda-en-el-pais\/\"},\"author\":{\"name\":\"ExploraAtacama\",\"@id\":\"https:\/\/dev.explora.cl\/atacama\/#\/schema\/person\/1e89437dfd0db398617a5057c75b8bf3\"},\"headline\":\"Invitan a primera charla del ciclo Ciencia Abierta realizada \u00edntegramente en Lengua de Se\u00f1as Chilena, para conocer m\u00e1s de la cultura sorda en el pa\u00eds\",\"datePublished\":\"2020-10-14T18:07:46+00:00\",\"dateModified\":\"2020-10-14T18:14:58+00:00\",\"mainEntityOfPage\":{\"@id\":\"https:\/\/dev.explora.cl\/atacama\/invitan-a-primera-charla-del-ciclo-ciencia-abierta-realizada-integramente-en-lengua-de-senas-chilena-para-conocer-mas-de-la-cultura-sorda-en-el-pais\/\"},\"wordCount\":435,\"commentCount\":0,\"image\":{\"@id\":\"https:\/\/dev.explora.cl\/atacama\/invitan-a-primera-charla-del-ciclo-ciencia-abierta-realizada-integramente-en-lengua-de-senas-chilena-para-conocer-mas-de-la-cultura-sorda-en-el-pais\/#primaryimage\"},\"thumbnailUrl\":\"https:\/\/dev.explora.cl\/atacama\/wp-content\/uploads\/sites\/5\/2020\/10\/121568913_1695461837288534_1946131626982161756_n.jpg\",\"articleSection\":[\"Lugar 4\"],\"inLanguage\":\"es-CL\",\"potentialAction\":[{\"@type\":\"CommentAction\",\"name\":\"Comment\",\"target\":[\"https:\/\/dev.explora.cl\/atacama\/invitan-a-primera-charla-del-ciclo-ciencia-abierta-realizada-integramente-en-lengua-de-senas-chilena-para-conocer-mas-de-la-cultura-sorda-en-el-pais\/#respond\"]}]},{\"@type\":\"WebPage\",\"@id\":\"https:\/\/dev.explora.cl\/atacama\/invitan-a-primera-charla-del-ciclo-ciencia-abierta-realizada-integramente-en-lengua-de-senas-chilena-para-conocer-mas-de-la-cultura-sorda-en-el-pais\/\",\"url\":\"https:\/\/dev.explora.cl\/atacama\/invitan-a-primera-charla-del-ciclo-ciencia-abierta-realizada-integramente-en-lengua-de-senas-chilena-para-conocer-mas-de-la-cultura-sorda-en-el-pais\/\",\"name\":\"Invitan a primera charla del ciclo Ciencia Abierta realizada \u00edntegramente en Lengua de Se\u00f1as Chilena, para conocer m\u00e1s de la cultura sorda en el pa\u00eds - Atacama\",\"isPartOf\":{\"@id\":\"https:\/\/dev.explora.cl\/atacama\/#website\"},\"primaryImageOfPage\":{\"@id\":\"https:\/\/dev.explora.cl\/atacama\/invitan-a-primera-charla-del-ciclo-ciencia-abierta-realizada-integramente-en-lengua-de-senas-chilena-para-conocer-mas-de-la-cultura-sorda-en-el-pais\/#primaryimage\"},\"image\":{\"@id\":\"https:\/\/dev.explora.cl\/atacama\/invitan-a-primera-charla-del-ciclo-ciencia-abierta-realizada-integramente-en-lengua-de-senas-chilena-para-conocer-mas-de-la-cultura-sorda-en-el-pais\/#primaryimage\"},\"thumbnailUrl\":\"https:\/\/dev.explora.cl\/atacama\/wp-content\/uploads\/sites\/5\/2020\/10\/121568913_1695461837288534_1946131626982161756_n.jpg\",\"datePublished\":\"2020-10-14T18:07:46+00:00\",\"dateModified\":\"2020-10-14T18:14:58+00:00\",\"author\":{\"@id\":\"https:\/\/dev.explora.cl\/atacama\/#\/schema\/person\/1e89437dfd0db398617a5057c75b8bf3\"},\"breadcrumb\":{\"@id\":\"https:\/\/dev.explora.cl\/atacama\/invitan-a-primera-charla-del-ciclo-ciencia-abierta-realizada-integramente-en-lengua-de-senas-chilena-para-conocer-mas-de-la-cultura-sorda-en-el-pais\/#breadcrumb\"},\"inLanguage\":\"es-CL\",\"potentialAction\":[{\"@type\":\"ReadAction\",\"target\":[\"https:\/\/dev.explora.cl\/atacama\/invitan-a-primera-charla-del-ciclo-ciencia-abierta-realizada-integramente-en-lengua-de-senas-chilena-para-conocer-mas-de-la-cultura-sorda-en-el-pais\/\"]}]},{\"@type\":\"ImageObject\",\"inLanguage\":\"es-CL\",\"@id\":\"https:\/\/dev.explora.cl\/atacama\/invitan-a-primera-charla-del-ciclo-ciencia-abierta-realizada-integramente-en-lengua-de-senas-chilena-para-conocer-mas-de-la-cultura-sorda-en-el-pais\/#primaryimage\",\"url\":\"https:\/\/dev.explora.cl\/atacama\/wp-content\/uploads\/sites\/5\/2020\/10\/121568913_1695461837288534_1946131626982161756_n.jpg\",\"contentUrl\":\"https:\/\/dev.explora.cl\/atacama\/wp-content\/uploads\/sites\/5\/2020\/10\/121568913_1695461837288534_1946131626982161756_n.jpg\",\"width\":960,\"height\":960},{\"@type\":\"BreadcrumbList\",\"@id\":\"https:\/\/dev.explora.cl\/atacama\/invitan-a-primera-charla-del-ciclo-ciencia-abierta-realizada-integramente-en-lengua-de-senas-chilena-para-conocer-mas-de-la-cultura-sorda-en-el-pais\/#breadcrumb\",\"itemListElement\":[{\"@type\":\"ListItem\",\"position\":1,\"name\":\"Portada\",\"item\":\"https:\/\/dev.explora.cl\/atacama\/\"},{\"@type\":\"ListItem\",\"position\":2,\"name\":\"Invitan a primera charla del ciclo Ciencia Abierta realizada \u00edntegramente en Lengua de Se\u00f1as Chilena, para conocer m\u00e1s de la cultura sorda en el pa\u00eds\"}]},{\"@type\":\"WebSite\",\"@id\":\"https:\/\/dev.explora.cl\/atacama\/#website\",\"url\":\"https:\/\/dev.explora.cl\/atacama\/\",\"name\":\"Atacama\",\"description\":\"Otro sitio m\u00e1s de dev.explora.cl\",\"potentialAction\":[{\"@type\":\"SearchAction\",\"target\":{\"@type\":\"EntryPoint\",\"urlTemplate\":\"https:\/\/dev.explora.cl\/atacama\/?s={search_term_string}\"},\"query-input\":{\"@type\":\"PropertyValueSpecification\",\"valueRequired\":true,\"valueName\":\"search_term_string\"}}],\"inLanguage\":\"es-CL\"},{\"@type\":\"Person\",\"@id\":\"https:\/\/dev.explora.cl\/atacama\/#\/schema\/person\/1e89437dfd0db398617a5057c75b8bf3\",\"name\":\"ExploraAtacama\",\"image\":{\"@type\":\"ImageObject\",\"inLanguage\":\"es-CL\",\"@id\":\"https:\/\/dev.explora.cl\/atacama\/#\/schema\/person\/image\/\",\"url\":\"https:\/\/secure.gravatar.com\/avatar\/2e2fd819b7985a746e8ea39b36909cf1a17dc034046e230e83eb1534d0a52b24?s=96&d=mm&r=g\",\"contentUrl\":\"https:\/\/secure.gravatar.com\/avatar\/2e2fd819b7985a746e8ea39b36909cf1a17dc034046e230e83eb1534d0a52b24?s=96&d=mm&r=g\",\"caption\":\"ExploraAtacama\"},\"url\":\"https:\/\/dev.explora.cl\/atacama\/author\/dortiz\/\"}]}<\/script>\n<!-- \/ Yoast SEO plugin. -->","yoast_head_json":{"title":"Invitan a primera charla del ciclo Ciencia Abierta realizada \u00edntegramente en Lengua de Se\u00f1as Chilena, para conocer m\u00e1s de la cultura sorda en el pa\u00eds - Atacama","robots":{"index":"index","follow":"follow","max-snippet":"max-snippet:-1","max-image-preview":"max-image-preview:large","max-video-preview":"max-video-preview:-1"},"canonical":"https:\/\/dev.explora.cl\/atacama\/invitan-a-primera-charla-del-ciclo-ciencia-abierta-realizada-integramente-en-lengua-de-senas-chilena-para-conocer-mas-de-la-cultura-sorda-en-el-pais\/","og_locale":"es_ES","og_type":"article","og_title":"Invitan a primera charla del ciclo Ciencia Abierta realizada \u00edntegramente en Lengua de Se\u00f1as Chilena, para conocer m\u00e1s de la cultura sorda en el pa\u00eds - Atacama","og_description":"El profesor Juan Luis Mar\u00edn, director del establecimiento Colegio de Sordos Dr. Jorge Otte Gabler, compartir\u00e1 una charla para aprender m\u00e1s del Lengua de Se\u00f1as y la cultura de la comunidad sorda en Chile, este jueves a las 19:00 horas por el canal de Youtube PAR Explora Atacama en su ciclo de charlas Ciencia Abierta.\u00a0","og_url":"https:\/\/dev.explora.cl\/atacama\/invitan-a-primera-charla-del-ciclo-ciencia-abierta-realizada-integramente-en-lengua-de-senas-chilena-para-conocer-mas-de-la-cultura-sorda-en-el-pais\/","og_site_name":"Atacama","article_published_time":"2020-10-14T18:07:46+00:00","article_modified_time":"2020-10-14T18:14:58+00:00","og_image":[{"width":960,"height":960,"url":"https:\/\/dev.explora.cl\/atacama\/wp-content\/uploads\/sites\/5\/2020\/10\/121568913_1695461837288534_1946131626982161756_n.jpg","type":"image\/jpeg"}],"author":"ExploraAtacama","twitter_card":"summary_large_image","twitter_misc":{"Escrito por":"ExploraAtacama","Tiempo estimado de lectura":"2 minutos"},"schema":{"@context":"https:\/\/schema.org","@graph":[{"@type":"Article","@id":"https:\/\/dev.explora.cl\/atacama\/invitan-a-primera-charla-del-ciclo-ciencia-abierta-realizada-integramente-en-lengua-de-senas-chilena-para-conocer-mas-de-la-cultura-sorda-en-el-pais\/#article","isPartOf":{"@id":"https:\/\/dev.explora.cl\/atacama\/invitan-a-primera-charla-del-ciclo-ciencia-abierta-realizada-integramente-en-lengua-de-senas-chilena-para-conocer-mas-de-la-cultura-sorda-en-el-pais\/"},"author":{"name":"ExploraAtacama","@id":"https:\/\/dev.explora.cl\/atacama\/#\/schema\/person\/1e89437dfd0db398617a5057c75b8bf3"},"headline":"Invitan a primera charla del ciclo Ciencia Abierta realizada \u00edntegramente en Lengua de Se\u00f1as Chilena, para conocer m\u00e1s de la cultura sorda en el pa\u00eds","datePublished":"2020-10-14T18:07:46+00:00","dateModified":"2020-10-14T18:14:58+00:00","mainEntityOfPage":{"@id":"https:\/\/dev.explora.cl\/atacama\/invitan-a-primera-charla-del-ciclo-ciencia-abierta-realizada-integramente-en-lengua-de-senas-chilena-para-conocer-mas-de-la-cultura-sorda-en-el-pais\/"},"wordCount":435,"commentCount":0,"image":{"@id":"https:\/\/dev.explora.cl\/atacama\/invitan-a-primera-charla-del-ciclo-ciencia-abierta-realizada-integramente-en-lengua-de-senas-chilena-para-conocer-mas-de-la-cultura-sorda-en-el-pais\/#primaryimage"},"thumbnailUrl":"https:\/\/dev.explora.cl\/atacama\/wp-content\/uploads\/sites\/5\/2020\/10\/121568913_1695461837288534_1946131626982161756_n.jpg","articleSection":["Lugar 4"],"inLanguage":"es-CL","potentialAction":[{"@type":"CommentAction","name":"Comment","target":["https:\/\/dev.explora.cl\/atacama\/invitan-a-primera-charla-del-ciclo-ciencia-abierta-realizada-integramente-en-lengua-de-senas-chilena-para-conocer-mas-de-la-cultura-sorda-en-el-pais\/#respond"]}]},{"@type":"WebPage","@id":"https:\/\/dev.explora.cl\/atacama\/invitan-a-primera-charla-del-ciclo-ciencia-abierta-realizada-integramente-en-lengua-de-senas-chilena-para-conocer-mas-de-la-cultura-sorda-en-el-pais\/","url":"https:\/\/dev.explora.cl\/atacama\/invitan-a-primera-charla-del-ciclo-ciencia-abierta-realizada-integramente-en-lengua-de-senas-chilena-para-conocer-mas-de-la-cultura-sorda-en-el-pais\/","name":"Invitan a primera charla del ciclo Ciencia Abierta realizada \u00edntegramente en Lengua de Se\u00f1as Chilena, para conocer m\u00e1s de la cultura sorda en el pa\u00eds - Atacama","isPartOf":{"@id":"https:\/\/dev.explora.cl\/atacama\/#website"},"primaryImageOfPage":{"@id":"https:\/\/dev.explora.cl\/atacama\/invitan-a-primera-charla-del-ciclo-ciencia-abierta-realizada-integramente-en-lengua-de-senas-chilena-para-conocer-mas-de-la-cultura-sorda-en-el-pais\/#primaryimage"},"image":{"@id":"https:\/\/dev.explora.cl\/atacama\/invitan-a-primera-charla-del-ciclo-ciencia-abierta-realizada-integramente-en-lengua-de-senas-chilena-para-conocer-mas-de-la-cultura-sorda-en-el-pais\/#primaryimage"},"thumbnailUrl":"https:\/\/dev.explora.cl\/atacama\/wp-content\/uploads\/sites\/5\/2020\/10\/121568913_1695461837288534_1946131626982161756_n.jpg","datePublished":"2020-10-14T18:07:46+00:00","dateModified":"2020-10-14T18:14:58+00:00","author":{"@id":"https:\/\/dev.explora.cl\/atacama\/#\/schema\/person\/1e89437dfd0db398617a5057c75b8bf3"},"breadcrumb":{"@id":"https:\/\/dev.explora.cl\/atacama\/invitan-a-primera-charla-del-ciclo-ciencia-abierta-realizada-integramente-en-lengua-de-senas-chilena-para-conocer-mas-de-la-cultura-sorda-en-el-pais\/#breadcrumb"},"inLanguage":"es-CL","potentialAction":[{"@type":"ReadAction","target":["https:\/\/dev.explora.cl\/atacama\/invitan-a-primera-charla-del-ciclo-ciencia-abierta-realizada-integramente-en-lengua-de-senas-chilena-para-conocer-mas-de-la-cultura-sorda-en-el-pais\/"]}]},{"@type":"ImageObject","inLanguage":"es-CL","@id":"https:\/\/dev.explora.cl\/atacama\/invitan-a-primera-charla-del-ciclo-ciencia-abierta-realizada-integramente-en-lengua-de-senas-chilena-para-conocer-mas-de-la-cultura-sorda-en-el-pais\/#primaryimage","url":"https:\/\/dev.explora.cl\/atacama\/wp-content\/uploads\/sites\/5\/2020\/10\/121568913_1695461837288534_1946131626982161756_n.jpg","contentUrl":"https:\/\/dev.explora.cl\/atacama\/wp-content\/uploads\/sites\/5\/2020\/10\/121568913_1695461837288534_1946131626982161756_n.jpg","width":960,"height":960},{"@type":"BreadcrumbList","@id":"https:\/\/dev.explora.cl\/atacama\/invitan-a-primera-charla-del-ciclo-ciencia-abierta-realizada-integramente-en-lengua-de-senas-chilena-para-conocer-mas-de-la-cultura-sorda-en-el-pais\/#breadcrumb","itemListElement":[{"@type":"ListItem","position":1,"name":"Portada","item":"https:\/\/dev.explora.cl\/atacama\/"},{"@type":"ListItem","position":2,"name":"Invitan a primera charla del ciclo Ciencia Abierta realizada \u00edntegramente en Lengua de Se\u00f1as Chilena, para conocer m\u00e1s de la cultura sorda en el pa\u00eds"}]},{"@type":"WebSite","@id":"https:\/\/dev.explora.cl\/atacama\/#website","url":"https:\/\/dev.explora.cl\/atacama\/","name":"Atacama","description":"Otro sitio m\u00e1s de dev.explora.cl","potentialAction":[{"@type":"SearchAction","target":{"@type":"EntryPoint","urlTemplate":"https:\/\/dev.explora.cl\/atacama\/?s={search_term_string}"},"query-input":{"@type":"PropertyValueSpecification","valueRequired":true,"valueName":"search_term_string"}}],"inLanguage":"es-CL"},{"@type":"Person","@id":"https:\/\/dev.explora.cl\/atacama\/#\/schema\/person\/1e89437dfd0db398617a5057c75b8bf3","name":"ExploraAtacama","image":{"@type":"ImageObject","inLanguage":"es-CL","@id":"https:\/\/dev.explora.cl\/atacama\/#\/schema\/person\/image\/","url":"https:\/\/secure.gravatar.com\/avatar\/2e2fd819b7985a746e8ea39b36909cf1a17dc034046e230e83eb1534d0a52b24?s=96&d=mm&r=g","contentUrl":"https:\/\/secure.gravatar.com\/avatar\/2e2fd819b7985a746e8ea39b36909cf1a17dc034046e230e83eb1534d0a52b24?s=96&d=mm&r=g","caption":"ExploraAtacama"},"url":"https:\/\/dev.explora.cl\/atacama\/author\/dortiz\/"}]}},"_links":{"self":[{"href":"https:\/\/dev.explora.cl\/atacama\/wp-json\/wp\/v2\/posts\/38996","targetHints":{"allow":["GET"]}}],"collection":[{"href":"https:\/\/dev.explora.cl\/atacama\/wp-json\/wp\/v2\/posts"}],"about":[{"href":"https:\/\/dev.explora.cl\/atacama\/wp-json\/wp\/v2\/types\/post"}],"author":[{"embeddable":true,"href":"https:\/\/dev.explora.cl\/atacama\/wp-json\/wp\/v2\/users\/20"}],"replies":[{"embeddable":true,"href":"https:\/\/dev.explora.cl\/atacama\/wp-json\/wp\/v2\/comments?post=38996"}],"version-history":[{"count":1,"href":"https:\/\/dev.explora.cl\/atacama\/wp-json\/wp\/v2\/posts\/38996\/revisions"}],"predecessor-version":[{"id":38997,"href":"https:\/\/dev.explora.cl\/atacama\/wp-json\/wp\/v2\/posts\/38996\/revisions\/38997"}],"wp:featuredmedia":[{"embeddable":true,"href":"https:\/\/dev.explora.cl\/atacama\/wp-json\/wp\/v2\/media\/38994"}],"wp:attachment":[{"href":"https:\/\/dev.explora.cl\/atacama\/wp-json\/wp\/v2\/media?parent=38996"}],"wp:term":[{"taxonomy":"category","embeddable":true,"href":"https:\/\/dev.explora.cl\/atacama\/wp-json\/wp\/v2\/categories?post=38996"},{"taxonomy":"post_tag","embeddable":true,"href":"https:\/\/dev.explora.cl\/atacama\/wp-json\/wp\/v2\/tags?post=38996"}],"curies":[{"name":"wp","href":"https:\/\/api.w.org\/{rel}","templated":true}]}}