{"id":38797,"date":"2020-06-28T12:04:45","date_gmt":"2020-06-28T16:04:45","guid":{"rendered":"https:\/\/dev.explora.cl\/atacama\/?p=38797"},"modified":"2020-06-28T12:07:15","modified_gmt":"2020-06-28T16:07:15","slug":"academico-explicara-las-relaciones-entre-el-desierto-de-atacama-y-el-continente-antartico","status":"publish","type":"post","link":"https:\/\/dev.explora.cl\/atacama\/academico-explicara-las-relaciones-entre-el-desierto-de-atacama-y-el-continente-antartico\/","title":{"rendered":"Acad\u00e9mico explicar\u00e1 las relaciones entre el Desierto de Atacama y el continente Ant\u00e1rtico\u00a0"},"content":{"rendered":"<p><span style=\"color: #339966\"><strong>Una colaboraci\u00f3n entre el PAR Explora Magallanes y el PAR Explora Atacama permitir\u00e1 aprender sobre la desconocida relaci\u00f3n entre la Ant\u00e1rtica y Atacama, con una charla cient\u00edfica a cargo del docente magall\u00e1nico, Alfredo Soto. La charla, en formato\u00a0<em>on line\u00a0<\/em>se efectuar\u00e1 este 1 de julio y podr\u00e1s seguirla por internet.\u00a0<\/strong><\/span><\/p>\n<p>\u201cDel fr\u00edo al calor: visitando desiertos\u201d es el nombre de la charla que efectuar\u00e1 Alfredo Soto Ortega, docente de la Universidad de Magallanes y coordinador de Vinculaci\u00f3n con el Medio del Centro de Investigaci\u00f3n GAIA Ant\u00e1rtica, donde explicar\u00e1 las relaciones entre el Desierto de Atacama y el desierto helado que constituye la Ant\u00e1rtica. \u00bfC\u00f3mo se relacionan? Si bien est\u00e1n muy lejos entre s\u00ed, se tocan en muchos aspectos ambos territorios.<\/p>\n<p>La actividad es organizada por el PAR Explora Atacama en conjunto con el PAR Explora Magallanes -pertenecientes al Ministerio de Ciencia, Tecnolog\u00eda, Conocimiento, e Innovaci\u00f3n- ambos ejecutados por la Universidad de Atacama y la Universidad de Magallanes, respectivamente.<\/p>\n<p>La directora del\u00a0<strong>PAR Explora Magallanes,\u00a0<\/strong><strong>Claudia Salinas<\/strong>,coment\u00f3 que \u201ceste tipo de charlas permiten que p\u00fablicos de lugares fuera de nuestra regi\u00f3n puedan conocer nuestro territorio y compararlo con la realidad que viven. Es incre\u00edble c\u00f3mo dos lugares tan lejanos como la Ant\u00e1rtica y el desierto de Atacama tienen tantas similitudes, algo que podr\u00e1n ver en detalle en el\u00a0<em>streaming<\/em>de este mi\u00e9rcoles\u201d.<\/p>\n<p>Por su parte el director del <strong>PAR Explora Atacama Cristi\u00e1n Galaz Esquivel<\/strong>, invit\u00f3 a sumarse a esta actividad, manifestando que \u201cestamos s\u00faper contentos de invitar a la comunidad a sumarse a este encuentro colaborativo con nuestros nuestros amigos y amigas del extremo sur. Durante este a\u00f1o desarrollaremos muchas actividades y entregaremos contenidos de manera virtual, lo cual que nos dar\u00e1 acceso a contar con colaboraciones desde otros puntos de Chile\u201d.<\/p>\n<p><span style=\"color: #339966\"><strong>Ant\u00e1rtica y Atacama: desiertos.<\/strong><\/span><\/p>\n<p>A su vez, el Profesor Alfredo Soto Ortega se\u00f1al\u00f3 sobre la actividad que: \u201cEstoy contento de participar con ustedes en Atacama, y obviamente esperemos que las expectativas que, por los menos m\u00edas,\u00a0son bastante altas con respecto a tener la posibilidad de entregar estos conocimientos de acuerdo a mi experiencia. As\u00ed que est\u00e1n todos invitados\u201d; el docente adem\u00e1s agreg\u00f3 sobre la relaci\u00f3n entre ambos territorios que: \u201cEs muy curioso cuando se tocan estos temas y el saber que el planeta es un sistema integrado, es decir muchos de sus ambientes no son importantes por s\u00ed solos, sino que dependen de otros ambientes, es la vida de la naturaleza la que nos ense\u00f1a esto y hay que estar muy atento\u00a0porque as\u00ed comprendemos mejor todas las dificultades o problemas que podamos tener en el futuro y las que estamos viviendo actualmente\u201d, esto sobre las m\u00faltiples relaciones que hay entre Atacama y la Ant\u00e1rtica.<\/p>\n<p>Sobre este \u00faltimo punto, el acad\u00e9mico nos explica que tanto la Ant\u00e1rtica como Atacama son desiertos: \u201cExisten los desiertos polares, en este caso la Ant\u00e1rtica es un desierto absoluto, tambi\u00e9n tiene caracter\u00edsticas muy propias, que le da esta condici\u00f3n en que la vida no se da f\u00e1cilmente en estos territorios, sobretodo en el interior\u201d.<\/p>\n<p>La charla se realizar\u00e1 a las\u00a0<strong>18:00 horas en hora continental y a las 19:00 horas de Magallanes y la Ant\u00e1rtica chilena<\/strong>. Estar\u00e1 disponible a trav\u00e9s del\u00a0<em>fan page\u00a0<\/em>del<span style=\"text-decoration: underline\"><span style=\"color: #008000\"><strong> PAR Explora Atacama <\/strong><\/span><\/span>(b\u00fascalo con ese nombre en Facebook) y el canal de Youtube de PAR Explora Magallanes (youtube: PAR Explora Magallanes).<\/p>\n<p>&nbsp;<\/p>\n","protected":false},"excerpt":{"rendered":"<p>Una colaboraci\u00f3n entre el PAR Explora Magallanes y el PAR Explora Atacama permitir\u00e1 aprender sobre la desconocida relaci\u00f3n entre la Ant\u00e1rtica y Atacama, con una charla cient\u00edfica a cargo del docente magall\u00e1nico, Alfredo Soto. La charla, en formato\u00a0on line\u00a0se efectuar\u00e1 este 1 de julio y podr\u00e1s seguirla por internet.\u00a0<\/p>\n","protected":false},"author":20,"featured_media":38799,"comment_status":"open","ping_status":"open","sticky":false,"template":"","format":"standard","meta":{"_acf_changed":false,"_exactmetrics_skip_tracking":false,"_exactmetrics_sitenote_active":false,"_exactmetrics_sitenote_note":"","_exactmetrics_sitenote_category":0,"footnotes":"","_links_to":"","_links_to_target":""},"categories":[139],"tags":[],"class_list":["post-38797","post","type-post","status-publish","format-standard","has-post-thumbnail","hentry","category-lugar-4"],"acf":[],"yoast_head":"<!-- This site is optimized with the Yoast SEO plugin v26.7 - https:\/\/yoast.com\/wordpress\/plugins\/seo\/ -->\n<title>Acad\u00e9mico explicar\u00e1 las relaciones entre el Desierto de Atacama y el continente Ant\u00e1rtico\u00a0 - Atacama<\/title>\n<meta name=\"robots\" content=\"index, follow, max-snippet:-1, max-image-preview:large, max-video-preview:-1\" \/>\n<link rel=\"canonical\" href=\"https:\/\/dev.explora.cl\/atacama\/academico-explicara-las-relaciones-entre-el-desierto-de-atacama-y-el-continente-antartico\/\" class=\"yoast-seo-meta-tag\" \/>\n<meta property=\"og:locale\" content=\"es_ES\" class=\"yoast-seo-meta-tag\" \/>\n<meta property=\"og:type\" content=\"article\" class=\"yoast-seo-meta-tag\" \/>\n<meta property=\"og:title\" content=\"Acad\u00e9mico explicar\u00e1 las relaciones entre el Desierto de Atacama y el continente Ant\u00e1rtico\u00a0 - Atacama\" class=\"yoast-seo-meta-tag\" \/>\n<meta property=\"og:description\" content=\"Una colaboraci\u00f3n entre el PAR Explora Magallanes y el PAR Explora Atacama permitir\u00e1 aprender sobre la desconocida relaci\u00f3n entre la Ant\u00e1rtica y Atacama, con una charla cient\u00edfica a cargo del docente magall\u00e1nico, Alfredo Soto. La charla, en formato\u00a0on line\u00a0se efectuar\u00e1 este 1 de julio y podr\u00e1s seguirla por internet.\u00a0\" class=\"yoast-seo-meta-tag\" \/>\n<meta property=\"og:url\" content=\"https:\/\/dev.explora.cl\/atacama\/academico-explicara-las-relaciones-entre-el-desierto-de-atacama-y-el-continente-antartico\/\" class=\"yoast-seo-meta-tag\" \/>\n<meta property=\"og:site_name\" content=\"Atacama\" class=\"yoast-seo-meta-tag\" \/>\n<meta property=\"article:published_time\" content=\"2020-06-28T16:04:45+00:00\" class=\"yoast-seo-meta-tag\" \/>\n<meta property=\"article:modified_time\" content=\"2020-06-28T16:07:15+00:00\" class=\"yoast-seo-meta-tag\" \/>\n<meta property=\"og:image\" content=\"https:\/\/dev.explora.cl\/atacama\/wp-content\/uploads\/sites\/5\/2020\/06\/alfredo-soto-.jpg\" class=\"yoast-seo-meta-tag\" \/>\n\t<meta property=\"og:image:width\" content=\"1280\" class=\"yoast-seo-meta-tag\" \/>\n\t<meta property=\"og:image:height\" content=\"720\" class=\"yoast-seo-meta-tag\" \/>\n\t<meta property=\"og:image:type\" content=\"image\/jpeg\" class=\"yoast-seo-meta-tag\" \/>\n<meta name=\"author\" content=\"ExploraAtacama\" class=\"yoast-seo-meta-tag\" \/>\n<meta name=\"twitter:card\" content=\"summary_large_image\" class=\"yoast-seo-meta-tag\" \/>\n<meta name=\"twitter:label1\" content=\"Escrito por\" class=\"yoast-seo-meta-tag\" \/>\n\t<meta name=\"twitter:data1\" content=\"ExploraAtacama\" class=\"yoast-seo-meta-tag\" \/>\n\t<meta name=\"twitter:label2\" content=\"Tiempo estimado de lectura\" class=\"yoast-seo-meta-tag\" \/>\n\t<meta name=\"twitter:data2\" content=\"3 minutos\" class=\"yoast-seo-meta-tag\" \/>\n<script type=\"application\/ld+json\" class=\"yoast-schema-graph\">{\"@context\":\"https:\/\/schema.org\",\"@graph\":[{\"@type\":\"Article\",\"@id\":\"https:\/\/dev.explora.cl\/atacama\/academico-explicara-las-relaciones-entre-el-desierto-de-atacama-y-el-continente-antartico\/#article\",\"isPartOf\":{\"@id\":\"https:\/\/dev.explora.cl\/atacama\/academico-explicara-las-relaciones-entre-el-desierto-de-atacama-y-el-continente-antartico\/\"},\"author\":{\"name\":\"ExploraAtacama\",\"@id\":\"https:\/\/dev.explora.cl\/atacama\/#\/schema\/person\/1e89437dfd0db398617a5057c75b8bf3\"},\"headline\":\"Acad\u00e9mico explicar\u00e1 las relaciones entre el Desierto de Atacama y el continente Ant\u00e1rtico\u00a0\",\"datePublished\":\"2020-06-28T16:04:45+00:00\",\"dateModified\":\"2020-06-28T16:07:15+00:00\",\"mainEntityOfPage\":{\"@id\":\"https:\/\/dev.explora.cl\/atacama\/academico-explicara-las-relaciones-entre-el-desierto-de-atacama-y-el-continente-antartico\/\"},\"wordCount\":611,\"commentCount\":0,\"image\":{\"@id\":\"https:\/\/dev.explora.cl\/atacama\/academico-explicara-las-relaciones-entre-el-desierto-de-atacama-y-el-continente-antartico\/#primaryimage\"},\"thumbnailUrl\":\"https:\/\/dev.explora.cl\/atacama\/wp-content\/uploads\/sites\/5\/2020\/06\/alfredo-soto-.jpg\",\"articleSection\":[\"Lugar 4\"],\"inLanguage\":\"es-CL\",\"potentialAction\":[{\"@type\":\"CommentAction\",\"name\":\"Comment\",\"target\":[\"https:\/\/dev.explora.cl\/atacama\/academico-explicara-las-relaciones-entre-el-desierto-de-atacama-y-el-continente-antartico\/#respond\"]}]},{\"@type\":\"WebPage\",\"@id\":\"https:\/\/dev.explora.cl\/atacama\/academico-explicara-las-relaciones-entre-el-desierto-de-atacama-y-el-continente-antartico\/\",\"url\":\"https:\/\/dev.explora.cl\/atacama\/academico-explicara-las-relaciones-entre-el-desierto-de-atacama-y-el-continente-antartico\/\",\"name\":\"Acad\u00e9mico explicar\u00e1 las relaciones entre el Desierto de Atacama y el continente Ant\u00e1rtico\u00a0 - Atacama\",\"isPartOf\":{\"@id\":\"https:\/\/dev.explora.cl\/atacama\/#website\"},\"primaryImageOfPage\":{\"@id\":\"https:\/\/dev.explora.cl\/atacama\/academico-explicara-las-relaciones-entre-el-desierto-de-atacama-y-el-continente-antartico\/#primaryimage\"},\"image\":{\"@id\":\"https:\/\/dev.explora.cl\/atacama\/academico-explicara-las-relaciones-entre-el-desierto-de-atacama-y-el-continente-antartico\/#primaryimage\"},\"thumbnailUrl\":\"https:\/\/dev.explora.cl\/atacama\/wp-content\/uploads\/sites\/5\/2020\/06\/alfredo-soto-.jpg\",\"datePublished\":\"2020-06-28T16:04:45+00:00\",\"dateModified\":\"2020-06-28T16:07:15+00:00\",\"author\":{\"@id\":\"https:\/\/dev.explora.cl\/atacama\/#\/schema\/person\/1e89437dfd0db398617a5057c75b8bf3\"},\"breadcrumb\":{\"@id\":\"https:\/\/dev.explora.cl\/atacama\/academico-explicara-las-relaciones-entre-el-desierto-de-atacama-y-el-continente-antartico\/#breadcrumb\"},\"inLanguage\":\"es-CL\",\"potentialAction\":[{\"@type\":\"ReadAction\",\"target\":[\"https:\/\/dev.explora.cl\/atacama\/academico-explicara-las-relaciones-entre-el-desierto-de-atacama-y-el-continente-antartico\/\"]}]},{\"@type\":\"ImageObject\",\"inLanguage\":\"es-CL\",\"@id\":\"https:\/\/dev.explora.cl\/atacama\/academico-explicara-las-relaciones-entre-el-desierto-de-atacama-y-el-continente-antartico\/#primaryimage\",\"url\":\"https:\/\/dev.explora.cl\/atacama\/wp-content\/uploads\/sites\/5\/2020\/06\/alfredo-soto-.jpg\",\"contentUrl\":\"https:\/\/dev.explora.cl\/atacama\/wp-content\/uploads\/sites\/5\/2020\/06\/alfredo-soto-.jpg\",\"width\":1280,\"height\":720},{\"@type\":\"BreadcrumbList\",\"@id\":\"https:\/\/dev.explora.cl\/atacama\/academico-explicara-las-relaciones-entre-el-desierto-de-atacama-y-el-continente-antartico\/#breadcrumb\",\"itemListElement\":[{\"@type\":\"ListItem\",\"position\":1,\"name\":\"Portada\",\"item\":\"https:\/\/dev.explora.cl\/atacama\/\"},{\"@type\":\"ListItem\",\"position\":2,\"name\":\"Acad\u00e9mico explicar\u00e1 las relaciones entre el Desierto de Atacama y el continente Ant\u00e1rtico\u00a0\"}]},{\"@type\":\"WebSite\",\"@id\":\"https:\/\/dev.explora.cl\/atacama\/#website\",\"url\":\"https:\/\/dev.explora.cl\/atacama\/\",\"name\":\"Atacama\",\"description\":\"Otro sitio m\u00e1s de dev.explora.cl\",\"potentialAction\":[{\"@type\":\"SearchAction\",\"target\":{\"@type\":\"EntryPoint\",\"urlTemplate\":\"https:\/\/dev.explora.cl\/atacama\/?s={search_term_string}\"},\"query-input\":{\"@type\":\"PropertyValueSpecification\",\"valueRequired\":true,\"valueName\":\"search_term_string\"}}],\"inLanguage\":\"es-CL\"},{\"@type\":\"Person\",\"@id\":\"https:\/\/dev.explora.cl\/atacama\/#\/schema\/person\/1e89437dfd0db398617a5057c75b8bf3\",\"name\":\"ExploraAtacama\",\"image\":{\"@type\":\"ImageObject\",\"inLanguage\":\"es-CL\",\"@id\":\"https:\/\/dev.explora.cl\/atacama\/#\/schema\/person\/image\/\",\"url\":\"https:\/\/secure.gravatar.com\/avatar\/2e2fd819b7985a746e8ea39b36909cf1a17dc034046e230e83eb1534d0a52b24?s=96&d=mm&r=g\",\"contentUrl\":\"https:\/\/secure.gravatar.com\/avatar\/2e2fd819b7985a746e8ea39b36909cf1a17dc034046e230e83eb1534d0a52b24?s=96&d=mm&r=g\",\"caption\":\"ExploraAtacama\"},\"url\":\"https:\/\/dev.explora.cl\/atacama\/author\/dortiz\/\"}]}<\/script>\n<!-- \/ Yoast SEO plugin. -->","yoast_head_json":{"title":"Acad\u00e9mico explicar\u00e1 las relaciones entre el Desierto de Atacama y el continente Ant\u00e1rtico\u00a0 - Atacama","robots":{"index":"index","follow":"follow","max-snippet":"max-snippet:-1","max-image-preview":"max-image-preview:large","max-video-preview":"max-video-preview:-1"},"canonical":"https:\/\/dev.explora.cl\/atacama\/academico-explicara-las-relaciones-entre-el-desierto-de-atacama-y-el-continente-antartico\/","og_locale":"es_ES","og_type":"article","og_title":"Acad\u00e9mico explicar\u00e1 las relaciones entre el Desierto de Atacama y el continente Ant\u00e1rtico\u00a0 - Atacama","og_description":"Una colaboraci\u00f3n entre el PAR Explora Magallanes y el PAR Explora Atacama permitir\u00e1 aprender sobre la desconocida relaci\u00f3n entre la Ant\u00e1rtica y Atacama, con una charla cient\u00edfica a cargo del docente magall\u00e1nico, Alfredo Soto. La charla, en formato\u00a0on line\u00a0se efectuar\u00e1 este 1 de julio y podr\u00e1s seguirla por internet.\u00a0","og_url":"https:\/\/dev.explora.cl\/atacama\/academico-explicara-las-relaciones-entre-el-desierto-de-atacama-y-el-continente-antartico\/","og_site_name":"Atacama","article_published_time":"2020-06-28T16:04:45+00:00","article_modified_time":"2020-06-28T16:07:15+00:00","og_image":[{"width":1280,"height":720,"url":"https:\/\/dev.explora.cl\/atacama\/wp-content\/uploads\/sites\/5\/2020\/06\/alfredo-soto-.jpg","type":"image\/jpeg"}],"author":"ExploraAtacama","twitter_card":"summary_large_image","twitter_misc":{"Escrito por":"ExploraAtacama","Tiempo estimado de lectura":"3 minutos"},"schema":{"@context":"https:\/\/schema.org","@graph":[{"@type":"Article","@id":"https:\/\/dev.explora.cl\/atacama\/academico-explicara-las-relaciones-entre-el-desierto-de-atacama-y-el-continente-antartico\/#article","isPartOf":{"@id":"https:\/\/dev.explora.cl\/atacama\/academico-explicara-las-relaciones-entre-el-desierto-de-atacama-y-el-continente-antartico\/"},"author":{"name":"ExploraAtacama","@id":"https:\/\/dev.explora.cl\/atacama\/#\/schema\/person\/1e89437dfd0db398617a5057c75b8bf3"},"headline":"Acad\u00e9mico explicar\u00e1 las relaciones entre el Desierto de Atacama y el continente Ant\u00e1rtico\u00a0","datePublished":"2020-06-28T16:04:45+00:00","dateModified":"2020-06-28T16:07:15+00:00","mainEntityOfPage":{"@id":"https:\/\/dev.explora.cl\/atacama\/academico-explicara-las-relaciones-entre-el-desierto-de-atacama-y-el-continente-antartico\/"},"wordCount":611,"commentCount":0,"image":{"@id":"https:\/\/dev.explora.cl\/atacama\/academico-explicara-las-relaciones-entre-el-desierto-de-atacama-y-el-continente-antartico\/#primaryimage"},"thumbnailUrl":"https:\/\/dev.explora.cl\/atacama\/wp-content\/uploads\/sites\/5\/2020\/06\/alfredo-soto-.jpg","articleSection":["Lugar 4"],"inLanguage":"es-CL","potentialAction":[{"@type":"CommentAction","name":"Comment","target":["https:\/\/dev.explora.cl\/atacama\/academico-explicara-las-relaciones-entre-el-desierto-de-atacama-y-el-continente-antartico\/#respond"]}]},{"@type":"WebPage","@id":"https:\/\/dev.explora.cl\/atacama\/academico-explicara-las-relaciones-entre-el-desierto-de-atacama-y-el-continente-antartico\/","url":"https:\/\/dev.explora.cl\/atacama\/academico-explicara-las-relaciones-entre-el-desierto-de-atacama-y-el-continente-antartico\/","name":"Acad\u00e9mico explicar\u00e1 las relaciones entre el Desierto de Atacama y el continente Ant\u00e1rtico\u00a0 - Atacama","isPartOf":{"@id":"https:\/\/dev.explora.cl\/atacama\/#website"},"primaryImageOfPage":{"@id":"https:\/\/dev.explora.cl\/atacama\/academico-explicara-las-relaciones-entre-el-desierto-de-atacama-y-el-continente-antartico\/#primaryimage"},"image":{"@id":"https:\/\/dev.explora.cl\/atacama\/academico-explicara-las-relaciones-entre-el-desierto-de-atacama-y-el-continente-antartico\/#primaryimage"},"thumbnailUrl":"https:\/\/dev.explora.cl\/atacama\/wp-content\/uploads\/sites\/5\/2020\/06\/alfredo-soto-.jpg","datePublished":"2020-06-28T16:04:45+00:00","dateModified":"2020-06-28T16:07:15+00:00","author":{"@id":"https:\/\/dev.explora.cl\/atacama\/#\/schema\/person\/1e89437dfd0db398617a5057c75b8bf3"},"breadcrumb":{"@id":"https:\/\/dev.explora.cl\/atacama\/academico-explicara-las-relaciones-entre-el-desierto-de-atacama-y-el-continente-antartico\/#breadcrumb"},"inLanguage":"es-CL","potentialAction":[{"@type":"ReadAction","target":["https:\/\/dev.explora.cl\/atacama\/academico-explicara-las-relaciones-entre-el-desierto-de-atacama-y-el-continente-antartico\/"]}]},{"@type":"ImageObject","inLanguage":"es-CL","@id":"https:\/\/dev.explora.cl\/atacama\/academico-explicara-las-relaciones-entre-el-desierto-de-atacama-y-el-continente-antartico\/#primaryimage","url":"https:\/\/dev.explora.cl\/atacama\/wp-content\/uploads\/sites\/5\/2020\/06\/alfredo-soto-.jpg","contentUrl":"https:\/\/dev.explora.cl\/atacama\/wp-content\/uploads\/sites\/5\/2020\/06\/alfredo-soto-.jpg","width":1280,"height":720},{"@type":"BreadcrumbList","@id":"https:\/\/dev.explora.cl\/atacama\/academico-explicara-las-relaciones-entre-el-desierto-de-atacama-y-el-continente-antartico\/#breadcrumb","itemListElement":[{"@type":"ListItem","position":1,"name":"Portada","item":"https:\/\/dev.explora.cl\/atacama\/"},{"@type":"ListItem","position":2,"name":"Acad\u00e9mico explicar\u00e1 las relaciones entre el Desierto de Atacama y el continente Ant\u00e1rtico\u00a0"}]},{"@type":"WebSite","@id":"https:\/\/dev.explora.cl\/atacama\/#website","url":"https:\/\/dev.explora.cl\/atacama\/","name":"Atacama","description":"Otro sitio m\u00e1s de dev.explora.cl","potentialAction":[{"@type":"SearchAction","target":{"@type":"EntryPoint","urlTemplate":"https:\/\/dev.explora.cl\/atacama\/?s={search_term_string}"},"query-input":{"@type":"PropertyValueSpecification","valueRequired":true,"valueName":"search_term_string"}}],"inLanguage":"es-CL"},{"@type":"Person","@id":"https:\/\/dev.explora.cl\/atacama\/#\/schema\/person\/1e89437dfd0db398617a5057c75b8bf3","name":"ExploraAtacama","image":{"@type":"ImageObject","inLanguage":"es-CL","@id":"https:\/\/dev.explora.cl\/atacama\/#\/schema\/person\/image\/","url":"https:\/\/secure.gravatar.com\/avatar\/2e2fd819b7985a746e8ea39b36909cf1a17dc034046e230e83eb1534d0a52b24?s=96&d=mm&r=g","contentUrl":"https:\/\/secure.gravatar.com\/avatar\/2e2fd819b7985a746e8ea39b36909cf1a17dc034046e230e83eb1534d0a52b24?s=96&d=mm&r=g","caption":"ExploraAtacama"},"url":"https:\/\/dev.explora.cl\/atacama\/author\/dortiz\/"}]}},"_links":{"self":[{"href":"https:\/\/dev.explora.cl\/atacama\/wp-json\/wp\/v2\/posts\/38797","targetHints":{"allow":["GET"]}}],"collection":[{"href":"https:\/\/dev.explora.cl\/atacama\/wp-json\/wp\/v2\/posts"}],"about":[{"href":"https:\/\/dev.explora.cl\/atacama\/wp-json\/wp\/v2\/types\/post"}],"author":[{"embeddable":true,"href":"https:\/\/dev.explora.cl\/atacama\/wp-json\/wp\/v2\/users\/20"}],"replies":[{"embeddable":true,"href":"https:\/\/dev.explora.cl\/atacama\/wp-json\/wp\/v2\/comments?post=38797"}],"version-history":[{"count":4,"href":"https:\/\/dev.explora.cl\/atacama\/wp-json\/wp\/v2\/posts\/38797\/revisions"}],"predecessor-version":[{"id":38802,"href":"https:\/\/dev.explora.cl\/atacama\/wp-json\/wp\/v2\/posts\/38797\/revisions\/38802"}],"wp:featuredmedia":[{"embeddable":true,"href":"https:\/\/dev.explora.cl\/atacama\/wp-json\/wp\/v2\/media\/38799"}],"wp:attachment":[{"href":"https:\/\/dev.explora.cl\/atacama\/wp-json\/wp\/v2\/media?parent=38797"}],"wp:term":[{"taxonomy":"category","embeddable":true,"href":"https:\/\/dev.explora.cl\/atacama\/wp-json\/wp\/v2\/categories?post=38797"},{"taxonomy":"post_tag","embeddable":true,"href":"https:\/\/dev.explora.cl\/atacama\/wp-json\/wp\/v2\/tags?post=38797"}],"curies":[{"name":"wp","href":"https:\/\/api.w.org\/{rel}","templated":true}]}}