{"id":38789,"date":"2020-05-29T01:27:26","date_gmt":"2020-05-29T05:27:26","guid":{"rendered":"https:\/\/dev.explora.cl\/atacama\/?p=38789"},"modified":"2020-05-29T09:09:59","modified_gmt":"2020-05-29T13:09:59","slug":"en-la-celebracion-del-patrimonio-te-compartimos-algunas-actividades-de-esta-conmemoracion-en-atacama","status":"publish","type":"post","link":"https:\/\/dev.explora.cl\/atacama\/en-la-celebracion-del-patrimonio-te-compartimos-algunas-actividades-de-esta-conmemoracion-en-atacama\/","title":{"rendered":"En la celebraci\u00f3n  del patrimonio te compartimos algunas actividades de esta conmemoraci\u00f3n en Atacama"},"content":{"rendered":"<p><span style=\"color: #008000\"><strong>Los d\u00edas 29, 30 y 31 se celebra en todo Chile el D\u00eda del Patrimonio, y en Atacama te queremos compartir algunos datos de lo que tienen preparados los museos de la regi\u00f3n.<\/strong><\/span><\/p>\n<p style=\"text-align: center\"><span style=\"color: #008000\"><strong>Ciencias de la tierra \u2192<\/strong><\/span><\/p>\n<p>En Atacama tenemos un patrimonio geol\u00f3gico incre\u00edble. De ello dan muestra dos museos que est\u00e1n especializados en campos de las ciencias de la tierra: el Museo Paleontol\u00f3gico de Caldera y el Museo Mineral\u00f3gico de la Universidad de Atacama.<\/p>\n<p>Es desde la comuna costera, que prepararon varias actividades para esta fiesta del patrimonio. Marcela Cort\u00e9s, parte del equipo del Museo Paleontol\u00f3gico se\u00f1al\u00f3 sobre esta actividad que:\u00a0\u00a0\u201cLa Ilustre Municipalidad de Caldera a trav\u00e9s de sus \u00e1reas de museo, cultura y turismo est\u00e1 celebrando el d\u00eda del patrimonio y para eso por la contingencia se va a celebrar de una manera totalmente distinta y hemos decidido establecer un d\u00eda por cada unidad\u00bb.\u00a0Las actividades calderinas las puedes visitar siguiendo su <strong><a href=\"https:\/\/www.facebook.com\/mpcaldera\"><span style=\"color: #008000\">facebook.<\/span><\/a><\/strong><\/p>\n<p>Nos detalla por ejemplo que este viernes: \u00abTendremos un programa que consta de la emisi\u00f3n de un nuevo cap\u00edtulo de nuestra serie \u2018Entre megalodones` a las\u00a0<strong>11 de la ma\u00f1ana, luego a las 15<\/strong>\u00a0<strong>horas haremos un en vivo desde el Facebook de la instituci\u00f3n en que tendremos un recorrido por el Sitio Paleontol\u00f3gico Los Dedos\u00a0<\/strong>y a eso de las 18:00 horas la encargada de colecciones Romina Figueroa, realizar\u00e1 una charla sobre el patrimonio paleontol\u00f3gico de Caldera\u201d.<\/p>\n<p>Por su parte el <a href=\"https:\/\/www.facebook.com\/MuseoMineralogicoUDA\/\"><span style=\"color: #008000\"><strong>Museo Mineral\u00f3gico<\/strong><\/span> <\/a>de la Universidad de Atacama, que posee una interesante variedad de piezas y muestras minerales, compartir\u00e1 en sus redes sociales contenidos sobre geolog\u00eda. Paleobot\u00e1nica, meteoritos y geograf\u00eda son algunas de las materias que van a tratar.<\/p>\n<p style=\"text-align: center\"><span style=\"color: #008000\"><strong>Copiap\u00f3 y Vallenar<\/strong>\u2192<\/span><\/p>\n<p>Este a\u00f1o se abri\u00f3 la nueva versi\u00f3n remozada del <span style=\"color: #008000\"><a style=\"color: #008000\" href=\"https:\/\/www.facebook.com\/MuseodeVallenar\/\"><strong>Museo Provincial del Huasco &#8220;Alfonso Sanguinetti Mulet&#8221;<\/strong>,<\/a><\/span> que depende de la Ilustre Municipalidad de Vallenar. Este recinto tiene una gran variedad de muestras y su equipo ha levantado 12 iniciativas que cuentan con recorridos virtuales, charlas y contenidos durante los tres d\u00edas de celebraci\u00f3n.<\/p>\n<p>Ruth Guerrero, encargada del museo, nos explica sobre el trabajo que han preparado para este fin de semana:\u00a0\u201cdestaco las c\u00e1psulas audiovisuales en donde no solo se expondr\u00e1n las obras patrimoniales, sino que tambi\u00e9n ayudar\u00e1n a valorar el museo desde otra mirada y a destacar el trabajo colaborativo con los establecimientos educacionales de la Provincia del Huasco, en materia de educaci\u00f3n patrimonial con el llamado El Museo en tu Colegio, donde aportamos en actividades formativas relacionadas con el patrimonio y colecciones de nuestro museo, siendo aplicadas por ni\u00f1as y ni\u00f1os, siendo apoyados por sus docentes\u201d.<\/p>\n<p>En el museo se destaca la colecci\u00f3n arqueol\u00f3gica del Huasco, la encargada nos se\u00f1ala sobre ella que: &#8220;podemos destacar los ar\u00edbalos de la era inca-diaguita. Muchos de estos objetos destacan la presencia ind\u00edgena en el Valle del Huasco, que va desde Alto del Carmen hasta la comuna del puerto de Huasco&#8221;\u00a0y agrega: &#8220;el mapa provincial arqueol\u00f3gico como una marca de territorio ind\u00edgena y si ello a\u00fan falta mucho por revelar de nuestra identidad ind\u00edgena, faltan libros, falta investigaci\u00f3n y tem\u00e1ticas arqueol\u00f3gicas en la zona, para permitir a la comunidad lazos entre lo patrimonial y el arraigo de nuestro territorio&#8221;.<\/p>\n<p>Desde el Museo Regional de Atacama, ubicado en la ciudad de Copiap\u00f3, la invitaci\u00f3n es contactar o entrar a la plataforma de Facebook donde destacan dos actividades principales: una es un recorrido para conocer las salas y el museo, que tambi\u00e9n es una casa antiqu\u00edsima parte del patrimonio local. Estos recorridos estar\u00e1n publicados desde las 10 de la ma\u00f1ana en youtube y ser\u00e1n tambi\u00e9n colgados en el fan page del recinto.<\/p>\n<p>Felipe Farah, integrante equipo del <span style=\"color: #008000\"><a style=\"color: #008000\" href=\"https:\/\/www.facebook.com\/MusRegAtacama\/\"><strong>Museo Regional de Atacama<\/strong> <\/a><\/span>nos explica m\u00e1s sobre el car\u00e1cter cient\u00edfico de las piezas de este museo: \u201cTodos los objetos del museo son de inter\u00e9s cient\u00edfico, pues tanto las ciencias sociales como las ciencias naturales aplican criterios metodol\u00f3gicos en sus investigaciones, hablando de lo biol\u00f3gico, en el museo podemos encontrar piezas paleontol\u00f3gicas que se encuentran en dep\u00f3sitos y tambi\u00e9n muestras como el rosicler de plata, que es un mineral que se encuentra casi extinto. Por otro lado los animales pertenecientes a la colecci\u00f3n de nuestro museo, son relevantes por su rol pedag\u00f3gico principalmente\u201d.<\/p>\n","protected":false},"excerpt":{"rendered":"<p>Los d\u00edas 29, 30 y 31 se celebra en todo Chile el D\u00eda del Patrimonio, y en Atacama te queremos compartir algunos datos de lo que tienen preparados los museos de la regi\u00f3n.<\/p>\n","protected":false},"author":20,"featured_media":38716,"comment_status":"open","ping_status":"open","sticky":false,"template":"","format":"standard","meta":{"_acf_changed":false,"_exactmetrics_skip_tracking":false,"_exactmetrics_sitenote_active":false,"_exactmetrics_sitenote_note":"","_exactmetrics_sitenote_category":0,"footnotes":"","_links_to":"","_links_to_target":""},"categories":[140,1],"tags":[],"class_list":["post-38789","post","type-post","status-publish","format-standard","has-post-thumbnail","hentry","category-lugar-5","category-sin-categoria"],"acf":[],"yoast_head":"<!-- This site is optimized with the Yoast SEO plugin v26.7 - https:\/\/yoast.com\/wordpress\/plugins\/seo\/ -->\n<title>En la celebraci\u00f3n del patrimonio te compartimos algunas actividades de esta conmemoraci\u00f3n en Atacama - Atacama<\/title>\n<meta name=\"robots\" content=\"index, follow, max-snippet:-1, max-image-preview:large, max-video-preview:-1\" \/>\n<link rel=\"canonical\" href=\"https:\/\/dev.explora.cl\/atacama\/en-la-celebracion-del-patrimonio-te-compartimos-algunas-actividades-de-esta-conmemoracion-en-atacama\/\" class=\"yoast-seo-meta-tag\" \/>\n<meta property=\"og:locale\" content=\"es_ES\" class=\"yoast-seo-meta-tag\" \/>\n<meta property=\"og:type\" content=\"article\" class=\"yoast-seo-meta-tag\" \/>\n<meta property=\"og:title\" content=\"En la celebraci\u00f3n del patrimonio te compartimos algunas actividades de esta conmemoraci\u00f3n en Atacama - Atacama\" class=\"yoast-seo-meta-tag\" \/>\n<meta property=\"og:description\" content=\"Los d\u00edas 29, 30 y 31 se celebra en todo Chile el D\u00eda del Patrimonio, y en Atacama te queremos compartir algunos datos de lo que tienen preparados los museos de la regi\u00f3n.\" class=\"yoast-seo-meta-tag\" \/>\n<meta property=\"og:url\" content=\"https:\/\/dev.explora.cl\/atacama\/en-la-celebracion-del-patrimonio-te-compartimos-algunas-actividades-de-esta-conmemoracion-en-atacama\/\" class=\"yoast-seo-meta-tag\" \/>\n<meta property=\"og:site_name\" content=\"Atacama\" class=\"yoast-seo-meta-tag\" \/>\n<meta property=\"article:published_time\" content=\"2020-05-29T05:27:26+00:00\" class=\"yoast-seo-meta-tag\" \/>\n<meta property=\"article:modified_time\" content=\"2020-05-29T13:09:59+00:00\" class=\"yoast-seo-meta-tag\" \/>\n<meta property=\"og:image\" content=\"https:\/\/dev.explora.cl\/atacama\/wp-content\/uploads\/sites\/5\/2020\/01\/DSC_0981.jpg\" class=\"yoast-seo-meta-tag\" \/>\n\t<meta property=\"og:image:width\" content=\"1157\" class=\"yoast-seo-meta-tag\" \/>\n\t<meta property=\"og:image:height\" content=\"771\" class=\"yoast-seo-meta-tag\" \/>\n\t<meta property=\"og:image:type\" content=\"image\/jpeg\" class=\"yoast-seo-meta-tag\" \/>\n<meta name=\"author\" content=\"ExploraAtacama\" class=\"yoast-seo-meta-tag\" \/>\n<meta name=\"twitter:card\" content=\"summary_large_image\" class=\"yoast-seo-meta-tag\" \/>\n<meta name=\"twitter:label1\" content=\"Escrito por\" class=\"yoast-seo-meta-tag\" \/>\n\t<meta name=\"twitter:data1\" content=\"ExploraAtacama\" class=\"yoast-seo-meta-tag\" \/>\n\t<meta name=\"twitter:label2\" content=\"Tiempo estimado de lectura\" class=\"yoast-seo-meta-tag\" \/>\n\t<meta name=\"twitter:data2\" content=\"4 minutos\" class=\"yoast-seo-meta-tag\" \/>\n<script type=\"application\/ld+json\" class=\"yoast-schema-graph\">{\"@context\":\"https:\/\/schema.org\",\"@graph\":[{\"@type\":\"Article\",\"@id\":\"https:\/\/dev.explora.cl\/atacama\/en-la-celebracion-del-patrimonio-te-compartimos-algunas-actividades-de-esta-conmemoracion-en-atacama\/#article\",\"isPartOf\":{\"@id\":\"https:\/\/dev.explora.cl\/atacama\/en-la-celebracion-del-patrimonio-te-compartimos-algunas-actividades-de-esta-conmemoracion-en-atacama\/\"},\"author\":{\"name\":\"ExploraAtacama\",\"@id\":\"https:\/\/dev.explora.cl\/atacama\/#\/schema\/person\/1e89437dfd0db398617a5057c75b8bf3\"},\"headline\":\"En la celebraci\u00f3n del patrimonio te compartimos algunas actividades de esta conmemoraci\u00f3n en Atacama\",\"datePublished\":\"2020-05-29T05:27:26+00:00\",\"dateModified\":\"2020-05-29T13:09:59+00:00\",\"mainEntityOfPage\":{\"@id\":\"https:\/\/dev.explora.cl\/atacama\/en-la-celebracion-del-patrimonio-te-compartimos-algunas-actividades-de-esta-conmemoracion-en-atacama\/\"},\"wordCount\":770,\"commentCount\":0,\"image\":{\"@id\":\"https:\/\/dev.explora.cl\/atacama\/en-la-celebracion-del-patrimonio-te-compartimos-algunas-actividades-de-esta-conmemoracion-en-atacama\/#primaryimage\"},\"thumbnailUrl\":\"https:\/\/dev.explora.cl\/atacama\/wp-content\/uploads\/sites\/5\/2020\/01\/DSC_0981.jpg\",\"articleSection\":[\"Lugar 5\"],\"inLanguage\":\"es-CL\",\"potentialAction\":[{\"@type\":\"CommentAction\",\"name\":\"Comment\",\"target\":[\"https:\/\/dev.explora.cl\/atacama\/en-la-celebracion-del-patrimonio-te-compartimos-algunas-actividades-de-esta-conmemoracion-en-atacama\/#respond\"]}]},{\"@type\":\"WebPage\",\"@id\":\"https:\/\/dev.explora.cl\/atacama\/en-la-celebracion-del-patrimonio-te-compartimos-algunas-actividades-de-esta-conmemoracion-en-atacama\/\",\"url\":\"https:\/\/dev.explora.cl\/atacama\/en-la-celebracion-del-patrimonio-te-compartimos-algunas-actividades-de-esta-conmemoracion-en-atacama\/\",\"name\":\"En la celebraci\u00f3n del patrimonio te compartimos algunas actividades de esta conmemoraci\u00f3n en Atacama - Atacama\",\"isPartOf\":{\"@id\":\"https:\/\/dev.explora.cl\/atacama\/#website\"},\"primaryImageOfPage\":{\"@id\":\"https:\/\/dev.explora.cl\/atacama\/en-la-celebracion-del-patrimonio-te-compartimos-algunas-actividades-de-esta-conmemoracion-en-atacama\/#primaryimage\"},\"image\":{\"@id\":\"https:\/\/dev.explora.cl\/atacama\/en-la-celebracion-del-patrimonio-te-compartimos-algunas-actividades-de-esta-conmemoracion-en-atacama\/#primaryimage\"},\"thumbnailUrl\":\"https:\/\/dev.explora.cl\/atacama\/wp-content\/uploads\/sites\/5\/2020\/01\/DSC_0981.jpg\",\"datePublished\":\"2020-05-29T05:27:26+00:00\",\"dateModified\":\"2020-05-29T13:09:59+00:00\",\"author\":{\"@id\":\"https:\/\/dev.explora.cl\/atacama\/#\/schema\/person\/1e89437dfd0db398617a5057c75b8bf3\"},\"breadcrumb\":{\"@id\":\"https:\/\/dev.explora.cl\/atacama\/en-la-celebracion-del-patrimonio-te-compartimos-algunas-actividades-de-esta-conmemoracion-en-atacama\/#breadcrumb\"},\"inLanguage\":\"es-CL\",\"potentialAction\":[{\"@type\":\"ReadAction\",\"target\":[\"https:\/\/dev.explora.cl\/atacama\/en-la-celebracion-del-patrimonio-te-compartimos-algunas-actividades-de-esta-conmemoracion-en-atacama\/\"]}]},{\"@type\":\"ImageObject\",\"inLanguage\":\"es-CL\",\"@id\":\"https:\/\/dev.explora.cl\/atacama\/en-la-celebracion-del-patrimonio-te-compartimos-algunas-actividades-de-esta-conmemoracion-en-atacama\/#primaryimage\",\"url\":\"https:\/\/dev.explora.cl\/atacama\/wp-content\/uploads\/sites\/5\/2020\/01\/DSC_0981.jpg\",\"contentUrl\":\"https:\/\/dev.explora.cl\/atacama\/wp-content\/uploads\/sites\/5\/2020\/01\/DSC_0981.jpg\",\"width\":1157,\"height\":771},{\"@type\":\"BreadcrumbList\",\"@id\":\"https:\/\/dev.explora.cl\/atacama\/en-la-celebracion-del-patrimonio-te-compartimos-algunas-actividades-de-esta-conmemoracion-en-atacama\/#breadcrumb\",\"itemListElement\":[{\"@type\":\"ListItem\",\"position\":1,\"name\":\"Portada\",\"item\":\"https:\/\/dev.explora.cl\/atacama\/\"},{\"@type\":\"ListItem\",\"position\":2,\"name\":\"En la celebraci\u00f3n del patrimonio te compartimos algunas actividades de esta conmemoraci\u00f3n en Atacama\"}]},{\"@type\":\"WebSite\",\"@id\":\"https:\/\/dev.explora.cl\/atacama\/#website\",\"url\":\"https:\/\/dev.explora.cl\/atacama\/\",\"name\":\"Atacama\",\"description\":\"Otro sitio m\u00e1s de dev.explora.cl\",\"potentialAction\":[{\"@type\":\"SearchAction\",\"target\":{\"@type\":\"EntryPoint\",\"urlTemplate\":\"https:\/\/dev.explora.cl\/atacama\/?s={search_term_string}\"},\"query-input\":{\"@type\":\"PropertyValueSpecification\",\"valueRequired\":true,\"valueName\":\"search_term_string\"}}],\"inLanguage\":\"es-CL\"},{\"@type\":\"Person\",\"@id\":\"https:\/\/dev.explora.cl\/atacama\/#\/schema\/person\/1e89437dfd0db398617a5057c75b8bf3\",\"name\":\"ExploraAtacama\",\"image\":{\"@type\":\"ImageObject\",\"inLanguage\":\"es-CL\",\"@id\":\"https:\/\/dev.explora.cl\/atacama\/#\/schema\/person\/image\/\",\"url\":\"https:\/\/secure.gravatar.com\/avatar\/2e2fd819b7985a746e8ea39b36909cf1a17dc034046e230e83eb1534d0a52b24?s=96&d=mm&r=g\",\"contentUrl\":\"https:\/\/secure.gravatar.com\/avatar\/2e2fd819b7985a746e8ea39b36909cf1a17dc034046e230e83eb1534d0a52b24?s=96&d=mm&r=g\",\"caption\":\"ExploraAtacama\"},\"url\":\"https:\/\/dev.explora.cl\/atacama\/author\/dortiz\/\"}]}<\/script>\n<!-- \/ Yoast SEO plugin. -->","yoast_head_json":{"title":"En la celebraci\u00f3n del patrimonio te compartimos algunas actividades de esta conmemoraci\u00f3n en Atacama - Atacama","robots":{"index":"index","follow":"follow","max-snippet":"max-snippet:-1","max-image-preview":"max-image-preview:large","max-video-preview":"max-video-preview:-1"},"canonical":"https:\/\/dev.explora.cl\/atacama\/en-la-celebracion-del-patrimonio-te-compartimos-algunas-actividades-de-esta-conmemoracion-en-atacama\/","og_locale":"es_ES","og_type":"article","og_title":"En la celebraci\u00f3n del patrimonio te compartimos algunas actividades de esta conmemoraci\u00f3n en Atacama - Atacama","og_description":"Los d\u00edas 29, 30 y 31 se celebra en todo Chile el D\u00eda del Patrimonio, y en Atacama te queremos compartir algunos datos de lo que tienen preparados los museos de la regi\u00f3n.","og_url":"https:\/\/dev.explora.cl\/atacama\/en-la-celebracion-del-patrimonio-te-compartimos-algunas-actividades-de-esta-conmemoracion-en-atacama\/","og_site_name":"Atacama","article_published_time":"2020-05-29T05:27:26+00:00","article_modified_time":"2020-05-29T13:09:59+00:00","og_image":[{"width":1157,"height":771,"url":"https:\/\/dev.explora.cl\/atacama\/wp-content\/uploads\/sites\/5\/2020\/01\/DSC_0981.jpg","type":"image\/jpeg"}],"author":"ExploraAtacama","twitter_card":"summary_large_image","twitter_misc":{"Escrito por":"ExploraAtacama","Tiempo estimado de lectura":"4 minutos"},"schema":{"@context":"https:\/\/schema.org","@graph":[{"@type":"Article","@id":"https:\/\/dev.explora.cl\/atacama\/en-la-celebracion-del-patrimonio-te-compartimos-algunas-actividades-de-esta-conmemoracion-en-atacama\/#article","isPartOf":{"@id":"https:\/\/dev.explora.cl\/atacama\/en-la-celebracion-del-patrimonio-te-compartimos-algunas-actividades-de-esta-conmemoracion-en-atacama\/"},"author":{"name":"ExploraAtacama","@id":"https:\/\/dev.explora.cl\/atacama\/#\/schema\/person\/1e89437dfd0db398617a5057c75b8bf3"},"headline":"En la celebraci\u00f3n del patrimonio te compartimos algunas actividades de esta conmemoraci\u00f3n en Atacama","datePublished":"2020-05-29T05:27:26+00:00","dateModified":"2020-05-29T13:09:59+00:00","mainEntityOfPage":{"@id":"https:\/\/dev.explora.cl\/atacama\/en-la-celebracion-del-patrimonio-te-compartimos-algunas-actividades-de-esta-conmemoracion-en-atacama\/"},"wordCount":770,"commentCount":0,"image":{"@id":"https:\/\/dev.explora.cl\/atacama\/en-la-celebracion-del-patrimonio-te-compartimos-algunas-actividades-de-esta-conmemoracion-en-atacama\/#primaryimage"},"thumbnailUrl":"https:\/\/dev.explora.cl\/atacama\/wp-content\/uploads\/sites\/5\/2020\/01\/DSC_0981.jpg","articleSection":["Lugar 5"],"inLanguage":"es-CL","potentialAction":[{"@type":"CommentAction","name":"Comment","target":["https:\/\/dev.explora.cl\/atacama\/en-la-celebracion-del-patrimonio-te-compartimos-algunas-actividades-de-esta-conmemoracion-en-atacama\/#respond"]}]},{"@type":"WebPage","@id":"https:\/\/dev.explora.cl\/atacama\/en-la-celebracion-del-patrimonio-te-compartimos-algunas-actividades-de-esta-conmemoracion-en-atacama\/","url":"https:\/\/dev.explora.cl\/atacama\/en-la-celebracion-del-patrimonio-te-compartimos-algunas-actividades-de-esta-conmemoracion-en-atacama\/","name":"En la celebraci\u00f3n del patrimonio te compartimos algunas actividades de esta conmemoraci\u00f3n en Atacama - Atacama","isPartOf":{"@id":"https:\/\/dev.explora.cl\/atacama\/#website"},"primaryImageOfPage":{"@id":"https:\/\/dev.explora.cl\/atacama\/en-la-celebracion-del-patrimonio-te-compartimos-algunas-actividades-de-esta-conmemoracion-en-atacama\/#primaryimage"},"image":{"@id":"https:\/\/dev.explora.cl\/atacama\/en-la-celebracion-del-patrimonio-te-compartimos-algunas-actividades-de-esta-conmemoracion-en-atacama\/#primaryimage"},"thumbnailUrl":"https:\/\/dev.explora.cl\/atacama\/wp-content\/uploads\/sites\/5\/2020\/01\/DSC_0981.jpg","datePublished":"2020-05-29T05:27:26+00:00","dateModified":"2020-05-29T13:09:59+00:00","author":{"@id":"https:\/\/dev.explora.cl\/atacama\/#\/schema\/person\/1e89437dfd0db398617a5057c75b8bf3"},"breadcrumb":{"@id":"https:\/\/dev.explora.cl\/atacama\/en-la-celebracion-del-patrimonio-te-compartimos-algunas-actividades-de-esta-conmemoracion-en-atacama\/#breadcrumb"},"inLanguage":"es-CL","potentialAction":[{"@type":"ReadAction","target":["https:\/\/dev.explora.cl\/atacama\/en-la-celebracion-del-patrimonio-te-compartimos-algunas-actividades-de-esta-conmemoracion-en-atacama\/"]}]},{"@type":"ImageObject","inLanguage":"es-CL","@id":"https:\/\/dev.explora.cl\/atacama\/en-la-celebracion-del-patrimonio-te-compartimos-algunas-actividades-de-esta-conmemoracion-en-atacama\/#primaryimage","url":"https:\/\/dev.explora.cl\/atacama\/wp-content\/uploads\/sites\/5\/2020\/01\/DSC_0981.jpg","contentUrl":"https:\/\/dev.explora.cl\/atacama\/wp-content\/uploads\/sites\/5\/2020\/01\/DSC_0981.jpg","width":1157,"height":771},{"@type":"BreadcrumbList","@id":"https:\/\/dev.explora.cl\/atacama\/en-la-celebracion-del-patrimonio-te-compartimos-algunas-actividades-de-esta-conmemoracion-en-atacama\/#breadcrumb","itemListElement":[{"@type":"ListItem","position":1,"name":"Portada","item":"https:\/\/dev.explora.cl\/atacama\/"},{"@type":"ListItem","position":2,"name":"En la celebraci\u00f3n del patrimonio te compartimos algunas actividades de esta conmemoraci\u00f3n en Atacama"}]},{"@type":"WebSite","@id":"https:\/\/dev.explora.cl\/atacama\/#website","url":"https:\/\/dev.explora.cl\/atacama\/","name":"Atacama","description":"Otro sitio m\u00e1s de dev.explora.cl","potentialAction":[{"@type":"SearchAction","target":{"@type":"EntryPoint","urlTemplate":"https:\/\/dev.explora.cl\/atacama\/?s={search_term_string}"},"query-input":{"@type":"PropertyValueSpecification","valueRequired":true,"valueName":"search_term_string"}}],"inLanguage":"es-CL"},{"@type":"Person","@id":"https:\/\/dev.explora.cl\/atacama\/#\/schema\/person\/1e89437dfd0db398617a5057c75b8bf3","name":"ExploraAtacama","image":{"@type":"ImageObject","inLanguage":"es-CL","@id":"https:\/\/dev.explora.cl\/atacama\/#\/schema\/person\/image\/","url":"https:\/\/secure.gravatar.com\/avatar\/2e2fd819b7985a746e8ea39b36909cf1a17dc034046e230e83eb1534d0a52b24?s=96&d=mm&r=g","contentUrl":"https:\/\/secure.gravatar.com\/avatar\/2e2fd819b7985a746e8ea39b36909cf1a17dc034046e230e83eb1534d0a52b24?s=96&d=mm&r=g","caption":"ExploraAtacama"},"url":"https:\/\/dev.explora.cl\/atacama\/author\/dortiz\/"}]}},"_links":{"self":[{"href":"https:\/\/dev.explora.cl\/atacama\/wp-json\/wp\/v2\/posts\/38789","targetHints":{"allow":["GET"]}}],"collection":[{"href":"https:\/\/dev.explora.cl\/atacama\/wp-json\/wp\/v2\/posts"}],"about":[{"href":"https:\/\/dev.explora.cl\/atacama\/wp-json\/wp\/v2\/types\/post"}],"author":[{"embeddable":true,"href":"https:\/\/dev.explora.cl\/atacama\/wp-json\/wp\/v2\/users\/20"}],"replies":[{"embeddable":true,"href":"https:\/\/dev.explora.cl\/atacama\/wp-json\/wp\/v2\/comments?post=38789"}],"version-history":[{"count":6,"href":"https:\/\/dev.explora.cl\/atacama\/wp-json\/wp\/v2\/posts\/38789\/revisions"}],"predecessor-version":[{"id":38795,"href":"https:\/\/dev.explora.cl\/atacama\/wp-json\/wp\/v2\/posts\/38789\/revisions\/38795"}],"wp:featuredmedia":[{"embeddable":true,"href":"https:\/\/dev.explora.cl\/atacama\/wp-json\/wp\/v2\/media\/38716"}],"wp:attachment":[{"href":"https:\/\/dev.explora.cl\/atacama\/wp-json\/wp\/v2\/media?parent=38789"}],"wp:term":[{"taxonomy":"category","embeddable":true,"href":"https:\/\/dev.explora.cl\/atacama\/wp-json\/wp\/v2\/categories?post=38789"},{"taxonomy":"post_tag","embeddable":true,"href":"https:\/\/dev.explora.cl\/atacama\/wp-json\/wp\/v2\/tags?post=38789"}],"curies":[{"name":"wp","href":"https:\/\/api.w.org\/{rel}","templated":true}]}}