{"id":38784,"date":"2020-05-27T18:31:37","date_gmt":"2020-05-27T22:31:37","guid":{"rendered":"https:\/\/dev.explora.cl\/atacama\/?p=38784"},"modified":"2020-06-28T12:09:54","modified_gmt":"2020-06-28T16:09:54","slug":"este-29-no-te-pierdas-las-charlas-de-exploraencasa","status":"publish","type":"post","link":"https:\/\/dev.explora.cl\/atacama\/este-29-no-te-pierdas-las-charlas-de-exploraencasa\/","title":{"rendered":"Este 29 no te pierdas las charlas de #ExploraEnCasa"},"content":{"rendered":"<p><span style=\"color: #008000\"><strong>Desde el proyecto invitaron a ser parte de distintas actividades y contenidos de divulgaci\u00f3n cient\u00edfica de manera remota. Algunas de ellas son la marat\u00f3n #ExploraenCasa\u00a0donde los proyectos asociativos regionales PAR Explora de distintas regiones se coordinan en una masiva entrega de charlas para difundir y potenciar el patrimonio cient\u00edfico del pa\u00eds. <\/strong><strong>\u00a0<\/strong><\/span><\/p>\n<p>Desde el PAR Explora Atacama invitaron a la comunidad a sumarse a la marat\u00f3n de charlas en el marco del D\u00eda del Patrimonio que se realizar\u00e1 desde distintas regiones v\u00eda redes sociales. Esta actividad se inicia a las 14:30 del viernes 29 de mayo con presentaciones de norte a sur, y tendr\u00e1 la participaci\u00f3n de Atacama a eso de las 17:45 gracias al apoyo del Museo Paleontol\u00f3gico de Caldera, quienes compartir\u00e1n una charla sobre el patrimonio f\u00f3sil de esta comuna.<\/p>\n<p>Estos contenidos estar\u00e1n disponibles en el Instagram @parexploraatacama y en el Facebook PAR Explora Atacama, adem\u00e1s del twitter @ExploraAtacama. En esos mismos espacios adem\u00e1s se est\u00e1n promocionando otras actividades relacionadas al D\u00eda del Patrimonio, como las levantadas desde las 11 de la ma\u00f1ana por el Museo Paleontol\u00f3gico de Caldera, quienes compartir\u00e1n experiencias y programas desde sus redes sociales.<\/p>\n<p>Cristian Galaz Esquivel, director del PAR Explora Atacama, destac\u00f3 esta actividad se\u00f1alando que: \u201c<span style=\"color: #008000\">En el marco del D\u00eda del Patrimonio estamos participando con una actividad donde se entregan contenidos cient\u00edficos a distancia, all\u00ed bajo el hashtag #ExploraenCasa desarrollamos una serie de charlas, donde tenemos el importante apoyo de nuestros socios colaboradores del Museo Paleontol\u00f3gico de Caldera. Adem\u00e1s en nuestra web hemos dejado varios contenidos como l\u00e1minas informativas y \u00e1lbumes llenos de actividades desarrollados por el Programa Explora en a\u00f1os anteriores para que nuestros ni\u00f1os, ni\u00f1as y j\u00f3venes puedan descargarlos y trabajar con ese entretenido material did\u00e1ctico cient\u00edficamente validado<\/span>\u201d.<\/p>\n<p>Este contenido est\u00e1 disponible en el sitio web dev.explora.cl\/atacama, donde tambi\u00e9n se pueden descargar los PDF de los \u00e1lbumes \u201cEclipsados, en busca de los poderes del sol\u201d, \u201cUn viaje al universo de los \u00bfpor qu\u00e9?\u201d y el \u00e1lbum de \u201cUn gran Viaje por los Oc\u00e9anos\u201d, los cuales cuentan con actividades did\u00e1cticas que se pueden desarrollar en la casa. Estos contenidos son adem\u00e1s potenciados<\/p>\n<p>Durante este a\u00f1o adem\u00e1s, se han generado algunos contenidos que puedes descargar como las <span style=\"color: #008000\"><strong>l<\/strong><strong><span style=\"color: #008000\">\u00e1<\/span>minas donde se explica de manera did\u00e1ctica en qu\u00e9 consiste el <a style=\"color: #008000\" href=\"https:\/\/dev.explora.cl\/atacama\/par-explora-atacama-te-invita-a-conocer-de-cerca-la-astronomia-con-la-visita-de-parte-del-equipo-de-astronomos-del-observatorio-alma-en-copiapo-3-2-2-3-2-2-3-2-2-2\/\">COVID19<\/a><\/strong><\/span>, y en donde los personajes caracter\u00edsticos del PAR Explora Atacama relatan algunos aspectos cient\u00edficos y cuidados que debemos mantener.<\/p>\n<p>El Proyecto Asociativo Regional PAR Explora Atacama es ejecutado por la Universidad de Atacama con fondos aportados por el Programa Explora del Ministerio de Ciencias, Tecnolog\u00eda, Conocimiento e Innovaci\u00f3n.<\/p>\n","protected":false},"excerpt":{"rendered":"<p>Desde el proyecto invitaron a ser parte de distintas actividades y contenidos de divulgaci\u00f3n cient\u00edfica de manera remota. Algunas de ellas son la marat\u00f3n #ExploraenCasa\u00a0donde los proyectos asociativos regionales PAR Explora de distintas regiones se coordinan en una masiva entrega de charlas para difundir y potenciar el patrimonio cient\u00edfico del pa\u00eds. \u00a0<\/p>\n","protected":false},"author":20,"featured_media":38785,"comment_status":"open","ping_status":"open","sticky":false,"template":"","format":"standard","meta":{"_acf_changed":false,"_exactmetrics_skip_tracking":false,"_exactmetrics_sitenote_active":false,"_exactmetrics_sitenote_note":"","_exactmetrics_sitenote_category":0,"footnotes":"","_links_to":"","_links_to_target":""},"categories":[141,1],"tags":[],"class_list":["post-38784","post","type-post","status-publish","format-standard","has-post-thumbnail","hentry","category-lugar-6","category-sin-categoria"],"acf":[],"yoast_head":"<!-- This site is optimized with the Yoast SEO plugin v26.7 - https:\/\/yoast.com\/wordpress\/plugins\/seo\/ -->\n<title>Este 29 no te pierdas las charlas de #ExploraEnCasa - Atacama<\/title>\n<meta name=\"robots\" content=\"index, follow, max-snippet:-1, max-image-preview:large, max-video-preview:-1\" \/>\n<link rel=\"canonical\" href=\"https:\/\/dev.explora.cl\/atacama\/este-29-no-te-pierdas-las-charlas-de-exploraencasa\/\" class=\"yoast-seo-meta-tag\" \/>\n<meta property=\"og:locale\" content=\"es_ES\" class=\"yoast-seo-meta-tag\" \/>\n<meta property=\"og:type\" content=\"article\" class=\"yoast-seo-meta-tag\" \/>\n<meta property=\"og:title\" content=\"Este 29 no te pierdas las charlas de #ExploraEnCasa - Atacama\" class=\"yoast-seo-meta-tag\" \/>\n<meta property=\"og:description\" content=\"Desde el proyecto invitaron a ser parte de distintas actividades y contenidos de divulgaci\u00f3n cient\u00edfica de manera remota. Algunas de ellas son la marat\u00f3n #ExploraenCasa\u00a0donde los proyectos asociativos regionales PAR Explora de distintas regiones se coordinan en una masiva entrega de charlas para difundir y potenciar el patrimonio cient\u00edfico del pa\u00eds. \u00a0\" class=\"yoast-seo-meta-tag\" \/>\n<meta property=\"og:url\" content=\"https:\/\/dev.explora.cl\/atacama\/este-29-no-te-pierdas-las-charlas-de-exploraencasa\/\" class=\"yoast-seo-meta-tag\" \/>\n<meta property=\"og:site_name\" content=\"Atacama\" class=\"yoast-seo-meta-tag\" \/>\n<meta property=\"article:published_time\" content=\"2020-05-27T22:31:37+00:00\" class=\"yoast-seo-meta-tag\" \/>\n<meta property=\"article:modified_time\" content=\"2020-06-28T16:09:54+00:00\" class=\"yoast-seo-meta-tag\" \/>\n<meta property=\"og:image\" content=\"https:\/\/dev.explora.cl\/atacama\/wp-content\/uploads\/sites\/5\/2020\/05\/7_.png\" class=\"yoast-seo-meta-tag\" \/>\n\t<meta property=\"og:image:width\" content=\"4462\" class=\"yoast-seo-meta-tag\" \/>\n\t<meta property=\"og:image:height\" content=\"4459\" class=\"yoast-seo-meta-tag\" \/>\n\t<meta property=\"og:image:type\" content=\"image\/png\" class=\"yoast-seo-meta-tag\" \/>\n<meta name=\"author\" content=\"ExploraAtacama\" class=\"yoast-seo-meta-tag\" \/>\n<meta name=\"twitter:card\" content=\"summary_large_image\" class=\"yoast-seo-meta-tag\" \/>\n<meta name=\"twitter:label1\" content=\"Escrito por\" class=\"yoast-seo-meta-tag\" \/>\n\t<meta name=\"twitter:data1\" content=\"ExploraAtacama\" class=\"yoast-seo-meta-tag\" \/>\n\t<meta name=\"twitter:label2\" content=\"Tiempo estimado de lectura\" class=\"yoast-seo-meta-tag\" \/>\n\t<meta name=\"twitter:data2\" content=\"2 minutos\" class=\"yoast-seo-meta-tag\" \/>\n<script type=\"application\/ld+json\" class=\"yoast-schema-graph\">{\"@context\":\"https:\/\/schema.org\",\"@graph\":[{\"@type\":\"Article\",\"@id\":\"https:\/\/dev.explora.cl\/atacama\/este-29-no-te-pierdas-las-charlas-de-exploraencasa\/#article\",\"isPartOf\":{\"@id\":\"https:\/\/dev.explora.cl\/atacama\/este-29-no-te-pierdas-las-charlas-de-exploraencasa\/\"},\"author\":{\"name\":\"ExploraAtacama\",\"@id\":\"https:\/\/dev.explora.cl\/atacama\/#\/schema\/person\/1e89437dfd0db398617a5057c75b8bf3\"},\"headline\":\"Este 29 no te pierdas las charlas de #ExploraEnCasa\",\"datePublished\":\"2020-05-27T22:31:37+00:00\",\"dateModified\":\"2020-06-28T16:09:54+00:00\",\"mainEntityOfPage\":{\"@id\":\"https:\/\/dev.explora.cl\/atacama\/este-29-no-te-pierdas-las-charlas-de-exploraencasa\/\"},\"wordCount\":476,\"commentCount\":0,\"image\":{\"@id\":\"https:\/\/dev.explora.cl\/atacama\/este-29-no-te-pierdas-las-charlas-de-exploraencasa\/#primaryimage\"},\"thumbnailUrl\":\"https:\/\/dev.explora.cl\/atacama\/wp-content\/uploads\/sites\/5\/2020\/05\/7_.png\",\"articleSection\":[\"Lugar 6\"],\"inLanguage\":\"es-CL\",\"potentialAction\":[{\"@type\":\"CommentAction\",\"name\":\"Comment\",\"target\":[\"https:\/\/dev.explora.cl\/atacama\/este-29-no-te-pierdas-las-charlas-de-exploraencasa\/#respond\"]}]},{\"@type\":\"WebPage\",\"@id\":\"https:\/\/dev.explora.cl\/atacama\/este-29-no-te-pierdas-las-charlas-de-exploraencasa\/\",\"url\":\"https:\/\/dev.explora.cl\/atacama\/este-29-no-te-pierdas-las-charlas-de-exploraencasa\/\",\"name\":\"Este 29 no te pierdas las charlas de #ExploraEnCasa - Atacama\",\"isPartOf\":{\"@id\":\"https:\/\/dev.explora.cl\/atacama\/#website\"},\"primaryImageOfPage\":{\"@id\":\"https:\/\/dev.explora.cl\/atacama\/este-29-no-te-pierdas-las-charlas-de-exploraencasa\/#primaryimage\"},\"image\":{\"@id\":\"https:\/\/dev.explora.cl\/atacama\/este-29-no-te-pierdas-las-charlas-de-exploraencasa\/#primaryimage\"},\"thumbnailUrl\":\"https:\/\/dev.explora.cl\/atacama\/wp-content\/uploads\/sites\/5\/2020\/05\/7_.png\",\"datePublished\":\"2020-05-27T22:31:37+00:00\",\"dateModified\":\"2020-06-28T16:09:54+00:00\",\"author\":{\"@id\":\"https:\/\/dev.explora.cl\/atacama\/#\/schema\/person\/1e89437dfd0db398617a5057c75b8bf3\"},\"breadcrumb\":{\"@id\":\"https:\/\/dev.explora.cl\/atacama\/este-29-no-te-pierdas-las-charlas-de-exploraencasa\/#breadcrumb\"},\"inLanguage\":\"es-CL\",\"potentialAction\":[{\"@type\":\"ReadAction\",\"target\":[\"https:\/\/dev.explora.cl\/atacama\/este-29-no-te-pierdas-las-charlas-de-exploraencasa\/\"]}]},{\"@type\":\"ImageObject\",\"inLanguage\":\"es-CL\",\"@id\":\"https:\/\/dev.explora.cl\/atacama\/este-29-no-te-pierdas-las-charlas-de-exploraencasa\/#primaryimage\",\"url\":\"https:\/\/dev.explora.cl\/atacama\/wp-content\/uploads\/sites\/5\/2020\/05\/7_.png\",\"contentUrl\":\"https:\/\/dev.explora.cl\/atacama\/wp-content\/uploads\/sites\/5\/2020\/05\/7_.png\",\"width\":4462,\"height\":4459},{\"@type\":\"BreadcrumbList\",\"@id\":\"https:\/\/dev.explora.cl\/atacama\/este-29-no-te-pierdas-las-charlas-de-exploraencasa\/#breadcrumb\",\"itemListElement\":[{\"@type\":\"ListItem\",\"position\":1,\"name\":\"Portada\",\"item\":\"https:\/\/dev.explora.cl\/atacama\/\"},{\"@type\":\"ListItem\",\"position\":2,\"name\":\"Este 29 no te pierdas las charlas de #ExploraEnCasa\"}]},{\"@type\":\"WebSite\",\"@id\":\"https:\/\/dev.explora.cl\/atacama\/#website\",\"url\":\"https:\/\/dev.explora.cl\/atacama\/\",\"name\":\"Atacama\",\"description\":\"Otro sitio m\u00e1s de dev.explora.cl\",\"potentialAction\":[{\"@type\":\"SearchAction\",\"target\":{\"@type\":\"EntryPoint\",\"urlTemplate\":\"https:\/\/dev.explora.cl\/atacama\/?s={search_term_string}\"},\"query-input\":{\"@type\":\"PropertyValueSpecification\",\"valueRequired\":true,\"valueName\":\"search_term_string\"}}],\"inLanguage\":\"es-CL\"},{\"@type\":\"Person\",\"@id\":\"https:\/\/dev.explora.cl\/atacama\/#\/schema\/person\/1e89437dfd0db398617a5057c75b8bf3\",\"name\":\"ExploraAtacama\",\"image\":{\"@type\":\"ImageObject\",\"inLanguage\":\"es-CL\",\"@id\":\"https:\/\/dev.explora.cl\/atacama\/#\/schema\/person\/image\/\",\"url\":\"https:\/\/secure.gravatar.com\/avatar\/2e2fd819b7985a746e8ea39b36909cf1a17dc034046e230e83eb1534d0a52b24?s=96&d=mm&r=g\",\"contentUrl\":\"https:\/\/secure.gravatar.com\/avatar\/2e2fd819b7985a746e8ea39b36909cf1a17dc034046e230e83eb1534d0a52b24?s=96&d=mm&r=g\",\"caption\":\"ExploraAtacama\"},\"url\":\"https:\/\/dev.explora.cl\/atacama\/author\/dortiz\/\"}]}<\/script>\n<!-- \/ Yoast SEO plugin. -->","yoast_head_json":{"title":"Este 29 no te pierdas las charlas de #ExploraEnCasa - Atacama","robots":{"index":"index","follow":"follow","max-snippet":"max-snippet:-1","max-image-preview":"max-image-preview:large","max-video-preview":"max-video-preview:-1"},"canonical":"https:\/\/dev.explora.cl\/atacama\/este-29-no-te-pierdas-las-charlas-de-exploraencasa\/","og_locale":"es_ES","og_type":"article","og_title":"Este 29 no te pierdas las charlas de #ExploraEnCasa - Atacama","og_description":"Desde el proyecto invitaron a ser parte de distintas actividades y contenidos de divulgaci\u00f3n cient\u00edfica de manera remota. Algunas de ellas son la marat\u00f3n #ExploraenCasa\u00a0donde los proyectos asociativos regionales PAR Explora de distintas regiones se coordinan en una masiva entrega de charlas para difundir y potenciar el patrimonio cient\u00edfico del pa\u00eds. \u00a0","og_url":"https:\/\/dev.explora.cl\/atacama\/este-29-no-te-pierdas-las-charlas-de-exploraencasa\/","og_site_name":"Atacama","article_published_time":"2020-05-27T22:31:37+00:00","article_modified_time":"2020-06-28T16:09:54+00:00","og_image":[{"width":4462,"height":4459,"url":"https:\/\/dev.explora.cl\/atacama\/wp-content\/uploads\/sites\/5\/2020\/05\/7_.png","type":"image\/png"}],"author":"ExploraAtacama","twitter_card":"summary_large_image","twitter_misc":{"Escrito por":"ExploraAtacama","Tiempo estimado de lectura":"2 minutos"},"schema":{"@context":"https:\/\/schema.org","@graph":[{"@type":"Article","@id":"https:\/\/dev.explora.cl\/atacama\/este-29-no-te-pierdas-las-charlas-de-exploraencasa\/#article","isPartOf":{"@id":"https:\/\/dev.explora.cl\/atacama\/este-29-no-te-pierdas-las-charlas-de-exploraencasa\/"},"author":{"name":"ExploraAtacama","@id":"https:\/\/dev.explora.cl\/atacama\/#\/schema\/person\/1e89437dfd0db398617a5057c75b8bf3"},"headline":"Este 29 no te pierdas las charlas de #ExploraEnCasa","datePublished":"2020-05-27T22:31:37+00:00","dateModified":"2020-06-28T16:09:54+00:00","mainEntityOfPage":{"@id":"https:\/\/dev.explora.cl\/atacama\/este-29-no-te-pierdas-las-charlas-de-exploraencasa\/"},"wordCount":476,"commentCount":0,"image":{"@id":"https:\/\/dev.explora.cl\/atacama\/este-29-no-te-pierdas-las-charlas-de-exploraencasa\/#primaryimage"},"thumbnailUrl":"https:\/\/dev.explora.cl\/atacama\/wp-content\/uploads\/sites\/5\/2020\/05\/7_.png","articleSection":["Lugar 6"],"inLanguage":"es-CL","potentialAction":[{"@type":"CommentAction","name":"Comment","target":["https:\/\/dev.explora.cl\/atacama\/este-29-no-te-pierdas-las-charlas-de-exploraencasa\/#respond"]}]},{"@type":"WebPage","@id":"https:\/\/dev.explora.cl\/atacama\/este-29-no-te-pierdas-las-charlas-de-exploraencasa\/","url":"https:\/\/dev.explora.cl\/atacama\/este-29-no-te-pierdas-las-charlas-de-exploraencasa\/","name":"Este 29 no te pierdas las charlas de #ExploraEnCasa - Atacama","isPartOf":{"@id":"https:\/\/dev.explora.cl\/atacama\/#website"},"primaryImageOfPage":{"@id":"https:\/\/dev.explora.cl\/atacama\/este-29-no-te-pierdas-las-charlas-de-exploraencasa\/#primaryimage"},"image":{"@id":"https:\/\/dev.explora.cl\/atacama\/este-29-no-te-pierdas-las-charlas-de-exploraencasa\/#primaryimage"},"thumbnailUrl":"https:\/\/dev.explora.cl\/atacama\/wp-content\/uploads\/sites\/5\/2020\/05\/7_.png","datePublished":"2020-05-27T22:31:37+00:00","dateModified":"2020-06-28T16:09:54+00:00","author":{"@id":"https:\/\/dev.explora.cl\/atacama\/#\/schema\/person\/1e89437dfd0db398617a5057c75b8bf3"},"breadcrumb":{"@id":"https:\/\/dev.explora.cl\/atacama\/este-29-no-te-pierdas-las-charlas-de-exploraencasa\/#breadcrumb"},"inLanguage":"es-CL","potentialAction":[{"@type":"ReadAction","target":["https:\/\/dev.explora.cl\/atacama\/este-29-no-te-pierdas-las-charlas-de-exploraencasa\/"]}]},{"@type":"ImageObject","inLanguage":"es-CL","@id":"https:\/\/dev.explora.cl\/atacama\/este-29-no-te-pierdas-las-charlas-de-exploraencasa\/#primaryimage","url":"https:\/\/dev.explora.cl\/atacama\/wp-content\/uploads\/sites\/5\/2020\/05\/7_.png","contentUrl":"https:\/\/dev.explora.cl\/atacama\/wp-content\/uploads\/sites\/5\/2020\/05\/7_.png","width":4462,"height":4459},{"@type":"BreadcrumbList","@id":"https:\/\/dev.explora.cl\/atacama\/este-29-no-te-pierdas-las-charlas-de-exploraencasa\/#breadcrumb","itemListElement":[{"@type":"ListItem","position":1,"name":"Portada","item":"https:\/\/dev.explora.cl\/atacama\/"},{"@type":"ListItem","position":2,"name":"Este 29 no te pierdas las charlas de #ExploraEnCasa"}]},{"@type":"WebSite","@id":"https:\/\/dev.explora.cl\/atacama\/#website","url":"https:\/\/dev.explora.cl\/atacama\/","name":"Atacama","description":"Otro sitio m\u00e1s de dev.explora.cl","potentialAction":[{"@type":"SearchAction","target":{"@type":"EntryPoint","urlTemplate":"https:\/\/dev.explora.cl\/atacama\/?s={search_term_string}"},"query-input":{"@type":"PropertyValueSpecification","valueRequired":true,"valueName":"search_term_string"}}],"inLanguage":"es-CL"},{"@type":"Person","@id":"https:\/\/dev.explora.cl\/atacama\/#\/schema\/person\/1e89437dfd0db398617a5057c75b8bf3","name":"ExploraAtacama","image":{"@type":"ImageObject","inLanguage":"es-CL","@id":"https:\/\/dev.explora.cl\/atacama\/#\/schema\/person\/image\/","url":"https:\/\/secure.gravatar.com\/avatar\/2e2fd819b7985a746e8ea39b36909cf1a17dc034046e230e83eb1534d0a52b24?s=96&d=mm&r=g","contentUrl":"https:\/\/secure.gravatar.com\/avatar\/2e2fd819b7985a746e8ea39b36909cf1a17dc034046e230e83eb1534d0a52b24?s=96&d=mm&r=g","caption":"ExploraAtacama"},"url":"https:\/\/dev.explora.cl\/atacama\/author\/dortiz\/"}]}},"_links":{"self":[{"href":"https:\/\/dev.explora.cl\/atacama\/wp-json\/wp\/v2\/posts\/38784","targetHints":{"allow":["GET"]}}],"collection":[{"href":"https:\/\/dev.explora.cl\/atacama\/wp-json\/wp\/v2\/posts"}],"about":[{"href":"https:\/\/dev.explora.cl\/atacama\/wp-json\/wp\/v2\/types\/post"}],"author":[{"embeddable":true,"href":"https:\/\/dev.explora.cl\/atacama\/wp-json\/wp\/v2\/users\/20"}],"replies":[{"embeddable":true,"href":"https:\/\/dev.explora.cl\/atacama\/wp-json\/wp\/v2\/comments?post=38784"}],"version-history":[{"count":3,"href":"https:\/\/dev.explora.cl\/atacama\/wp-json\/wp\/v2\/posts\/38784\/revisions"}],"predecessor-version":[{"id":38788,"href":"https:\/\/dev.explora.cl\/atacama\/wp-json\/wp\/v2\/posts\/38784\/revisions\/38788"}],"wp:featuredmedia":[{"embeddable":true,"href":"https:\/\/dev.explora.cl\/atacama\/wp-json\/wp\/v2\/media\/38785"}],"wp:attachment":[{"href":"https:\/\/dev.explora.cl\/atacama\/wp-json\/wp\/v2\/media?parent=38784"}],"wp:term":[{"taxonomy":"category","embeddable":true,"href":"https:\/\/dev.explora.cl\/atacama\/wp-json\/wp\/v2\/categories?post=38784"},{"taxonomy":"post_tag","embeddable":true,"href":"https:\/\/dev.explora.cl\/atacama\/wp-json\/wp\/v2\/tags?post=38784"}],"curies":[{"name":"wp","href":"https:\/\/api.w.org\/{rel}","templated":true}]}}