{"id":38607,"date":"2020-01-06T18:28:09","date_gmt":"2020-01-06T21:28:09","guid":{"rendered":"https:\/\/dev.explora.cl\/atacama\/?p=38607"},"modified":"2020-01-22T12:33:01","modified_gmt":"2020-01-22T15:33:01","slug":"hoy-se-inicio-el-campamento-explora-va","status":"publish","type":"post","link":"https:\/\/dev.explora.cl\/atacama\/hoy-se-inicio-el-campamento-explora-va\/","title":{"rendered":"Profesores de Atacama vivieron una semana de entretenidas actividades did\u00e1cticas en Campamento Explora Va!"},"content":{"rendered":"<p><strong><span style=\"color: #008000\">Durante una semana un grupo de 35 docentes particip\u00f3 de un campamento donde compartieron con interesantes expositores, realizaron salidas a terreno, vivieron din\u00e1micas grupales y se llevaron una experiencia que apunt\u00f3 a potenciar su desarrollo profesional y personal junto al Programa Explora en Atacama.<\/span> <\/strong><\/p>\n<p>Por una semana un grupo de profesores y profesoras vivieron el \u201cCampamento Explora Va! 2020\u201d. Una experiencia que por primera vez se lleva adelante en la regi\u00f3n a cargo del equipo del PAR Explora Atacama de la Universidad de Atacama, el que junto a una extensa red de colaboradores entreg\u00f3 contenidos y experiencias a esta residencia en la comuna de Caldera.<\/p>\n<p>Cristian Galaz Esquivel, director de <span style=\"color: #339966\"><strong>PAR Explora Atacama<\/strong> <\/span>destac\u00f3 la actividad se\u00f1alando que: \u201cEsta es la primera versi\u00f3n de Explora Va! organizada cien por ciento en nuestra regi\u00f3n y quiero destacar que estamos muy felices con los resultados. Buscamos una programaci\u00f3n que al mismo tiempo entregase herramientas te\u00f3ricas y pr\u00e1cticas para nuestros docentes, las cuales permitieran apreciar su importancia como agentes de cambio en sus comunidades educativas y especialmente para ni\u00f1as, ni\u00f1os y adolescentes. En ese sentido tuvimos salidas a terreno, din\u00e1micas grupales, talleres, coaching y conversatorios para reflexionar sobre el rol de los docentes y las ciencias en la educaci\u00f3n\u201d.<\/p>\n<p>Entre las actividades que vivieron los participantes se encuentran una salida a terreno en el <span style=\"color: #339966\"><strong>Parque Paleontol\u00f3gico Los Dedos<\/strong><\/span>, un recorrido por la playa Chorrillos para aprender de la formaci\u00f3n geol\u00f3gica Bah\u00eda Inglesa y un tour patrimonial nocturno; adem\u00e1s de talleres sobre neurociencia, comunicaci\u00f3n, visitas de importantes investigadores venidos de La Serena y una feria con entidades dedicadas a la divulgaci\u00f3n cient\u00edfica.<\/p>\n<p>Romina Figueroa, encargada de muestras del <span style=\"color: #339966\"><strong>Museo Paleontol\u00f3gico de la Municipalidad de Caldera<\/strong> <\/span>se\u00f1al\u00f3 que: \u201cestamos muy contentos como instituci\u00f3n de ser parte de esta iniciativa para que este quehacer educativo con las nuevas generaciones tenga frutos y que se pueda extender a todo el pa\u00eds, pero principalmente mostrar Atacama al resto de las regiones y con todo lo mucho que se puede hacer aqu\u00ed\u201d. El museo realiz\u00f3 guiados y acerc\u00f3 el patrimonio paleontol\u00f3gico de la regi\u00f3n a los educadores y educadoras.<\/p>\n<p>No fueron solo profesores regionales quienes participaron, tambi\u00e9n llegaron desde las Regiones Metropolitana y de Coquimbo.\u00a0 C\u00e9sar Pi\u00f1ones se desarrolla profesionalmente en Illapel como profesor de biolog\u00eda y viaj\u00f3 hasta nuestra regi\u00f3n para vivir el campamento, pero adem\u00e1s comparti\u00f3 sobre el trabajo de la <span style=\"color: #339966\"><strong>R<\/strong><strong>ed de Observadores de Aves de Chile<\/strong><\/span>, \u201cen el campamento estuvimos compartiendo con los colegas de distintas disciplinas el rol que cumple nuestra instituci\u00f3n en el pa\u00eds. Somos una ONG de car\u00e1cter nacional que tiene como principal objetivo la puesta en valor de la biodiversidad, y con mucho \u00e9nfasis sobre todo en las aves de Chile\u201d, explic\u00f3 Pi\u00f1ones.<\/p>\n<p>Pero los profesores adem\u00e1s realizaron acciones de corte social, es as\u00ed como tambi\u00e9n se vivi\u00f3 una actividad de limpieza de la playa Chorrillos donde se retiraron cerca de 15 bolsas con basura encontrada en el sector. Este campamento es parte de las actividades del Programa Explora del Ministerio de Ciencias y se realiza en todo Chile.<\/p>\n<p>Entre los socios que ayudaron a que esta experiencia se vivieran est\u00e1n la Seremi de Medio Ambiente, la Seremi de Energ\u00eda, algunas iniciativas de la UDA como el IDITEC de la Universidad de Atacama, el Centro de Investigacines Costeras CIC, el Laboratorio M\u00f3vil y el Museo Mineral\u00f3gico. Adem\u00e1s hubo visitas desde otros puntos del pa\u00eds como el INIA Intihuasi, la Universidad de la Serena, el Ceaza M\u00f3vil, Jard\u00edn Infantil Juan Pablo Segundo, Cowork Atacama, Fundaci\u00f3n Gasco, Sociedad Astron\u00f3mica Ori\u00f3n y los destacados investigadores Silvia L\u00f3pez de Maturana y Carlos Calvo.<\/p>\n","protected":false},"excerpt":{"rendered":"<p>El campamento Explora Va! 2020 se inici\u00f3 en Caldera con cerca de 40 docentes y profesionales de la educaci\u00f3n, quienes participaron de diversas actividades l\u00fadicas, din\u00e1micas de grupos, estuvieron en dos talleres y una fiesta paleontol\u00f3gica.<\/p>\n","protected":false},"author":20,"featured_media":38610,"comment_status":"open","ping_status":"open","sticky":false,"template":"","format":"standard","meta":{"_acf_changed":false,"_exactmetrics_skip_tracking":false,"_exactmetrics_sitenote_active":false,"_exactmetrics_sitenote_note":"","_exactmetrics_sitenote_category":0,"footnotes":"","_links_to":"","_links_to_target":""},"categories":[139],"tags":[],"class_list":["post-38607","post","type-post","status-publish","format-standard","has-post-thumbnail","hentry","category-lugar-4"],"acf":[],"yoast_head":"<!-- This site is optimized with the Yoast SEO plugin v26.7 - https:\/\/yoast.com\/wordpress\/plugins\/seo\/ -->\n<title>Profesores de Atacama vivieron una semana de entretenidas actividades did\u00e1cticas en Campamento Explora Va! - Atacama<\/title>\n<meta name=\"robots\" content=\"index, follow, max-snippet:-1, max-image-preview:large, max-video-preview:-1\" \/>\n<link rel=\"canonical\" href=\"https:\/\/dev.explora.cl\/atacama\/hoy-se-inicio-el-campamento-explora-va\/\" class=\"yoast-seo-meta-tag\" \/>\n<meta property=\"og:locale\" content=\"es_ES\" class=\"yoast-seo-meta-tag\" \/>\n<meta property=\"og:type\" content=\"article\" class=\"yoast-seo-meta-tag\" \/>\n<meta property=\"og:title\" content=\"Profesores de Atacama vivieron una semana de entretenidas actividades did\u00e1cticas en Campamento Explora Va! - Atacama\" class=\"yoast-seo-meta-tag\" \/>\n<meta property=\"og:description\" content=\"El campamento Explora Va! 2020 se inici\u00f3 en Caldera con cerca de 40 docentes y profesionales de la educaci\u00f3n, quienes participaron de diversas actividades l\u00fadicas, din\u00e1micas de grupos, estuvieron en dos talleres y una fiesta paleontol\u00f3gica.\" class=\"yoast-seo-meta-tag\" \/>\n<meta property=\"og:url\" content=\"https:\/\/dev.explora.cl\/atacama\/hoy-se-inicio-el-campamento-explora-va\/\" class=\"yoast-seo-meta-tag\" \/>\n<meta property=\"og:site_name\" content=\"Atacama\" class=\"yoast-seo-meta-tag\" \/>\n<meta property=\"article:published_time\" content=\"2020-01-06T21:28:09+00:00\" class=\"yoast-seo-meta-tag\" \/>\n<meta property=\"article:modified_time\" content=\"2020-01-22T15:33:01+00:00\" class=\"yoast-seo-meta-tag\" \/>\n<meta property=\"og:image\" content=\"https:\/\/dev.explora.cl\/atacama\/wp-content\/uploads\/sites\/5\/2020\/01\/IMG_0503-1024x683.jpg\" class=\"yoast-seo-meta-tag\" \/>\n\t<meta property=\"og:image:width\" content=\"1024\" class=\"yoast-seo-meta-tag\" \/>\n\t<meta property=\"og:image:height\" content=\"683\" class=\"yoast-seo-meta-tag\" \/>\n\t<meta property=\"og:image:type\" content=\"image\/jpeg\" class=\"yoast-seo-meta-tag\" \/>\n<meta name=\"author\" content=\"ExploraAtacama\" class=\"yoast-seo-meta-tag\" \/>\n<meta name=\"twitter:card\" content=\"summary_large_image\" class=\"yoast-seo-meta-tag\" \/>\n<meta name=\"twitter:label1\" content=\"Escrito por\" class=\"yoast-seo-meta-tag\" \/>\n\t<meta name=\"twitter:data1\" content=\"ExploraAtacama\" class=\"yoast-seo-meta-tag\" \/>\n\t<meta name=\"twitter:label2\" content=\"Tiempo estimado de lectura\" class=\"yoast-seo-meta-tag\" \/>\n\t<meta name=\"twitter:data2\" content=\"3 minutos\" class=\"yoast-seo-meta-tag\" \/>\n<script type=\"application\/ld+json\" class=\"yoast-schema-graph\">{\"@context\":\"https:\/\/schema.org\",\"@graph\":[{\"@type\":\"Article\",\"@id\":\"https:\/\/dev.explora.cl\/atacama\/hoy-se-inicio-el-campamento-explora-va\/#article\",\"isPartOf\":{\"@id\":\"https:\/\/dev.explora.cl\/atacama\/hoy-se-inicio-el-campamento-explora-va\/\"},\"author\":{\"name\":\"ExploraAtacama\",\"@id\":\"https:\/\/dev.explora.cl\/atacama\/#\/schema\/person\/1e89437dfd0db398617a5057c75b8bf3\"},\"headline\":\"Profesores de Atacama vivieron una semana de entretenidas actividades did\u00e1cticas en Campamento Explora Va!\",\"datePublished\":\"2020-01-06T21:28:09+00:00\",\"dateModified\":\"2020-01-22T15:33:01+00:00\",\"mainEntityOfPage\":{\"@id\":\"https:\/\/dev.explora.cl\/atacama\/hoy-se-inicio-el-campamento-explora-va\/\"},\"wordCount\":661,\"commentCount\":0,\"image\":{\"@id\":\"https:\/\/dev.explora.cl\/atacama\/hoy-se-inicio-el-campamento-explora-va\/#primaryimage\"},\"thumbnailUrl\":\"https:\/\/dev.explora.cl\/atacama\/wp-content\/uploads\/sites\/5\/2020\/01\/IMG_0503.jpg\",\"articleSection\":[\"Lugar 4\"],\"inLanguage\":\"es-CL\",\"potentialAction\":[{\"@type\":\"CommentAction\",\"name\":\"Comment\",\"target\":[\"https:\/\/dev.explora.cl\/atacama\/hoy-se-inicio-el-campamento-explora-va\/#respond\"]}]},{\"@type\":\"WebPage\",\"@id\":\"https:\/\/dev.explora.cl\/atacama\/hoy-se-inicio-el-campamento-explora-va\/\",\"url\":\"https:\/\/dev.explora.cl\/atacama\/hoy-se-inicio-el-campamento-explora-va\/\",\"name\":\"Profesores de Atacama vivieron una semana de entretenidas actividades did\u00e1cticas en Campamento Explora Va! - Atacama\",\"isPartOf\":{\"@id\":\"https:\/\/dev.explora.cl\/atacama\/#website\"},\"primaryImageOfPage\":{\"@id\":\"https:\/\/dev.explora.cl\/atacama\/hoy-se-inicio-el-campamento-explora-va\/#primaryimage\"},\"image\":{\"@id\":\"https:\/\/dev.explora.cl\/atacama\/hoy-se-inicio-el-campamento-explora-va\/#primaryimage\"},\"thumbnailUrl\":\"https:\/\/dev.explora.cl\/atacama\/wp-content\/uploads\/sites\/5\/2020\/01\/IMG_0503.jpg\",\"datePublished\":\"2020-01-06T21:28:09+00:00\",\"dateModified\":\"2020-01-22T15:33:01+00:00\",\"author\":{\"@id\":\"https:\/\/dev.explora.cl\/atacama\/#\/schema\/person\/1e89437dfd0db398617a5057c75b8bf3\"},\"breadcrumb\":{\"@id\":\"https:\/\/dev.explora.cl\/atacama\/hoy-se-inicio-el-campamento-explora-va\/#breadcrumb\"},\"inLanguage\":\"es-CL\",\"potentialAction\":[{\"@type\":\"ReadAction\",\"target\":[\"https:\/\/dev.explora.cl\/atacama\/hoy-se-inicio-el-campamento-explora-va\/\"]}]},{\"@type\":\"ImageObject\",\"inLanguage\":\"es-CL\",\"@id\":\"https:\/\/dev.explora.cl\/atacama\/hoy-se-inicio-el-campamento-explora-va\/#primaryimage\",\"url\":\"https:\/\/dev.explora.cl\/atacama\/wp-content\/uploads\/sites\/5\/2020\/01\/IMG_0503.jpg\",\"contentUrl\":\"https:\/\/dev.explora.cl\/atacama\/wp-content\/uploads\/sites\/5\/2020\/01\/IMG_0503.jpg\",\"width\":5184,\"height\":3456},{\"@type\":\"BreadcrumbList\",\"@id\":\"https:\/\/dev.explora.cl\/atacama\/hoy-se-inicio-el-campamento-explora-va\/#breadcrumb\",\"itemListElement\":[{\"@type\":\"ListItem\",\"position\":1,\"name\":\"Portada\",\"item\":\"https:\/\/dev.explora.cl\/atacama\/\"},{\"@type\":\"ListItem\",\"position\":2,\"name\":\"Profesores de Atacama vivieron una semana de entretenidas actividades did\u00e1cticas en Campamento Explora Va!\"}]},{\"@type\":\"WebSite\",\"@id\":\"https:\/\/dev.explora.cl\/atacama\/#website\",\"url\":\"https:\/\/dev.explora.cl\/atacama\/\",\"name\":\"Atacama\",\"description\":\"Otro sitio m\u00e1s de dev.explora.cl\",\"potentialAction\":[{\"@type\":\"SearchAction\",\"target\":{\"@type\":\"EntryPoint\",\"urlTemplate\":\"https:\/\/dev.explora.cl\/atacama\/?s={search_term_string}\"},\"query-input\":{\"@type\":\"PropertyValueSpecification\",\"valueRequired\":true,\"valueName\":\"search_term_string\"}}],\"inLanguage\":\"es-CL\"},{\"@type\":\"Person\",\"@id\":\"https:\/\/dev.explora.cl\/atacama\/#\/schema\/person\/1e89437dfd0db398617a5057c75b8bf3\",\"name\":\"ExploraAtacama\",\"image\":{\"@type\":\"ImageObject\",\"inLanguage\":\"es-CL\",\"@id\":\"https:\/\/dev.explora.cl\/atacama\/#\/schema\/person\/image\/\",\"url\":\"https:\/\/secure.gravatar.com\/avatar\/2e2fd819b7985a746e8ea39b36909cf1a17dc034046e230e83eb1534d0a52b24?s=96&d=mm&r=g\",\"contentUrl\":\"https:\/\/secure.gravatar.com\/avatar\/2e2fd819b7985a746e8ea39b36909cf1a17dc034046e230e83eb1534d0a52b24?s=96&d=mm&r=g\",\"caption\":\"ExploraAtacama\"},\"url\":\"https:\/\/dev.explora.cl\/atacama\/author\/dortiz\/\"}]}<\/script>\n<!-- \/ Yoast SEO plugin. -->","yoast_head_json":{"title":"Profesores de Atacama vivieron una semana de entretenidas actividades did\u00e1cticas en Campamento Explora Va! - Atacama","robots":{"index":"index","follow":"follow","max-snippet":"max-snippet:-1","max-image-preview":"max-image-preview:large","max-video-preview":"max-video-preview:-1"},"canonical":"https:\/\/dev.explora.cl\/atacama\/hoy-se-inicio-el-campamento-explora-va\/","og_locale":"es_ES","og_type":"article","og_title":"Profesores de Atacama vivieron una semana de entretenidas actividades did\u00e1cticas en Campamento Explora Va! - Atacama","og_description":"El campamento Explora Va! 2020 se inici\u00f3 en Caldera con cerca de 40 docentes y profesionales de la educaci\u00f3n, quienes participaron de diversas actividades l\u00fadicas, din\u00e1micas de grupos, estuvieron en dos talleres y una fiesta paleontol\u00f3gica.","og_url":"https:\/\/dev.explora.cl\/atacama\/hoy-se-inicio-el-campamento-explora-va\/","og_site_name":"Atacama","article_published_time":"2020-01-06T21:28:09+00:00","article_modified_time":"2020-01-22T15:33:01+00:00","og_image":[{"width":1024,"height":683,"url":"https:\/\/dev.explora.cl\/atacama\/wp-content\/uploads\/sites\/5\/2020\/01\/IMG_0503-1024x683.jpg","type":"image\/jpeg"}],"author":"ExploraAtacama","twitter_card":"summary_large_image","twitter_misc":{"Escrito por":"ExploraAtacama","Tiempo estimado de lectura":"3 minutos"},"schema":{"@context":"https:\/\/schema.org","@graph":[{"@type":"Article","@id":"https:\/\/dev.explora.cl\/atacama\/hoy-se-inicio-el-campamento-explora-va\/#article","isPartOf":{"@id":"https:\/\/dev.explora.cl\/atacama\/hoy-se-inicio-el-campamento-explora-va\/"},"author":{"name":"ExploraAtacama","@id":"https:\/\/dev.explora.cl\/atacama\/#\/schema\/person\/1e89437dfd0db398617a5057c75b8bf3"},"headline":"Profesores de Atacama vivieron una semana de entretenidas actividades did\u00e1cticas en Campamento Explora Va!","datePublished":"2020-01-06T21:28:09+00:00","dateModified":"2020-01-22T15:33:01+00:00","mainEntityOfPage":{"@id":"https:\/\/dev.explora.cl\/atacama\/hoy-se-inicio-el-campamento-explora-va\/"},"wordCount":661,"commentCount":0,"image":{"@id":"https:\/\/dev.explora.cl\/atacama\/hoy-se-inicio-el-campamento-explora-va\/#primaryimage"},"thumbnailUrl":"https:\/\/dev.explora.cl\/atacama\/wp-content\/uploads\/sites\/5\/2020\/01\/IMG_0503.jpg","articleSection":["Lugar 4"],"inLanguage":"es-CL","potentialAction":[{"@type":"CommentAction","name":"Comment","target":["https:\/\/dev.explora.cl\/atacama\/hoy-se-inicio-el-campamento-explora-va\/#respond"]}]},{"@type":"WebPage","@id":"https:\/\/dev.explora.cl\/atacama\/hoy-se-inicio-el-campamento-explora-va\/","url":"https:\/\/dev.explora.cl\/atacama\/hoy-se-inicio-el-campamento-explora-va\/","name":"Profesores de Atacama vivieron una semana de entretenidas actividades did\u00e1cticas en Campamento Explora Va! - Atacama","isPartOf":{"@id":"https:\/\/dev.explora.cl\/atacama\/#website"},"primaryImageOfPage":{"@id":"https:\/\/dev.explora.cl\/atacama\/hoy-se-inicio-el-campamento-explora-va\/#primaryimage"},"image":{"@id":"https:\/\/dev.explora.cl\/atacama\/hoy-se-inicio-el-campamento-explora-va\/#primaryimage"},"thumbnailUrl":"https:\/\/dev.explora.cl\/atacama\/wp-content\/uploads\/sites\/5\/2020\/01\/IMG_0503.jpg","datePublished":"2020-01-06T21:28:09+00:00","dateModified":"2020-01-22T15:33:01+00:00","author":{"@id":"https:\/\/dev.explora.cl\/atacama\/#\/schema\/person\/1e89437dfd0db398617a5057c75b8bf3"},"breadcrumb":{"@id":"https:\/\/dev.explora.cl\/atacama\/hoy-se-inicio-el-campamento-explora-va\/#breadcrumb"},"inLanguage":"es-CL","potentialAction":[{"@type":"ReadAction","target":["https:\/\/dev.explora.cl\/atacama\/hoy-se-inicio-el-campamento-explora-va\/"]}]},{"@type":"ImageObject","inLanguage":"es-CL","@id":"https:\/\/dev.explora.cl\/atacama\/hoy-se-inicio-el-campamento-explora-va\/#primaryimage","url":"https:\/\/dev.explora.cl\/atacama\/wp-content\/uploads\/sites\/5\/2020\/01\/IMG_0503.jpg","contentUrl":"https:\/\/dev.explora.cl\/atacama\/wp-content\/uploads\/sites\/5\/2020\/01\/IMG_0503.jpg","width":5184,"height":3456},{"@type":"BreadcrumbList","@id":"https:\/\/dev.explora.cl\/atacama\/hoy-se-inicio-el-campamento-explora-va\/#breadcrumb","itemListElement":[{"@type":"ListItem","position":1,"name":"Portada","item":"https:\/\/dev.explora.cl\/atacama\/"},{"@type":"ListItem","position":2,"name":"Profesores de Atacama vivieron una semana de entretenidas actividades did\u00e1cticas en Campamento Explora Va!"}]},{"@type":"WebSite","@id":"https:\/\/dev.explora.cl\/atacama\/#website","url":"https:\/\/dev.explora.cl\/atacama\/","name":"Atacama","description":"Otro sitio m\u00e1s de dev.explora.cl","potentialAction":[{"@type":"SearchAction","target":{"@type":"EntryPoint","urlTemplate":"https:\/\/dev.explora.cl\/atacama\/?s={search_term_string}"},"query-input":{"@type":"PropertyValueSpecification","valueRequired":true,"valueName":"search_term_string"}}],"inLanguage":"es-CL"},{"@type":"Person","@id":"https:\/\/dev.explora.cl\/atacama\/#\/schema\/person\/1e89437dfd0db398617a5057c75b8bf3","name":"ExploraAtacama","image":{"@type":"ImageObject","inLanguage":"es-CL","@id":"https:\/\/dev.explora.cl\/atacama\/#\/schema\/person\/image\/","url":"https:\/\/secure.gravatar.com\/avatar\/2e2fd819b7985a746e8ea39b36909cf1a17dc034046e230e83eb1534d0a52b24?s=96&d=mm&r=g","contentUrl":"https:\/\/secure.gravatar.com\/avatar\/2e2fd819b7985a746e8ea39b36909cf1a17dc034046e230e83eb1534d0a52b24?s=96&d=mm&r=g","caption":"ExploraAtacama"},"url":"https:\/\/dev.explora.cl\/atacama\/author\/dortiz\/"}]}},"_links":{"self":[{"href":"https:\/\/dev.explora.cl\/atacama\/wp-json\/wp\/v2\/posts\/38607","targetHints":{"allow":["GET"]}}],"collection":[{"href":"https:\/\/dev.explora.cl\/atacama\/wp-json\/wp\/v2\/posts"}],"about":[{"href":"https:\/\/dev.explora.cl\/atacama\/wp-json\/wp\/v2\/types\/post"}],"author":[{"embeddable":true,"href":"https:\/\/dev.explora.cl\/atacama\/wp-json\/wp\/v2\/users\/20"}],"replies":[{"embeddable":true,"href":"https:\/\/dev.explora.cl\/atacama\/wp-json\/wp\/v2\/comments?post=38607"}],"version-history":[{"count":6,"href":"https:\/\/dev.explora.cl\/atacama\/wp-json\/wp\/v2\/posts\/38607\/revisions"}],"predecessor-version":[{"id":38724,"href":"https:\/\/dev.explora.cl\/atacama\/wp-json\/wp\/v2\/posts\/38607\/revisions\/38724"}],"wp:featuredmedia":[{"embeddable":true,"href":"https:\/\/dev.explora.cl\/atacama\/wp-json\/wp\/v2\/media\/38610"}],"wp:attachment":[{"href":"https:\/\/dev.explora.cl\/atacama\/wp-json\/wp\/v2\/media?parent=38607"}],"wp:term":[{"taxonomy":"category","embeddable":true,"href":"https:\/\/dev.explora.cl\/atacama\/wp-json\/wp\/v2\/categories?post=38607"},{"taxonomy":"post_tag","embeddable":true,"href":"https:\/\/dev.explora.cl\/atacama\/wp-json\/wp\/v2\/tags?post=38607"}],"curies":[{"name":"wp","href":"https:\/\/api.w.org\/{rel}","templated":true}]}}