{"id":37878,"date":"2015-07-29T16:18:04","date_gmt":"2015-07-29T16:18:04","guid":{"rendered":"https:\/\/dev.explora.cl\/atacama\/blog\/2015\/07\/29\/profesores-de-diego-de-almagro-visitaron-la-facultad-de-ciencias-naturales-de-la-uda\/"},"modified":"2019-05-16T03:36:52","modified_gmt":"2019-05-16T03:36:52","slug":"profesores-de-diego-de-almagro-visitaron-la-facultad-de-ciencias-naturales-de-la-uda","status":"publish","type":"post","link":"https:\/\/dev.explora.cl\/atacama\/profesores-de-diego-de-almagro-visitaron-la-facultad-de-ciencias-naturales-de-la-uda\/","title":{"rendered":"Profesores de Diego de Almagro visitaron la Facultad de Ciencias Naturales de la UDA"},"content":{"rendered":"<p><img loading=\"lazy\" decoding=\"async\" class=\" size-full wp-image-13357\" src=\"http:\/\/ec2-34-218-253-251.us-west-2.compute.amazonaws.com\/wp-content\/uploads\/2015\/07\/661d42fdef7183d32020b709dcb07dbd.jpg\" alt=\"\" width=\"1600\" height=\"960\" \/><\/p>\n<p>&nbsp;<\/p>\n<p style=\"text-align: justify\">La visita se enmarc\u00f3 en estrechar lazos de comunicaci\u00f3n, coordinaci\u00f3n y cooperaci\u00f3n para la realizaci\u00f3n de la semana Nacional de la Ciencia y Tecnolog\u00eda (SNCYT), y el Campamento Astron\u00f3mico &#8220;Hugo Ochoa Pinto&#8221;, en que los docentes traer\u00e1n a sus alumnos a la Casa de Estudios Superiores para disfrutar de clases did\u00e1cticas.<\/p>\n<p style=\"text-align: justify\">Docentes de la ciudad de Diego de Almagro visitaron la Facultad de Ciencias Naturales de la UDA y conocieron los laboratorios de Biolog\u00eda Celular, Anatom\u00eda, Enfermer\u00eda y pudieron apreciar en terreno las dependencias en las que se realizaran las visitas de los estudiantes de Diego de Almagro a los laboratorios de la Universidad y museos de la regi\u00f3n, enmarcada en la iniciativa SNCYT.<\/p>\n<p style=\"text-align: justify\">Los docentes de educaci\u00f3n secundaria que fueron parte de la visita, se mostraron muy complacidos de que la UDA desarrolle este v\u00ednculo con el mundo escolar. Luis Aguirre, el Director de la Escuela Sara Cort\u00e9s, expres\u00f3 que \u201cm\u00e1s aun en estos momentos en que la cat\u00e1strofe nos deja muy damnificados, incluso al extremo de dejar a nuestra escuela Sara Cort\u00e9s inhabilitada para realizar las clases normales durante este semestre, es por ello que la invitaci\u00f3n a realizar actividades pedag\u00f3gicas diferentes, como la que nos hace el director de la iniciativa SNCYT, el Acad\u00e9mico Claudio Ram\u00edrez, nos genera un cambio de sinton\u00eda y contenci\u00f3n con los alumnos y los profesores participantes en estas actividades\u201d.<\/p>\n<p style=\"text-align: justify\">El Director de la iniciativa SNCYT, Claudio Ram\u00edrez, agrego que, \u201cestamos generando v\u00ednculos de apoyo con todas las comunas afectadas por la cat\u00e1strofe y con las que no fueron afectadas tambi\u00e9n, con todos los establecimientos, porque queremos incorporar a trav\u00e9s de actividades de la SNCYT propuestas por Explora CONICYT, a la valoraci\u00f3n de la Ciencia y la Tecnolog\u00eda para que con estas pr\u00e1cticas de aprendizaje conjuntas entre la UDA y las comunas de la regi\u00f3n se pueda construir una cultura de las ciencias y de protecci\u00f3n al medio ambiente\u201d.<\/p>\n<p style=\"text-align: justify\">El acad\u00e9mico Pablo Hern\u00e1ndez, el Director Alterno de la iniciativa SNCYT, a\u00f1adi\u00f3 que \u201ces reconfortante verificar en terreno como&nbsp; la UDA est\u00e1 captando nuevamente el inter\u00e9s de la comunidad regional. Una muestra de ellos es la visita de los profesores de Diego de Almagro, los hemos recibido con mucho entusiasmo, porque este a\u00f1o los invitamos para que con sus alumnos conozcan nuestros laboratorios, de este modo acercarlos a la ciencia de manera divertida, para motivarlos a aprender de \u00e9sta materia, y por qu\u00e9 no, alguno de ellos podr\u00eda dedicarse a futuro profesionalmente a alguna \u00e1rea de la ciencia\u201d.&nbsp;<\/p>\n<p>&nbsp;<\/p>\n","protected":false},"excerpt":{"rendered":"<p>&nbsp; La visita se enmarc\u00f3 en estrechar lazos de comunicaci\u00f3n, coordinaci\u00f3n y cooperaci\u00f3n para la realizaci\u00f3n de la semana Nacional de la Ciencia y Tecnolog\u00eda (SNCYT), y el Campamento Astron\u00f3mico &#8220;Hugo Ochoa Pinto&#8221;, en que los docentes traer\u00e1n a sus alumnos a la Casa de Estudios Superiores para disfrutar de clases did\u00e1cticas. Docentes de la [&hellip;]<\/p>\n","protected":false},"author":2,"featured_media":13357,"comment_status":"closed","ping_status":"open","sticky":false,"template":"","format":"standard","meta":{"_acf_changed":false,"_exactmetrics_skip_tracking":false,"_exactmetrics_sitenote_active":false,"_exactmetrics_sitenote_note":"","_exactmetrics_sitenote_category":0,"footnotes":"","_links_to":"","_links_to_target":""},"categories":[4],"tags":[172],"class_list":["post-37878","post","type-post","status-publish","format-standard","has-post-thumbnail","hentry","category-noticias","tag-visita-terreno"],"acf":[],"yoast_head":"<!-- This site is optimized with the Yoast SEO plugin v26.7 - https:\/\/yoast.com\/wordpress\/plugins\/seo\/ -->\n<title>Profesores de Diego de Almagro visitaron la Facultad de Ciencias Naturales de la UDA - Atacama<\/title>\n<meta name=\"robots\" content=\"index, follow, max-snippet:-1, max-image-preview:large, max-video-preview:-1\" \/>\n<link rel=\"canonical\" href=\"https:\/\/dev.explora.cl\/atacama\/profesores-de-diego-de-almagro-visitaron-la-facultad-de-ciencias-naturales-de-la-uda\/\" class=\"yoast-seo-meta-tag\" \/>\n<meta property=\"og:locale\" content=\"es_ES\" class=\"yoast-seo-meta-tag\" \/>\n<meta property=\"og:type\" content=\"article\" class=\"yoast-seo-meta-tag\" \/>\n<meta property=\"og:title\" content=\"Profesores de Diego de Almagro visitaron la Facultad de Ciencias Naturales de la UDA - Atacama\" class=\"yoast-seo-meta-tag\" \/>\n<meta property=\"og:description\" content=\"&nbsp; La visita se enmarc\u00f3 en estrechar lazos de comunicaci\u00f3n, coordinaci\u00f3n y cooperaci\u00f3n para la realizaci\u00f3n de la semana Nacional de la Ciencia y Tecnolog\u00eda (SNCYT), y el Campamento Astron\u00f3mico &#8220;Hugo Ochoa Pinto&#8221;, en que los docentes traer\u00e1n a sus alumnos a la Casa de Estudios Superiores para disfrutar de clases did\u00e1cticas. Docentes de la [&hellip;]\" class=\"yoast-seo-meta-tag\" \/>\n<meta property=\"og:url\" content=\"https:\/\/dev.explora.cl\/atacama\/profesores-de-diego-de-almagro-visitaron-la-facultad-de-ciencias-naturales-de-la-uda\/\" class=\"yoast-seo-meta-tag\" \/>\n<meta property=\"og:site_name\" content=\"Atacama\" class=\"yoast-seo-meta-tag\" \/>\n<meta property=\"article:published_time\" content=\"2015-07-29T16:18:04+00:00\" class=\"yoast-seo-meta-tag\" \/>\n<meta property=\"article:modified_time\" content=\"2019-05-16T03:36:52+00:00\" class=\"yoast-seo-meta-tag\" \/>\n<meta name=\"author\" content=\"webman\" class=\"yoast-seo-meta-tag\" \/>\n<meta name=\"twitter:card\" content=\"summary_large_image\" class=\"yoast-seo-meta-tag\" \/>\n<meta name=\"twitter:label1\" content=\"Escrito por\" class=\"yoast-seo-meta-tag\" \/>\n\t<meta name=\"twitter:data1\" content=\"webman\" class=\"yoast-seo-meta-tag\" \/>\n\t<meta name=\"twitter:label2\" content=\"Tiempo estimado de lectura\" class=\"yoast-seo-meta-tag\" \/>\n\t<meta name=\"twitter:data2\" content=\"2 minutos\" class=\"yoast-seo-meta-tag\" \/>\n<script type=\"application\/ld+json\" class=\"yoast-schema-graph\">{\"@context\":\"https:\/\/schema.org\",\"@graph\":[{\"@type\":\"Article\",\"@id\":\"https:\/\/dev.explora.cl\/atacama\/profesores-de-diego-de-almagro-visitaron-la-facultad-de-ciencias-naturales-de-la-uda\/#article\",\"isPartOf\":{\"@id\":\"https:\/\/dev.explora.cl\/atacama\/profesores-de-diego-de-almagro-visitaron-la-facultad-de-ciencias-naturales-de-la-uda\/\"},\"author\":{\"name\":\"webman\",\"@id\":\"https:\/\/dev.explora.cl\/atacama\/#\/schema\/person\/cb8349c13ea2d324080adf8480d7ba5d\"},\"headline\":\"Profesores de Diego de Almagro visitaron la Facultad de Ciencias Naturales de la UDA\",\"datePublished\":\"2015-07-29T16:18:04+00:00\",\"dateModified\":\"2019-05-16T03:36:52+00:00\",\"mainEntityOfPage\":{\"@id\":\"https:\/\/dev.explora.cl\/atacama\/profesores-de-diego-de-almagro-visitaron-la-facultad-de-ciencias-naturales-de-la-uda\/\"},\"wordCount\":472,\"image\":{\"@id\":\"https:\/\/dev.explora.cl\/atacama\/profesores-de-diego-de-almagro-visitaron-la-facultad-de-ciencias-naturales-de-la-uda\/#primaryimage\"},\"thumbnailUrl\":\"\",\"keywords\":[\"visita terreno\"],\"articleSection\":[\"Noticias\"],\"inLanguage\":\"es-CL\"},{\"@type\":\"WebPage\",\"@id\":\"https:\/\/dev.explora.cl\/atacama\/profesores-de-diego-de-almagro-visitaron-la-facultad-de-ciencias-naturales-de-la-uda\/\",\"url\":\"https:\/\/dev.explora.cl\/atacama\/profesores-de-diego-de-almagro-visitaron-la-facultad-de-ciencias-naturales-de-la-uda\/\",\"name\":\"Profesores de Diego de Almagro visitaron la Facultad de Ciencias Naturales de la UDA - Atacama\",\"isPartOf\":{\"@id\":\"https:\/\/dev.explora.cl\/atacama\/#website\"},\"primaryImageOfPage\":{\"@id\":\"https:\/\/dev.explora.cl\/atacama\/profesores-de-diego-de-almagro-visitaron-la-facultad-de-ciencias-naturales-de-la-uda\/#primaryimage\"},\"image\":{\"@id\":\"https:\/\/dev.explora.cl\/atacama\/profesores-de-diego-de-almagro-visitaron-la-facultad-de-ciencias-naturales-de-la-uda\/#primaryimage\"},\"thumbnailUrl\":\"\",\"datePublished\":\"2015-07-29T16:18:04+00:00\",\"dateModified\":\"2019-05-16T03:36:52+00:00\",\"author\":{\"@id\":\"https:\/\/dev.explora.cl\/atacama\/#\/schema\/person\/cb8349c13ea2d324080adf8480d7ba5d\"},\"breadcrumb\":{\"@id\":\"https:\/\/dev.explora.cl\/atacama\/profesores-de-diego-de-almagro-visitaron-la-facultad-de-ciencias-naturales-de-la-uda\/#breadcrumb\"},\"inLanguage\":\"es-CL\",\"potentialAction\":[{\"@type\":\"ReadAction\",\"target\":[\"https:\/\/dev.explora.cl\/atacama\/profesores-de-diego-de-almagro-visitaron-la-facultad-de-ciencias-naturales-de-la-uda\/\"]}]},{\"@type\":\"ImageObject\",\"inLanguage\":\"es-CL\",\"@id\":\"https:\/\/dev.explora.cl\/atacama\/profesores-de-diego-de-almagro-visitaron-la-facultad-de-ciencias-naturales-de-la-uda\/#primaryimage\",\"url\":\"\",\"contentUrl\":\"\"},{\"@type\":\"BreadcrumbList\",\"@id\":\"https:\/\/dev.explora.cl\/atacama\/profesores-de-diego-de-almagro-visitaron-la-facultad-de-ciencias-naturales-de-la-uda\/#breadcrumb\",\"itemListElement\":[{\"@type\":\"ListItem\",\"position\":1,\"name\":\"Portada\",\"item\":\"https:\/\/dev.explora.cl\/atacama\/\"},{\"@type\":\"ListItem\",\"position\":2,\"name\":\"Profesores de Diego de Almagro visitaron la Facultad de Ciencias Naturales de la UDA\"}]},{\"@type\":\"WebSite\",\"@id\":\"https:\/\/dev.explora.cl\/atacama\/#website\",\"url\":\"https:\/\/dev.explora.cl\/atacama\/\",\"name\":\"Atacama\",\"description\":\"Otro sitio m\u00e1s de dev.explora.cl\",\"potentialAction\":[{\"@type\":\"SearchAction\",\"target\":{\"@type\":\"EntryPoint\",\"urlTemplate\":\"https:\/\/dev.explora.cl\/atacama\/?s={search_term_string}\"},\"query-input\":{\"@type\":\"PropertyValueSpecification\",\"valueRequired\":true,\"valueName\":\"search_term_string\"}}],\"inLanguage\":\"es-CL\"},{\"@type\":\"Person\",\"@id\":\"https:\/\/dev.explora.cl\/atacama\/#\/schema\/person\/cb8349c13ea2d324080adf8480d7ba5d\",\"name\":\"webman\",\"image\":{\"@type\":\"ImageObject\",\"inLanguage\":\"es-CL\",\"@id\":\"https:\/\/dev.explora.cl\/atacama\/#\/schema\/person\/image\/\",\"url\":\"https:\/\/secure.gravatar.com\/avatar\/eeff3c82f2c02f7177d13663b7e6f890e9a6a0647ce9bb29cae02dcb094c7312?s=96&d=mm&r=g\",\"contentUrl\":\"https:\/\/secure.gravatar.com\/avatar\/eeff3c82f2c02f7177d13663b7e6f890e9a6a0647ce9bb29cae02dcb094c7312?s=96&d=mm&r=g\",\"caption\":\"webman\"},\"url\":\"https:\/\/dev.explora.cl\/atacama\/author\/webman\/\"}]}<\/script>\n<!-- \/ Yoast SEO plugin. -->","yoast_head_json":{"title":"Profesores de Diego de Almagro visitaron la Facultad de Ciencias Naturales de la UDA - Atacama","robots":{"index":"index","follow":"follow","max-snippet":"max-snippet:-1","max-image-preview":"max-image-preview:large","max-video-preview":"max-video-preview:-1"},"canonical":"https:\/\/dev.explora.cl\/atacama\/profesores-de-diego-de-almagro-visitaron-la-facultad-de-ciencias-naturales-de-la-uda\/","og_locale":"es_ES","og_type":"article","og_title":"Profesores de Diego de Almagro visitaron la Facultad de Ciencias Naturales de la UDA - Atacama","og_description":"&nbsp; La visita se enmarc\u00f3 en estrechar lazos de comunicaci\u00f3n, coordinaci\u00f3n y cooperaci\u00f3n para la realizaci\u00f3n de la semana Nacional de la Ciencia y Tecnolog\u00eda (SNCYT), y el Campamento Astron\u00f3mico &#8220;Hugo Ochoa Pinto&#8221;, en que los docentes traer\u00e1n a sus alumnos a la Casa de Estudios Superiores para disfrutar de clases did\u00e1cticas. Docentes de la [&hellip;]","og_url":"https:\/\/dev.explora.cl\/atacama\/profesores-de-diego-de-almagro-visitaron-la-facultad-de-ciencias-naturales-de-la-uda\/","og_site_name":"Atacama","article_published_time":"2015-07-29T16:18:04+00:00","article_modified_time":"2019-05-16T03:36:52+00:00","author":"webman","twitter_card":"summary_large_image","twitter_misc":{"Escrito por":"webman","Tiempo estimado de lectura":"2 minutos"},"schema":{"@context":"https:\/\/schema.org","@graph":[{"@type":"Article","@id":"https:\/\/dev.explora.cl\/atacama\/profesores-de-diego-de-almagro-visitaron-la-facultad-de-ciencias-naturales-de-la-uda\/#article","isPartOf":{"@id":"https:\/\/dev.explora.cl\/atacama\/profesores-de-diego-de-almagro-visitaron-la-facultad-de-ciencias-naturales-de-la-uda\/"},"author":{"name":"webman","@id":"https:\/\/dev.explora.cl\/atacama\/#\/schema\/person\/cb8349c13ea2d324080adf8480d7ba5d"},"headline":"Profesores de Diego de Almagro visitaron la Facultad de Ciencias Naturales de la UDA","datePublished":"2015-07-29T16:18:04+00:00","dateModified":"2019-05-16T03:36:52+00:00","mainEntityOfPage":{"@id":"https:\/\/dev.explora.cl\/atacama\/profesores-de-diego-de-almagro-visitaron-la-facultad-de-ciencias-naturales-de-la-uda\/"},"wordCount":472,"image":{"@id":"https:\/\/dev.explora.cl\/atacama\/profesores-de-diego-de-almagro-visitaron-la-facultad-de-ciencias-naturales-de-la-uda\/#primaryimage"},"thumbnailUrl":"","keywords":["visita terreno"],"articleSection":["Noticias"],"inLanguage":"es-CL"},{"@type":"WebPage","@id":"https:\/\/dev.explora.cl\/atacama\/profesores-de-diego-de-almagro-visitaron-la-facultad-de-ciencias-naturales-de-la-uda\/","url":"https:\/\/dev.explora.cl\/atacama\/profesores-de-diego-de-almagro-visitaron-la-facultad-de-ciencias-naturales-de-la-uda\/","name":"Profesores de Diego de Almagro visitaron la Facultad de Ciencias Naturales de la UDA - Atacama","isPartOf":{"@id":"https:\/\/dev.explora.cl\/atacama\/#website"},"primaryImageOfPage":{"@id":"https:\/\/dev.explora.cl\/atacama\/profesores-de-diego-de-almagro-visitaron-la-facultad-de-ciencias-naturales-de-la-uda\/#primaryimage"},"image":{"@id":"https:\/\/dev.explora.cl\/atacama\/profesores-de-diego-de-almagro-visitaron-la-facultad-de-ciencias-naturales-de-la-uda\/#primaryimage"},"thumbnailUrl":"","datePublished":"2015-07-29T16:18:04+00:00","dateModified":"2019-05-16T03:36:52+00:00","author":{"@id":"https:\/\/dev.explora.cl\/atacama\/#\/schema\/person\/cb8349c13ea2d324080adf8480d7ba5d"},"breadcrumb":{"@id":"https:\/\/dev.explora.cl\/atacama\/profesores-de-diego-de-almagro-visitaron-la-facultad-de-ciencias-naturales-de-la-uda\/#breadcrumb"},"inLanguage":"es-CL","potentialAction":[{"@type":"ReadAction","target":["https:\/\/dev.explora.cl\/atacama\/profesores-de-diego-de-almagro-visitaron-la-facultad-de-ciencias-naturales-de-la-uda\/"]}]},{"@type":"ImageObject","inLanguage":"es-CL","@id":"https:\/\/dev.explora.cl\/atacama\/profesores-de-diego-de-almagro-visitaron-la-facultad-de-ciencias-naturales-de-la-uda\/#primaryimage","url":"","contentUrl":""},{"@type":"BreadcrumbList","@id":"https:\/\/dev.explora.cl\/atacama\/profesores-de-diego-de-almagro-visitaron-la-facultad-de-ciencias-naturales-de-la-uda\/#breadcrumb","itemListElement":[{"@type":"ListItem","position":1,"name":"Portada","item":"https:\/\/dev.explora.cl\/atacama\/"},{"@type":"ListItem","position":2,"name":"Profesores de Diego de Almagro visitaron la Facultad de Ciencias Naturales de la UDA"}]},{"@type":"WebSite","@id":"https:\/\/dev.explora.cl\/atacama\/#website","url":"https:\/\/dev.explora.cl\/atacama\/","name":"Atacama","description":"Otro sitio m\u00e1s de dev.explora.cl","potentialAction":[{"@type":"SearchAction","target":{"@type":"EntryPoint","urlTemplate":"https:\/\/dev.explora.cl\/atacama\/?s={search_term_string}"},"query-input":{"@type":"PropertyValueSpecification","valueRequired":true,"valueName":"search_term_string"}}],"inLanguage":"es-CL"},{"@type":"Person","@id":"https:\/\/dev.explora.cl\/atacama\/#\/schema\/person\/cb8349c13ea2d324080adf8480d7ba5d","name":"webman","image":{"@type":"ImageObject","inLanguage":"es-CL","@id":"https:\/\/dev.explora.cl\/atacama\/#\/schema\/person\/image\/","url":"https:\/\/secure.gravatar.com\/avatar\/eeff3c82f2c02f7177d13663b7e6f890e9a6a0647ce9bb29cae02dcb094c7312?s=96&d=mm&r=g","contentUrl":"https:\/\/secure.gravatar.com\/avatar\/eeff3c82f2c02f7177d13663b7e6f890e9a6a0647ce9bb29cae02dcb094c7312?s=96&d=mm&r=g","caption":"webman"},"url":"https:\/\/dev.explora.cl\/atacama\/author\/webman\/"}]}},"_links":{"self":[{"href":"https:\/\/dev.explora.cl\/atacama\/wp-json\/wp\/v2\/posts\/37878","targetHints":{"allow":["GET"]}}],"collection":[{"href":"https:\/\/dev.explora.cl\/atacama\/wp-json\/wp\/v2\/posts"}],"about":[{"href":"https:\/\/dev.explora.cl\/atacama\/wp-json\/wp\/v2\/types\/post"}],"author":[{"embeddable":true,"href":"https:\/\/dev.explora.cl\/atacama\/wp-json\/wp\/v2\/users\/2"}],"replies":[{"embeddable":true,"href":"https:\/\/dev.explora.cl\/atacama\/wp-json\/wp\/v2\/comments?post=37878"}],"version-history":[{"count":1,"href":"https:\/\/dev.explora.cl\/atacama\/wp-json\/wp\/v2\/posts\/37878\/revisions"}],"predecessor-version":[{"id":38032,"href":"https:\/\/dev.explora.cl\/atacama\/wp-json\/wp\/v2\/posts\/37878\/revisions\/38032"}],"wp:featuredmedia":[{"embeddable":true,"href":"https:\/\/dev.explora.cl\/atacama\/wp-json\/"}],"wp:attachment":[{"href":"https:\/\/dev.explora.cl\/atacama\/wp-json\/wp\/v2\/media?parent=37878"}],"wp:term":[{"taxonomy":"category","embeddable":true,"href":"https:\/\/dev.explora.cl\/atacama\/wp-json\/wp\/v2\/categories?post=37878"},{"taxonomy":"post_tag","embeddable":true,"href":"https:\/\/dev.explora.cl\/atacama\/wp-json\/wp\/v2\/tags?post=37878"}],"curies":[{"name":"wp","href":"https:\/\/api.w.org\/{rel}","templated":true}]}}