{"id":37877,"date":"2015-08-07T05:00:34","date_gmt":"2015-08-07T05:00:34","guid":{"rendered":"https:\/\/dev.explora.cl\/atacama\/blog\/2015\/08\/07\/participa-en-el-xiii-congreso-regional-escolar-de-ciencia-y-tecnologia-en-atacama\/"},"modified":"2019-05-16T03:36:50","modified_gmt":"2019-05-16T03:36:50","slug":"participa-en-el-xiii-congreso-regional-escolar-de-ciencia-y-tecnologia-en-atacama","status":"publish","type":"post","link":"https:\/\/dev.explora.cl\/atacama\/participa-en-el-xiii-congreso-regional-escolar-de-ciencia-y-tecnologia-en-atacama\/","title":{"rendered":"Participa en el XIII Congreso Regional Escolar de Ciencia y Tecnolog\u00eda en Atacama"},"content":{"rendered":"<p><img loading=\"lazy\" decoding=\"async\" class=\" size-full wp-image-13617\" src=\"http:\/\/ec2-34-218-253-251.us-west-2.compute.amazonaws.com\/wp-content\/uploads\/2015\/08\/f67d8d0b345662a468a90977469876e2.jpg\" alt=\"\" width=\"590\" height=\"212\" \/><\/p>\n<p>&nbsp;<\/p>\n<p style=\"line-height: 15.75pt;background-image: initial;background-position: initial\"><i><span style=\"font-size: 11.5pt;font-family: 'Trebuchet MS', sans-serif;border: 1pt none windowtext;padding: 0cm\">Hay muchas formas de observar el mundo, tu pa\u00eds y tu regi\u00f3n. Hazlo a trav\u00e9s de tu talento, habilidad y motivaci\u00f3n. Comparte esta experiencia con otros ni\u00f1os, ni\u00f1as y j\u00f3venes de tu regi\u00f3n.<\/span><\/i><\/p>\n<p style=\"margin: 11.25pt 0cm;text-align: justify;line-height: 15.75pt;background-image: initial;background-position: initial\"><span style=\"font-size: 11.5pt;font-family: 'Trebuchet MS', sans-serif\">\u00a1Atentos ni\u00f1os, ni\u00f1as y j\u00f3venes de Atacama! Si cursas desde 5\u00b0 b\u00e1sico hasta 3\u00b0 medio, arma tu equipo con amigos, amigas y tu profesor o profesora, para desarrollar una investigaci\u00f3n escolar y participar en el 13\u00b0 Congreso Regional Escolar de Ciencia y Tecnolog\u00eda EXPLORA CONICYT, Regi\u00f3n de Atacama.<\/span><\/p>\n<p style=\"margin: 11.25pt 0cm;text-align: justify;line-height: 15.75pt;background-image: initial;background-position: initial\"><span style=\"font-size: 11.5pt;font-family: 'Trebuchet MS', sans-serif\">Comparte con tus pares y destacados cient\u00edficos e investigadores regionales e invitados de otras instituciones. El congreso regional es una oportunidad \u00fanica para desarrollar tu potencial tecnol\u00f3gico y cient\u00edfico en equipo y mostrar tu talento a toda la regi\u00f3n.<\/span><\/p>\n<p style=\"margin: 11.25pt 0cm;text-align: justify;line-height: 15.75pt;background-image: initial;background-position: initial\"><span style=\"font-size: 11.5pt;font-family: 'Trebuchet MS', sans-serif\">Los equipos deben desarrollar investigaciones cient\u00edficas originales, orientadas a generar nuevos conocimientos en ciencias sociales, naturales, agr\u00edcolas o m\u00e9dicas. Tambi\u00e9n pueden participar trabajos de ingenier\u00eda y tecnolog\u00eda, donde el objetivo debe ser crear u optimizar productos, materiales, procesos, sistemas o servicios destinados a una necesidad concreta.<\/span><\/p>\n<p style=\"text-align: justify;line-height: 15.75pt;background-image: initial;background-position: initial\"><span style=\"font-size: 11.5pt;font-family: 'Trebuchet MS', sans-serif\">Para participar debes enviar tu formulario de postulaci\u00f3n con tu proyecto de investigaci\u00f3n a <a href=\"mailto:explora.atacama.crecyt@uda.cl\">explora.atacama.crecyt@uda.cl<\/a> o por correo tradicional a Director Congreso Regional Explora Atacama, Facultad de Ciencias Naturales (Copayapu 485, Copiap\u00f3).&nbsp;<\/span><\/p>\n<p style=\"margin: 11.25pt 0cm;text-align: justify;line-height: 15.75pt;background-image: initial;background-position: initial\"><span style=\"font-size: 11.5pt;font-family: 'Trebuchet MS', sans-serif\">El 13\u00b0 Congreso Regional Escolar de Ciencia y Tecnolog\u00eda EXPLORA CONICYT, Regi\u00f3n de Atacama, se celebrar\u00e1 los d\u00edas mi\u00e9rcoles 28 y jueves 29 de octubre, en la ciudad de Copiap\u00f3. El evento es organizado por la Facultad de Ciencias Naturales de la Universidad de Atacama y cuenta adem\u00e1s con la colaboraci\u00f3n de la Secretar\u00eda Regional Ministerial de Educaci\u00f3n, CRIDESAT-UDA, el Colegio San Agust\u00edn de Atacama y la Ilustre Municipalidad de Copiap\u00f3.<\/span><\/p>\n<p style=\"margin: 11.25pt 0cm;text-align: justify;line-height: 15.75pt;background-image: initial;background-position: initial\"><span style=\"font-size: 11.5pt;font-family: 'Trebuchet MS', sans-serif\">Los ganadores en el Congreso Regional representar\u00e1n a la regi\u00f3n en el 16\u00b0 Congreso Nacional Escolar de Ciencia y Tecnolog\u00eda EXPLORA CONICYT que se realizar\u00e1 <\/span><span style=\"font-size: 10pt;font-family: 'Trebuchet MS', sans-serif\">en <\/span><span style=\"font-size: 11.5pt;font-family: 'Trebuchet MS', sans-serif\">Valpara\u00edso, V Regi\u00f3n entre el 24 y 26 de noviembre de 2015<\/span><span style=\"font-size: 11.5pt;font-family: 'Trebuchet MS', sans-serif\">. Los ganadores de este congreso nacional viajar\u00e1n al extranjero para compartir su investigaci\u00f3n.<\/span><\/p>\n<p style=\"text-align: justify;line-height: 15.75pt;background-image: initial;background-position: initial\"><span style=\"font-size: 11.5pt;font-family: 'Trebuchet MS', sans-serif\">Para mayor informaci\u00f3n revisa las&nbsp;<strong><span style=\"text-decoration: underline\"><span style=\"border: 1pt none windowtext;padding: 0cm\">BASES<\/span><\/span><\/strong>&nbsp;y los&nbsp;<strong><span style=\"text-decoration: underline\"><span style=\"border: 1pt none windowtext;padding: 0cm\">ANEXOS DEL CONGRESO<\/span><\/span><\/strong>.<\/span><\/p>\n<p style=\"text-align: justify;line-height: 15.75pt;background-image: initial;background-position: initial\"><span style=\"font-size: 11.5pt;font-family: 'Trebuchet MS', sans-serif\">Descarga el formulario para investigaciones en&nbsp;<strong><span style=\"text-decoration: underline\"><span style=\"border: 1pt none windowtext;padding: 0cm\">CIENCIAS NATURALES<\/span><\/span><\/strong>, en&nbsp;<strong><span style=\"text-decoration: underline\"><span style=\"border: 1pt none windowtext;padding: 0cm\">INGENIER\u00cdA Y TECNOLOG\u00cdA<\/span><\/span><\/strong>&nbsp;o en&nbsp;<strong><span style=\"text-decoration: underline\"><span style=\"border: 1pt none windowtext;padding: 0cm\">CIENCIAS SOCIALES<\/span><\/span><\/strong>.<\/span><\/p>\n<p><span style=\"font-size: 11.5pt;font-family: 'Trebuchet MS', sans-serif\">En caso de dudas o consultas comun\u00edcate al correo&nbsp;<strong><span style=\"text-decoration: underline\"><span style=\"border: 1pt none windowtext;padding: 0cm\">explora.atacama.crecyt@uda.cl <\/span><\/span><\/strong>o al tel\u00e9fono <\/span><span style=\"font-family: 'Trebuchet MS', sans-serif\">(52) 2542029 (Jerov\u00e1n Castro)<\/span><\/p>\n<table border=\"1\" cellspacing=\"0\" cellpadding=\"0\" style=\"width: 620px;border-collapse: collapse;border: none\">\n<tbody>\n<tr style=\"height: 34pt\">\n<td width=\"348\" valign=\"top\" style=\"width: 261pt;border: 1pt solid windowtext;padding: 0cm 5.4pt;height: 34pt\">\n<p style=\"margin-left: 18pt\"><span style=\"font-size: 11.5pt;font-family: 'Trebuchet MS', sans-serif\">Apertura de convocatoria XIII Congreso Regional Escolar Regi\u00f3n Atacama<\/span><\/p>\n<\/td>\n<td width=\"272\" valign=\"top\" style=\"width: 204pt;border-style: solid solid solid none;border-top-color: windowtext;border-right-color: windowtext;border-bottom-color: windowtext;border-top-width: 1pt;border-right-width: 1pt;border-bottom-width: 1pt;padding: 0cm 5.4pt;height: 34pt\">\n<p style=\"margin-left: 18pt\"><span style=\"font-size: 11.5pt;font-family: 'Trebuchet MS', sans-serif\">4 de junio <\/span><span style=\"font-size: 11.5pt;font-family: 'Trebuchet MS', sans-serif\">hasta el 17 de septiembre de 2015 <\/span><\/p>\n<\/td>\n<\/tr>\n<tr style=\"height: 34pt\">\n<td width=\"348\" valign=\"top\" style=\"width: 261pt;border-style: none solid solid;border-right-color: windowtext;border-bottom-color: windowtext;border-left-color: windowtext;border-right-width: 1pt;border-bottom-width: 1pt;border-left-width: 1pt;padding: 0cm 5.4pt;height: 34pt\">\n<p style=\"margin-left: 18pt\"><span style=\"font-size: 11.5pt;font-family: 'Trebuchet MS', sans-serif\">Cierre de Postulaciones (entrega de formulario de postulaci\u00f3n completo)<\/span><\/p>\n<\/td>\n<td width=\"272\" valign=\"top\" style=\"width: 204pt;border-style: none solid solid none;border-bottom-color: windowtext;border-bottom-width: 1pt;border-right-color: windowtext;border-right-width: 1pt;padding: 0cm 5.4pt;height: 34pt\">\n<p style=\"margin-left: 18pt\"><span style=\"font-size: 11.5pt;font-family: 'Trebuchet MS', sans-serif\">9 de octubre de 2015<\/span><\/p>\n<\/td>\n<\/tr>\n<tr style=\"height: 34pt\">\n<td width=\"348\" valign=\"top\" style=\"width: 261pt;border-style: none solid solid;border-right-color: windowtext;border-bottom-color: windowtext;border-left-color: windowtext;border-right-width: 1pt;border-bottom-width: 1pt;border-left-width: 1pt;padding: 0cm 5.4pt;height: 34pt\">\n<p style=\"margin-left: 18pt\"><span style=\"font-size: 11.5pt;font-family: 'Trebuchet MS', sans-serif\">Notificaci\u00f3n de trabajos seleccionados a CRECYT y FERECYT<\/span><\/p>\n<\/td>\n<td width=\"272\" valign=\"top\" style=\"width: 204pt;border-style: none solid solid none;border-bottom-color: windowtext;border-bottom-width: 1pt;border-right-color: windowtext;border-right-width: 1pt;padding: 0cm 5.4pt;height: 34pt\">\n<p style=\"margin-left: 18pt\"><span style=\"font-size: 11.5pt;font-family: 'Trebuchet MS', sans-serif\">16 de octubre de 2015<\/span><\/p>\n<\/td>\n<\/tr>\n<tr style=\"height: 34pt\">\n<td width=\"348\" valign=\"top\" style=\"width: 261pt;border-style: none solid solid;border-right-color: windowtext;border-bottom-color: windowtext;border-left-color: windowtext;border-right-width: 1pt;border-bottom-width: 1pt;border-left-width: 1pt;padding: 0cm 5.4pt;height: 34pt\">\n<p style=\"margin-left: 18pt\"><span style=\"font-size: 11.5pt;font-family: 'Trebuchet MS', sans-serif\">&nbsp;XIII Congreso Regional Escolar EXPLORA&nbsp;&nbsp;&nbsp;&nbsp; CONICYT Regi\u00f3n Atacama<\/span><\/p>\n<\/td>\n<td width=\"272\" valign=\"top\" style=\"width: 204pt;border-style: none solid solid none;border-bottom-color: windowtext;border-bottom-width: 1pt;border-right-color: windowtext;border-right-width: 1pt;padding: 0cm 5.4pt;height: 34pt\">\n<p style=\"margin-left: 18pt\"><span style=\"font-size: 11.5pt;font-family: 'Trebuchet MS', sans-serif\">&nbsp;27<sup>(*)<\/sup>, 28 y 29 de octubre de 2015<\/span><\/p>\n<\/td>\n<\/tr>\n<tr style=\"height: 47.05pt\">\n<td width=\"620\" colspan=\"2\" valign=\"top\" style=\"width: 465pt;border-style: none solid solid;border-right-color: windowtext;border-bottom-color: windowtext;border-left-color: windowtext;border-right-width: 1pt;border-bottom-width: 1pt;border-left-width: 1pt;padding: 0cm 5.4pt;height: 47.05pt\">\n<p style=\"margin-left: 18pt\"><i><span style=\"font-size: 10pt;font-family: 'Trebuchet MS', sans-serif\">(*) el d\u00eda 27 de octubre los participantes de otras provincias (Huasco y Cha\u00f1aral) son recibidos en Copiap\u00f3 para iniciar la primera jornada el 28 a las 9:00. Adem\u00e1s todos los participantes montan stand ese d\u00eda 27 en la tarde.<\/span><\/i><\/p>\n<\/td>\n<\/tr>\n<\/tbody>\n<\/table>\n<p align=\"center\" style=\"text-align: center;line-height: 15.75pt;background-image: initial;background-position: initial\"><span style=\"font-size: 9pt;font-family: 'Trebuchet MS', sans-serif;border: 1pt none windowtext;padding: 0cm\">&#8230;&#8230;&#8230;&#8230;&#8230;&#8230;&#8230;&#8230;.<\/span><\/p>\n<p style=\"line-height: 15.75pt;background-image: initial;background-position: initial\"><strong><span style=\"font-size: 11.5pt;font-family: 'Trebuchet MS', sans-serif;border: 1pt none windowtext;padding: 0cm\">Descargar archivos adjuntos:<\/span><\/strong><\/p>\n<p align=\"center\" style=\"margin-left: 0cm;text-align: center;text-indent: -18pt;line-height: 18pt;background-image: initial;background-position: initial\"><span style=\"font-size: 10pt;font-family: Symbol\">\u00b7<span style=\"font-size: 7pt;line-height: normal;font-family: 'Times New Roman'\">&nbsp;&nbsp;&nbsp;&nbsp;&nbsp;&nbsp;&nbsp;&nbsp; <\/span><\/span><span style=\"font-size: 11.5pt;font-family: 'Trebuchet MS', sans-serif;border: 1pt none windowtext;padding: 0cm\">Bases del 13\u00b0 Congreso Regional<\/span><span style=\"font-size: 11.5pt;font-family: 'Trebuchet MS', sans-serif\">&nbsp;Atacama<\/span><\/p>\n<p align=\"center\" style=\"margin-left: 0cm;text-align: center;text-indent: -18pt;line-height: 18pt;background-image: initial;background-position: initial\"><span style=\"font-size: 10pt;font-family: Symbol\">\u00b7<span style=\"font-size: 7pt;line-height: normal;font-family: 'Times New Roman'\">&nbsp;&nbsp;&nbsp;&nbsp;&nbsp;&nbsp;&nbsp;&nbsp; <\/span><\/span><span style=\"font-size: 11.5pt;font-family: 'Trebuchet MS', sans-serif;border: 1pt none windowtext;padding: 0cm\">Formulario de investigaci\u00f3n en ciencias sociales<\/span><\/p>\n<p align=\"center\" style=\"margin-left: 0cm;text-align: center;text-indent: -18pt;line-height: 18pt;background-image: initial;background-position: initial\"><span style=\"font-size: 10pt;font-family: Symbol\">\u00b7<span style=\"font-size: 7pt;line-height: normal;font-family: 'Times New Roman'\">&nbsp;&nbsp;&nbsp;&nbsp;&nbsp;&nbsp;&nbsp;&nbsp; <\/span><\/span><span style=\"font-size: 11.5pt;font-family: 'Trebuchet MS', sans-serif;border: 1pt none windowtext;padding: 0cm\">Formulario de investigaci\u00f3n en ciencias naturales<\/span><\/p>\n<p align=\"center\" style=\"margin-left: 0cm;text-align: center;text-indent: -18pt;line-height: 18pt;background-image: initial;background-position: initial\"><span style=\"font-size: 10pt;font-family: Symbol\">\u00b7<span style=\"font-size: 7pt;line-height: normal;font-family: 'Times New Roman'\">&nbsp;&nbsp;&nbsp;&nbsp;&nbsp;&nbsp;&nbsp;&nbsp; <\/span><\/span><span style=\"font-size: 11.5pt;font-family: 'Trebuchet MS', sans-serif;border: 1pt none windowtext;padding: 0cm\">Formulario de investigaci\u00f3n en ingenier\u00eda y tecnolog\u00eda<\/span><\/p>\n<p align=\"center\" style=\"margin-left: 0cm;text-align: center;text-indent: -18pt;line-height: 18pt;background-image: initial;background-position: initial\"><span style=\"font-size: 10pt;font-family: Symbol\">\u00b7<span style=\"font-size: 7pt;line-height: normal;font-family: 'Times New Roman'\">&nbsp;&nbsp;&nbsp;&nbsp;&nbsp;&nbsp;&nbsp;&nbsp; <\/span><\/span><span style=\"font-size: 11.5pt;font-family: 'Trebuchet MS', sans-serif;border: 1pt none windowtext;padding: 0cm\">Anexos<\/span><\/p>\n<p>&nbsp;<\/p>\n","protected":false},"excerpt":{"rendered":"<p>&nbsp; Hay muchas formas de observar el mundo, tu pa\u00eds y tu regi\u00f3n. Hazlo a trav\u00e9s de tu talento, habilidad y motivaci\u00f3n. Comparte esta experiencia con otros ni\u00f1os, ni\u00f1as y j\u00f3venes de tu regi\u00f3n. \u00a1Atentos ni\u00f1os, ni\u00f1as y j\u00f3venes de Atacama! Si cursas desde 5\u00b0 b\u00e1sico hasta 3\u00b0 medio, arma tu equipo con amigos, amigas [&hellip;]<\/p>\n","protected":false},"author":2,"featured_media":13617,"comment_status":"closed","ping_status":"open","sticky":false,"template":"","format":"standard","meta":{"_acf_changed":false,"_exactmetrics_skip_tracking":false,"_exactmetrics_sitenote_active":false,"_exactmetrics_sitenote_note":"","_exactmetrics_sitenote_category":0,"footnotes":"","_links_to":"","_links_to_target":""},"categories":[4],"tags":[68],"class_list":["post-37877","post","type-post","status-publish","format-standard","has-post-thumbnail","hentry","category-noticias","tag-programa-explora"],"acf":[],"yoast_head":"<!-- This site is optimized with the Yoast SEO plugin v26.7 - https:\/\/yoast.com\/wordpress\/plugins\/seo\/ -->\n<title>Participa en el XIII Congreso Regional Escolar de Ciencia y Tecnolog\u00eda en Atacama - Atacama<\/title>\n<meta name=\"robots\" content=\"index, follow, max-snippet:-1, max-image-preview:large, max-video-preview:-1\" \/>\n<link rel=\"canonical\" href=\"https:\/\/dev.explora.cl\/atacama\/participa-en-el-xiii-congreso-regional-escolar-de-ciencia-y-tecnologia-en-atacama\/\" class=\"yoast-seo-meta-tag\" \/>\n<meta property=\"og:locale\" content=\"es_ES\" class=\"yoast-seo-meta-tag\" \/>\n<meta property=\"og:type\" content=\"article\" class=\"yoast-seo-meta-tag\" \/>\n<meta property=\"og:title\" content=\"Participa en el XIII Congreso Regional Escolar de Ciencia y Tecnolog\u00eda en Atacama - Atacama\" class=\"yoast-seo-meta-tag\" \/>\n<meta property=\"og:description\" content=\"&nbsp; Hay muchas formas de observar el mundo, tu pa\u00eds y tu regi\u00f3n. Hazlo a trav\u00e9s de tu talento, habilidad y motivaci\u00f3n. Comparte esta experiencia con otros ni\u00f1os, ni\u00f1as y j\u00f3venes de tu regi\u00f3n. \u00a1Atentos ni\u00f1os, ni\u00f1as y j\u00f3venes de Atacama! Si cursas desde 5\u00b0 b\u00e1sico hasta 3\u00b0 medio, arma tu equipo con amigos, amigas [&hellip;]\" class=\"yoast-seo-meta-tag\" \/>\n<meta property=\"og:url\" content=\"https:\/\/dev.explora.cl\/atacama\/participa-en-el-xiii-congreso-regional-escolar-de-ciencia-y-tecnologia-en-atacama\/\" class=\"yoast-seo-meta-tag\" \/>\n<meta property=\"og:site_name\" content=\"Atacama\" class=\"yoast-seo-meta-tag\" \/>\n<meta property=\"article:published_time\" content=\"2015-08-07T05:00:34+00:00\" class=\"yoast-seo-meta-tag\" \/>\n<meta property=\"article:modified_time\" content=\"2019-05-16T03:36:50+00:00\" class=\"yoast-seo-meta-tag\" \/>\n<meta name=\"author\" content=\"webman\" class=\"yoast-seo-meta-tag\" \/>\n<meta name=\"twitter:card\" content=\"summary_large_image\" class=\"yoast-seo-meta-tag\" \/>\n<meta name=\"twitter:label1\" content=\"Escrito por\" class=\"yoast-seo-meta-tag\" \/>\n\t<meta name=\"twitter:data1\" content=\"webman\" class=\"yoast-seo-meta-tag\" \/>\n\t<meta name=\"twitter:label2\" content=\"Tiempo estimado de lectura\" class=\"yoast-seo-meta-tag\" \/>\n\t<meta name=\"twitter:data2\" content=\"3 minutos\" class=\"yoast-seo-meta-tag\" \/>\n<script type=\"application\/ld+json\" class=\"yoast-schema-graph\">{\"@context\":\"https:\/\/schema.org\",\"@graph\":[{\"@type\":\"Article\",\"@id\":\"https:\/\/dev.explora.cl\/atacama\/participa-en-el-xiii-congreso-regional-escolar-de-ciencia-y-tecnologia-en-atacama\/#article\",\"isPartOf\":{\"@id\":\"https:\/\/dev.explora.cl\/atacama\/participa-en-el-xiii-congreso-regional-escolar-de-ciencia-y-tecnologia-en-atacama\/\"},\"author\":{\"name\":\"webman\",\"@id\":\"https:\/\/dev.explora.cl\/atacama\/#\/schema\/person\/cb8349c13ea2d324080adf8480d7ba5d\"},\"headline\":\"Participa en el XIII Congreso Regional Escolar de Ciencia y Tecnolog\u00eda en Atacama\",\"datePublished\":\"2015-08-07T05:00:34+00:00\",\"dateModified\":\"2019-05-16T03:36:50+00:00\",\"mainEntityOfPage\":{\"@id\":\"https:\/\/dev.explora.cl\/atacama\/participa-en-el-xiii-congreso-regional-escolar-de-ciencia-y-tecnologia-en-atacama\/\"},\"wordCount\":607,\"image\":{\"@id\":\"https:\/\/dev.explora.cl\/atacama\/participa-en-el-xiii-congreso-regional-escolar-de-ciencia-y-tecnologia-en-atacama\/#primaryimage\"},\"thumbnailUrl\":\"\",\"keywords\":[\"programa EXPLORA\"],\"articleSection\":[\"Noticias\"],\"inLanguage\":\"es-CL\"},{\"@type\":\"WebPage\",\"@id\":\"https:\/\/dev.explora.cl\/atacama\/participa-en-el-xiii-congreso-regional-escolar-de-ciencia-y-tecnologia-en-atacama\/\",\"url\":\"https:\/\/dev.explora.cl\/atacama\/participa-en-el-xiii-congreso-regional-escolar-de-ciencia-y-tecnologia-en-atacama\/\",\"name\":\"Participa en el XIII Congreso Regional Escolar de Ciencia y Tecnolog\u00eda en Atacama - Atacama\",\"isPartOf\":{\"@id\":\"https:\/\/dev.explora.cl\/atacama\/#website\"},\"primaryImageOfPage\":{\"@id\":\"https:\/\/dev.explora.cl\/atacama\/participa-en-el-xiii-congreso-regional-escolar-de-ciencia-y-tecnologia-en-atacama\/#primaryimage\"},\"image\":{\"@id\":\"https:\/\/dev.explora.cl\/atacama\/participa-en-el-xiii-congreso-regional-escolar-de-ciencia-y-tecnologia-en-atacama\/#primaryimage\"},\"thumbnailUrl\":\"\",\"datePublished\":\"2015-08-07T05:00:34+00:00\",\"dateModified\":\"2019-05-16T03:36:50+00:00\",\"author\":{\"@id\":\"https:\/\/dev.explora.cl\/atacama\/#\/schema\/person\/cb8349c13ea2d324080adf8480d7ba5d\"},\"breadcrumb\":{\"@id\":\"https:\/\/dev.explora.cl\/atacama\/participa-en-el-xiii-congreso-regional-escolar-de-ciencia-y-tecnologia-en-atacama\/#breadcrumb\"},\"inLanguage\":\"es-CL\",\"potentialAction\":[{\"@type\":\"ReadAction\",\"target\":[\"https:\/\/dev.explora.cl\/atacama\/participa-en-el-xiii-congreso-regional-escolar-de-ciencia-y-tecnologia-en-atacama\/\"]}]},{\"@type\":\"ImageObject\",\"inLanguage\":\"es-CL\",\"@id\":\"https:\/\/dev.explora.cl\/atacama\/participa-en-el-xiii-congreso-regional-escolar-de-ciencia-y-tecnologia-en-atacama\/#primaryimage\",\"url\":\"\",\"contentUrl\":\"\"},{\"@type\":\"BreadcrumbList\",\"@id\":\"https:\/\/dev.explora.cl\/atacama\/participa-en-el-xiii-congreso-regional-escolar-de-ciencia-y-tecnologia-en-atacama\/#breadcrumb\",\"itemListElement\":[{\"@type\":\"ListItem\",\"position\":1,\"name\":\"Portada\",\"item\":\"https:\/\/dev.explora.cl\/atacama\/\"},{\"@type\":\"ListItem\",\"position\":2,\"name\":\"Participa en el XIII Congreso Regional Escolar de Ciencia y Tecnolog\u00eda en Atacama\"}]},{\"@type\":\"WebSite\",\"@id\":\"https:\/\/dev.explora.cl\/atacama\/#website\",\"url\":\"https:\/\/dev.explora.cl\/atacama\/\",\"name\":\"Atacama\",\"description\":\"Otro sitio m\u00e1s de dev.explora.cl\",\"potentialAction\":[{\"@type\":\"SearchAction\",\"target\":{\"@type\":\"EntryPoint\",\"urlTemplate\":\"https:\/\/dev.explora.cl\/atacama\/?s={search_term_string}\"},\"query-input\":{\"@type\":\"PropertyValueSpecification\",\"valueRequired\":true,\"valueName\":\"search_term_string\"}}],\"inLanguage\":\"es-CL\"},{\"@type\":\"Person\",\"@id\":\"https:\/\/dev.explora.cl\/atacama\/#\/schema\/person\/cb8349c13ea2d324080adf8480d7ba5d\",\"name\":\"webman\",\"image\":{\"@type\":\"ImageObject\",\"inLanguage\":\"es-CL\",\"@id\":\"https:\/\/dev.explora.cl\/atacama\/#\/schema\/person\/image\/\",\"url\":\"https:\/\/secure.gravatar.com\/avatar\/eeff3c82f2c02f7177d13663b7e6f890e9a6a0647ce9bb29cae02dcb094c7312?s=96&d=mm&r=g\",\"contentUrl\":\"https:\/\/secure.gravatar.com\/avatar\/eeff3c82f2c02f7177d13663b7e6f890e9a6a0647ce9bb29cae02dcb094c7312?s=96&d=mm&r=g\",\"caption\":\"webman\"},\"url\":\"https:\/\/dev.explora.cl\/atacama\/author\/webman\/\"}]}<\/script>\n<!-- \/ Yoast SEO plugin. -->","yoast_head_json":{"title":"Participa en el XIII Congreso Regional Escolar de Ciencia y Tecnolog\u00eda en Atacama - Atacama","robots":{"index":"index","follow":"follow","max-snippet":"max-snippet:-1","max-image-preview":"max-image-preview:large","max-video-preview":"max-video-preview:-1"},"canonical":"https:\/\/dev.explora.cl\/atacama\/participa-en-el-xiii-congreso-regional-escolar-de-ciencia-y-tecnologia-en-atacama\/","og_locale":"es_ES","og_type":"article","og_title":"Participa en el XIII Congreso Regional Escolar de Ciencia y Tecnolog\u00eda en Atacama - Atacama","og_description":"&nbsp; Hay muchas formas de observar el mundo, tu pa\u00eds y tu regi\u00f3n. Hazlo a trav\u00e9s de tu talento, habilidad y motivaci\u00f3n. Comparte esta experiencia con otros ni\u00f1os, ni\u00f1as y j\u00f3venes de tu regi\u00f3n. \u00a1Atentos ni\u00f1os, ni\u00f1as y j\u00f3venes de Atacama! Si cursas desde 5\u00b0 b\u00e1sico hasta 3\u00b0 medio, arma tu equipo con amigos, amigas [&hellip;]","og_url":"https:\/\/dev.explora.cl\/atacama\/participa-en-el-xiii-congreso-regional-escolar-de-ciencia-y-tecnologia-en-atacama\/","og_site_name":"Atacama","article_published_time":"2015-08-07T05:00:34+00:00","article_modified_time":"2019-05-16T03:36:50+00:00","author":"webman","twitter_card":"summary_large_image","twitter_misc":{"Escrito por":"webman","Tiempo estimado de lectura":"3 minutos"},"schema":{"@context":"https:\/\/schema.org","@graph":[{"@type":"Article","@id":"https:\/\/dev.explora.cl\/atacama\/participa-en-el-xiii-congreso-regional-escolar-de-ciencia-y-tecnologia-en-atacama\/#article","isPartOf":{"@id":"https:\/\/dev.explora.cl\/atacama\/participa-en-el-xiii-congreso-regional-escolar-de-ciencia-y-tecnologia-en-atacama\/"},"author":{"name":"webman","@id":"https:\/\/dev.explora.cl\/atacama\/#\/schema\/person\/cb8349c13ea2d324080adf8480d7ba5d"},"headline":"Participa en el XIII Congreso Regional Escolar de Ciencia y Tecnolog\u00eda en Atacama","datePublished":"2015-08-07T05:00:34+00:00","dateModified":"2019-05-16T03:36:50+00:00","mainEntityOfPage":{"@id":"https:\/\/dev.explora.cl\/atacama\/participa-en-el-xiii-congreso-regional-escolar-de-ciencia-y-tecnologia-en-atacama\/"},"wordCount":607,"image":{"@id":"https:\/\/dev.explora.cl\/atacama\/participa-en-el-xiii-congreso-regional-escolar-de-ciencia-y-tecnologia-en-atacama\/#primaryimage"},"thumbnailUrl":"","keywords":["programa EXPLORA"],"articleSection":["Noticias"],"inLanguage":"es-CL"},{"@type":"WebPage","@id":"https:\/\/dev.explora.cl\/atacama\/participa-en-el-xiii-congreso-regional-escolar-de-ciencia-y-tecnologia-en-atacama\/","url":"https:\/\/dev.explora.cl\/atacama\/participa-en-el-xiii-congreso-regional-escolar-de-ciencia-y-tecnologia-en-atacama\/","name":"Participa en el XIII Congreso Regional Escolar de Ciencia y Tecnolog\u00eda en Atacama - Atacama","isPartOf":{"@id":"https:\/\/dev.explora.cl\/atacama\/#website"},"primaryImageOfPage":{"@id":"https:\/\/dev.explora.cl\/atacama\/participa-en-el-xiii-congreso-regional-escolar-de-ciencia-y-tecnologia-en-atacama\/#primaryimage"},"image":{"@id":"https:\/\/dev.explora.cl\/atacama\/participa-en-el-xiii-congreso-regional-escolar-de-ciencia-y-tecnologia-en-atacama\/#primaryimage"},"thumbnailUrl":"","datePublished":"2015-08-07T05:00:34+00:00","dateModified":"2019-05-16T03:36:50+00:00","author":{"@id":"https:\/\/dev.explora.cl\/atacama\/#\/schema\/person\/cb8349c13ea2d324080adf8480d7ba5d"},"breadcrumb":{"@id":"https:\/\/dev.explora.cl\/atacama\/participa-en-el-xiii-congreso-regional-escolar-de-ciencia-y-tecnologia-en-atacama\/#breadcrumb"},"inLanguage":"es-CL","potentialAction":[{"@type":"ReadAction","target":["https:\/\/dev.explora.cl\/atacama\/participa-en-el-xiii-congreso-regional-escolar-de-ciencia-y-tecnologia-en-atacama\/"]}]},{"@type":"ImageObject","inLanguage":"es-CL","@id":"https:\/\/dev.explora.cl\/atacama\/participa-en-el-xiii-congreso-regional-escolar-de-ciencia-y-tecnologia-en-atacama\/#primaryimage","url":"","contentUrl":""},{"@type":"BreadcrumbList","@id":"https:\/\/dev.explora.cl\/atacama\/participa-en-el-xiii-congreso-regional-escolar-de-ciencia-y-tecnologia-en-atacama\/#breadcrumb","itemListElement":[{"@type":"ListItem","position":1,"name":"Portada","item":"https:\/\/dev.explora.cl\/atacama\/"},{"@type":"ListItem","position":2,"name":"Participa en el XIII Congreso Regional Escolar de Ciencia y Tecnolog\u00eda en Atacama"}]},{"@type":"WebSite","@id":"https:\/\/dev.explora.cl\/atacama\/#website","url":"https:\/\/dev.explora.cl\/atacama\/","name":"Atacama","description":"Otro sitio m\u00e1s de dev.explora.cl","potentialAction":[{"@type":"SearchAction","target":{"@type":"EntryPoint","urlTemplate":"https:\/\/dev.explora.cl\/atacama\/?s={search_term_string}"},"query-input":{"@type":"PropertyValueSpecification","valueRequired":true,"valueName":"search_term_string"}}],"inLanguage":"es-CL"},{"@type":"Person","@id":"https:\/\/dev.explora.cl\/atacama\/#\/schema\/person\/cb8349c13ea2d324080adf8480d7ba5d","name":"webman","image":{"@type":"ImageObject","inLanguage":"es-CL","@id":"https:\/\/dev.explora.cl\/atacama\/#\/schema\/person\/image\/","url":"https:\/\/secure.gravatar.com\/avatar\/eeff3c82f2c02f7177d13663b7e6f890e9a6a0647ce9bb29cae02dcb094c7312?s=96&d=mm&r=g","contentUrl":"https:\/\/secure.gravatar.com\/avatar\/eeff3c82f2c02f7177d13663b7e6f890e9a6a0647ce9bb29cae02dcb094c7312?s=96&d=mm&r=g","caption":"webman"},"url":"https:\/\/dev.explora.cl\/atacama\/author\/webman\/"}]}},"_links":{"self":[{"href":"https:\/\/dev.explora.cl\/atacama\/wp-json\/wp\/v2\/posts\/37877","targetHints":{"allow":["GET"]}}],"collection":[{"href":"https:\/\/dev.explora.cl\/atacama\/wp-json\/wp\/v2\/posts"}],"about":[{"href":"https:\/\/dev.explora.cl\/atacama\/wp-json\/wp\/v2\/types\/post"}],"author":[{"embeddable":true,"href":"https:\/\/dev.explora.cl\/atacama\/wp-json\/wp\/v2\/users\/2"}],"replies":[{"embeddable":true,"href":"https:\/\/dev.explora.cl\/atacama\/wp-json\/wp\/v2\/comments?post=37877"}],"version-history":[{"count":1,"href":"https:\/\/dev.explora.cl\/atacama\/wp-json\/wp\/v2\/posts\/37877\/revisions"}],"predecessor-version":[{"id":38027,"href":"https:\/\/dev.explora.cl\/atacama\/wp-json\/wp\/v2\/posts\/37877\/revisions\/38027"}],"wp:featuredmedia":[{"embeddable":true,"href":"https:\/\/dev.explora.cl\/atacama\/wp-json\/"}],"wp:attachment":[{"href":"https:\/\/dev.explora.cl\/atacama\/wp-json\/wp\/v2\/media?parent=37877"}],"wp:term":[{"taxonomy":"category","embeddable":true,"href":"https:\/\/dev.explora.cl\/atacama\/wp-json\/wp\/v2\/categories?post=37877"},{"taxonomy":"post_tag","embeddable":true,"href":"https:\/\/dev.explora.cl\/atacama\/wp-json\/wp\/v2\/tags?post=37877"}],"curies":[{"name":"wp","href":"https:\/\/api.w.org\/{rel}","templated":true}]}}