{"id":37516,"date":"2019-04-22T12:43:43","date_gmt":"2019-04-22T16:43:43","guid":{"rendered":"https:\/\/dev.explora.cl\/atacama\/?p=37516"},"modified":"2019-05-16T03:34:44","modified_gmt":"2019-05-16T03:34:44","slug":"este-miercoles-una-charla-del-eclipse-en-la-direccion-regional-de-la-junji-atacama","status":"publish","type":"post","link":"https:\/\/dev.explora.cl\/atacama\/este-miercoles-una-charla-del-eclipse-en-la-direccion-regional-de-la-junji-atacama\/","title":{"rendered":"Este martes una charla del eclipse en la direcci\u00f3n regional de la JUNJI Atacama"},"content":{"rendered":"<p><strong>Este martes el astr\u00f3nomo italiano Daniele Gasparri, estudiante de doctorado en Astronom\u00eda de la Universidad de Atacama dar\u00e1 una charla a las y los funcionarios de la JUNJI en las oficinas de esta repartici\u00f3n p\u00fablica como parte de las actividades del aniversario n\u00famero 49 de esta instituci\u00f3n. El tema a tratar ser\u00e1n los distintos aspectos del eclipse total de sol que se vivir\u00e1 en Atacama el 2 de julio.<\/strong><br \/>\nEsta es la primera vez que 1000 Cient\u00edficos 1000 Aulas se ejecuta en las dependencias de la JUNJI en Copiap\u00f3 para entregar una mirada a la ciencia a los y las profesionales de esta instituci\u00f3n p\u00fablica con la que trabaja PAR Explora Atacama del Programa Explora de CONICYT.<br \/>\n<img loading=\"lazy\" decoding=\"async\" class=\"wp-image-37513 size-full aligncenter\" src=\"https:\/\/dev.explora.cl\/atacama\/wp-content\/uploads\/sites\/5\/2019\/04\/49376839_1056850671164663_6151521112183275520_n.jpg\" alt=\"\" width=\"960\" height=\"640\" srcset=\"https:\/\/dev.explora.cl\/atacama\/wp-content\/uploads\/sites\/5\/2019\/04\/49376839_1056850671164663_6151521112183275520_n.jpg 960w, https:\/\/dev.explora.cl\/atacama\/wp-content\/uploads\/sites\/5\/2019\/04\/49376839_1056850671164663_6151521112183275520_n-300x200.jpg 300w, https:\/\/dev.explora.cl\/atacama\/wp-content\/uploads\/sites\/5\/2019\/04\/49376839_1056850671164663_6151521112183275520_n-768x512.jpg 768w\" sizes=\"auto, (max-width: 960px) 100vw, 960px\" \/><\/p>\n","protected":false},"excerpt":{"rendered":"<p>Este martes el astr\u00f3nomo italiano Daniele Gasparri, estudiante de doctorado en Astronom\u00eda de la Universidad de Atacama dar\u00e1 una charla a las y los funcionarios de la JUNJI en las oficinas de esta repartici\u00f3n p\u00fablica como parte de las actividades del aniversario n\u00famero 49 de esta instituci\u00f3n. El tema a tratar ser\u00e1n los distintos aspectos [&hellip;]<\/p>\n","protected":false},"author":2,"featured_media":37513,"comment_status":"closed","ping_status":"open","sticky":false,"template":"","format":"standard","meta":{"_acf_changed":false,"_exactmetrics_skip_tracking":false,"_exactmetrics_sitenote_active":false,"_exactmetrics_sitenote_note":"","_exactmetrics_sitenote_category":0,"footnotes":"","_links_to":"","_links_to_target":""},"categories":[4],"tags":[188,182,207],"class_list":["post-37516","post","type-post","status-publish","format-standard","has-post-thumbnail","hentry","category-noticias","tag-atacama","tag-copiapo","tag-junji"],"acf":[],"yoast_head":"<!-- This site is optimized with the Yoast SEO plugin v26.7 - https:\/\/yoast.com\/wordpress\/plugins\/seo\/ -->\n<title>Este martes una charla del eclipse en la direcci\u00f3n regional de la JUNJI Atacama - Atacama<\/title>\n<meta name=\"robots\" content=\"index, follow, max-snippet:-1, max-image-preview:large, max-video-preview:-1\" \/>\n<link rel=\"canonical\" href=\"https:\/\/dev.explora.cl\/atacama\/este-miercoles-una-charla-del-eclipse-en-la-direccion-regional-de-la-junji-atacama\/\" class=\"yoast-seo-meta-tag\" \/>\n<meta property=\"og:locale\" content=\"es_ES\" class=\"yoast-seo-meta-tag\" \/>\n<meta property=\"og:type\" content=\"article\" class=\"yoast-seo-meta-tag\" \/>\n<meta property=\"og:title\" content=\"Este martes una charla del eclipse en la direcci\u00f3n regional de la JUNJI Atacama - Atacama\" class=\"yoast-seo-meta-tag\" \/>\n<meta property=\"og:description\" content=\"Este martes el astr\u00f3nomo italiano Daniele Gasparri, estudiante de doctorado en Astronom\u00eda de la Universidad de Atacama dar\u00e1 una charla a las y los funcionarios de la JUNJI en las oficinas de esta repartici\u00f3n p\u00fablica como parte de las actividades del aniversario n\u00famero 49 de esta instituci\u00f3n. El tema a tratar ser\u00e1n los distintos aspectos [&hellip;]\" class=\"yoast-seo-meta-tag\" \/>\n<meta property=\"og:url\" content=\"https:\/\/dev.explora.cl\/atacama\/este-miercoles-una-charla-del-eclipse-en-la-direccion-regional-de-la-junji-atacama\/\" class=\"yoast-seo-meta-tag\" \/>\n<meta property=\"og:site_name\" content=\"Atacama\" class=\"yoast-seo-meta-tag\" \/>\n<meta property=\"article:published_time\" content=\"2019-04-22T16:43:43+00:00\" class=\"yoast-seo-meta-tag\" \/>\n<meta property=\"article:modified_time\" content=\"2019-05-16T03:34:44+00:00\" class=\"yoast-seo-meta-tag\" \/>\n<meta property=\"og:image\" content=\"https:\/\/dev.explora.cl\/atacama\/wp-content\/uploads\/sites\/5\/2019\/04\/49376839_1056850671164663_6151521112183275520_n.jpg\" class=\"yoast-seo-meta-tag\" \/>\n\t<meta property=\"og:image:width\" content=\"960\" class=\"yoast-seo-meta-tag\" \/>\n\t<meta property=\"og:image:height\" content=\"640\" class=\"yoast-seo-meta-tag\" \/>\n\t<meta property=\"og:image:type\" content=\"image\/jpeg\" class=\"yoast-seo-meta-tag\" \/>\n<meta name=\"author\" content=\"webman\" class=\"yoast-seo-meta-tag\" \/>\n<meta name=\"twitter:card\" content=\"summary_large_image\" class=\"yoast-seo-meta-tag\" \/>\n<meta name=\"twitter:label1\" content=\"Escrito por\" class=\"yoast-seo-meta-tag\" \/>\n\t<meta name=\"twitter:data1\" content=\"webman\" class=\"yoast-seo-meta-tag\" \/>\n\t<meta name=\"twitter:label2\" content=\"Tiempo estimado de lectura\" class=\"yoast-seo-meta-tag\" \/>\n\t<meta name=\"twitter:data2\" content=\"1 minuto\" class=\"yoast-seo-meta-tag\" \/>\n<script type=\"application\/ld+json\" class=\"yoast-schema-graph\">{\"@context\":\"https:\/\/schema.org\",\"@graph\":[{\"@type\":\"Article\",\"@id\":\"https:\/\/dev.explora.cl\/atacama\/este-miercoles-una-charla-del-eclipse-en-la-direccion-regional-de-la-junji-atacama\/#article\",\"isPartOf\":{\"@id\":\"https:\/\/dev.explora.cl\/atacama\/este-miercoles-una-charla-del-eclipse-en-la-direccion-regional-de-la-junji-atacama\/\"},\"author\":{\"name\":\"webman\",\"@id\":\"https:\/\/dev.explora.cl\/atacama\/#\/schema\/person\/cb8349c13ea2d324080adf8480d7ba5d\"},\"headline\":\"Este martes una charla del eclipse en la direcci\u00f3n regional de la JUNJI Atacama\",\"datePublished\":\"2019-04-22T16:43:43+00:00\",\"dateModified\":\"2019-05-16T03:34:44+00:00\",\"mainEntityOfPage\":{\"@id\":\"https:\/\/dev.explora.cl\/atacama\/este-miercoles-una-charla-del-eclipse-en-la-direccion-regional-de-la-junji-atacama\/\"},\"wordCount\":138,\"image\":{\"@id\":\"https:\/\/dev.explora.cl\/atacama\/este-miercoles-una-charla-del-eclipse-en-la-direccion-regional-de-la-junji-atacama\/#primaryimage\"},\"thumbnailUrl\":\"https:\/\/dev.explora.cl\/atacama\/wp-content\/uploads\/sites\/5\/2019\/04\/49376839_1056850671164663_6151521112183275520_n.jpg\",\"keywords\":[\"Atacama\",\"Copiap\u00f3\",\"JUNJI\"],\"articleSection\":[\"Noticias\"],\"inLanguage\":\"es-CL\"},{\"@type\":\"WebPage\",\"@id\":\"https:\/\/dev.explora.cl\/atacama\/este-miercoles-una-charla-del-eclipse-en-la-direccion-regional-de-la-junji-atacama\/\",\"url\":\"https:\/\/dev.explora.cl\/atacama\/este-miercoles-una-charla-del-eclipse-en-la-direccion-regional-de-la-junji-atacama\/\",\"name\":\"Este martes una charla del eclipse en la direcci\u00f3n regional de la JUNJI Atacama - Atacama\",\"isPartOf\":{\"@id\":\"https:\/\/dev.explora.cl\/atacama\/#website\"},\"primaryImageOfPage\":{\"@id\":\"https:\/\/dev.explora.cl\/atacama\/este-miercoles-una-charla-del-eclipse-en-la-direccion-regional-de-la-junji-atacama\/#primaryimage\"},\"image\":{\"@id\":\"https:\/\/dev.explora.cl\/atacama\/este-miercoles-una-charla-del-eclipse-en-la-direccion-regional-de-la-junji-atacama\/#primaryimage\"},\"thumbnailUrl\":\"https:\/\/dev.explora.cl\/atacama\/wp-content\/uploads\/sites\/5\/2019\/04\/49376839_1056850671164663_6151521112183275520_n.jpg\",\"datePublished\":\"2019-04-22T16:43:43+00:00\",\"dateModified\":\"2019-05-16T03:34:44+00:00\",\"author\":{\"@id\":\"https:\/\/dev.explora.cl\/atacama\/#\/schema\/person\/cb8349c13ea2d324080adf8480d7ba5d\"},\"breadcrumb\":{\"@id\":\"https:\/\/dev.explora.cl\/atacama\/este-miercoles-una-charla-del-eclipse-en-la-direccion-regional-de-la-junji-atacama\/#breadcrumb\"},\"inLanguage\":\"es-CL\",\"potentialAction\":[{\"@type\":\"ReadAction\",\"target\":[\"https:\/\/dev.explora.cl\/atacama\/este-miercoles-una-charla-del-eclipse-en-la-direccion-regional-de-la-junji-atacama\/\"]}]},{\"@type\":\"ImageObject\",\"inLanguage\":\"es-CL\",\"@id\":\"https:\/\/dev.explora.cl\/atacama\/este-miercoles-una-charla-del-eclipse-en-la-direccion-regional-de-la-junji-atacama\/#primaryimage\",\"url\":\"https:\/\/dev.explora.cl\/atacama\/wp-content\/uploads\/sites\/5\/2019\/04\/49376839_1056850671164663_6151521112183275520_n.jpg\",\"contentUrl\":\"https:\/\/dev.explora.cl\/atacama\/wp-content\/uploads\/sites\/5\/2019\/04\/49376839_1056850671164663_6151521112183275520_n.jpg\",\"width\":960,\"height\":640},{\"@type\":\"BreadcrumbList\",\"@id\":\"https:\/\/dev.explora.cl\/atacama\/este-miercoles-una-charla-del-eclipse-en-la-direccion-regional-de-la-junji-atacama\/#breadcrumb\",\"itemListElement\":[{\"@type\":\"ListItem\",\"position\":1,\"name\":\"Portada\",\"item\":\"https:\/\/dev.explora.cl\/atacama\/\"},{\"@type\":\"ListItem\",\"position\":2,\"name\":\"Este martes una charla del eclipse en la direcci\u00f3n regional de la JUNJI Atacama\"}]},{\"@type\":\"WebSite\",\"@id\":\"https:\/\/dev.explora.cl\/atacama\/#website\",\"url\":\"https:\/\/dev.explora.cl\/atacama\/\",\"name\":\"Atacama\",\"description\":\"Otro sitio m\u00e1s de dev.explora.cl\",\"potentialAction\":[{\"@type\":\"SearchAction\",\"target\":{\"@type\":\"EntryPoint\",\"urlTemplate\":\"https:\/\/dev.explora.cl\/atacama\/?s={search_term_string}\"},\"query-input\":{\"@type\":\"PropertyValueSpecification\",\"valueRequired\":true,\"valueName\":\"search_term_string\"}}],\"inLanguage\":\"es-CL\"},{\"@type\":\"Person\",\"@id\":\"https:\/\/dev.explora.cl\/atacama\/#\/schema\/person\/cb8349c13ea2d324080adf8480d7ba5d\",\"name\":\"webman\",\"image\":{\"@type\":\"ImageObject\",\"inLanguage\":\"es-CL\",\"@id\":\"https:\/\/dev.explora.cl\/atacama\/#\/schema\/person\/image\/\",\"url\":\"https:\/\/secure.gravatar.com\/avatar\/eeff3c82f2c02f7177d13663b7e6f890e9a6a0647ce9bb29cae02dcb094c7312?s=96&d=mm&r=g\",\"contentUrl\":\"https:\/\/secure.gravatar.com\/avatar\/eeff3c82f2c02f7177d13663b7e6f890e9a6a0647ce9bb29cae02dcb094c7312?s=96&d=mm&r=g\",\"caption\":\"webman\"},\"url\":\"https:\/\/dev.explora.cl\/atacama\/author\/webman\/\"}]}<\/script>\n<!-- \/ Yoast SEO plugin. -->","yoast_head_json":{"title":"Este martes una charla del eclipse en la direcci\u00f3n regional de la JUNJI Atacama - Atacama","robots":{"index":"index","follow":"follow","max-snippet":"max-snippet:-1","max-image-preview":"max-image-preview:large","max-video-preview":"max-video-preview:-1"},"canonical":"https:\/\/dev.explora.cl\/atacama\/este-miercoles-una-charla-del-eclipse-en-la-direccion-regional-de-la-junji-atacama\/","og_locale":"es_ES","og_type":"article","og_title":"Este martes una charla del eclipse en la direcci\u00f3n regional de la JUNJI Atacama - Atacama","og_description":"Este martes el astr\u00f3nomo italiano Daniele Gasparri, estudiante de doctorado en Astronom\u00eda de la Universidad de Atacama dar\u00e1 una charla a las y los funcionarios de la JUNJI en las oficinas de esta repartici\u00f3n p\u00fablica como parte de las actividades del aniversario n\u00famero 49 de esta instituci\u00f3n. El tema a tratar ser\u00e1n los distintos aspectos [&hellip;]","og_url":"https:\/\/dev.explora.cl\/atacama\/este-miercoles-una-charla-del-eclipse-en-la-direccion-regional-de-la-junji-atacama\/","og_site_name":"Atacama","article_published_time":"2019-04-22T16:43:43+00:00","article_modified_time":"2019-05-16T03:34:44+00:00","og_image":[{"width":960,"height":640,"url":"https:\/\/dev.explora.cl\/atacama\/wp-content\/uploads\/sites\/5\/2019\/04\/49376839_1056850671164663_6151521112183275520_n.jpg","type":"image\/jpeg"}],"author":"webman","twitter_card":"summary_large_image","twitter_misc":{"Escrito por":"webman","Tiempo estimado de lectura":"1 minuto"},"schema":{"@context":"https:\/\/schema.org","@graph":[{"@type":"Article","@id":"https:\/\/dev.explora.cl\/atacama\/este-miercoles-una-charla-del-eclipse-en-la-direccion-regional-de-la-junji-atacama\/#article","isPartOf":{"@id":"https:\/\/dev.explora.cl\/atacama\/este-miercoles-una-charla-del-eclipse-en-la-direccion-regional-de-la-junji-atacama\/"},"author":{"name":"webman","@id":"https:\/\/dev.explora.cl\/atacama\/#\/schema\/person\/cb8349c13ea2d324080adf8480d7ba5d"},"headline":"Este martes una charla del eclipse en la direcci\u00f3n regional de la JUNJI Atacama","datePublished":"2019-04-22T16:43:43+00:00","dateModified":"2019-05-16T03:34:44+00:00","mainEntityOfPage":{"@id":"https:\/\/dev.explora.cl\/atacama\/este-miercoles-una-charla-del-eclipse-en-la-direccion-regional-de-la-junji-atacama\/"},"wordCount":138,"image":{"@id":"https:\/\/dev.explora.cl\/atacama\/este-miercoles-una-charla-del-eclipse-en-la-direccion-regional-de-la-junji-atacama\/#primaryimage"},"thumbnailUrl":"https:\/\/dev.explora.cl\/atacama\/wp-content\/uploads\/sites\/5\/2019\/04\/49376839_1056850671164663_6151521112183275520_n.jpg","keywords":["Atacama","Copiap\u00f3","JUNJI"],"articleSection":["Noticias"],"inLanguage":"es-CL"},{"@type":"WebPage","@id":"https:\/\/dev.explora.cl\/atacama\/este-miercoles-una-charla-del-eclipse-en-la-direccion-regional-de-la-junji-atacama\/","url":"https:\/\/dev.explora.cl\/atacama\/este-miercoles-una-charla-del-eclipse-en-la-direccion-regional-de-la-junji-atacama\/","name":"Este martes una charla del eclipse en la direcci\u00f3n regional de la JUNJI Atacama - Atacama","isPartOf":{"@id":"https:\/\/dev.explora.cl\/atacama\/#website"},"primaryImageOfPage":{"@id":"https:\/\/dev.explora.cl\/atacama\/este-miercoles-una-charla-del-eclipse-en-la-direccion-regional-de-la-junji-atacama\/#primaryimage"},"image":{"@id":"https:\/\/dev.explora.cl\/atacama\/este-miercoles-una-charla-del-eclipse-en-la-direccion-regional-de-la-junji-atacama\/#primaryimage"},"thumbnailUrl":"https:\/\/dev.explora.cl\/atacama\/wp-content\/uploads\/sites\/5\/2019\/04\/49376839_1056850671164663_6151521112183275520_n.jpg","datePublished":"2019-04-22T16:43:43+00:00","dateModified":"2019-05-16T03:34:44+00:00","author":{"@id":"https:\/\/dev.explora.cl\/atacama\/#\/schema\/person\/cb8349c13ea2d324080adf8480d7ba5d"},"breadcrumb":{"@id":"https:\/\/dev.explora.cl\/atacama\/este-miercoles-una-charla-del-eclipse-en-la-direccion-regional-de-la-junji-atacama\/#breadcrumb"},"inLanguage":"es-CL","potentialAction":[{"@type":"ReadAction","target":["https:\/\/dev.explora.cl\/atacama\/este-miercoles-una-charla-del-eclipse-en-la-direccion-regional-de-la-junji-atacama\/"]}]},{"@type":"ImageObject","inLanguage":"es-CL","@id":"https:\/\/dev.explora.cl\/atacama\/este-miercoles-una-charla-del-eclipse-en-la-direccion-regional-de-la-junji-atacama\/#primaryimage","url":"https:\/\/dev.explora.cl\/atacama\/wp-content\/uploads\/sites\/5\/2019\/04\/49376839_1056850671164663_6151521112183275520_n.jpg","contentUrl":"https:\/\/dev.explora.cl\/atacama\/wp-content\/uploads\/sites\/5\/2019\/04\/49376839_1056850671164663_6151521112183275520_n.jpg","width":960,"height":640},{"@type":"BreadcrumbList","@id":"https:\/\/dev.explora.cl\/atacama\/este-miercoles-una-charla-del-eclipse-en-la-direccion-regional-de-la-junji-atacama\/#breadcrumb","itemListElement":[{"@type":"ListItem","position":1,"name":"Portada","item":"https:\/\/dev.explora.cl\/atacama\/"},{"@type":"ListItem","position":2,"name":"Este martes una charla del eclipse en la direcci\u00f3n regional de la JUNJI Atacama"}]},{"@type":"WebSite","@id":"https:\/\/dev.explora.cl\/atacama\/#website","url":"https:\/\/dev.explora.cl\/atacama\/","name":"Atacama","description":"Otro sitio m\u00e1s de dev.explora.cl","potentialAction":[{"@type":"SearchAction","target":{"@type":"EntryPoint","urlTemplate":"https:\/\/dev.explora.cl\/atacama\/?s={search_term_string}"},"query-input":{"@type":"PropertyValueSpecification","valueRequired":true,"valueName":"search_term_string"}}],"inLanguage":"es-CL"},{"@type":"Person","@id":"https:\/\/dev.explora.cl\/atacama\/#\/schema\/person\/cb8349c13ea2d324080adf8480d7ba5d","name":"webman","image":{"@type":"ImageObject","inLanguage":"es-CL","@id":"https:\/\/dev.explora.cl\/atacama\/#\/schema\/person\/image\/","url":"https:\/\/secure.gravatar.com\/avatar\/eeff3c82f2c02f7177d13663b7e6f890e9a6a0647ce9bb29cae02dcb094c7312?s=96&d=mm&r=g","contentUrl":"https:\/\/secure.gravatar.com\/avatar\/eeff3c82f2c02f7177d13663b7e6f890e9a6a0647ce9bb29cae02dcb094c7312?s=96&d=mm&r=g","caption":"webman"},"url":"https:\/\/dev.explora.cl\/atacama\/author\/webman\/"}]}},"_links":{"self":[{"href":"https:\/\/dev.explora.cl\/atacama\/wp-json\/wp\/v2\/posts\/37516","targetHints":{"allow":["GET"]}}],"collection":[{"href":"https:\/\/dev.explora.cl\/atacama\/wp-json\/wp\/v2\/posts"}],"about":[{"href":"https:\/\/dev.explora.cl\/atacama\/wp-json\/wp\/v2\/types\/post"}],"author":[{"embeddable":true,"href":"https:\/\/dev.explora.cl\/atacama\/wp-json\/wp\/v2\/users\/2"}],"replies":[{"embeddable":true,"href":"https:\/\/dev.explora.cl\/atacama\/wp-json\/wp\/v2\/comments?post=37516"}],"version-history":[{"count":1,"href":"https:\/\/dev.explora.cl\/atacama\/wp-json\/wp\/v2\/posts\/37516\/revisions"}],"predecessor-version":[{"id":37856,"href":"https:\/\/dev.explora.cl\/atacama\/wp-json\/wp\/v2\/posts\/37516\/revisions\/37856"}],"wp:featuredmedia":[{"embeddable":true,"href":"https:\/\/dev.explora.cl\/atacama\/wp-json\/wp\/v2\/media\/37513"}],"wp:attachment":[{"href":"https:\/\/dev.explora.cl\/atacama\/wp-json\/wp\/v2\/media?parent=37516"}],"wp:term":[{"taxonomy":"category","embeddable":true,"href":"https:\/\/dev.explora.cl\/atacama\/wp-json\/wp\/v2\/categories?post=37516"},{"taxonomy":"post_tag","embeddable":true,"href":"https:\/\/dev.explora.cl\/atacama\/wp-json\/wp\/v2\/tags?post=37516"}],"curies":[{"name":"wp","href":"https:\/\/api.w.org\/{rel}","templated":true}]}}