{"id":37507,"date":"2019-04-16T10:10:17","date_gmt":"2019-04-16T14:10:17","guid":{"rendered":"https:\/\/dev.explora.cl\/atacama\/?p=37507"},"modified":"2019-05-16T03:34:45","modified_gmt":"2019-05-16T03:34:45","slug":"invitan-a-charla-sobre-reciclaje-con-pedalero-frances-que-recorre-el-mundo-recogiendo-basura","status":"publish","type":"post","link":"https:\/\/dev.explora.cl\/atacama\/invitan-a-charla-sobre-reciclaje-con-pedalero-frances-que-recorre-el-mundo-recogiendo-basura\/","title":{"rendered":"Invitan a Charla sobre reciclaje con pedalero franc\u00e9s que recorre el mundo recogiendo basura"},"content":{"rendered":"<p><strong>Este mi\u00e9rcoles a las 15:00 horas en el sal\u00f3n D-12 de la Universidad de Atacama se desarrollar\u00e1 una charla sobre reciclaje y manejo de residuos a cargo del franc\u00e9s Florian Danielo, un ciclista que recorre el mundo concientizando sobre el reciclaje, manejo de residuos y que ha llegado a reutilizar cientos de kilos de basura en cada lugar que visita.<\/strong><br \/>\n<img loading=\"lazy\" decoding=\"async\" class=\"aligncenter size-full wp-image-37508\" src=\"https:\/\/dev.explora.cl\/atacama\/wp-content\/uploads\/sites\/5\/2019\/04\/Florian-Danielo.jpg\" alt=\"\" width=\"747\" height=\"400\" srcset=\"https:\/\/dev.explora.cl\/atacama\/wp-content\/uploads\/sites\/5\/2019\/04\/Florian-Danielo.jpg 747w, https:\/\/dev.explora.cl\/atacama\/wp-content\/uploads\/sites\/5\/2019\/04\/Florian-Danielo-300x161.jpg 300w\" sizes=\"auto, (max-width: 747px) 100vw, 747px\" \/>El franc\u00e9s Florian Danielo dej\u00f3 su vida como profesor de educaci\u00f3n f\u00edsica en su pa\u00eds para recorrer el mundo recogiendo basura y reciclando en su bicicleta. Pedaleando ha recorrido Francia, Espa\u00f1a, Marruecos, Senegal, Brasil, Paraguay, Argentina, Uruguay y ahora se encuentra en Chile donde visitar\u00e1 Copiap\u00f3 para compartir con la comunidad su experiencia de cuidado y concientizaci\u00f3n sobre el medio ambiente.<br \/>\nComo parte de esta labor es que este <strong>mi\u00e9rcoles 17<\/strong> desarrollar\u00e1 una <strong>charla<\/strong> donde comparte su experiencia con la comunidad, a <strong>las 15:00 horas en la Sala D -12 de la Universidad de Atacama<\/strong>, la cual est\u00e1 en el edificio \u201cPent\u00e1gono\u201d, justo en frente de la biblioteca de la casa de estudios.<br \/>\n\u201cInvitamos a la comunidad a ser parte de esta actividad con la que damos inicio al ciclo \u20181000 Cient\u00edficos 1000 Aulas\u2019, en el cual abordamos temas no solo de ciencias exactas y tecnolog\u00eda sino tambi\u00e9n temas que comprometen al bienestar de la sociedad. En este caso abordaremos uno de los principales problemas ambientales, como lo es la basura, el manejo de residuos y los efectos que tiene sobre los ecosistemas. Esta charla adem\u00e1s se replica en establecimientos educacionales con estudiantes\u201d, se\u00f1al\u00f3 sobre este tema Cristian Galaz Esquivel, Director del PAR EXPLORA Atacama.<br \/>\nLa entrada es liberada y se desarrolla en conjunto por el PAR Explora Atacama, el colectivo Esqueje y la Secretar\u00eda de Medio Ambiente de la Federaci\u00f3n de Estudiantes de la Universidad de Atacama. Para conocer m\u00e1s del trabajo de este activista ambiental galo, puedes visitar el sitio <a href=\"http:\/\/www.recyclingtrip.com\">www.recyclingtrip.com<\/a>, sitio de la organizaci\u00f3n de tres amigos que se dedican a divulgar sobre el manejo de residuos y el impacto y el impacto negativo de la basura en el ambiente.<br \/>\n<img loading=\"lazy\" decoding=\"async\" class=\"aligncenter size-full wp-image-37505\" src=\"https:\/\/dev.explora.cl\/atacama\/wp-content\/uploads\/sites\/5\/2019\/04\/57000848_1118534438329619_8937184939854528512_n.jpg\" alt=\"\" width=\"666\" height=\"960\" srcset=\"https:\/\/dev.explora.cl\/atacama\/wp-content\/uploads\/sites\/5\/2019\/04\/57000848_1118534438329619_8937184939854528512_n.jpg 666w, https:\/\/dev.explora.cl\/atacama\/wp-content\/uploads\/sites\/5\/2019\/04\/57000848_1118534438329619_8937184939854528512_n-208x300.jpg 208w\" sizes=\"auto, (max-width: 666px) 100vw, 666px\" \/><br \/>\n&nbsp;<\/p>\n","protected":false},"excerpt":{"rendered":"<p>Este mi\u00e9rcoles a las 15:00 horas en el sal\u00f3n D-12 de la Universidad de Atacama se desarrollar\u00e1 una charla sobre reciclaje y manejo de residuos a cargo del franc\u00e9s Florian Danielo, un ciclista que recorre el mundo concientizando sobre el reciclaje, manejo de residuos y que ha llegado a reutilizar cientos de kilos de basura [&hellip;]<\/p>\n","protected":false},"author":2,"featured_media":37509,"comment_status":"closed","ping_status":"open","sticky":false,"template":"","format":"standard","meta":{"_acf_changed":false,"_exactmetrics_skip_tracking":false,"_exactmetrics_sitenote_active":false,"_exactmetrics_sitenote_note":"","_exactmetrics_sitenote_category":0,"footnotes":"","_links_to":"","_links_to_target":""},"categories":[4],"tags":[19,188,182,206,197],"class_list":["post-37507","post","type-post","status-publish","format-standard","has-post-thumbnail","hentry","category-noticias","tag-1000-cientificos-1000-aulas","tag-atacama","tag-copiapo","tag-reciclaje","tag-universidad-de-atacama"],"acf":[],"yoast_head":"<!-- This site is optimized with the Yoast SEO plugin v26.7 - https:\/\/yoast.com\/wordpress\/plugins\/seo\/ -->\n<title>Invitan a Charla sobre reciclaje con pedalero franc\u00e9s que recorre el mundo recogiendo basura - Atacama<\/title>\n<meta name=\"robots\" content=\"index, follow, max-snippet:-1, max-image-preview:large, max-video-preview:-1\" \/>\n<link rel=\"canonical\" href=\"https:\/\/dev.explora.cl\/atacama\/invitan-a-charla-sobre-reciclaje-con-pedalero-frances-que-recorre-el-mundo-recogiendo-basura\/\" class=\"yoast-seo-meta-tag\" \/>\n<meta property=\"og:locale\" content=\"es_ES\" class=\"yoast-seo-meta-tag\" \/>\n<meta property=\"og:type\" content=\"article\" class=\"yoast-seo-meta-tag\" \/>\n<meta property=\"og:title\" content=\"Invitan a Charla sobre reciclaje con pedalero franc\u00e9s que recorre el mundo recogiendo basura - Atacama\" class=\"yoast-seo-meta-tag\" \/>\n<meta property=\"og:description\" content=\"Este mi\u00e9rcoles a las 15:00 horas en el sal\u00f3n D-12 de la Universidad de Atacama se desarrollar\u00e1 una charla sobre reciclaje y manejo de residuos a cargo del franc\u00e9s Florian Danielo, un ciclista que recorre el mundo concientizando sobre el reciclaje, manejo de residuos y que ha llegado a reutilizar cientos de kilos de basura [&hellip;]\" class=\"yoast-seo-meta-tag\" \/>\n<meta property=\"og:url\" content=\"https:\/\/dev.explora.cl\/atacama\/invitan-a-charla-sobre-reciclaje-con-pedalero-frances-que-recorre-el-mundo-recogiendo-basura\/\" class=\"yoast-seo-meta-tag\" \/>\n<meta property=\"og:site_name\" content=\"Atacama\" class=\"yoast-seo-meta-tag\" \/>\n<meta property=\"article:published_time\" content=\"2019-04-16T14:10:17+00:00\" class=\"yoast-seo-meta-tag\" \/>\n<meta property=\"article:modified_time\" content=\"2019-05-16T03:34:45+00:00\" class=\"yoast-seo-meta-tag\" \/>\n<meta property=\"og:image\" content=\"https:\/\/dev.explora.cl\/atacama\/wp-content\/uploads\/sites\/5\/2019\/04\/Florian-Danielo-en-Chile.jpg\" class=\"yoast-seo-meta-tag\" \/>\n\t<meta property=\"og:image:width\" content=\"737\" class=\"yoast-seo-meta-tag\" \/>\n\t<meta property=\"og:image:height\" content=\"469\" class=\"yoast-seo-meta-tag\" \/>\n\t<meta property=\"og:image:type\" content=\"image\/jpeg\" class=\"yoast-seo-meta-tag\" \/>\n<meta name=\"author\" content=\"webman\" class=\"yoast-seo-meta-tag\" \/>\n<meta name=\"twitter:card\" content=\"summary_large_image\" class=\"yoast-seo-meta-tag\" \/>\n<meta name=\"twitter:label1\" content=\"Escrito por\" class=\"yoast-seo-meta-tag\" \/>\n\t<meta name=\"twitter:data1\" content=\"webman\" class=\"yoast-seo-meta-tag\" \/>\n\t<meta name=\"twitter:label2\" content=\"Tiempo estimado de lectura\" class=\"yoast-seo-meta-tag\" \/>\n\t<meta name=\"twitter:data2\" content=\"2 minutos\" class=\"yoast-seo-meta-tag\" \/>\n<script type=\"application\/ld+json\" class=\"yoast-schema-graph\">{\"@context\":\"https:\/\/schema.org\",\"@graph\":[{\"@type\":\"Article\",\"@id\":\"https:\/\/dev.explora.cl\/atacama\/invitan-a-charla-sobre-reciclaje-con-pedalero-frances-que-recorre-el-mundo-recogiendo-basura\/#article\",\"isPartOf\":{\"@id\":\"https:\/\/dev.explora.cl\/atacama\/invitan-a-charla-sobre-reciclaje-con-pedalero-frances-que-recorre-el-mundo-recogiendo-basura\/\"},\"author\":{\"name\":\"webman\",\"@id\":\"https:\/\/dev.explora.cl\/atacama\/#\/schema\/person\/cb8349c13ea2d324080adf8480d7ba5d\"},\"headline\":\"Invitan a Charla sobre reciclaje con pedalero franc\u00e9s que recorre el mundo recogiendo basura\",\"datePublished\":\"2019-04-16T14:10:17+00:00\",\"dateModified\":\"2019-05-16T03:34:45+00:00\",\"mainEntityOfPage\":{\"@id\":\"https:\/\/dev.explora.cl\/atacama\/invitan-a-charla-sobre-reciclaje-con-pedalero-frances-que-recorre-el-mundo-recogiendo-basura\/\"},\"wordCount\":376,\"image\":{\"@id\":\"https:\/\/dev.explora.cl\/atacama\/invitan-a-charla-sobre-reciclaje-con-pedalero-frances-que-recorre-el-mundo-recogiendo-basura\/#primaryimage\"},\"thumbnailUrl\":\"https:\/\/dev.explora.cl\/atacama\/wp-content\/uploads\/sites\/5\/2019\/04\/Florian-Danielo-en-Chile.jpg\",\"keywords\":[\"1000 cient\u00edficos 1000 aulas\",\"Atacama\",\"Copiap\u00f3\",\"Reciclaje\",\"Universidad de Atacama\"],\"articleSection\":[\"Noticias\"],\"inLanguage\":\"es-CL\"},{\"@type\":\"WebPage\",\"@id\":\"https:\/\/dev.explora.cl\/atacama\/invitan-a-charla-sobre-reciclaje-con-pedalero-frances-que-recorre-el-mundo-recogiendo-basura\/\",\"url\":\"https:\/\/dev.explora.cl\/atacama\/invitan-a-charla-sobre-reciclaje-con-pedalero-frances-que-recorre-el-mundo-recogiendo-basura\/\",\"name\":\"Invitan a Charla sobre reciclaje con pedalero franc\u00e9s que recorre el mundo recogiendo basura - Atacama\",\"isPartOf\":{\"@id\":\"https:\/\/dev.explora.cl\/atacama\/#website\"},\"primaryImageOfPage\":{\"@id\":\"https:\/\/dev.explora.cl\/atacama\/invitan-a-charla-sobre-reciclaje-con-pedalero-frances-que-recorre-el-mundo-recogiendo-basura\/#primaryimage\"},\"image\":{\"@id\":\"https:\/\/dev.explora.cl\/atacama\/invitan-a-charla-sobre-reciclaje-con-pedalero-frances-que-recorre-el-mundo-recogiendo-basura\/#primaryimage\"},\"thumbnailUrl\":\"https:\/\/dev.explora.cl\/atacama\/wp-content\/uploads\/sites\/5\/2019\/04\/Florian-Danielo-en-Chile.jpg\",\"datePublished\":\"2019-04-16T14:10:17+00:00\",\"dateModified\":\"2019-05-16T03:34:45+00:00\",\"author\":{\"@id\":\"https:\/\/dev.explora.cl\/atacama\/#\/schema\/person\/cb8349c13ea2d324080adf8480d7ba5d\"},\"breadcrumb\":{\"@id\":\"https:\/\/dev.explora.cl\/atacama\/invitan-a-charla-sobre-reciclaje-con-pedalero-frances-que-recorre-el-mundo-recogiendo-basura\/#breadcrumb\"},\"inLanguage\":\"es-CL\",\"potentialAction\":[{\"@type\":\"ReadAction\",\"target\":[\"https:\/\/dev.explora.cl\/atacama\/invitan-a-charla-sobre-reciclaje-con-pedalero-frances-que-recorre-el-mundo-recogiendo-basura\/\"]}]},{\"@type\":\"ImageObject\",\"inLanguage\":\"es-CL\",\"@id\":\"https:\/\/dev.explora.cl\/atacama\/invitan-a-charla-sobre-reciclaje-con-pedalero-frances-que-recorre-el-mundo-recogiendo-basura\/#primaryimage\",\"url\":\"https:\/\/dev.explora.cl\/atacama\/wp-content\/uploads\/sites\/5\/2019\/04\/Florian-Danielo-en-Chile.jpg\",\"contentUrl\":\"https:\/\/dev.explora.cl\/atacama\/wp-content\/uploads\/sites\/5\/2019\/04\/Florian-Danielo-en-Chile.jpg\",\"width\":737,\"height\":469},{\"@type\":\"BreadcrumbList\",\"@id\":\"https:\/\/dev.explora.cl\/atacama\/invitan-a-charla-sobre-reciclaje-con-pedalero-frances-que-recorre-el-mundo-recogiendo-basura\/#breadcrumb\",\"itemListElement\":[{\"@type\":\"ListItem\",\"position\":1,\"name\":\"Portada\",\"item\":\"https:\/\/dev.explora.cl\/atacama\/\"},{\"@type\":\"ListItem\",\"position\":2,\"name\":\"Invitan a Charla sobre reciclaje con pedalero franc\u00e9s que recorre el mundo recogiendo basura\"}]},{\"@type\":\"WebSite\",\"@id\":\"https:\/\/dev.explora.cl\/atacama\/#website\",\"url\":\"https:\/\/dev.explora.cl\/atacama\/\",\"name\":\"Atacama\",\"description\":\"Otro sitio m\u00e1s de dev.explora.cl\",\"potentialAction\":[{\"@type\":\"SearchAction\",\"target\":{\"@type\":\"EntryPoint\",\"urlTemplate\":\"https:\/\/dev.explora.cl\/atacama\/?s={search_term_string}\"},\"query-input\":{\"@type\":\"PropertyValueSpecification\",\"valueRequired\":true,\"valueName\":\"search_term_string\"}}],\"inLanguage\":\"es-CL\"},{\"@type\":\"Person\",\"@id\":\"https:\/\/dev.explora.cl\/atacama\/#\/schema\/person\/cb8349c13ea2d324080adf8480d7ba5d\",\"name\":\"webman\",\"image\":{\"@type\":\"ImageObject\",\"inLanguage\":\"es-CL\",\"@id\":\"https:\/\/dev.explora.cl\/atacama\/#\/schema\/person\/image\/\",\"url\":\"https:\/\/secure.gravatar.com\/avatar\/eeff3c82f2c02f7177d13663b7e6f890e9a6a0647ce9bb29cae02dcb094c7312?s=96&d=mm&r=g\",\"contentUrl\":\"https:\/\/secure.gravatar.com\/avatar\/eeff3c82f2c02f7177d13663b7e6f890e9a6a0647ce9bb29cae02dcb094c7312?s=96&d=mm&r=g\",\"caption\":\"webman\"},\"url\":\"https:\/\/dev.explora.cl\/atacama\/author\/webman\/\"}]}<\/script>\n<!-- \/ Yoast SEO plugin. -->","yoast_head_json":{"title":"Invitan a Charla sobre reciclaje con pedalero franc\u00e9s que recorre el mundo recogiendo basura - Atacama","robots":{"index":"index","follow":"follow","max-snippet":"max-snippet:-1","max-image-preview":"max-image-preview:large","max-video-preview":"max-video-preview:-1"},"canonical":"https:\/\/dev.explora.cl\/atacama\/invitan-a-charla-sobre-reciclaje-con-pedalero-frances-que-recorre-el-mundo-recogiendo-basura\/","og_locale":"es_ES","og_type":"article","og_title":"Invitan a Charla sobre reciclaje con pedalero franc\u00e9s que recorre el mundo recogiendo basura - Atacama","og_description":"Este mi\u00e9rcoles a las 15:00 horas en el sal\u00f3n D-12 de la Universidad de Atacama se desarrollar\u00e1 una charla sobre reciclaje y manejo de residuos a cargo del franc\u00e9s Florian Danielo, un ciclista que recorre el mundo concientizando sobre el reciclaje, manejo de residuos y que ha llegado a reutilizar cientos de kilos de basura [&hellip;]","og_url":"https:\/\/dev.explora.cl\/atacama\/invitan-a-charla-sobre-reciclaje-con-pedalero-frances-que-recorre-el-mundo-recogiendo-basura\/","og_site_name":"Atacama","article_published_time":"2019-04-16T14:10:17+00:00","article_modified_time":"2019-05-16T03:34:45+00:00","og_image":[{"width":737,"height":469,"url":"https:\/\/dev.explora.cl\/atacama\/wp-content\/uploads\/sites\/5\/2019\/04\/Florian-Danielo-en-Chile.jpg","type":"image\/jpeg"}],"author":"webman","twitter_card":"summary_large_image","twitter_misc":{"Escrito por":"webman","Tiempo estimado de lectura":"2 minutos"},"schema":{"@context":"https:\/\/schema.org","@graph":[{"@type":"Article","@id":"https:\/\/dev.explora.cl\/atacama\/invitan-a-charla-sobre-reciclaje-con-pedalero-frances-que-recorre-el-mundo-recogiendo-basura\/#article","isPartOf":{"@id":"https:\/\/dev.explora.cl\/atacama\/invitan-a-charla-sobre-reciclaje-con-pedalero-frances-que-recorre-el-mundo-recogiendo-basura\/"},"author":{"name":"webman","@id":"https:\/\/dev.explora.cl\/atacama\/#\/schema\/person\/cb8349c13ea2d324080adf8480d7ba5d"},"headline":"Invitan a Charla sobre reciclaje con pedalero franc\u00e9s que recorre el mundo recogiendo basura","datePublished":"2019-04-16T14:10:17+00:00","dateModified":"2019-05-16T03:34:45+00:00","mainEntityOfPage":{"@id":"https:\/\/dev.explora.cl\/atacama\/invitan-a-charla-sobre-reciclaje-con-pedalero-frances-que-recorre-el-mundo-recogiendo-basura\/"},"wordCount":376,"image":{"@id":"https:\/\/dev.explora.cl\/atacama\/invitan-a-charla-sobre-reciclaje-con-pedalero-frances-que-recorre-el-mundo-recogiendo-basura\/#primaryimage"},"thumbnailUrl":"https:\/\/dev.explora.cl\/atacama\/wp-content\/uploads\/sites\/5\/2019\/04\/Florian-Danielo-en-Chile.jpg","keywords":["1000 cient\u00edficos 1000 aulas","Atacama","Copiap\u00f3","Reciclaje","Universidad de Atacama"],"articleSection":["Noticias"],"inLanguage":"es-CL"},{"@type":"WebPage","@id":"https:\/\/dev.explora.cl\/atacama\/invitan-a-charla-sobre-reciclaje-con-pedalero-frances-que-recorre-el-mundo-recogiendo-basura\/","url":"https:\/\/dev.explora.cl\/atacama\/invitan-a-charla-sobre-reciclaje-con-pedalero-frances-que-recorre-el-mundo-recogiendo-basura\/","name":"Invitan a Charla sobre reciclaje con pedalero franc\u00e9s que recorre el mundo recogiendo basura - Atacama","isPartOf":{"@id":"https:\/\/dev.explora.cl\/atacama\/#website"},"primaryImageOfPage":{"@id":"https:\/\/dev.explora.cl\/atacama\/invitan-a-charla-sobre-reciclaje-con-pedalero-frances-que-recorre-el-mundo-recogiendo-basura\/#primaryimage"},"image":{"@id":"https:\/\/dev.explora.cl\/atacama\/invitan-a-charla-sobre-reciclaje-con-pedalero-frances-que-recorre-el-mundo-recogiendo-basura\/#primaryimage"},"thumbnailUrl":"https:\/\/dev.explora.cl\/atacama\/wp-content\/uploads\/sites\/5\/2019\/04\/Florian-Danielo-en-Chile.jpg","datePublished":"2019-04-16T14:10:17+00:00","dateModified":"2019-05-16T03:34:45+00:00","author":{"@id":"https:\/\/dev.explora.cl\/atacama\/#\/schema\/person\/cb8349c13ea2d324080adf8480d7ba5d"},"breadcrumb":{"@id":"https:\/\/dev.explora.cl\/atacama\/invitan-a-charla-sobre-reciclaje-con-pedalero-frances-que-recorre-el-mundo-recogiendo-basura\/#breadcrumb"},"inLanguage":"es-CL","potentialAction":[{"@type":"ReadAction","target":["https:\/\/dev.explora.cl\/atacama\/invitan-a-charla-sobre-reciclaje-con-pedalero-frances-que-recorre-el-mundo-recogiendo-basura\/"]}]},{"@type":"ImageObject","inLanguage":"es-CL","@id":"https:\/\/dev.explora.cl\/atacama\/invitan-a-charla-sobre-reciclaje-con-pedalero-frances-que-recorre-el-mundo-recogiendo-basura\/#primaryimage","url":"https:\/\/dev.explora.cl\/atacama\/wp-content\/uploads\/sites\/5\/2019\/04\/Florian-Danielo-en-Chile.jpg","contentUrl":"https:\/\/dev.explora.cl\/atacama\/wp-content\/uploads\/sites\/5\/2019\/04\/Florian-Danielo-en-Chile.jpg","width":737,"height":469},{"@type":"BreadcrumbList","@id":"https:\/\/dev.explora.cl\/atacama\/invitan-a-charla-sobre-reciclaje-con-pedalero-frances-que-recorre-el-mundo-recogiendo-basura\/#breadcrumb","itemListElement":[{"@type":"ListItem","position":1,"name":"Portada","item":"https:\/\/dev.explora.cl\/atacama\/"},{"@type":"ListItem","position":2,"name":"Invitan a Charla sobre reciclaje con pedalero franc\u00e9s que recorre el mundo recogiendo basura"}]},{"@type":"WebSite","@id":"https:\/\/dev.explora.cl\/atacama\/#website","url":"https:\/\/dev.explora.cl\/atacama\/","name":"Atacama","description":"Otro sitio m\u00e1s de dev.explora.cl","potentialAction":[{"@type":"SearchAction","target":{"@type":"EntryPoint","urlTemplate":"https:\/\/dev.explora.cl\/atacama\/?s={search_term_string}"},"query-input":{"@type":"PropertyValueSpecification","valueRequired":true,"valueName":"search_term_string"}}],"inLanguage":"es-CL"},{"@type":"Person","@id":"https:\/\/dev.explora.cl\/atacama\/#\/schema\/person\/cb8349c13ea2d324080adf8480d7ba5d","name":"webman","image":{"@type":"ImageObject","inLanguage":"es-CL","@id":"https:\/\/dev.explora.cl\/atacama\/#\/schema\/person\/image\/","url":"https:\/\/secure.gravatar.com\/avatar\/eeff3c82f2c02f7177d13663b7e6f890e9a6a0647ce9bb29cae02dcb094c7312?s=96&d=mm&r=g","contentUrl":"https:\/\/secure.gravatar.com\/avatar\/eeff3c82f2c02f7177d13663b7e6f890e9a6a0647ce9bb29cae02dcb094c7312?s=96&d=mm&r=g","caption":"webman"},"url":"https:\/\/dev.explora.cl\/atacama\/author\/webman\/"}]}},"_links":{"self":[{"href":"https:\/\/dev.explora.cl\/atacama\/wp-json\/wp\/v2\/posts\/37507","targetHints":{"allow":["GET"]}}],"collection":[{"href":"https:\/\/dev.explora.cl\/atacama\/wp-json\/wp\/v2\/posts"}],"about":[{"href":"https:\/\/dev.explora.cl\/atacama\/wp-json\/wp\/v2\/types\/post"}],"author":[{"embeddable":true,"href":"https:\/\/dev.explora.cl\/atacama\/wp-json\/wp\/v2\/users\/2"}],"replies":[{"embeddable":true,"href":"https:\/\/dev.explora.cl\/atacama\/wp-json\/wp\/v2\/comments?post=37507"}],"version-history":[{"count":1,"href":"https:\/\/dev.explora.cl\/atacama\/wp-json\/wp\/v2\/posts\/37507\/revisions"}],"predecessor-version":[{"id":37849,"href":"https:\/\/dev.explora.cl\/atacama\/wp-json\/wp\/v2\/posts\/37507\/revisions\/37849"}],"wp:featuredmedia":[{"embeddable":true,"href":"https:\/\/dev.explora.cl\/atacama\/wp-json\/wp\/v2\/media\/37509"}],"wp:attachment":[{"href":"https:\/\/dev.explora.cl\/atacama\/wp-json\/wp\/v2\/media?parent=37507"}],"wp:term":[{"taxonomy":"category","embeddable":true,"href":"https:\/\/dev.explora.cl\/atacama\/wp-json\/wp\/v2\/categories?post=37507"},{"taxonomy":"post_tag","embeddable":true,"href":"https:\/\/dev.explora.cl\/atacama\/wp-json\/wp\/v2\/tags?post=37507"}],"curies":[{"name":"wp","href":"https:\/\/api.w.org\/{rel}","templated":true}]}}