{"id":37204,"date":"2018-10-17T21:31:21","date_gmt":"2018-10-18T01:31:21","guid":{"rendered":"https:\/\/dev.explora.cl\/blog\/2018\/10\/17\/inauguracion-de-congreso-regional-escolar-de-ciencia-y-tecnologia-explora-reunio-estudiantes-de-toda-la-region-en-la-uda\/"},"modified":"2019-05-16T03:34:50","modified_gmt":"2019-05-16T03:34:50","slug":"inauguracion-de-congreso-regional-escolar-de-ciencia-y-tecnologia-explora-reunio-estudiantes-de-toda-la-region-en-la-uda","status":"publish","type":"post","link":"https:\/\/dev.explora.cl\/atacama\/inauguracion-de-congreso-regional-escolar-de-ciencia-y-tecnologia-explora-reunio-estudiantes-de-toda-la-region-en-la-uda\/","title":{"rendered":"Inauguraci\u00f3n de Congreso Regional Escolar de Ciencia y Tecnolog\u00eda Explora reuni\u00f3 estudiantes de toda la regi\u00f3n en la UDA"},"content":{"rendered":"<p><img loading=\"lazy\" decoding=\"async\" class=\" alignright size-full wp-image-37202\" src=\"https:\/\/dev.explora.cl\/wp-content\/uploads\/2018\/10\/CONGRESO_2018.jpg\" alt=\"CONGRESO 2018\" width=\"309\" height=\"206\" style=\"float: right\" \/><\/p>\n<p><strong>Este mi\u00e9rcoles se inaugur\u00f3 el XVI Congreso Regional Escolar de Ciencia y Tecnolog\u00eda Explora CONICYT de la Regi\u00f3n de Atacama, evento que es el principal certamen de ciencia escolar de nuestra zona y que re\u00fane a estudiantes de todas las provincias de Atacama. El encuentro se extender\u00e1 hasta el viernes.<\/strong><\/p>\n<p>En total son 18 proyectos de cient\u00edficos escolares desarrollados por las Academias Explora que se adjudicaron este a\u00f1o los que se presentan a esta edici\u00f3n del congreso. Proyectos sustentables y con \u00e9nfasis en problem\u00e1ticas locales como el aprovechamiento del agua, sistemas de reciclaje, an\u00e1lisis de metales pesados en el suelo de Diego de Almagro, patrimonio arqueol\u00f3gico en Finca de Cha\u00f1aral, entre muchos otros, son parte de las investigaciones presentadas por estudiantes de Atacama.<\/p>\n<p>\u201cEsta actividad constituye uno de los hitos principales del trabajo que realizamos durante todo el a\u00f1o en PAR EXPLORA Atacama. En este caso se da un trabajo de apoyo rec\u00edproco por parte de la comunidad educativa para que estudiantes lleven adelante investigaci\u00f3n cient\u00edfica. Desde la Secreduc, los DAEM y servicios locales, los directivos de colegios y quienes tienen un trato m\u00e1s directo con los ni\u00f1os, ni\u00f1as y j\u00f3venes que son sus padres, apoderados y profesores de ciencia, quienes se han comprometido con sus alumnos para participar de este evento\u201d, manifest\u00f3 Cristi\u00e1n Galaz Esquivel, director del PAR EXPLORA Atacama.<\/p>\n<p>La actividad central, se desarroll\u00f3 con stand y exposiciones orales donde los equipos de investigadores e investigadoras presentaron sus trabajos a los evaluadores, la mayor\u00eda cient\u00edficos de las distintas casas de estudios de la regi\u00f3n; adem\u00e1s expusieron ante el p\u00fablico que se acerc\u00f3 al \u00e1rea norte de la UDA. El congreso se extender\u00e1 durante tres d\u00edas, siendo la jornada de ma\u00f1ana el momento en que los estudiantes expongan y desarrollen sus investigaciones ante un comit\u00e9 de cient\u00edficos evaluadores.<\/p>\n<p><img loading=\"lazy\" decoding=\"async\" class=\" size-full wp-image-37203\" src=\"https:\/\/dev.explora.cl\/wp-content\/uploads\/2018\/10\/44286312_1007171712799226_4407474441060089856_o.jpg\" alt=\"44286312 1007171712799226 4407474441060089856 o\" width=\"2048\" height=\"1365\" \/><\/p>\n","protected":false},"excerpt":{"rendered":"<p>Este mi\u00e9rcoles se inaugur\u00f3 el XVI Congreso Regional Escolar de Ciencia y Tecnolog\u00eda Explora CONICYT de la Regi\u00f3n de Atacama, evento que es el principal certamen de ciencia escolar de nuestra zona y que re\u00fane a estudiantes de todas las provincias de Atacama. El encuentro se extender\u00e1 hasta el viernes. En total son 18 proyectos [&hellip;]<\/p>\n","protected":false},"author":2,"featured_media":37201,"comment_status":"closed","ping_status":"open","sticky":false,"template":"","format":"standard","meta":{"_acf_changed":false,"_exactmetrics_skip_tracking":false,"_exactmetrics_sitenote_active":false,"_exactmetrics_sitenote_note":"","_exactmetrics_sitenote_category":0,"footnotes":"","_links_to":"","_links_to_target":""},"categories":[4],"tags":[],"class_list":["post-37204","post","type-post","status-publish","format-standard","has-post-thumbnail","hentry","category-noticias"],"acf":[],"yoast_head":"<!-- This site is optimized with the Yoast SEO plugin v26.7 - https:\/\/yoast.com\/wordpress\/plugins\/seo\/ -->\n<title>Inauguraci\u00f3n de Congreso Regional Escolar de Ciencia y Tecnolog\u00eda Explora reuni\u00f3 estudiantes de toda la regi\u00f3n en la UDA - Atacama<\/title>\n<meta name=\"robots\" content=\"index, follow, max-snippet:-1, max-image-preview:large, max-video-preview:-1\" \/>\n<link rel=\"canonical\" href=\"https:\/\/dev.explora.cl\/atacama\/inauguracion-de-congreso-regional-escolar-de-ciencia-y-tecnologia-explora-reunio-estudiantes-de-toda-la-region-en-la-uda\/\" class=\"yoast-seo-meta-tag\" \/>\n<meta property=\"og:locale\" content=\"es_ES\" class=\"yoast-seo-meta-tag\" \/>\n<meta property=\"og:type\" content=\"article\" class=\"yoast-seo-meta-tag\" \/>\n<meta property=\"og:title\" content=\"Inauguraci\u00f3n de Congreso Regional Escolar de Ciencia y Tecnolog\u00eda Explora reuni\u00f3 estudiantes de toda la regi\u00f3n en la UDA - Atacama\" class=\"yoast-seo-meta-tag\" \/>\n<meta property=\"og:description\" content=\"Este mi\u00e9rcoles se inaugur\u00f3 el XVI Congreso Regional Escolar de Ciencia y Tecnolog\u00eda Explora CONICYT de la Regi\u00f3n de Atacama, evento que es el principal certamen de ciencia escolar de nuestra zona y que re\u00fane a estudiantes de todas las provincias de Atacama. El encuentro se extender\u00e1 hasta el viernes. En total son 18 proyectos [&hellip;]\" class=\"yoast-seo-meta-tag\" \/>\n<meta property=\"og:url\" content=\"https:\/\/dev.explora.cl\/atacama\/inauguracion-de-congreso-regional-escolar-de-ciencia-y-tecnologia-explora-reunio-estudiantes-de-toda-la-region-en-la-uda\/\" class=\"yoast-seo-meta-tag\" \/>\n<meta property=\"og:site_name\" content=\"Atacama\" class=\"yoast-seo-meta-tag\" \/>\n<meta property=\"article:published_time\" content=\"2018-10-18T01:31:21+00:00\" class=\"yoast-seo-meta-tag\" \/>\n<meta property=\"article:modified_time\" content=\"2019-05-16T03:34:50+00:00\" class=\"yoast-seo-meta-tag\" \/>\n<meta name=\"author\" content=\"webman\" class=\"yoast-seo-meta-tag\" \/>\n<meta name=\"twitter:card\" content=\"summary_large_image\" class=\"yoast-seo-meta-tag\" \/>\n<meta name=\"twitter:label1\" content=\"Escrito por\" class=\"yoast-seo-meta-tag\" \/>\n\t<meta name=\"twitter:data1\" content=\"webman\" class=\"yoast-seo-meta-tag\" \/>\n\t<meta name=\"twitter:label2\" content=\"Tiempo estimado de lectura\" class=\"yoast-seo-meta-tag\" \/>\n\t<meta name=\"twitter:data2\" content=\"2 minutos\" class=\"yoast-seo-meta-tag\" \/>\n<script type=\"application\/ld+json\" class=\"yoast-schema-graph\">{\"@context\":\"https:\/\/schema.org\",\"@graph\":[{\"@type\":\"Article\",\"@id\":\"https:\/\/dev.explora.cl\/atacama\/inauguracion-de-congreso-regional-escolar-de-ciencia-y-tecnologia-explora-reunio-estudiantes-de-toda-la-region-en-la-uda\/#article\",\"isPartOf\":{\"@id\":\"https:\/\/dev.explora.cl\/atacama\/inauguracion-de-congreso-regional-escolar-de-ciencia-y-tecnologia-explora-reunio-estudiantes-de-toda-la-region-en-la-uda\/\"},\"author\":{\"name\":\"webman\",\"@id\":\"https:\/\/dev.explora.cl\/atacama\/#\/schema\/person\/cb8349c13ea2d324080adf8480d7ba5d\"},\"headline\":\"Inauguraci\u00f3n de Congreso Regional Escolar de Ciencia y Tecnolog\u00eda Explora reuni\u00f3 estudiantes de toda la regi\u00f3n en la UDA\",\"datePublished\":\"2018-10-18T01:31:21+00:00\",\"dateModified\":\"2019-05-16T03:34:50+00:00\",\"mainEntityOfPage\":{\"@id\":\"https:\/\/dev.explora.cl\/atacama\/inauguracion-de-congreso-regional-escolar-de-ciencia-y-tecnologia-explora-reunio-estudiantes-de-toda-la-region-en-la-uda\/\"},\"wordCount\":348,\"image\":{\"@id\":\"https:\/\/dev.explora.cl\/atacama\/inauguracion-de-congreso-regional-escolar-de-ciencia-y-tecnologia-explora-reunio-estudiantes-de-toda-la-region-en-la-uda\/#primaryimage\"},\"thumbnailUrl\":\"\",\"articleSection\":[\"Noticias\"],\"inLanguage\":\"es-CL\"},{\"@type\":\"WebPage\",\"@id\":\"https:\/\/dev.explora.cl\/atacama\/inauguracion-de-congreso-regional-escolar-de-ciencia-y-tecnologia-explora-reunio-estudiantes-de-toda-la-region-en-la-uda\/\",\"url\":\"https:\/\/dev.explora.cl\/atacama\/inauguracion-de-congreso-regional-escolar-de-ciencia-y-tecnologia-explora-reunio-estudiantes-de-toda-la-region-en-la-uda\/\",\"name\":\"Inauguraci\u00f3n de Congreso Regional Escolar de Ciencia y Tecnolog\u00eda Explora reuni\u00f3 estudiantes de toda la regi\u00f3n en la UDA - Atacama\",\"isPartOf\":{\"@id\":\"https:\/\/dev.explora.cl\/atacama\/#website\"},\"primaryImageOfPage\":{\"@id\":\"https:\/\/dev.explora.cl\/atacama\/inauguracion-de-congreso-regional-escolar-de-ciencia-y-tecnologia-explora-reunio-estudiantes-de-toda-la-region-en-la-uda\/#primaryimage\"},\"image\":{\"@id\":\"https:\/\/dev.explora.cl\/atacama\/inauguracion-de-congreso-regional-escolar-de-ciencia-y-tecnologia-explora-reunio-estudiantes-de-toda-la-region-en-la-uda\/#primaryimage\"},\"thumbnailUrl\":\"\",\"datePublished\":\"2018-10-18T01:31:21+00:00\",\"dateModified\":\"2019-05-16T03:34:50+00:00\",\"author\":{\"@id\":\"https:\/\/dev.explora.cl\/atacama\/#\/schema\/person\/cb8349c13ea2d324080adf8480d7ba5d\"},\"breadcrumb\":{\"@id\":\"https:\/\/dev.explora.cl\/atacama\/inauguracion-de-congreso-regional-escolar-de-ciencia-y-tecnologia-explora-reunio-estudiantes-de-toda-la-region-en-la-uda\/#breadcrumb\"},\"inLanguage\":\"es-CL\",\"potentialAction\":[{\"@type\":\"ReadAction\",\"target\":[\"https:\/\/dev.explora.cl\/atacama\/inauguracion-de-congreso-regional-escolar-de-ciencia-y-tecnologia-explora-reunio-estudiantes-de-toda-la-region-en-la-uda\/\"]}]},{\"@type\":\"ImageObject\",\"inLanguage\":\"es-CL\",\"@id\":\"https:\/\/dev.explora.cl\/atacama\/inauguracion-de-congreso-regional-escolar-de-ciencia-y-tecnologia-explora-reunio-estudiantes-de-toda-la-region-en-la-uda\/#primaryimage\",\"url\":\"\",\"contentUrl\":\"\"},{\"@type\":\"BreadcrumbList\",\"@id\":\"https:\/\/dev.explora.cl\/atacama\/inauguracion-de-congreso-regional-escolar-de-ciencia-y-tecnologia-explora-reunio-estudiantes-de-toda-la-region-en-la-uda\/#breadcrumb\",\"itemListElement\":[{\"@type\":\"ListItem\",\"position\":1,\"name\":\"Portada\",\"item\":\"https:\/\/dev.explora.cl\/atacama\/\"},{\"@type\":\"ListItem\",\"position\":2,\"name\":\"Inauguraci\u00f3n de Congreso Regional Escolar de Ciencia y Tecnolog\u00eda Explora reuni\u00f3 estudiantes de toda la regi\u00f3n en la UDA\"}]},{\"@type\":\"WebSite\",\"@id\":\"https:\/\/dev.explora.cl\/atacama\/#website\",\"url\":\"https:\/\/dev.explora.cl\/atacama\/\",\"name\":\"Atacama\",\"description\":\"Otro sitio m\u00e1s de dev.explora.cl\",\"potentialAction\":[{\"@type\":\"SearchAction\",\"target\":{\"@type\":\"EntryPoint\",\"urlTemplate\":\"https:\/\/dev.explora.cl\/atacama\/?s={search_term_string}\"},\"query-input\":{\"@type\":\"PropertyValueSpecification\",\"valueRequired\":true,\"valueName\":\"search_term_string\"}}],\"inLanguage\":\"es-CL\"},{\"@type\":\"Person\",\"@id\":\"https:\/\/dev.explora.cl\/atacama\/#\/schema\/person\/cb8349c13ea2d324080adf8480d7ba5d\",\"name\":\"webman\",\"image\":{\"@type\":\"ImageObject\",\"inLanguage\":\"es-CL\",\"@id\":\"https:\/\/dev.explora.cl\/atacama\/#\/schema\/person\/image\/\",\"url\":\"https:\/\/secure.gravatar.com\/avatar\/eeff3c82f2c02f7177d13663b7e6f890e9a6a0647ce9bb29cae02dcb094c7312?s=96&d=mm&r=g\",\"contentUrl\":\"https:\/\/secure.gravatar.com\/avatar\/eeff3c82f2c02f7177d13663b7e6f890e9a6a0647ce9bb29cae02dcb094c7312?s=96&d=mm&r=g\",\"caption\":\"webman\"},\"url\":\"https:\/\/dev.explora.cl\/atacama\/author\/webman\/\"}]}<\/script>\n<!-- \/ Yoast SEO plugin. -->","yoast_head_json":{"title":"Inauguraci\u00f3n de Congreso Regional Escolar de Ciencia y Tecnolog\u00eda Explora reuni\u00f3 estudiantes de toda la regi\u00f3n en la UDA - Atacama","robots":{"index":"index","follow":"follow","max-snippet":"max-snippet:-1","max-image-preview":"max-image-preview:large","max-video-preview":"max-video-preview:-1"},"canonical":"https:\/\/dev.explora.cl\/atacama\/inauguracion-de-congreso-regional-escolar-de-ciencia-y-tecnologia-explora-reunio-estudiantes-de-toda-la-region-en-la-uda\/","og_locale":"es_ES","og_type":"article","og_title":"Inauguraci\u00f3n de Congreso Regional Escolar de Ciencia y Tecnolog\u00eda Explora reuni\u00f3 estudiantes de toda la regi\u00f3n en la UDA - Atacama","og_description":"Este mi\u00e9rcoles se inaugur\u00f3 el XVI Congreso Regional Escolar de Ciencia y Tecnolog\u00eda Explora CONICYT de la Regi\u00f3n de Atacama, evento que es el principal certamen de ciencia escolar de nuestra zona y que re\u00fane a estudiantes de todas las provincias de Atacama. El encuentro se extender\u00e1 hasta el viernes. En total son 18 proyectos [&hellip;]","og_url":"https:\/\/dev.explora.cl\/atacama\/inauguracion-de-congreso-regional-escolar-de-ciencia-y-tecnologia-explora-reunio-estudiantes-de-toda-la-region-en-la-uda\/","og_site_name":"Atacama","article_published_time":"2018-10-18T01:31:21+00:00","article_modified_time":"2019-05-16T03:34:50+00:00","author":"webman","twitter_card":"summary_large_image","twitter_misc":{"Escrito por":"webman","Tiempo estimado de lectura":"2 minutos"},"schema":{"@context":"https:\/\/schema.org","@graph":[{"@type":"Article","@id":"https:\/\/dev.explora.cl\/atacama\/inauguracion-de-congreso-regional-escolar-de-ciencia-y-tecnologia-explora-reunio-estudiantes-de-toda-la-region-en-la-uda\/#article","isPartOf":{"@id":"https:\/\/dev.explora.cl\/atacama\/inauguracion-de-congreso-regional-escolar-de-ciencia-y-tecnologia-explora-reunio-estudiantes-de-toda-la-region-en-la-uda\/"},"author":{"name":"webman","@id":"https:\/\/dev.explora.cl\/atacama\/#\/schema\/person\/cb8349c13ea2d324080adf8480d7ba5d"},"headline":"Inauguraci\u00f3n de Congreso Regional Escolar de Ciencia y Tecnolog\u00eda Explora reuni\u00f3 estudiantes de toda la regi\u00f3n en la UDA","datePublished":"2018-10-18T01:31:21+00:00","dateModified":"2019-05-16T03:34:50+00:00","mainEntityOfPage":{"@id":"https:\/\/dev.explora.cl\/atacama\/inauguracion-de-congreso-regional-escolar-de-ciencia-y-tecnologia-explora-reunio-estudiantes-de-toda-la-region-en-la-uda\/"},"wordCount":348,"image":{"@id":"https:\/\/dev.explora.cl\/atacama\/inauguracion-de-congreso-regional-escolar-de-ciencia-y-tecnologia-explora-reunio-estudiantes-de-toda-la-region-en-la-uda\/#primaryimage"},"thumbnailUrl":"","articleSection":["Noticias"],"inLanguage":"es-CL"},{"@type":"WebPage","@id":"https:\/\/dev.explora.cl\/atacama\/inauguracion-de-congreso-regional-escolar-de-ciencia-y-tecnologia-explora-reunio-estudiantes-de-toda-la-region-en-la-uda\/","url":"https:\/\/dev.explora.cl\/atacama\/inauguracion-de-congreso-regional-escolar-de-ciencia-y-tecnologia-explora-reunio-estudiantes-de-toda-la-region-en-la-uda\/","name":"Inauguraci\u00f3n de Congreso Regional Escolar de Ciencia y Tecnolog\u00eda Explora reuni\u00f3 estudiantes de toda la regi\u00f3n en la UDA - Atacama","isPartOf":{"@id":"https:\/\/dev.explora.cl\/atacama\/#website"},"primaryImageOfPage":{"@id":"https:\/\/dev.explora.cl\/atacama\/inauguracion-de-congreso-regional-escolar-de-ciencia-y-tecnologia-explora-reunio-estudiantes-de-toda-la-region-en-la-uda\/#primaryimage"},"image":{"@id":"https:\/\/dev.explora.cl\/atacama\/inauguracion-de-congreso-regional-escolar-de-ciencia-y-tecnologia-explora-reunio-estudiantes-de-toda-la-region-en-la-uda\/#primaryimage"},"thumbnailUrl":"","datePublished":"2018-10-18T01:31:21+00:00","dateModified":"2019-05-16T03:34:50+00:00","author":{"@id":"https:\/\/dev.explora.cl\/atacama\/#\/schema\/person\/cb8349c13ea2d324080adf8480d7ba5d"},"breadcrumb":{"@id":"https:\/\/dev.explora.cl\/atacama\/inauguracion-de-congreso-regional-escolar-de-ciencia-y-tecnologia-explora-reunio-estudiantes-de-toda-la-region-en-la-uda\/#breadcrumb"},"inLanguage":"es-CL","potentialAction":[{"@type":"ReadAction","target":["https:\/\/dev.explora.cl\/atacama\/inauguracion-de-congreso-regional-escolar-de-ciencia-y-tecnologia-explora-reunio-estudiantes-de-toda-la-region-en-la-uda\/"]}]},{"@type":"ImageObject","inLanguage":"es-CL","@id":"https:\/\/dev.explora.cl\/atacama\/inauguracion-de-congreso-regional-escolar-de-ciencia-y-tecnologia-explora-reunio-estudiantes-de-toda-la-region-en-la-uda\/#primaryimage","url":"","contentUrl":""},{"@type":"BreadcrumbList","@id":"https:\/\/dev.explora.cl\/atacama\/inauguracion-de-congreso-regional-escolar-de-ciencia-y-tecnologia-explora-reunio-estudiantes-de-toda-la-region-en-la-uda\/#breadcrumb","itemListElement":[{"@type":"ListItem","position":1,"name":"Portada","item":"https:\/\/dev.explora.cl\/atacama\/"},{"@type":"ListItem","position":2,"name":"Inauguraci\u00f3n de Congreso Regional Escolar de Ciencia y Tecnolog\u00eda Explora reuni\u00f3 estudiantes de toda la regi\u00f3n en la UDA"}]},{"@type":"WebSite","@id":"https:\/\/dev.explora.cl\/atacama\/#website","url":"https:\/\/dev.explora.cl\/atacama\/","name":"Atacama","description":"Otro sitio m\u00e1s de dev.explora.cl","potentialAction":[{"@type":"SearchAction","target":{"@type":"EntryPoint","urlTemplate":"https:\/\/dev.explora.cl\/atacama\/?s={search_term_string}"},"query-input":{"@type":"PropertyValueSpecification","valueRequired":true,"valueName":"search_term_string"}}],"inLanguage":"es-CL"},{"@type":"Person","@id":"https:\/\/dev.explora.cl\/atacama\/#\/schema\/person\/cb8349c13ea2d324080adf8480d7ba5d","name":"webman","image":{"@type":"ImageObject","inLanguage":"es-CL","@id":"https:\/\/dev.explora.cl\/atacama\/#\/schema\/person\/image\/","url":"https:\/\/secure.gravatar.com\/avatar\/eeff3c82f2c02f7177d13663b7e6f890e9a6a0647ce9bb29cae02dcb094c7312?s=96&d=mm&r=g","contentUrl":"https:\/\/secure.gravatar.com\/avatar\/eeff3c82f2c02f7177d13663b7e6f890e9a6a0647ce9bb29cae02dcb094c7312?s=96&d=mm&r=g","caption":"webman"},"url":"https:\/\/dev.explora.cl\/atacama\/author\/webman\/"}]}},"_links":{"self":[{"href":"https:\/\/dev.explora.cl\/atacama\/wp-json\/wp\/v2\/posts\/37204","targetHints":{"allow":["GET"]}}],"collection":[{"href":"https:\/\/dev.explora.cl\/atacama\/wp-json\/wp\/v2\/posts"}],"about":[{"href":"https:\/\/dev.explora.cl\/atacama\/wp-json\/wp\/v2\/types\/post"}],"author":[{"embeddable":true,"href":"https:\/\/dev.explora.cl\/atacama\/wp-json\/wp\/v2\/users\/2"}],"replies":[{"embeddable":true,"href":"https:\/\/dev.explora.cl\/atacama\/wp-json\/wp\/v2\/comments?post=37204"}],"version-history":[{"count":1,"href":"https:\/\/dev.explora.cl\/atacama\/wp-json\/wp\/v2\/posts\/37204\/revisions"}],"predecessor-version":[{"id":37894,"href":"https:\/\/dev.explora.cl\/atacama\/wp-json\/wp\/v2\/posts\/37204\/revisions\/37894"}],"wp:featuredmedia":[{"embeddable":true,"href":"https:\/\/dev.explora.cl\/atacama\/wp-json\/"}],"wp:attachment":[{"href":"https:\/\/dev.explora.cl\/atacama\/wp-json\/wp\/v2\/media?parent=37204"}],"wp:term":[{"taxonomy":"category","embeddable":true,"href":"https:\/\/dev.explora.cl\/atacama\/wp-json\/wp\/v2\/categories?post=37204"},{"taxonomy":"post_tag","embeddable":true,"href":"https:\/\/dev.explora.cl\/atacama\/wp-json\/wp\/v2\/tags?post=37204"}],"curies":[{"name":"wp","href":"https:\/\/api.w.org\/{rel}","templated":true}]}}