{"id":37006,"date":"2018-10-10T14:01:10","date_gmt":"2018-10-10T18:01:10","guid":{"rendered":"https:\/\/dev.explora.cl\/blog\/2018\/10\/10\/este-sabado-el-parque-kaukari-estara-repleto-de-actividades-cientificas-con-la-fiesta-de-la-ciencia\/"},"modified":"2019-05-16T03:34:51","modified_gmt":"2019-05-16T03:34:51","slug":"este-sabado-el-parque-kaukari-estara-repleto-de-actividades-cientificas-con-la-fiesta-de-la-ciencia","status":"publish","type":"post","link":"https:\/\/dev.explora.cl\/atacama\/este-sabado-el-parque-kaukari-estara-repleto-de-actividades-cientificas-con-la-fiesta-de-la-ciencia\/","title":{"rendered":"Este s\u00e1bado el Parque Kaukari estar\u00e1 repleto de actividades cient\u00edficas con la Fiesta de la Ciencia"},"content":{"rendered":"<p><strong>Este s\u00e1bado 13 desde las 11:00 horas el Parque Urbano Kaukari Minvu se llenar\u00e1 de actividades de divulgaci\u00f3n cient\u00edfica. Desde aplicaciones tecnol\u00f3gicas de empresas de la zona, experiencias con ciencias en las casas de estudio locales; hasta investigaciones explicadas por los propios cient\u00edficos, son parte de las actividades que desarrollar\u00e1n en la Fiesta de la Ciencia.<img loading=\"lazy\" decoding=\"async\" class=\" alignright size-full wp-image-37004\" src=\"https:\/\/dev.explora.cl\/wp-content\/uploads\/2018\/10\/Atacama_Kaukari.jpg\" alt=\"Atacama Kaukari\" width=\"345\" height=\"194\" style=\"float: right\" \/><\/strong><\/p>\n<p>La actividad organizada por el PAR EXPLORA Atacama de la Universidad de Atacama, es parte de la XXIV Semana Nacional de la Ciencia y Tecnolog\u00eda que CONICYT que a trav\u00e9s de su Programa Explora celebra en todo Chile. Un evento gratuito que promete actividades para toda la familia ya que tambi\u00e9n habr\u00e1 carros de comida y emprendimientos locales.<\/p>\n<p><strong>\u201cEn el a\u00f1o de los \u00bfPor Qu\u00e9?, estamos invitando a toda la comunidad para que sume a la actividad, es una instancia para profundizar m\u00e1s en la cultura cient\u00edfica, una de las herramientas que ayudan a potenciar la educaci\u00f3n y adem\u00e1s nos ayuda como ciudadanos a tener nuevas miradas y argumentos para mejorar nuestra calidad de vida\u201d<\/strong>, se\u00f1al\u00f3 el director de PAR EXPLORA Atacama, Cristian Galaz Esquivel.<\/p>\n<p>Antonio Pardo, seremi del Minvu, manifest\u00f3 que: <strong>&#8220;Este parque ha tenido como funci\u00f3n recuperar el origen de la ciudad. Es un parque de borde de r\u00edo, de uno tan importante como el R\u00edo Copiap\u00f3, que transcurre de la cordillera hasta el mar, cruzando el desierto m\u00e1s \u00e1rido del mundo, lo que le da una connotaci\u00f3n muy importante y lo hace \u00fanico en el mundo&#8221;.<\/strong><\/p>\n<p>La actividad tendr\u00e1 adem\u00e1s un \u201cAstro kids\u201d, un domo que est\u00e1 especialmente acondicionado para conocer contenidos astron\u00f3micos, como si se tratara de un mini planetario. Adem\u00e1s se exhibir\u00e1n videos con datos curiosos de ciencia y un documental que muestra el trabajo de estudiantes y docentes en el Campamento GeoPaleontol\u00f3gico del 2017. Todos los antecedentes de esta jornada de divulgaci\u00f3n cient\u00edfica est\u00e1n disponibles en el Facebook: PAR EXPLORA Atacama.<\/p>\n<p><img loading=\"lazy\" decoding=\"async\" class=\" size-full wp-image-37005\" src=\"https:\/\/dev.explora.cl\/wp-content\/uploads\/2018\/10\/PROGRAMA_FIESTA_DE_LA_CIENCIA_S%C3%81BADO_13_DESDE_LAS_11_HORAS.jpg\" alt=\"PROGRAMA FIESTA DE LA CIENCIA S\u00c1BADO 13 DESDE LAS 11 HORAS\" width=\"2550\" height=\"3300\" \/><\/p>\n<p>&nbsp;<\/p>\n<\/p>\n<p>&nbsp;<\/p>\n","protected":false},"excerpt":{"rendered":"<p>Este s\u00e1bado 13 desde las 11:00 horas el Parque Urbano Kaukari Minvu se llenar\u00e1 de actividades de divulgaci\u00f3n cient\u00edfica. Desde aplicaciones tecnol\u00f3gicas de empresas de la zona, experiencias con ciencias en las casas de estudio locales; hasta investigaciones explicadas por los propios cient\u00edficos, son parte de las actividades que desarrollar\u00e1n en la Fiesta de la [&hellip;]<\/p>\n","protected":false},"author":2,"featured_media":37003,"comment_status":"closed","ping_status":"open","sticky":false,"template":"","format":"standard","meta":{"_acf_changed":false,"_exactmetrics_skip_tracking":false,"_exactmetrics_sitenote_active":false,"_exactmetrics_sitenote_note":"","_exactmetrics_sitenote_category":0,"footnotes":"","_links_to":"","_links_to_target":""},"categories":[4],"tags":[],"class_list":["post-37006","post","type-post","status-publish","format-standard","has-post-thumbnail","hentry","category-noticias"],"acf":[],"yoast_head":"<!-- This site is optimized with the Yoast SEO plugin v26.7 - https:\/\/yoast.com\/wordpress\/plugins\/seo\/ -->\n<title>Este s\u00e1bado el Parque Kaukari estar\u00e1 repleto de actividades cient\u00edficas con la Fiesta de la Ciencia - Atacama<\/title>\n<meta name=\"robots\" content=\"index, follow, max-snippet:-1, max-image-preview:large, max-video-preview:-1\" \/>\n<link rel=\"canonical\" href=\"https:\/\/dev.explora.cl\/atacama\/este-sabado-el-parque-kaukari-estara-repleto-de-actividades-cientificas-con-la-fiesta-de-la-ciencia\/\" class=\"yoast-seo-meta-tag\" \/>\n<meta property=\"og:locale\" content=\"es_ES\" class=\"yoast-seo-meta-tag\" \/>\n<meta property=\"og:type\" content=\"article\" class=\"yoast-seo-meta-tag\" \/>\n<meta property=\"og:title\" content=\"Este s\u00e1bado el Parque Kaukari estar\u00e1 repleto de actividades cient\u00edficas con la Fiesta de la Ciencia - Atacama\" class=\"yoast-seo-meta-tag\" \/>\n<meta property=\"og:description\" content=\"Este s\u00e1bado 13 desde las 11:00 horas el Parque Urbano Kaukari Minvu se llenar\u00e1 de actividades de divulgaci\u00f3n cient\u00edfica. Desde aplicaciones tecnol\u00f3gicas de empresas de la zona, experiencias con ciencias en las casas de estudio locales; hasta investigaciones explicadas por los propios cient\u00edficos, son parte de las actividades que desarrollar\u00e1n en la Fiesta de la [&hellip;]\" class=\"yoast-seo-meta-tag\" \/>\n<meta property=\"og:url\" content=\"https:\/\/dev.explora.cl\/atacama\/este-sabado-el-parque-kaukari-estara-repleto-de-actividades-cientificas-con-la-fiesta-de-la-ciencia\/\" class=\"yoast-seo-meta-tag\" \/>\n<meta property=\"og:site_name\" content=\"Atacama\" class=\"yoast-seo-meta-tag\" \/>\n<meta property=\"article:published_time\" content=\"2018-10-10T18:01:10+00:00\" class=\"yoast-seo-meta-tag\" \/>\n<meta property=\"article:modified_time\" content=\"2019-05-16T03:34:51+00:00\" class=\"yoast-seo-meta-tag\" \/>\n<meta name=\"author\" content=\"webman\" class=\"yoast-seo-meta-tag\" \/>\n<meta name=\"twitter:card\" content=\"summary_large_image\" class=\"yoast-seo-meta-tag\" \/>\n<meta name=\"twitter:label1\" content=\"Escrito por\" class=\"yoast-seo-meta-tag\" \/>\n\t<meta name=\"twitter:data1\" content=\"webman\" class=\"yoast-seo-meta-tag\" \/>\n\t<meta name=\"twitter:label2\" content=\"Tiempo estimado de lectura\" class=\"yoast-seo-meta-tag\" \/>\n\t<meta name=\"twitter:data2\" content=\"2 minutos\" class=\"yoast-seo-meta-tag\" \/>\n<script type=\"application\/ld+json\" class=\"yoast-schema-graph\">{\"@context\":\"https:\/\/schema.org\",\"@graph\":[{\"@type\":\"Article\",\"@id\":\"https:\/\/dev.explora.cl\/atacama\/este-sabado-el-parque-kaukari-estara-repleto-de-actividades-cientificas-con-la-fiesta-de-la-ciencia\/#article\",\"isPartOf\":{\"@id\":\"https:\/\/dev.explora.cl\/atacama\/este-sabado-el-parque-kaukari-estara-repleto-de-actividades-cientificas-con-la-fiesta-de-la-ciencia\/\"},\"author\":{\"name\":\"webman\",\"@id\":\"https:\/\/dev.explora.cl\/atacama\/#\/schema\/person\/cb8349c13ea2d324080adf8480d7ba5d\"},\"headline\":\"Este s\u00e1bado el Parque Kaukari estar\u00e1 repleto de actividades cient\u00edficas con la Fiesta de la Ciencia\",\"datePublished\":\"2018-10-10T18:01:10+00:00\",\"dateModified\":\"2019-05-16T03:34:51+00:00\",\"mainEntityOfPage\":{\"@id\":\"https:\/\/dev.explora.cl\/atacama\/este-sabado-el-parque-kaukari-estara-repleto-de-actividades-cientificas-con-la-fiesta-de-la-ciencia\/\"},\"wordCount\":358,\"image\":{\"@id\":\"https:\/\/dev.explora.cl\/atacama\/este-sabado-el-parque-kaukari-estara-repleto-de-actividades-cientificas-con-la-fiesta-de-la-ciencia\/#primaryimage\"},\"thumbnailUrl\":\"\",\"articleSection\":[\"Noticias\"],\"inLanguage\":\"es-CL\"},{\"@type\":\"WebPage\",\"@id\":\"https:\/\/dev.explora.cl\/atacama\/este-sabado-el-parque-kaukari-estara-repleto-de-actividades-cientificas-con-la-fiesta-de-la-ciencia\/\",\"url\":\"https:\/\/dev.explora.cl\/atacama\/este-sabado-el-parque-kaukari-estara-repleto-de-actividades-cientificas-con-la-fiesta-de-la-ciencia\/\",\"name\":\"Este s\u00e1bado el Parque Kaukari estar\u00e1 repleto de actividades cient\u00edficas con la Fiesta de la Ciencia - Atacama\",\"isPartOf\":{\"@id\":\"https:\/\/dev.explora.cl\/atacama\/#website\"},\"primaryImageOfPage\":{\"@id\":\"https:\/\/dev.explora.cl\/atacama\/este-sabado-el-parque-kaukari-estara-repleto-de-actividades-cientificas-con-la-fiesta-de-la-ciencia\/#primaryimage\"},\"image\":{\"@id\":\"https:\/\/dev.explora.cl\/atacama\/este-sabado-el-parque-kaukari-estara-repleto-de-actividades-cientificas-con-la-fiesta-de-la-ciencia\/#primaryimage\"},\"thumbnailUrl\":\"\",\"datePublished\":\"2018-10-10T18:01:10+00:00\",\"dateModified\":\"2019-05-16T03:34:51+00:00\",\"author\":{\"@id\":\"https:\/\/dev.explora.cl\/atacama\/#\/schema\/person\/cb8349c13ea2d324080adf8480d7ba5d\"},\"breadcrumb\":{\"@id\":\"https:\/\/dev.explora.cl\/atacama\/este-sabado-el-parque-kaukari-estara-repleto-de-actividades-cientificas-con-la-fiesta-de-la-ciencia\/#breadcrumb\"},\"inLanguage\":\"es-CL\",\"potentialAction\":[{\"@type\":\"ReadAction\",\"target\":[\"https:\/\/dev.explora.cl\/atacama\/este-sabado-el-parque-kaukari-estara-repleto-de-actividades-cientificas-con-la-fiesta-de-la-ciencia\/\"]}]},{\"@type\":\"ImageObject\",\"inLanguage\":\"es-CL\",\"@id\":\"https:\/\/dev.explora.cl\/atacama\/este-sabado-el-parque-kaukari-estara-repleto-de-actividades-cientificas-con-la-fiesta-de-la-ciencia\/#primaryimage\",\"url\":\"\",\"contentUrl\":\"\"},{\"@type\":\"BreadcrumbList\",\"@id\":\"https:\/\/dev.explora.cl\/atacama\/este-sabado-el-parque-kaukari-estara-repleto-de-actividades-cientificas-con-la-fiesta-de-la-ciencia\/#breadcrumb\",\"itemListElement\":[{\"@type\":\"ListItem\",\"position\":1,\"name\":\"Portada\",\"item\":\"https:\/\/dev.explora.cl\/atacama\/\"},{\"@type\":\"ListItem\",\"position\":2,\"name\":\"Este s\u00e1bado el Parque Kaukari estar\u00e1 repleto de actividades cient\u00edficas con la Fiesta de la Ciencia\"}]},{\"@type\":\"WebSite\",\"@id\":\"https:\/\/dev.explora.cl\/atacama\/#website\",\"url\":\"https:\/\/dev.explora.cl\/atacama\/\",\"name\":\"Atacama\",\"description\":\"Otro sitio m\u00e1s de dev.explora.cl\",\"potentialAction\":[{\"@type\":\"SearchAction\",\"target\":{\"@type\":\"EntryPoint\",\"urlTemplate\":\"https:\/\/dev.explora.cl\/atacama\/?s={search_term_string}\"},\"query-input\":{\"@type\":\"PropertyValueSpecification\",\"valueRequired\":true,\"valueName\":\"search_term_string\"}}],\"inLanguage\":\"es-CL\"},{\"@type\":\"Person\",\"@id\":\"https:\/\/dev.explora.cl\/atacama\/#\/schema\/person\/cb8349c13ea2d324080adf8480d7ba5d\",\"name\":\"webman\",\"image\":{\"@type\":\"ImageObject\",\"inLanguage\":\"es-CL\",\"@id\":\"https:\/\/dev.explora.cl\/atacama\/#\/schema\/person\/image\/\",\"url\":\"https:\/\/secure.gravatar.com\/avatar\/eeff3c82f2c02f7177d13663b7e6f890e9a6a0647ce9bb29cae02dcb094c7312?s=96&d=mm&r=g\",\"contentUrl\":\"https:\/\/secure.gravatar.com\/avatar\/eeff3c82f2c02f7177d13663b7e6f890e9a6a0647ce9bb29cae02dcb094c7312?s=96&d=mm&r=g\",\"caption\":\"webman\"},\"url\":\"https:\/\/dev.explora.cl\/atacama\/author\/webman\/\"}]}<\/script>\n<!-- \/ Yoast SEO plugin. -->","yoast_head_json":{"title":"Este s\u00e1bado el Parque Kaukari estar\u00e1 repleto de actividades cient\u00edficas con la Fiesta de la Ciencia - Atacama","robots":{"index":"index","follow":"follow","max-snippet":"max-snippet:-1","max-image-preview":"max-image-preview:large","max-video-preview":"max-video-preview:-1"},"canonical":"https:\/\/dev.explora.cl\/atacama\/este-sabado-el-parque-kaukari-estara-repleto-de-actividades-cientificas-con-la-fiesta-de-la-ciencia\/","og_locale":"es_ES","og_type":"article","og_title":"Este s\u00e1bado el Parque Kaukari estar\u00e1 repleto de actividades cient\u00edficas con la Fiesta de la Ciencia - Atacama","og_description":"Este s\u00e1bado 13 desde las 11:00 horas el Parque Urbano Kaukari Minvu se llenar\u00e1 de actividades de divulgaci\u00f3n cient\u00edfica. Desde aplicaciones tecnol\u00f3gicas de empresas de la zona, experiencias con ciencias en las casas de estudio locales; hasta investigaciones explicadas por los propios cient\u00edficos, son parte de las actividades que desarrollar\u00e1n en la Fiesta de la [&hellip;]","og_url":"https:\/\/dev.explora.cl\/atacama\/este-sabado-el-parque-kaukari-estara-repleto-de-actividades-cientificas-con-la-fiesta-de-la-ciencia\/","og_site_name":"Atacama","article_published_time":"2018-10-10T18:01:10+00:00","article_modified_time":"2019-05-16T03:34:51+00:00","author":"webman","twitter_card":"summary_large_image","twitter_misc":{"Escrito por":"webman","Tiempo estimado de lectura":"2 minutos"},"schema":{"@context":"https:\/\/schema.org","@graph":[{"@type":"Article","@id":"https:\/\/dev.explora.cl\/atacama\/este-sabado-el-parque-kaukari-estara-repleto-de-actividades-cientificas-con-la-fiesta-de-la-ciencia\/#article","isPartOf":{"@id":"https:\/\/dev.explora.cl\/atacama\/este-sabado-el-parque-kaukari-estara-repleto-de-actividades-cientificas-con-la-fiesta-de-la-ciencia\/"},"author":{"name":"webman","@id":"https:\/\/dev.explora.cl\/atacama\/#\/schema\/person\/cb8349c13ea2d324080adf8480d7ba5d"},"headline":"Este s\u00e1bado el Parque Kaukari estar\u00e1 repleto de actividades cient\u00edficas con la Fiesta de la Ciencia","datePublished":"2018-10-10T18:01:10+00:00","dateModified":"2019-05-16T03:34:51+00:00","mainEntityOfPage":{"@id":"https:\/\/dev.explora.cl\/atacama\/este-sabado-el-parque-kaukari-estara-repleto-de-actividades-cientificas-con-la-fiesta-de-la-ciencia\/"},"wordCount":358,"image":{"@id":"https:\/\/dev.explora.cl\/atacama\/este-sabado-el-parque-kaukari-estara-repleto-de-actividades-cientificas-con-la-fiesta-de-la-ciencia\/#primaryimage"},"thumbnailUrl":"","articleSection":["Noticias"],"inLanguage":"es-CL"},{"@type":"WebPage","@id":"https:\/\/dev.explora.cl\/atacama\/este-sabado-el-parque-kaukari-estara-repleto-de-actividades-cientificas-con-la-fiesta-de-la-ciencia\/","url":"https:\/\/dev.explora.cl\/atacama\/este-sabado-el-parque-kaukari-estara-repleto-de-actividades-cientificas-con-la-fiesta-de-la-ciencia\/","name":"Este s\u00e1bado el Parque Kaukari estar\u00e1 repleto de actividades cient\u00edficas con la Fiesta de la Ciencia - Atacama","isPartOf":{"@id":"https:\/\/dev.explora.cl\/atacama\/#website"},"primaryImageOfPage":{"@id":"https:\/\/dev.explora.cl\/atacama\/este-sabado-el-parque-kaukari-estara-repleto-de-actividades-cientificas-con-la-fiesta-de-la-ciencia\/#primaryimage"},"image":{"@id":"https:\/\/dev.explora.cl\/atacama\/este-sabado-el-parque-kaukari-estara-repleto-de-actividades-cientificas-con-la-fiesta-de-la-ciencia\/#primaryimage"},"thumbnailUrl":"","datePublished":"2018-10-10T18:01:10+00:00","dateModified":"2019-05-16T03:34:51+00:00","author":{"@id":"https:\/\/dev.explora.cl\/atacama\/#\/schema\/person\/cb8349c13ea2d324080adf8480d7ba5d"},"breadcrumb":{"@id":"https:\/\/dev.explora.cl\/atacama\/este-sabado-el-parque-kaukari-estara-repleto-de-actividades-cientificas-con-la-fiesta-de-la-ciencia\/#breadcrumb"},"inLanguage":"es-CL","potentialAction":[{"@type":"ReadAction","target":["https:\/\/dev.explora.cl\/atacama\/este-sabado-el-parque-kaukari-estara-repleto-de-actividades-cientificas-con-la-fiesta-de-la-ciencia\/"]}]},{"@type":"ImageObject","inLanguage":"es-CL","@id":"https:\/\/dev.explora.cl\/atacama\/este-sabado-el-parque-kaukari-estara-repleto-de-actividades-cientificas-con-la-fiesta-de-la-ciencia\/#primaryimage","url":"","contentUrl":""},{"@type":"BreadcrumbList","@id":"https:\/\/dev.explora.cl\/atacama\/este-sabado-el-parque-kaukari-estara-repleto-de-actividades-cientificas-con-la-fiesta-de-la-ciencia\/#breadcrumb","itemListElement":[{"@type":"ListItem","position":1,"name":"Portada","item":"https:\/\/dev.explora.cl\/atacama\/"},{"@type":"ListItem","position":2,"name":"Este s\u00e1bado el Parque Kaukari estar\u00e1 repleto de actividades cient\u00edficas con la Fiesta de la Ciencia"}]},{"@type":"WebSite","@id":"https:\/\/dev.explora.cl\/atacama\/#website","url":"https:\/\/dev.explora.cl\/atacama\/","name":"Atacama","description":"Otro sitio m\u00e1s de dev.explora.cl","potentialAction":[{"@type":"SearchAction","target":{"@type":"EntryPoint","urlTemplate":"https:\/\/dev.explora.cl\/atacama\/?s={search_term_string}"},"query-input":{"@type":"PropertyValueSpecification","valueRequired":true,"valueName":"search_term_string"}}],"inLanguage":"es-CL"},{"@type":"Person","@id":"https:\/\/dev.explora.cl\/atacama\/#\/schema\/person\/cb8349c13ea2d324080adf8480d7ba5d","name":"webman","image":{"@type":"ImageObject","inLanguage":"es-CL","@id":"https:\/\/dev.explora.cl\/atacama\/#\/schema\/person\/image\/","url":"https:\/\/secure.gravatar.com\/avatar\/eeff3c82f2c02f7177d13663b7e6f890e9a6a0647ce9bb29cae02dcb094c7312?s=96&d=mm&r=g","contentUrl":"https:\/\/secure.gravatar.com\/avatar\/eeff3c82f2c02f7177d13663b7e6f890e9a6a0647ce9bb29cae02dcb094c7312?s=96&d=mm&r=g","caption":"webman"},"url":"https:\/\/dev.explora.cl\/atacama\/author\/webman\/"}]}},"_links":{"self":[{"href":"https:\/\/dev.explora.cl\/atacama\/wp-json\/wp\/v2\/posts\/37006","targetHints":{"allow":["GET"]}}],"collection":[{"href":"https:\/\/dev.explora.cl\/atacama\/wp-json\/wp\/v2\/posts"}],"about":[{"href":"https:\/\/dev.explora.cl\/atacama\/wp-json\/wp\/v2\/types\/post"}],"author":[{"embeddable":true,"href":"https:\/\/dev.explora.cl\/atacama\/wp-json\/wp\/v2\/users\/2"}],"replies":[{"embeddable":true,"href":"https:\/\/dev.explora.cl\/atacama\/wp-json\/wp\/v2\/comments?post=37006"}],"version-history":[{"count":1,"href":"https:\/\/dev.explora.cl\/atacama\/wp-json\/wp\/v2\/posts\/37006\/revisions"}],"predecessor-version":[{"id":37898,"href":"https:\/\/dev.explora.cl\/atacama\/wp-json\/wp\/v2\/posts\/37006\/revisions\/37898"}],"wp:featuredmedia":[{"embeddable":true,"href":"https:\/\/dev.explora.cl\/atacama\/wp-json\/"}],"wp:attachment":[{"href":"https:\/\/dev.explora.cl\/atacama\/wp-json\/wp\/v2\/media?parent=37006"}],"wp:term":[{"taxonomy":"category","embeddable":true,"href":"https:\/\/dev.explora.cl\/atacama\/wp-json\/wp\/v2\/categories?post=37006"},{"taxonomy":"post_tag","embeddable":true,"href":"https:\/\/dev.explora.cl\/atacama\/wp-json\/wp\/v2\/tags?post=37006"}],"curies":[{"name":"wp","href":"https:\/\/api.w.org\/{rel}","templated":true}]}}