{"id":35051,"date":"2018-08-03T16:06:35","date_gmt":"2018-08-03T20:06:35","guid":{"rendered":"https:\/\/dev.explora.cl\/blog\/2018\/08\/03\/vuelven-las-charlas-del-par-explora-de-conicyt-y-la-uda-a-los-colegios-de-atacama\/"},"modified":"2019-05-16T03:34:56","modified_gmt":"2019-05-16T03:34:56","slug":"vuelven-las-charlas-del-par-explora-de-conicyt-y-la-uda-a-los-colegios-de-atacama","status":"publish","type":"post","link":"https:\/\/dev.explora.cl\/atacama\/vuelven-las-charlas-del-par-explora-de-conicyt-y-la-uda-a-los-colegios-de-atacama\/","title":{"rendered":"Vuelven las charlas del PAR Explora de Conicyt y la UDA a los colegios de Atacama"},"content":{"rendered":"<p><strong>Luego de un agitado primer semestre, PAR EXPLORA Atacama regresa con las charlas \u201c1000 cient\u00edficos 1000 aulas\u201d, iniciativa que lleva a cient\u00edficos a los establecimientos educativos de la regi\u00f3n apenas al retomar las clases.<\/strong><\/p>\n<p><img loading=\"lazy\" decoding=\"async\" class=\" size-full wp-image-35049\" src=\"https:\/\/dev.explora.cl\/wp-content\/uploads\/2018\/08\/WhatsApp_Image_2018-08-02_at_10.03.53_AM.jpeg\" alt=\"WhatsApp Image 2018 08 02 at 10.03.53 AM\" width=\"1280\" height=\"960\" \/><\/p>\n<p>&nbsp;<\/p>\n<p>Durante todo el primer semestre se han realizado 34 charlas de cient\u00edficos que visitan salas de clases para compartir sus conocimientos en el marco de la actividad \u201c1000 cient\u00edficos 1000 aulas\u201d, una de las m\u00e1s ic\u00f3nicas iniciativas del Programa Explora que busca divulgar contenidos cient\u00edficos y el quehacer de investigadores e investigadoras en los colegios.<\/p>\n<p><strong>Hasta el momento son cerca de 1200 estudiantes, quienes han estado en las distintas charlas que se han efectuado. Muchas de ellas se realizan en asociaci\u00f3n con instituciones p\u00fablicas y privadas. Tal es el caso de la Seremi de Energ\u00eda de Atacama, la Seremi de Medio Ambiente de Atacama y el Museo Paleontol\u00f3gico de Caldera, entre otras.<\/strong><\/p>\n<p>Adem\u00e1s, se suman proyectos de los Fondos Innovaci\u00f3n para la Competitividad de la Universidad de Atacama que dejan en manifiesto que se puede realizar investigaci\u00f3n y extensi\u00f3n en la regi\u00f3n abriendo espacios dentro de los colegios.<\/p>\n<p>Tambi\u00e9n se suman los investigadores e investigadoras de la Universidad de Atacama quienes visitan las universidades mostrando sus \u00e1reas de conocimiento. Aqu\u00ed es donde astr\u00f3nomos, ingenieros, ge\u00f3logos y otros acad\u00e9micos han difundido el conicimiento que se genera en la casa de estudios regional.<\/p>\n<p>\u201cDurante todo el primer semestre hemos realizado visitas a los colegios. Para el Programa Explora esta actividad es muy importante porque ayuda a desarrollar habilidades desde el pensamiento cr\u00edtico, un aspecto que debe ser central a la hora en enfrentarnos a nuestro entorno. <strong>Invitamos a investigadores e investigadoras de la zona a que se sumen, a abrir perspectivas en las aulas, es un espacio para expandir y divulgar nuestras investigaciones acerc\u00e1ndolas a los contenidos de planes de educaci\u00f3<\/strong>n\u201d, se\u00f1al\u00f3 Cristian Galaz Esquivel, Director del PAR EXPLORA Atacama de la UDA.<\/p>\n<p>Por su parte Cristian Abello, encargado de Divulgaci\u00f3n de PAR EXPLORA Atacama, manifest\u00f3 que \u201c<strong>Esta actividad entrega algunos contenidos que act\u00faan como complemento a los programas curriculares, esto ha generado mucho inter\u00e9s por parte de los docentes. Adem\u00e1s, esperamos ampliar la cobertura a toda la regi\u00f3n, ya que las charlas se extender\u00e1n hasta fin de a\u00f1o\u201d.<\/strong><\/p>\n<p>Este 2018 en Atacama se han realizado charlas inclusivas con lenguaje de se\u00f1as, experiencias pr\u00e1cticas y complementado otras actividades de PAR EXPLORA, como el D\u00eda de la Ciencia en Mi Colegio con estas visitas de cient\u00edficos que abren nuevos contenidos a estudiantes de la regi\u00f3n.<\/p>\n<p><img loading=\"lazy\" decoding=\"async\" class=\" size-full wp-image-35050\" src=\"https:\/\/dev.explora.cl\/wp-content\/uploads\/2018\/08\/WhatsApp_Image_2018-08-01_at_10.04.24_AM.jpeg\" alt=\"WhatsApp Image 2018 08 01 at 10.04.24 AM\" width=\"1280\" height=\"853\" \/><\/p>\n<p>&nbsp;<\/p>\n","protected":false},"excerpt":{"rendered":"<p>Luego de un agitado primer semestre, PAR EXPLORA Atacama regresa con las charlas \u201c1000 cient\u00edficos 1000 aulas\u201d, iniciativa que lleva a cient\u00edficos a los establecimientos educativos de la regi\u00f3n apenas al retomar las clases. &nbsp; Durante todo el primer semestre se han realizado 34 charlas de cient\u00edficos que visitan salas de clases para compartir sus [&hellip;]<\/p>\n","protected":false},"author":2,"featured_media":35048,"comment_status":"closed","ping_status":"open","sticky":false,"template":"","format":"standard","meta":{"_acf_changed":false,"_exactmetrics_skip_tracking":false,"_exactmetrics_sitenote_active":false,"_exactmetrics_sitenote_note":"","_exactmetrics_sitenote_category":0,"footnotes":"","_links_to":"","_links_to_target":""},"categories":[4],"tags":[],"class_list":["post-35051","post","type-post","status-publish","format-standard","has-post-thumbnail","hentry","category-noticias"],"acf":[],"yoast_head":"<!-- This site is optimized with the Yoast SEO plugin v26.7 - https:\/\/yoast.com\/wordpress\/plugins\/seo\/ -->\n<title>Vuelven las charlas del PAR Explora de Conicyt y la UDA a los colegios de Atacama - Atacama<\/title>\n<meta name=\"robots\" content=\"index, follow, max-snippet:-1, max-image-preview:large, max-video-preview:-1\" \/>\n<link rel=\"canonical\" href=\"https:\/\/dev.explora.cl\/atacama\/vuelven-las-charlas-del-par-explora-de-conicyt-y-la-uda-a-los-colegios-de-atacama\/\" class=\"yoast-seo-meta-tag\" \/>\n<meta property=\"og:locale\" content=\"es_ES\" class=\"yoast-seo-meta-tag\" \/>\n<meta property=\"og:type\" content=\"article\" class=\"yoast-seo-meta-tag\" \/>\n<meta property=\"og:title\" content=\"Vuelven las charlas del PAR Explora de Conicyt y la UDA a los colegios de Atacama - Atacama\" class=\"yoast-seo-meta-tag\" \/>\n<meta property=\"og:description\" content=\"Luego de un agitado primer semestre, PAR EXPLORA Atacama regresa con las charlas \u201c1000 cient\u00edficos 1000 aulas\u201d, iniciativa que lleva a cient\u00edficos a los establecimientos educativos de la regi\u00f3n apenas al retomar las clases. &nbsp; Durante todo el primer semestre se han realizado 34 charlas de cient\u00edficos que visitan salas de clases para compartir sus [&hellip;]\" class=\"yoast-seo-meta-tag\" \/>\n<meta property=\"og:url\" content=\"https:\/\/dev.explora.cl\/atacama\/vuelven-las-charlas-del-par-explora-de-conicyt-y-la-uda-a-los-colegios-de-atacama\/\" class=\"yoast-seo-meta-tag\" \/>\n<meta property=\"og:site_name\" content=\"Atacama\" class=\"yoast-seo-meta-tag\" \/>\n<meta property=\"article:published_time\" content=\"2018-08-03T20:06:35+00:00\" class=\"yoast-seo-meta-tag\" \/>\n<meta property=\"article:modified_time\" content=\"2019-05-16T03:34:56+00:00\" class=\"yoast-seo-meta-tag\" \/>\n<meta name=\"author\" content=\"webman\" class=\"yoast-seo-meta-tag\" \/>\n<meta name=\"twitter:card\" content=\"summary_large_image\" class=\"yoast-seo-meta-tag\" \/>\n<meta name=\"twitter:label1\" content=\"Escrito por\" class=\"yoast-seo-meta-tag\" \/>\n\t<meta name=\"twitter:data1\" content=\"webman\" class=\"yoast-seo-meta-tag\" \/>\n\t<meta name=\"twitter:label2\" content=\"Tiempo estimado de lectura\" class=\"yoast-seo-meta-tag\" \/>\n\t<meta name=\"twitter:data2\" content=\"2 minutos\" class=\"yoast-seo-meta-tag\" \/>\n<script type=\"application\/ld+json\" class=\"yoast-schema-graph\">{\"@context\":\"https:\/\/schema.org\",\"@graph\":[{\"@type\":\"Article\",\"@id\":\"https:\/\/dev.explora.cl\/atacama\/vuelven-las-charlas-del-par-explora-de-conicyt-y-la-uda-a-los-colegios-de-atacama\/#article\",\"isPartOf\":{\"@id\":\"https:\/\/dev.explora.cl\/atacama\/vuelven-las-charlas-del-par-explora-de-conicyt-y-la-uda-a-los-colegios-de-atacama\/\"},\"author\":{\"name\":\"webman\",\"@id\":\"https:\/\/dev.explora.cl\/atacama\/#\/schema\/person\/cb8349c13ea2d324080adf8480d7ba5d\"},\"headline\":\"Vuelven las charlas del PAR Explora de Conicyt y la UDA a los colegios de Atacama\",\"datePublished\":\"2018-08-03T20:06:35+00:00\",\"dateModified\":\"2019-05-16T03:34:56+00:00\",\"mainEntityOfPage\":{\"@id\":\"https:\/\/dev.explora.cl\/atacama\/vuelven-las-charlas-del-par-explora-de-conicyt-y-la-uda-a-los-colegios-de-atacama\/\"},\"wordCount\":464,\"image\":{\"@id\":\"https:\/\/dev.explora.cl\/atacama\/vuelven-las-charlas-del-par-explora-de-conicyt-y-la-uda-a-los-colegios-de-atacama\/#primaryimage\"},\"thumbnailUrl\":\"\",\"articleSection\":[\"Noticias\"],\"inLanguage\":\"es-CL\"},{\"@type\":\"WebPage\",\"@id\":\"https:\/\/dev.explora.cl\/atacama\/vuelven-las-charlas-del-par-explora-de-conicyt-y-la-uda-a-los-colegios-de-atacama\/\",\"url\":\"https:\/\/dev.explora.cl\/atacama\/vuelven-las-charlas-del-par-explora-de-conicyt-y-la-uda-a-los-colegios-de-atacama\/\",\"name\":\"Vuelven las charlas del PAR Explora de Conicyt y la UDA a los colegios de Atacama - Atacama\",\"isPartOf\":{\"@id\":\"https:\/\/dev.explora.cl\/atacama\/#website\"},\"primaryImageOfPage\":{\"@id\":\"https:\/\/dev.explora.cl\/atacama\/vuelven-las-charlas-del-par-explora-de-conicyt-y-la-uda-a-los-colegios-de-atacama\/#primaryimage\"},\"image\":{\"@id\":\"https:\/\/dev.explora.cl\/atacama\/vuelven-las-charlas-del-par-explora-de-conicyt-y-la-uda-a-los-colegios-de-atacama\/#primaryimage\"},\"thumbnailUrl\":\"\",\"datePublished\":\"2018-08-03T20:06:35+00:00\",\"dateModified\":\"2019-05-16T03:34:56+00:00\",\"author\":{\"@id\":\"https:\/\/dev.explora.cl\/atacama\/#\/schema\/person\/cb8349c13ea2d324080adf8480d7ba5d\"},\"breadcrumb\":{\"@id\":\"https:\/\/dev.explora.cl\/atacama\/vuelven-las-charlas-del-par-explora-de-conicyt-y-la-uda-a-los-colegios-de-atacama\/#breadcrumb\"},\"inLanguage\":\"es-CL\",\"potentialAction\":[{\"@type\":\"ReadAction\",\"target\":[\"https:\/\/dev.explora.cl\/atacama\/vuelven-las-charlas-del-par-explora-de-conicyt-y-la-uda-a-los-colegios-de-atacama\/\"]}]},{\"@type\":\"ImageObject\",\"inLanguage\":\"es-CL\",\"@id\":\"https:\/\/dev.explora.cl\/atacama\/vuelven-las-charlas-del-par-explora-de-conicyt-y-la-uda-a-los-colegios-de-atacama\/#primaryimage\",\"url\":\"\",\"contentUrl\":\"\"},{\"@type\":\"BreadcrumbList\",\"@id\":\"https:\/\/dev.explora.cl\/atacama\/vuelven-las-charlas-del-par-explora-de-conicyt-y-la-uda-a-los-colegios-de-atacama\/#breadcrumb\",\"itemListElement\":[{\"@type\":\"ListItem\",\"position\":1,\"name\":\"Portada\",\"item\":\"https:\/\/dev.explora.cl\/atacama\/\"},{\"@type\":\"ListItem\",\"position\":2,\"name\":\"Vuelven las charlas del PAR Explora de Conicyt y la UDA a los colegios de Atacama\"}]},{\"@type\":\"WebSite\",\"@id\":\"https:\/\/dev.explora.cl\/atacama\/#website\",\"url\":\"https:\/\/dev.explora.cl\/atacama\/\",\"name\":\"Atacama\",\"description\":\"Otro sitio m\u00e1s de dev.explora.cl\",\"potentialAction\":[{\"@type\":\"SearchAction\",\"target\":{\"@type\":\"EntryPoint\",\"urlTemplate\":\"https:\/\/dev.explora.cl\/atacama\/?s={search_term_string}\"},\"query-input\":{\"@type\":\"PropertyValueSpecification\",\"valueRequired\":true,\"valueName\":\"search_term_string\"}}],\"inLanguage\":\"es-CL\"},{\"@type\":\"Person\",\"@id\":\"https:\/\/dev.explora.cl\/atacama\/#\/schema\/person\/cb8349c13ea2d324080adf8480d7ba5d\",\"name\":\"webman\",\"image\":{\"@type\":\"ImageObject\",\"inLanguage\":\"es-CL\",\"@id\":\"https:\/\/dev.explora.cl\/atacama\/#\/schema\/person\/image\/\",\"url\":\"https:\/\/secure.gravatar.com\/avatar\/eeff3c82f2c02f7177d13663b7e6f890e9a6a0647ce9bb29cae02dcb094c7312?s=96&d=mm&r=g\",\"contentUrl\":\"https:\/\/secure.gravatar.com\/avatar\/eeff3c82f2c02f7177d13663b7e6f890e9a6a0647ce9bb29cae02dcb094c7312?s=96&d=mm&r=g\",\"caption\":\"webman\"},\"url\":\"https:\/\/dev.explora.cl\/atacama\/author\/webman\/\"}]}<\/script>\n<!-- \/ Yoast SEO plugin. -->","yoast_head_json":{"title":"Vuelven las charlas del PAR Explora de Conicyt y la UDA a los colegios de Atacama - Atacama","robots":{"index":"index","follow":"follow","max-snippet":"max-snippet:-1","max-image-preview":"max-image-preview:large","max-video-preview":"max-video-preview:-1"},"canonical":"https:\/\/dev.explora.cl\/atacama\/vuelven-las-charlas-del-par-explora-de-conicyt-y-la-uda-a-los-colegios-de-atacama\/","og_locale":"es_ES","og_type":"article","og_title":"Vuelven las charlas del PAR Explora de Conicyt y la UDA a los colegios de Atacama - Atacama","og_description":"Luego de un agitado primer semestre, PAR EXPLORA Atacama regresa con las charlas \u201c1000 cient\u00edficos 1000 aulas\u201d, iniciativa que lleva a cient\u00edficos a los establecimientos educativos de la regi\u00f3n apenas al retomar las clases. &nbsp; Durante todo el primer semestre se han realizado 34 charlas de cient\u00edficos que visitan salas de clases para compartir sus [&hellip;]","og_url":"https:\/\/dev.explora.cl\/atacama\/vuelven-las-charlas-del-par-explora-de-conicyt-y-la-uda-a-los-colegios-de-atacama\/","og_site_name":"Atacama","article_published_time":"2018-08-03T20:06:35+00:00","article_modified_time":"2019-05-16T03:34:56+00:00","author":"webman","twitter_card":"summary_large_image","twitter_misc":{"Escrito por":"webman","Tiempo estimado de lectura":"2 minutos"},"schema":{"@context":"https:\/\/schema.org","@graph":[{"@type":"Article","@id":"https:\/\/dev.explora.cl\/atacama\/vuelven-las-charlas-del-par-explora-de-conicyt-y-la-uda-a-los-colegios-de-atacama\/#article","isPartOf":{"@id":"https:\/\/dev.explora.cl\/atacama\/vuelven-las-charlas-del-par-explora-de-conicyt-y-la-uda-a-los-colegios-de-atacama\/"},"author":{"name":"webman","@id":"https:\/\/dev.explora.cl\/atacama\/#\/schema\/person\/cb8349c13ea2d324080adf8480d7ba5d"},"headline":"Vuelven las charlas del PAR Explora de Conicyt y la UDA a los colegios de Atacama","datePublished":"2018-08-03T20:06:35+00:00","dateModified":"2019-05-16T03:34:56+00:00","mainEntityOfPage":{"@id":"https:\/\/dev.explora.cl\/atacama\/vuelven-las-charlas-del-par-explora-de-conicyt-y-la-uda-a-los-colegios-de-atacama\/"},"wordCount":464,"image":{"@id":"https:\/\/dev.explora.cl\/atacama\/vuelven-las-charlas-del-par-explora-de-conicyt-y-la-uda-a-los-colegios-de-atacama\/#primaryimage"},"thumbnailUrl":"","articleSection":["Noticias"],"inLanguage":"es-CL"},{"@type":"WebPage","@id":"https:\/\/dev.explora.cl\/atacama\/vuelven-las-charlas-del-par-explora-de-conicyt-y-la-uda-a-los-colegios-de-atacama\/","url":"https:\/\/dev.explora.cl\/atacama\/vuelven-las-charlas-del-par-explora-de-conicyt-y-la-uda-a-los-colegios-de-atacama\/","name":"Vuelven las charlas del PAR Explora de Conicyt y la UDA a los colegios de Atacama - Atacama","isPartOf":{"@id":"https:\/\/dev.explora.cl\/atacama\/#website"},"primaryImageOfPage":{"@id":"https:\/\/dev.explora.cl\/atacama\/vuelven-las-charlas-del-par-explora-de-conicyt-y-la-uda-a-los-colegios-de-atacama\/#primaryimage"},"image":{"@id":"https:\/\/dev.explora.cl\/atacama\/vuelven-las-charlas-del-par-explora-de-conicyt-y-la-uda-a-los-colegios-de-atacama\/#primaryimage"},"thumbnailUrl":"","datePublished":"2018-08-03T20:06:35+00:00","dateModified":"2019-05-16T03:34:56+00:00","author":{"@id":"https:\/\/dev.explora.cl\/atacama\/#\/schema\/person\/cb8349c13ea2d324080adf8480d7ba5d"},"breadcrumb":{"@id":"https:\/\/dev.explora.cl\/atacama\/vuelven-las-charlas-del-par-explora-de-conicyt-y-la-uda-a-los-colegios-de-atacama\/#breadcrumb"},"inLanguage":"es-CL","potentialAction":[{"@type":"ReadAction","target":["https:\/\/dev.explora.cl\/atacama\/vuelven-las-charlas-del-par-explora-de-conicyt-y-la-uda-a-los-colegios-de-atacama\/"]}]},{"@type":"ImageObject","inLanguage":"es-CL","@id":"https:\/\/dev.explora.cl\/atacama\/vuelven-las-charlas-del-par-explora-de-conicyt-y-la-uda-a-los-colegios-de-atacama\/#primaryimage","url":"","contentUrl":""},{"@type":"BreadcrumbList","@id":"https:\/\/dev.explora.cl\/atacama\/vuelven-las-charlas-del-par-explora-de-conicyt-y-la-uda-a-los-colegios-de-atacama\/#breadcrumb","itemListElement":[{"@type":"ListItem","position":1,"name":"Portada","item":"https:\/\/dev.explora.cl\/atacama\/"},{"@type":"ListItem","position":2,"name":"Vuelven las charlas del PAR Explora de Conicyt y la UDA a los colegios de Atacama"}]},{"@type":"WebSite","@id":"https:\/\/dev.explora.cl\/atacama\/#website","url":"https:\/\/dev.explora.cl\/atacama\/","name":"Atacama","description":"Otro sitio m\u00e1s de dev.explora.cl","potentialAction":[{"@type":"SearchAction","target":{"@type":"EntryPoint","urlTemplate":"https:\/\/dev.explora.cl\/atacama\/?s={search_term_string}"},"query-input":{"@type":"PropertyValueSpecification","valueRequired":true,"valueName":"search_term_string"}}],"inLanguage":"es-CL"},{"@type":"Person","@id":"https:\/\/dev.explora.cl\/atacama\/#\/schema\/person\/cb8349c13ea2d324080adf8480d7ba5d","name":"webman","image":{"@type":"ImageObject","inLanguage":"es-CL","@id":"https:\/\/dev.explora.cl\/atacama\/#\/schema\/person\/image\/","url":"https:\/\/secure.gravatar.com\/avatar\/eeff3c82f2c02f7177d13663b7e6f890e9a6a0647ce9bb29cae02dcb094c7312?s=96&d=mm&r=g","contentUrl":"https:\/\/secure.gravatar.com\/avatar\/eeff3c82f2c02f7177d13663b7e6f890e9a6a0647ce9bb29cae02dcb094c7312?s=96&d=mm&r=g","caption":"webman"},"url":"https:\/\/dev.explora.cl\/atacama\/author\/webman\/"}]}},"_links":{"self":[{"href":"https:\/\/dev.explora.cl\/atacama\/wp-json\/wp\/v2\/posts\/35051","targetHints":{"allow":["GET"]}}],"collection":[{"href":"https:\/\/dev.explora.cl\/atacama\/wp-json\/wp\/v2\/posts"}],"about":[{"href":"https:\/\/dev.explora.cl\/atacama\/wp-json\/wp\/v2\/types\/post"}],"author":[{"embeddable":true,"href":"https:\/\/dev.explora.cl\/atacama\/wp-json\/wp\/v2\/users\/2"}],"replies":[{"embeddable":true,"href":"https:\/\/dev.explora.cl\/atacama\/wp-json\/wp\/v2\/comments?post=35051"}],"version-history":[{"count":1,"href":"https:\/\/dev.explora.cl\/atacama\/wp-json\/wp\/v2\/posts\/35051\/revisions"}],"predecessor-version":[{"id":37905,"href":"https:\/\/dev.explora.cl\/atacama\/wp-json\/wp\/v2\/posts\/35051\/revisions\/37905"}],"wp:featuredmedia":[{"embeddable":true,"href":"https:\/\/dev.explora.cl\/atacama\/wp-json\/"}],"wp:attachment":[{"href":"https:\/\/dev.explora.cl\/atacama\/wp-json\/wp\/v2\/media?parent=35051"}],"wp:term":[{"taxonomy":"category","embeddable":true,"href":"https:\/\/dev.explora.cl\/atacama\/wp-json\/wp\/v2\/categories?post=35051"},{"taxonomy":"post_tag","embeddable":true,"href":"https:\/\/dev.explora.cl\/atacama\/wp-json\/wp\/v2\/tags?post=35051"}],"curies":[{"name":"wp","href":"https:\/\/api.w.org\/{rel}","templated":true}]}}