{"id":34584,"date":"2018-07-03T04:04:06","date_gmt":"2018-07-03T08:04:06","guid":{"rendered":"https:\/\/dev.explora.cl\/blog\/2018\/07\/03\/inscribe-a-tu-colegio-para-tener-un-dia-de-la-ciencia-en-mi-colegio\/"},"modified":"2019-05-16T03:34:59","modified_gmt":"2019-05-16T03:34:59","slug":"inscribe-a-tu-colegio-para-tener-un-dia-de-la-ciencia-en-mi-colegio","status":"publish","type":"post","link":"https:\/\/dev.explora.cl\/atacama\/inscribe-a-tu-colegio-para-tener-un-dia-de-la-ciencia-en-mi-colegio\/","title":{"rendered":"Inscribe a tu colegio para tener un &quot;D\u00eda de la Ciencia en mi Colegio&quot;"},"content":{"rendered":"<p><strong>PAR EXPLORA Atacama apoya un d\u00eda lleno de ciencia en tu colegio. Si te interesa hacer una feria de ciencias en tu establecimiento te apoyamos con acciones de divulgaci\u00f3n cient\u00edfica, muestras pedag\u00f3gicas, charlas de cient\u00edficos, talleres y m\u00e1s.<\/strong><\/p>\n<p>En con el prop\u00f3sito de relevar la importancia de la ciencia y la tecnolog\u00eda en sus diferentes formatos. Dudas y consultas real\u00edzalas a <a href=\"mailto:carla.avalos@uda.cl\">carla.avalos@uda.cl<\/a> o <a href=\"mailto:cristian.abello@uda.cl\">cristian.abello@uda.cl<\/a><\/p>\n<p><img loading=\"lazy\" decoding=\"async\" class=\" size-full wp-image-34581\" src=\"https:\/\/dev.explora.cl\/wp-content\/uploads\/2018\/07\/36385998_907236199459445_2691635014898024448_n.jpg\" alt=\"36385998 907236199459445 2691635014898024448 n\" width=\"960\" height=\"720\" \/><\/p>\n<p><img loading=\"lazy\" decoding=\"async\" class=\" size-full wp-image-34582\" src=\"https:\/\/dev.explora.cl\/wp-content\/uploads\/2018\/07\/36340033_908176252698773_6562455710389501952_n.jpg\" alt=\"36340033 908176252698773 6562455710389501952 n\" width=\"960\" height=\"720\" \/><\/p>\n<p><img loading=\"lazy\" decoding=\"async\" class=\" size-full wp-image-34583\" src=\"https:\/\/dev.explora.cl\/wp-content\/uploads\/2018\/07\/35237584_894448354071563_6099489163940200448_n.jpg\" alt=\"35237584 894448354071563 6099489163940200448 n\" width=\"960\" height=\"640\" \/><\/p>\n","protected":false},"excerpt":{"rendered":"<p>PAR EXPLORA Atacama apoya un d\u00eda lleno de ciencia en tu colegio. Si te interesa hacer una feria de ciencias en tu establecimiento te apoyamos con acciones de divulgaci\u00f3n cient\u00edfica, muestras pedag\u00f3gicas, charlas de cient\u00edficos, talleres y m\u00e1s. En con el prop\u00f3sito de relevar la importancia de la ciencia y la tecnolog\u00eda en sus diferentes [&hellip;]<\/p>\n","protected":false},"author":2,"featured_media":34580,"comment_status":"closed","ping_status":"open","sticky":false,"template":"","format":"standard","meta":{"_acf_changed":false,"_exactmetrics_skip_tracking":false,"_exactmetrics_sitenote_active":false,"_exactmetrics_sitenote_note":"","_exactmetrics_sitenote_category":0,"footnotes":"","_links_to":"","_links_to_target":""},"categories":[4],"tags":[],"class_list":["post-34584","post","type-post","status-publish","format-standard","has-post-thumbnail","hentry","category-noticias"],"acf":[],"yoast_head":"<!-- This site is optimized with the Yoast SEO plugin v26.7 - https:\/\/yoast.com\/wordpress\/plugins\/seo\/ -->\n<title>Inscribe a tu colegio para tener un &quot;D\u00eda de la Ciencia en mi Colegio&quot; - Atacama<\/title>\n<meta name=\"robots\" content=\"index, follow, max-snippet:-1, max-image-preview:large, max-video-preview:-1\" \/>\n<link rel=\"canonical\" href=\"https:\/\/dev.explora.cl\/atacama\/inscribe-a-tu-colegio-para-tener-un-dia-de-la-ciencia-en-mi-colegio\/\" class=\"yoast-seo-meta-tag\" \/>\n<meta property=\"og:locale\" content=\"es_ES\" class=\"yoast-seo-meta-tag\" \/>\n<meta property=\"og:type\" content=\"article\" class=\"yoast-seo-meta-tag\" \/>\n<meta property=\"og:title\" content=\"Inscribe a tu colegio para tener un &quot;D\u00eda de la Ciencia en mi Colegio&quot; - Atacama\" class=\"yoast-seo-meta-tag\" \/>\n<meta property=\"og:description\" content=\"PAR EXPLORA Atacama apoya un d\u00eda lleno de ciencia en tu colegio. Si te interesa hacer una feria de ciencias en tu establecimiento te apoyamos con acciones de divulgaci\u00f3n cient\u00edfica, muestras pedag\u00f3gicas, charlas de cient\u00edficos, talleres y m\u00e1s. En con el prop\u00f3sito de relevar la importancia de la ciencia y la tecnolog\u00eda en sus diferentes [&hellip;]\" class=\"yoast-seo-meta-tag\" \/>\n<meta property=\"og:url\" content=\"https:\/\/dev.explora.cl\/atacama\/inscribe-a-tu-colegio-para-tener-un-dia-de-la-ciencia-en-mi-colegio\/\" class=\"yoast-seo-meta-tag\" \/>\n<meta property=\"og:site_name\" content=\"Atacama\" class=\"yoast-seo-meta-tag\" \/>\n<meta property=\"article:published_time\" content=\"2018-07-03T08:04:06+00:00\" class=\"yoast-seo-meta-tag\" \/>\n<meta property=\"article:modified_time\" content=\"2019-05-16T03:34:59+00:00\" class=\"yoast-seo-meta-tag\" \/>\n<meta name=\"author\" content=\"webman\" class=\"yoast-seo-meta-tag\" \/>\n<meta name=\"twitter:card\" content=\"summary_large_image\" class=\"yoast-seo-meta-tag\" \/>\n<meta name=\"twitter:label1\" content=\"Escrito por\" class=\"yoast-seo-meta-tag\" \/>\n\t<meta name=\"twitter:data1\" content=\"webman\" class=\"yoast-seo-meta-tag\" \/>\n<script type=\"application\/ld+json\" class=\"yoast-schema-graph\">{\"@context\":\"https:\/\/schema.org\",\"@graph\":[{\"@type\":\"Article\",\"@id\":\"https:\/\/dev.explora.cl\/atacama\/inscribe-a-tu-colegio-para-tener-un-dia-de-la-ciencia-en-mi-colegio\/#article\",\"isPartOf\":{\"@id\":\"https:\/\/dev.explora.cl\/atacama\/inscribe-a-tu-colegio-para-tener-un-dia-de-la-ciencia-en-mi-colegio\/\"},\"author\":{\"name\":\"webman\",\"@id\":\"https:\/\/dev.explora.cl\/atacama\/#\/schema\/person\/cb8349c13ea2d324080adf8480d7ba5d\"},\"headline\":\"Inscribe a tu colegio para tener un &quot;D\u00eda de la Ciencia en mi Colegio&quot;\",\"datePublished\":\"2018-07-03T08:04:06+00:00\",\"dateModified\":\"2019-05-16T03:34:59+00:00\",\"mainEntityOfPage\":{\"@id\":\"https:\/\/dev.explora.cl\/atacama\/inscribe-a-tu-colegio-para-tener-un-dia-de-la-ciencia-en-mi-colegio\/\"},\"wordCount\":96,\"image\":{\"@id\":\"https:\/\/dev.explora.cl\/atacama\/inscribe-a-tu-colegio-para-tener-un-dia-de-la-ciencia-en-mi-colegio\/#primaryimage\"},\"thumbnailUrl\":\"\",\"articleSection\":[\"Noticias\"],\"inLanguage\":\"es-CL\"},{\"@type\":\"WebPage\",\"@id\":\"https:\/\/dev.explora.cl\/atacama\/inscribe-a-tu-colegio-para-tener-un-dia-de-la-ciencia-en-mi-colegio\/\",\"url\":\"https:\/\/dev.explora.cl\/atacama\/inscribe-a-tu-colegio-para-tener-un-dia-de-la-ciencia-en-mi-colegio\/\",\"name\":\"Inscribe a tu colegio para tener un &quot;D\u00eda de la Ciencia en mi Colegio&quot; - Atacama\",\"isPartOf\":{\"@id\":\"https:\/\/dev.explora.cl\/atacama\/#website\"},\"primaryImageOfPage\":{\"@id\":\"https:\/\/dev.explora.cl\/atacama\/inscribe-a-tu-colegio-para-tener-un-dia-de-la-ciencia-en-mi-colegio\/#primaryimage\"},\"image\":{\"@id\":\"https:\/\/dev.explora.cl\/atacama\/inscribe-a-tu-colegio-para-tener-un-dia-de-la-ciencia-en-mi-colegio\/#primaryimage\"},\"thumbnailUrl\":\"\",\"datePublished\":\"2018-07-03T08:04:06+00:00\",\"dateModified\":\"2019-05-16T03:34:59+00:00\",\"author\":{\"@id\":\"https:\/\/dev.explora.cl\/atacama\/#\/schema\/person\/cb8349c13ea2d324080adf8480d7ba5d\"},\"breadcrumb\":{\"@id\":\"https:\/\/dev.explora.cl\/atacama\/inscribe-a-tu-colegio-para-tener-un-dia-de-la-ciencia-en-mi-colegio\/#breadcrumb\"},\"inLanguage\":\"es-CL\",\"potentialAction\":[{\"@type\":\"ReadAction\",\"target\":[\"https:\/\/dev.explora.cl\/atacama\/inscribe-a-tu-colegio-para-tener-un-dia-de-la-ciencia-en-mi-colegio\/\"]}]},{\"@type\":\"ImageObject\",\"inLanguage\":\"es-CL\",\"@id\":\"https:\/\/dev.explora.cl\/atacama\/inscribe-a-tu-colegio-para-tener-un-dia-de-la-ciencia-en-mi-colegio\/#primaryimage\",\"url\":\"\",\"contentUrl\":\"\"},{\"@type\":\"BreadcrumbList\",\"@id\":\"https:\/\/dev.explora.cl\/atacama\/inscribe-a-tu-colegio-para-tener-un-dia-de-la-ciencia-en-mi-colegio\/#breadcrumb\",\"itemListElement\":[{\"@type\":\"ListItem\",\"position\":1,\"name\":\"Portada\",\"item\":\"https:\/\/dev.explora.cl\/atacama\/\"},{\"@type\":\"ListItem\",\"position\":2,\"name\":\"Inscribe a tu colegio para tener un &quot;D\u00eda de la Ciencia en mi Colegio&quot;\"}]},{\"@type\":\"WebSite\",\"@id\":\"https:\/\/dev.explora.cl\/atacama\/#website\",\"url\":\"https:\/\/dev.explora.cl\/atacama\/\",\"name\":\"Atacama\",\"description\":\"Otro sitio m\u00e1s de dev.explora.cl\",\"potentialAction\":[{\"@type\":\"SearchAction\",\"target\":{\"@type\":\"EntryPoint\",\"urlTemplate\":\"https:\/\/dev.explora.cl\/atacama\/?s={search_term_string}\"},\"query-input\":{\"@type\":\"PropertyValueSpecification\",\"valueRequired\":true,\"valueName\":\"search_term_string\"}}],\"inLanguage\":\"es-CL\"},{\"@type\":\"Person\",\"@id\":\"https:\/\/dev.explora.cl\/atacama\/#\/schema\/person\/cb8349c13ea2d324080adf8480d7ba5d\",\"name\":\"webman\",\"image\":{\"@type\":\"ImageObject\",\"inLanguage\":\"es-CL\",\"@id\":\"https:\/\/dev.explora.cl\/atacama\/#\/schema\/person\/image\/\",\"url\":\"https:\/\/secure.gravatar.com\/avatar\/eeff3c82f2c02f7177d13663b7e6f890e9a6a0647ce9bb29cae02dcb094c7312?s=96&d=mm&r=g\",\"contentUrl\":\"https:\/\/secure.gravatar.com\/avatar\/eeff3c82f2c02f7177d13663b7e6f890e9a6a0647ce9bb29cae02dcb094c7312?s=96&d=mm&r=g\",\"caption\":\"webman\"},\"url\":\"https:\/\/dev.explora.cl\/atacama\/author\/webman\/\"}]}<\/script>\n<!-- \/ Yoast SEO plugin. -->","yoast_head_json":{"title":"Inscribe a tu colegio para tener un &quot;D\u00eda de la Ciencia en mi Colegio&quot; - Atacama","robots":{"index":"index","follow":"follow","max-snippet":"max-snippet:-1","max-image-preview":"max-image-preview:large","max-video-preview":"max-video-preview:-1"},"canonical":"https:\/\/dev.explora.cl\/atacama\/inscribe-a-tu-colegio-para-tener-un-dia-de-la-ciencia-en-mi-colegio\/","og_locale":"es_ES","og_type":"article","og_title":"Inscribe a tu colegio para tener un &quot;D\u00eda de la Ciencia en mi Colegio&quot; - Atacama","og_description":"PAR EXPLORA Atacama apoya un d\u00eda lleno de ciencia en tu colegio. Si te interesa hacer una feria de ciencias en tu establecimiento te apoyamos con acciones de divulgaci\u00f3n cient\u00edfica, muestras pedag\u00f3gicas, charlas de cient\u00edficos, talleres y m\u00e1s. En con el prop\u00f3sito de relevar la importancia de la ciencia y la tecnolog\u00eda en sus diferentes [&hellip;]","og_url":"https:\/\/dev.explora.cl\/atacama\/inscribe-a-tu-colegio-para-tener-un-dia-de-la-ciencia-en-mi-colegio\/","og_site_name":"Atacama","article_published_time":"2018-07-03T08:04:06+00:00","article_modified_time":"2019-05-16T03:34:59+00:00","author":"webman","twitter_card":"summary_large_image","twitter_misc":{"Escrito por":"webman"},"schema":{"@context":"https:\/\/schema.org","@graph":[{"@type":"Article","@id":"https:\/\/dev.explora.cl\/atacama\/inscribe-a-tu-colegio-para-tener-un-dia-de-la-ciencia-en-mi-colegio\/#article","isPartOf":{"@id":"https:\/\/dev.explora.cl\/atacama\/inscribe-a-tu-colegio-para-tener-un-dia-de-la-ciencia-en-mi-colegio\/"},"author":{"name":"webman","@id":"https:\/\/dev.explora.cl\/atacama\/#\/schema\/person\/cb8349c13ea2d324080adf8480d7ba5d"},"headline":"Inscribe a tu colegio para tener un &quot;D\u00eda de la Ciencia en mi Colegio&quot;","datePublished":"2018-07-03T08:04:06+00:00","dateModified":"2019-05-16T03:34:59+00:00","mainEntityOfPage":{"@id":"https:\/\/dev.explora.cl\/atacama\/inscribe-a-tu-colegio-para-tener-un-dia-de-la-ciencia-en-mi-colegio\/"},"wordCount":96,"image":{"@id":"https:\/\/dev.explora.cl\/atacama\/inscribe-a-tu-colegio-para-tener-un-dia-de-la-ciencia-en-mi-colegio\/#primaryimage"},"thumbnailUrl":"","articleSection":["Noticias"],"inLanguage":"es-CL"},{"@type":"WebPage","@id":"https:\/\/dev.explora.cl\/atacama\/inscribe-a-tu-colegio-para-tener-un-dia-de-la-ciencia-en-mi-colegio\/","url":"https:\/\/dev.explora.cl\/atacama\/inscribe-a-tu-colegio-para-tener-un-dia-de-la-ciencia-en-mi-colegio\/","name":"Inscribe a tu colegio para tener un &quot;D\u00eda de la Ciencia en mi Colegio&quot; - Atacama","isPartOf":{"@id":"https:\/\/dev.explora.cl\/atacama\/#website"},"primaryImageOfPage":{"@id":"https:\/\/dev.explora.cl\/atacama\/inscribe-a-tu-colegio-para-tener-un-dia-de-la-ciencia-en-mi-colegio\/#primaryimage"},"image":{"@id":"https:\/\/dev.explora.cl\/atacama\/inscribe-a-tu-colegio-para-tener-un-dia-de-la-ciencia-en-mi-colegio\/#primaryimage"},"thumbnailUrl":"","datePublished":"2018-07-03T08:04:06+00:00","dateModified":"2019-05-16T03:34:59+00:00","author":{"@id":"https:\/\/dev.explora.cl\/atacama\/#\/schema\/person\/cb8349c13ea2d324080adf8480d7ba5d"},"breadcrumb":{"@id":"https:\/\/dev.explora.cl\/atacama\/inscribe-a-tu-colegio-para-tener-un-dia-de-la-ciencia-en-mi-colegio\/#breadcrumb"},"inLanguage":"es-CL","potentialAction":[{"@type":"ReadAction","target":["https:\/\/dev.explora.cl\/atacama\/inscribe-a-tu-colegio-para-tener-un-dia-de-la-ciencia-en-mi-colegio\/"]}]},{"@type":"ImageObject","inLanguage":"es-CL","@id":"https:\/\/dev.explora.cl\/atacama\/inscribe-a-tu-colegio-para-tener-un-dia-de-la-ciencia-en-mi-colegio\/#primaryimage","url":"","contentUrl":""},{"@type":"BreadcrumbList","@id":"https:\/\/dev.explora.cl\/atacama\/inscribe-a-tu-colegio-para-tener-un-dia-de-la-ciencia-en-mi-colegio\/#breadcrumb","itemListElement":[{"@type":"ListItem","position":1,"name":"Portada","item":"https:\/\/dev.explora.cl\/atacama\/"},{"@type":"ListItem","position":2,"name":"Inscribe a tu colegio para tener un &quot;D\u00eda de la Ciencia en mi Colegio&quot;"}]},{"@type":"WebSite","@id":"https:\/\/dev.explora.cl\/atacama\/#website","url":"https:\/\/dev.explora.cl\/atacama\/","name":"Atacama","description":"Otro sitio m\u00e1s de dev.explora.cl","potentialAction":[{"@type":"SearchAction","target":{"@type":"EntryPoint","urlTemplate":"https:\/\/dev.explora.cl\/atacama\/?s={search_term_string}"},"query-input":{"@type":"PropertyValueSpecification","valueRequired":true,"valueName":"search_term_string"}}],"inLanguage":"es-CL"},{"@type":"Person","@id":"https:\/\/dev.explora.cl\/atacama\/#\/schema\/person\/cb8349c13ea2d324080adf8480d7ba5d","name":"webman","image":{"@type":"ImageObject","inLanguage":"es-CL","@id":"https:\/\/dev.explora.cl\/atacama\/#\/schema\/person\/image\/","url":"https:\/\/secure.gravatar.com\/avatar\/eeff3c82f2c02f7177d13663b7e6f890e9a6a0647ce9bb29cae02dcb094c7312?s=96&d=mm&r=g","contentUrl":"https:\/\/secure.gravatar.com\/avatar\/eeff3c82f2c02f7177d13663b7e6f890e9a6a0647ce9bb29cae02dcb094c7312?s=96&d=mm&r=g","caption":"webman"},"url":"https:\/\/dev.explora.cl\/atacama\/author\/webman\/"}]}},"_links":{"self":[{"href":"https:\/\/dev.explora.cl\/atacama\/wp-json\/wp\/v2\/posts\/34584","targetHints":{"allow":["GET"]}}],"collection":[{"href":"https:\/\/dev.explora.cl\/atacama\/wp-json\/wp\/v2\/posts"}],"about":[{"href":"https:\/\/dev.explora.cl\/atacama\/wp-json\/wp\/v2\/types\/post"}],"author":[{"embeddable":true,"href":"https:\/\/dev.explora.cl\/atacama\/wp-json\/wp\/v2\/users\/2"}],"replies":[{"embeddable":true,"href":"https:\/\/dev.explora.cl\/atacama\/wp-json\/wp\/v2\/comments?post=34584"}],"version-history":[{"count":1,"href":"https:\/\/dev.explora.cl\/atacama\/wp-json\/wp\/v2\/posts\/34584\/revisions"}],"predecessor-version":[{"id":37911,"href":"https:\/\/dev.explora.cl\/atacama\/wp-json\/wp\/v2\/posts\/34584\/revisions\/37911"}],"wp:featuredmedia":[{"embeddable":true,"href":"https:\/\/dev.explora.cl\/atacama\/wp-json\/"}],"wp:attachment":[{"href":"https:\/\/dev.explora.cl\/atacama\/wp-json\/wp\/v2\/media?parent=34584"}],"wp:term":[{"taxonomy":"category","embeddable":true,"href":"https:\/\/dev.explora.cl\/atacama\/wp-json\/wp\/v2\/categories?post=34584"},{"taxonomy":"post_tag","embeddable":true,"href":"https:\/\/dev.explora.cl\/atacama\/wp-json\/wp\/v2\/tags?post=34584"}],"curies":[{"name":"wp","href":"https:\/\/api.w.org\/{rel}","templated":true}]}}