{"id":31919,"date":"2014-11-04T17:10:34","date_gmt":"2014-11-04T17:10:34","guid":{"rendered":"https:\/\/dev.explora.cl\/atacama\/blog\/2014\/11\/04\/moda-y-nanotecnologia-la-revolucion-de-las-nanoparticulas-2\/"},"modified":"2019-05-16T03:37:28","modified_gmt":"2019-05-16T03:37:28","slug":"moda-y-nanotecnologia-la-revolucion-de-las-nanoparticulas-2","status":"publish","type":"post","link":"https:\/\/dev.explora.cl\/atacama\/moda-y-nanotecnologia-la-revolucion-de-las-nanoparticulas-2\/","title":{"rendered":"Moda y nanotecnolog\u00eda: la revoluci\u00f3n de las nanopart\u00edculas"},"content":{"rendered":"<p><img loading=\"lazy\" decoding=\"async\" class=\" size-full wp-image-6856\" src=\"http:\/\/ec2-34-218-253-251.us-west-2.compute.amazonaws.com\/wp-content\/uploads\/2014\/11\/6f57792f64d5b7d48f66634f09c3fb89.jpg\" alt=\"\" width=\"350\" height=\"507\" \/><\/p>\n<div>Un vestido capaz de cargar un iphone, una m\u00e1scara que captura gases t\u00f3xicos del aire, una corbata que repele manchas o una blusa que combate alergias son algunos de los productos creados en laboratorio de Nanotecnolog\u00eda Textil de la Universidad de Cornell (USA), que dirige Juan Hinestroza. El investigador colombiano fue uno de los invitados a la 2\u00b0 Conferencia Internacional de Cultura Cient\u00edfica, organizada por la UNAB. All\u00ed habl\u00f3 de la sin\u00e9rgica relaci\u00f3n entre moda y nanotecnolog\u00eda.<\/div>\n<p>Una nano part\u00edcula es todo material o proceso que est\u00e9 en la escala de 100 nan\u00f3metros. \u201cPara que esto se entienda mejor, se puede decir que el di\u00e1metro de un cabello es de alrededor de 50 mil nan\u00f3metros y nosotros trabajamos con cosas que son 5 mil veces m\u00e1s peque\u00f1as que eso, es decir, un pelo cortado 2.500 veces por la mitad\u201d, indica Hinestroza.\u00a0<span style=\"line-height: 1.3em\">Octubre de 2014.<\/p>\n<p><span style=\"line-height: 1.3em\">Este doctor en bioqu\u00edmica molecular sabe de telas y fibras, pero su acento est\u00e1 puesto en lo funcional m\u00e1s que en la moda. Es m\u00e1s, cuenta que sue\u00f1a con llegar a tener una sola prenda en su closet, que le pueda acompa\u00f1ar en m\u00faltiples ocasiones.<\/span><\/span><\/p>\n<div class=\"sabias_tx\">\n<p>El ingeniero qu\u00edmico trabaja hace ya diez a\u00f1os en su laboratorio ubicado en la ciudad de Ithaca en distintas aplicaciones de la nanotecnolog\u00eda en algod\u00f3n. Entre sus avances figura el desarrollo de un tipo de algod\u00f3n capaz de conducir la electricidad, fibras que cambian de color al interactuar con la luz y textiles capaces de repeler a los mosquitos de la malaria. El investigador destaca la participaci\u00f3n conjunta que se produce entre dise\u00f1adores y qu\u00edmicos. \u201cEste di\u00e1logo entre ambas disciplinas ha sido muy enriquecedor, pues a los cient\u00edficos nos ha servido para abrir nuestra mente y encontrar nuevas soluciones a nuestros problemas\u201d, comenta.<\/p>\n<\/p><\/div>\n","protected":false},"excerpt":{"rendered":"<p>Un vestido capaz de cargar un iphone, una m\u00e1scara que captura gases t\u00f3xicos del aire, una corbata que repele manchas o una blusa que combate alergias son algunos de los productos creados en laboratorio de Nanotecnolog\u00eda Textil de la Universidad de Cornell (USA), que dirige Juan Hinestroza. El investigador colombiano fue uno de los invitados [&hellip;]<\/p>\n","protected":false},"author":2,"featured_media":6856,"comment_status":"closed","ping_status":"open","sticky":false,"template":"","format":"standard","meta":{"_acf_changed":false,"_exactmetrics_skip_tracking":false,"_exactmetrics_sitenote_active":false,"_exactmetrics_sitenote_note":"","_exactmetrics_sitenote_category":0,"footnotes":"","_links_to":"","_links_to_target":""},"categories":[4],"tags":[58,59,60],"class_list":["post-31919","post","type-post","status-publish","format-standard","has-post-thumbnail","hentry","category-noticias","tag-moda-y-nanoparticulas","tag-nanotecnologia","tag-nonometros"],"acf":[],"yoast_head":"<!-- This site is optimized with the Yoast SEO plugin v26.7 - https:\/\/yoast.com\/wordpress\/plugins\/seo\/ -->\n<title>Moda y nanotecnolog\u00eda: la revoluci\u00f3n de las nanopart\u00edculas - Atacama<\/title>\n<meta name=\"robots\" content=\"index, follow, max-snippet:-1, max-image-preview:large, max-video-preview:-1\" \/>\n<link rel=\"canonical\" href=\"https:\/\/dev.explora.cl\/atacama\/moda-y-nanotecnologia-la-revolucion-de-las-nanoparticulas-2\/\" class=\"yoast-seo-meta-tag\" \/>\n<meta property=\"og:locale\" content=\"es_ES\" class=\"yoast-seo-meta-tag\" \/>\n<meta property=\"og:type\" content=\"article\" class=\"yoast-seo-meta-tag\" \/>\n<meta property=\"og:title\" content=\"Moda y nanotecnolog\u00eda: la revoluci\u00f3n de las nanopart\u00edculas - Atacama\" class=\"yoast-seo-meta-tag\" \/>\n<meta property=\"og:description\" content=\"Un vestido capaz de cargar un iphone, una m\u00e1scara que captura gases t\u00f3xicos del aire, una corbata que repele manchas o una blusa que combate alergias son algunos de los productos creados en laboratorio de Nanotecnolog\u00eda Textil de la Universidad de Cornell (USA), que dirige Juan Hinestroza. El investigador colombiano fue uno de los invitados [&hellip;]\" class=\"yoast-seo-meta-tag\" \/>\n<meta property=\"og:url\" content=\"https:\/\/dev.explora.cl\/atacama\/moda-y-nanotecnologia-la-revolucion-de-las-nanoparticulas-2\/\" class=\"yoast-seo-meta-tag\" \/>\n<meta property=\"og:site_name\" content=\"Atacama\" class=\"yoast-seo-meta-tag\" \/>\n<meta property=\"article:published_time\" content=\"2014-11-04T17:10:34+00:00\" class=\"yoast-seo-meta-tag\" \/>\n<meta property=\"article:modified_time\" content=\"2019-05-16T03:37:28+00:00\" class=\"yoast-seo-meta-tag\" \/>\n<meta name=\"author\" content=\"webman\" class=\"yoast-seo-meta-tag\" \/>\n<meta name=\"twitter:card\" content=\"summary_large_image\" class=\"yoast-seo-meta-tag\" \/>\n<meta name=\"twitter:label1\" content=\"Escrito por\" class=\"yoast-seo-meta-tag\" \/>\n\t<meta name=\"twitter:data1\" content=\"webman\" class=\"yoast-seo-meta-tag\" \/>\n\t<meta name=\"twitter:label2\" content=\"Tiempo estimado de lectura\" class=\"yoast-seo-meta-tag\" \/>\n\t<meta name=\"twitter:data2\" content=\"2 minutos\" class=\"yoast-seo-meta-tag\" \/>\n<script type=\"application\/ld+json\" class=\"yoast-schema-graph\">{\"@context\":\"https:\/\/schema.org\",\"@graph\":[{\"@type\":\"Article\",\"@id\":\"https:\/\/dev.explora.cl\/atacama\/moda-y-nanotecnologia-la-revolucion-de-las-nanoparticulas-2\/#article\",\"isPartOf\":{\"@id\":\"https:\/\/dev.explora.cl\/atacama\/moda-y-nanotecnologia-la-revolucion-de-las-nanoparticulas-2\/\"},\"author\":{\"name\":\"webman\",\"@id\":\"https:\/\/dev.explora.cl\/atacama\/#\/schema\/person\/cb8349c13ea2d324080adf8480d7ba5d\"},\"headline\":\"Moda y nanotecnolog\u00eda: la revoluci\u00f3n de las nanopart\u00edculas\",\"datePublished\":\"2014-11-04T17:10:34+00:00\",\"dateModified\":\"2019-05-16T03:37:28+00:00\",\"mainEntityOfPage\":{\"@id\":\"https:\/\/dev.explora.cl\/atacama\/moda-y-nanotecnologia-la-revolucion-de-las-nanoparticulas-2\/\"},\"wordCount\":326,\"image\":{\"@id\":\"https:\/\/dev.explora.cl\/atacama\/moda-y-nanotecnologia-la-revolucion-de-las-nanoparticulas-2\/#primaryimage\"},\"thumbnailUrl\":\"\",\"keywords\":[\"moda y nanopart\u00edculas\",\"nanotecnolog\u00eda\",\"non\u00f3metros\"],\"articleSection\":[\"Noticias\"],\"inLanguage\":\"es-CL\"},{\"@type\":\"WebPage\",\"@id\":\"https:\/\/dev.explora.cl\/atacama\/moda-y-nanotecnologia-la-revolucion-de-las-nanoparticulas-2\/\",\"url\":\"https:\/\/dev.explora.cl\/atacama\/moda-y-nanotecnologia-la-revolucion-de-las-nanoparticulas-2\/\",\"name\":\"Moda y nanotecnolog\u00eda: la revoluci\u00f3n de las nanopart\u00edculas - Atacama\",\"isPartOf\":{\"@id\":\"https:\/\/dev.explora.cl\/atacama\/#website\"},\"primaryImageOfPage\":{\"@id\":\"https:\/\/dev.explora.cl\/atacama\/moda-y-nanotecnologia-la-revolucion-de-las-nanoparticulas-2\/#primaryimage\"},\"image\":{\"@id\":\"https:\/\/dev.explora.cl\/atacama\/moda-y-nanotecnologia-la-revolucion-de-las-nanoparticulas-2\/#primaryimage\"},\"thumbnailUrl\":\"\",\"datePublished\":\"2014-11-04T17:10:34+00:00\",\"dateModified\":\"2019-05-16T03:37:28+00:00\",\"author\":{\"@id\":\"https:\/\/dev.explora.cl\/atacama\/#\/schema\/person\/cb8349c13ea2d324080adf8480d7ba5d\"},\"breadcrumb\":{\"@id\":\"https:\/\/dev.explora.cl\/atacama\/moda-y-nanotecnologia-la-revolucion-de-las-nanoparticulas-2\/#breadcrumb\"},\"inLanguage\":\"es-CL\",\"potentialAction\":[{\"@type\":\"ReadAction\",\"target\":[\"https:\/\/dev.explora.cl\/atacama\/moda-y-nanotecnologia-la-revolucion-de-las-nanoparticulas-2\/\"]}]},{\"@type\":\"ImageObject\",\"inLanguage\":\"es-CL\",\"@id\":\"https:\/\/dev.explora.cl\/atacama\/moda-y-nanotecnologia-la-revolucion-de-las-nanoparticulas-2\/#primaryimage\",\"url\":\"\",\"contentUrl\":\"\"},{\"@type\":\"BreadcrumbList\",\"@id\":\"https:\/\/dev.explora.cl\/atacama\/moda-y-nanotecnologia-la-revolucion-de-las-nanoparticulas-2\/#breadcrumb\",\"itemListElement\":[{\"@type\":\"ListItem\",\"position\":1,\"name\":\"Portada\",\"item\":\"https:\/\/dev.explora.cl\/atacama\/\"},{\"@type\":\"ListItem\",\"position\":2,\"name\":\"Moda y nanotecnolog\u00eda: la revoluci\u00f3n de las nanopart\u00edculas\"}]},{\"@type\":\"WebSite\",\"@id\":\"https:\/\/dev.explora.cl\/atacama\/#website\",\"url\":\"https:\/\/dev.explora.cl\/atacama\/\",\"name\":\"Atacama\",\"description\":\"Otro sitio m\u00e1s de dev.explora.cl\",\"potentialAction\":[{\"@type\":\"SearchAction\",\"target\":{\"@type\":\"EntryPoint\",\"urlTemplate\":\"https:\/\/dev.explora.cl\/atacama\/?s={search_term_string}\"},\"query-input\":{\"@type\":\"PropertyValueSpecification\",\"valueRequired\":true,\"valueName\":\"search_term_string\"}}],\"inLanguage\":\"es-CL\"},{\"@type\":\"Person\",\"@id\":\"https:\/\/dev.explora.cl\/atacama\/#\/schema\/person\/cb8349c13ea2d324080adf8480d7ba5d\",\"name\":\"webman\",\"image\":{\"@type\":\"ImageObject\",\"inLanguage\":\"es-CL\",\"@id\":\"https:\/\/dev.explora.cl\/atacama\/#\/schema\/person\/image\/\",\"url\":\"https:\/\/secure.gravatar.com\/avatar\/eeff3c82f2c02f7177d13663b7e6f890e9a6a0647ce9bb29cae02dcb094c7312?s=96&d=mm&r=g\",\"contentUrl\":\"https:\/\/secure.gravatar.com\/avatar\/eeff3c82f2c02f7177d13663b7e6f890e9a6a0647ce9bb29cae02dcb094c7312?s=96&d=mm&r=g\",\"caption\":\"webman\"},\"url\":\"https:\/\/dev.explora.cl\/atacama\/author\/webman\/\"}]}<\/script>\n<!-- \/ Yoast SEO plugin. -->","yoast_head_json":{"title":"Moda y nanotecnolog\u00eda: la revoluci\u00f3n de las nanopart\u00edculas - Atacama","robots":{"index":"index","follow":"follow","max-snippet":"max-snippet:-1","max-image-preview":"max-image-preview:large","max-video-preview":"max-video-preview:-1"},"canonical":"https:\/\/dev.explora.cl\/atacama\/moda-y-nanotecnologia-la-revolucion-de-las-nanoparticulas-2\/","og_locale":"es_ES","og_type":"article","og_title":"Moda y nanotecnolog\u00eda: la revoluci\u00f3n de las nanopart\u00edculas - Atacama","og_description":"Un vestido capaz de cargar un iphone, una m\u00e1scara que captura gases t\u00f3xicos del aire, una corbata que repele manchas o una blusa que combate alergias son algunos de los productos creados en laboratorio de Nanotecnolog\u00eda Textil de la Universidad de Cornell (USA), que dirige Juan Hinestroza. El investigador colombiano fue uno de los invitados [&hellip;]","og_url":"https:\/\/dev.explora.cl\/atacama\/moda-y-nanotecnologia-la-revolucion-de-las-nanoparticulas-2\/","og_site_name":"Atacama","article_published_time":"2014-11-04T17:10:34+00:00","article_modified_time":"2019-05-16T03:37:28+00:00","author":"webman","twitter_card":"summary_large_image","twitter_misc":{"Escrito por":"webman","Tiempo estimado de lectura":"2 minutos"},"schema":{"@context":"https:\/\/schema.org","@graph":[{"@type":"Article","@id":"https:\/\/dev.explora.cl\/atacama\/moda-y-nanotecnologia-la-revolucion-de-las-nanoparticulas-2\/#article","isPartOf":{"@id":"https:\/\/dev.explora.cl\/atacama\/moda-y-nanotecnologia-la-revolucion-de-las-nanoparticulas-2\/"},"author":{"name":"webman","@id":"https:\/\/dev.explora.cl\/atacama\/#\/schema\/person\/cb8349c13ea2d324080adf8480d7ba5d"},"headline":"Moda y nanotecnolog\u00eda: la revoluci\u00f3n de las nanopart\u00edculas","datePublished":"2014-11-04T17:10:34+00:00","dateModified":"2019-05-16T03:37:28+00:00","mainEntityOfPage":{"@id":"https:\/\/dev.explora.cl\/atacama\/moda-y-nanotecnologia-la-revolucion-de-las-nanoparticulas-2\/"},"wordCount":326,"image":{"@id":"https:\/\/dev.explora.cl\/atacama\/moda-y-nanotecnologia-la-revolucion-de-las-nanoparticulas-2\/#primaryimage"},"thumbnailUrl":"","keywords":["moda y nanopart\u00edculas","nanotecnolog\u00eda","non\u00f3metros"],"articleSection":["Noticias"],"inLanguage":"es-CL"},{"@type":"WebPage","@id":"https:\/\/dev.explora.cl\/atacama\/moda-y-nanotecnologia-la-revolucion-de-las-nanoparticulas-2\/","url":"https:\/\/dev.explora.cl\/atacama\/moda-y-nanotecnologia-la-revolucion-de-las-nanoparticulas-2\/","name":"Moda y nanotecnolog\u00eda: la revoluci\u00f3n de las nanopart\u00edculas - Atacama","isPartOf":{"@id":"https:\/\/dev.explora.cl\/atacama\/#website"},"primaryImageOfPage":{"@id":"https:\/\/dev.explora.cl\/atacama\/moda-y-nanotecnologia-la-revolucion-de-las-nanoparticulas-2\/#primaryimage"},"image":{"@id":"https:\/\/dev.explora.cl\/atacama\/moda-y-nanotecnologia-la-revolucion-de-las-nanoparticulas-2\/#primaryimage"},"thumbnailUrl":"","datePublished":"2014-11-04T17:10:34+00:00","dateModified":"2019-05-16T03:37:28+00:00","author":{"@id":"https:\/\/dev.explora.cl\/atacama\/#\/schema\/person\/cb8349c13ea2d324080adf8480d7ba5d"},"breadcrumb":{"@id":"https:\/\/dev.explora.cl\/atacama\/moda-y-nanotecnologia-la-revolucion-de-las-nanoparticulas-2\/#breadcrumb"},"inLanguage":"es-CL","potentialAction":[{"@type":"ReadAction","target":["https:\/\/dev.explora.cl\/atacama\/moda-y-nanotecnologia-la-revolucion-de-las-nanoparticulas-2\/"]}]},{"@type":"ImageObject","inLanguage":"es-CL","@id":"https:\/\/dev.explora.cl\/atacama\/moda-y-nanotecnologia-la-revolucion-de-las-nanoparticulas-2\/#primaryimage","url":"","contentUrl":""},{"@type":"BreadcrumbList","@id":"https:\/\/dev.explora.cl\/atacama\/moda-y-nanotecnologia-la-revolucion-de-las-nanoparticulas-2\/#breadcrumb","itemListElement":[{"@type":"ListItem","position":1,"name":"Portada","item":"https:\/\/dev.explora.cl\/atacama\/"},{"@type":"ListItem","position":2,"name":"Moda y nanotecnolog\u00eda: la revoluci\u00f3n de las nanopart\u00edculas"}]},{"@type":"WebSite","@id":"https:\/\/dev.explora.cl\/atacama\/#website","url":"https:\/\/dev.explora.cl\/atacama\/","name":"Atacama","description":"Otro sitio m\u00e1s de dev.explora.cl","potentialAction":[{"@type":"SearchAction","target":{"@type":"EntryPoint","urlTemplate":"https:\/\/dev.explora.cl\/atacama\/?s={search_term_string}"},"query-input":{"@type":"PropertyValueSpecification","valueRequired":true,"valueName":"search_term_string"}}],"inLanguage":"es-CL"},{"@type":"Person","@id":"https:\/\/dev.explora.cl\/atacama\/#\/schema\/person\/cb8349c13ea2d324080adf8480d7ba5d","name":"webman","image":{"@type":"ImageObject","inLanguage":"es-CL","@id":"https:\/\/dev.explora.cl\/atacama\/#\/schema\/person\/image\/","url":"https:\/\/secure.gravatar.com\/avatar\/eeff3c82f2c02f7177d13663b7e6f890e9a6a0647ce9bb29cae02dcb094c7312?s=96&d=mm&r=g","contentUrl":"https:\/\/secure.gravatar.com\/avatar\/eeff3c82f2c02f7177d13663b7e6f890e9a6a0647ce9bb29cae02dcb094c7312?s=96&d=mm&r=g","caption":"webman"},"url":"https:\/\/dev.explora.cl\/atacama\/author\/webman\/"}]}},"_links":{"self":[{"href":"https:\/\/dev.explora.cl\/atacama\/wp-json\/wp\/v2\/posts\/31919","targetHints":{"allow":["GET"]}}],"collection":[{"href":"https:\/\/dev.explora.cl\/atacama\/wp-json\/wp\/v2\/posts"}],"about":[{"href":"https:\/\/dev.explora.cl\/atacama\/wp-json\/wp\/v2\/types\/post"}],"author":[{"embeddable":true,"href":"https:\/\/dev.explora.cl\/atacama\/wp-json\/wp\/v2\/users\/2"}],"replies":[{"embeddable":true,"href":"https:\/\/dev.explora.cl\/atacama\/wp-json\/wp\/v2\/comments?post=31919"}],"version-history":[{"count":1,"href":"https:\/\/dev.explora.cl\/atacama\/wp-json\/wp\/v2\/posts\/31919\/revisions"}],"predecessor-version":[{"id":38084,"href":"https:\/\/dev.explora.cl\/atacama\/wp-json\/wp\/v2\/posts\/31919\/revisions\/38084"}],"wp:featuredmedia":[{"embeddable":true,"href":"https:\/\/dev.explora.cl\/atacama\/wp-json\/"}],"wp:attachment":[{"href":"https:\/\/dev.explora.cl\/atacama\/wp-json\/wp\/v2\/media?parent=31919"}],"wp:term":[{"taxonomy":"category","embeddable":true,"href":"https:\/\/dev.explora.cl\/atacama\/wp-json\/wp\/v2\/categories?post=31919"},{"taxonomy":"post_tag","embeddable":true,"href":"https:\/\/dev.explora.cl\/atacama\/wp-json\/wp\/v2\/tags?post=31919"}],"curies":[{"name":"wp","href":"https:\/\/api.w.org\/{rel}","templated":true}]}}