{"id":31911,"date":"2014-11-28T17:53:25","date_gmt":"2014-11-28T17:53:25","guid":{"rendered":"https:\/\/dev.explora.cl\/atacama\/blog\/2014\/11\/28\/a-eeuu-mexico-y-peru-parten-ganadores-del-xv-congreso-nacional-escolar-de-ciencia-y-tecnologia-explora-2\/"},"modified":"2019-05-16T03:37:27","modified_gmt":"2019-05-16T03:37:27","slug":"a-eeuu-mexico-y-peru-parten-ganadores-del-xv-congreso-nacional-escolar-de-ciencia-y-tecnologia-explora-2","status":"publish","type":"post","link":"https:\/\/dev.explora.cl\/atacama\/a-eeuu-mexico-y-peru-parten-ganadores-del-xv-congreso-nacional-escolar-de-ciencia-y-tecnologia-explora-2\/","title":{"rendered":"A EEUU, M\u00e9xico y Per\u00fa parten ganadores del XV Congreso Nacional Escolar de Ciencia y Tecnolog\u00eda EXPLORA"},"content":{"rendered":"<p><img loading=\"lazy\" decoding=\"async\" class=\" size-full wp-image-7626\" src=\"http:\/\/ec2-34-218-253-251.us-west-2.compute.amazonaws.com\/wp-content\/uploads\/2014\/11\/21d05be73b9524e6e0c253066dce0149.jpg\" alt=\"\" width=\"350\" height=\"251\" \/><\/p>\n<p>Dicen que Santiago es Chile, pero en la ciencia y tecnolog\u00eda escolar, \u00a1las regiones llevan la delantera! Estudiantes de Valdivia, Temuco, Puerto Ays\u00e9n y Antofagasta est\u00e1n entre los ganadores del XV Congreso Nacional Escolar de Ciencia y Tecnolog\u00eda EXPLORA CONICYT, que congreg\u00f3 a 46 delegaciones nacionales y tres extranjeras, integradas por estudiantes de entre 5\u00b0 B\u00e1sico a 3\u00b0 Medio.<\/p>\n<p>Alternativas sustentables para generar energ\u00eda el\u00e9ctrica, un dispositivo para optimizar se\u00f1ales Wi-Fi, una innovaci\u00f3n al dise\u00f1o de ECO-OLLA y una investigaci\u00f3n\u00a0 sobre la\u00a0 presencia de bacterias extrem\u00f3filas en el Desierto de Atacama son algunos de los trabajos galardonados en la feria escolar de ciencia y tecnolog\u00eda m\u00e1s importante del pa\u00eds.<\/p>\n<p>Marianela Velasco Directora (s) del Programa EXPLORA, destaca que \u201cestas ni\u00f1as, ni\u00f1os y j\u00f3venes han trabajado todo el a\u00f1o junto a sus compa\u00f1eros en un proceso de construcci\u00f3n de conocimientos, guiado por profesores y cient\u00edficos. Ya experimentaron que para ampliar las capacidades, la ciencia es trabajar en equipo\u201d.<\/p>\n<p>Los ganadores del XV Congreso son la cara visible de un proceso que suma m\u00e1s de 500 trabajos de investigaci\u00f3n, que ha movilizado y entusiasmado a 534 docentes, a m\u00e1s de 2000 estudiantes y a 130 investigadores que han actuado como evaluadores en todo Chile.<\/p>\n<p><strong>GANADORES<\/strong><\/p>\n<p><strong>A M\u00e9xico: Premio EXPLORA Ciencia Educaci\u00f3n Media<br \/><\/strong><span style=\"line-height: 1.3em\">Juan Pablo Mira Gebauer y Miguel \u00c1ngel Vera Ruiz, junto a la profesora Carola Boettcher Fuentes, por su trabajo \u201cCeldas Solares en Base a Compuestos Org\u00e1nicos de la Regi\u00f3n de los R\u00edos\u201d, Hampton College, Valdivia.<\/span><\/p>\n<p>El equipo recibir\u00e1 como premio un viaje y estad\u00eda a la Feria Mexicana de Ciencias e Ingenier\u00edas; y una Tablet cada uno.<\/p>\n<p><strong>A Per\u00fa: Premio EXPLORA Tecnolog\u00eda Educaci\u00f3n Media\u00a0<br \/><\/strong><span style=\"line-height: 1.3em\">Lorenzo David Reyes Molina y Guillermo Fonseca Kuvacic, junto a la profesora Marianet Zeren\u00e9 Fern\u00e1ndez, por su trabajo \u201cEl Francotirador Electromagn\u00e9tico\u201d, Colegio Scole Creare, Temuco, Regi\u00f3n de La Araucan\u00eda.<\/span><\/p>\n<p>El equipo recibir\u00e1 como premio un viaje y estad\u00eda a la Feria Escolar Nacional de Ciencia y Tecnolog\u00eda del Per\u00fa; y una Tablet cada uno.<\/p>\n<p><strong>A EEUU: Premio EXPLORA a la Innovaci\u00f3n Intel ISEF<br \/><\/strong><span style=\"line-height: 1.3em\">Dos trabajos recibir\u00e1n un viaje y estad\u00eda para participar en Feria Internacional de Ciencia y Tecnolog\u00eda INTEL ISEF 2015 que se realizar\u00e1 en Pittsburgh, Estados Unidos; y una Tablet cada uno. Los premiados son:<\/span><\/p>\n<p>Mat\u00edas Ignacio Luengo Reyes y Javiera Paola Aedo Figueroa, junto a la profesora Laura Carolina Vega Hoebel, por su trabajo \u201cECO-OLLA: Cocci\u00f3n de Alimentos por Aislaci\u00f3n T\u00e9rmica\u201d, Colegio Santa Teresa de Los Andes, Puerto Ays\u00e9n, Regi\u00f3n de Ays\u00e9n.<\/p>\n<p>Benjam\u00edn Cifuentes Manquilef y Manuel Droguett Henr\u00edquez, junto al profesor Iv\u00e1n Castillo Rubina, por su trabajo \u201cYungay, Marte en la Tierra\u201d, Liceo Cient\u00edfico Humanista La Chimba B-33, Antofagasta.<\/p>\n<p><strong>A Iquique para\u00a0 estudiar el agua: Premio EXPLORA Ciencia en Educaci\u00f3n B\u00e1sica<br \/><\/strong><span style=\"line-height: 1.3em\">Catalina Paz Silva D\u00edaz y Noelia Andrea Barrientos Henr\u00edquez, junto al profesor Luis L\u00f3pez Saravia, por su trabajo \u201cDescripci\u00f3n y Cuantificaci\u00f3n de las Comunidades de Microalgas del Lago O\u2019Higgins\u201d,<\/span><\/p>\n<p>El equipo recibir\u00e1 como premio un viaje y estad\u00eda para una pasant\u00eda de 4 d\u00edas en el Centro de Investigaci\u00f3n y Desarrollo en Recursos H\u00eddricos en Iquique; y una Tablet cada\u00a0 uno.<\/p>\n<p><strong>A Punta Arenas para acercarse a la Ant\u00e1rtica: Premio EXPLORA Ciencia en Educaci\u00f3n B\u00e1sica<br \/><\/strong><span style=\"line-height: 1.3em\">Millaray Salinas Soto y Sof\u00eda Ser\u00f3n Gallardo, junto a la profesora Ida del Tr\u00e1nsito Chaura, por su trabajo \u201cEfecto del Abono de Tecas de\u00a0<\/span><em style=\"line-height: 1.3em\">Pyura chilensis<\/em><span style=\"line-height: 1.3em\">\u00a0sobre el Crecimiento de\u00a0<\/span><em style=\"line-height: 1.3em\">Lactuca sativa\u201d,\u00a0<\/em><span style=\"line-height: 1.3em\">Escuela Francisco Cort\u00e9s Ojeda de Carelmapu, Maull\u00edn, Regi\u00f3n de Los Lagos.<\/span><\/p>\n<p>El equipo recibir\u00e1 como premio un viaje y estad\u00eda para una pasant\u00eda de 4 d\u00edas en el Instituto Ant\u00e1rtico Chileno en Punta Arenas; y una Tablet cada uno.<\/p>\n<p><strong>Premio EXPLORA Ingenier\u00eda y Tecnolog\u00eda Educaci\u00f3n B\u00e1sica<br \/><\/strong><span style=\"line-height: 1.3em\">Desierto.<\/span><strong style=\"line-height: 1.3em\">\u00a0<\/strong><\/p>\n<p><strong>DISTINCIONES<\/strong><\/p>\n<p><strong>Mejor Exposici\u00f3n Oral Educaci\u00f3n B\u00e1sica<br \/><\/strong><span style=\"line-height: 1.3em\">Nicol\u00e1s Acu\u00f1a Castillo y Miguel Lillo Basay, junto al profesor David Quezada Tobar, por su trabajo \u201cBledo: El Amaranto Chileno\u201d, Colegio de Administraci\u00f3n y Comercio El Ingenio, Ovalle, Regi\u00f3n de Coquimbo. El profesor asesor y los estudiantes recibir\u00e1n una Tablet.<\/span><\/p>\n<p><strong>Mejor Exposici\u00f3n Stand B\u00e1sica<br \/><\/strong><span style=\"line-height: 1.3em\">Lucas Pe\u00f1a Briones y Juan Pablo Aliaga Alarc\u00f3n, junto al profesor Fernando Aguilar, por su trabajo \u201cEfecto Fungicida de Aceites Esenciales de Quillay, Litre y Peumo\u201d, Escuela Agr\u00edcola Las Garzas, Chimbarongo, Regi\u00f3n de O\u2019Higgins. El profesor asesor y los estudiantes recibir\u00e1n, cada uno, una Tablet.<\/span><\/p>\n<p><strong>Mejor Exposici\u00f3n Oral Media<br \/><\/strong><span style=\"line-height: 1.3em\">Sergio Alfredo Schmeisser Maldonado y Diego Andr\u00e9s Ampuero Melgarejo, junto al profesor Antonio Alexander Cid Ojeda, por su trabajo \u201cGenerador de Hidr\u00f3geno\u201d, Colegio Salesiano Padre Jos\u00e9 Fern\u00e1ndez P\u00e9rez, Puerto Montt, Regi\u00f3n de Los Lagos. El profesor asesor y los estudiantes recibir\u00e1n, cada uno, una Tablet.<\/span><\/p>\n<p><strong>Mejor Exposici\u00f3n Stand Media<br \/><\/strong><span style=\"line-height: 1.3em\">Gonzalo Orme\u00f1o Navia y Jim Luna Larenas, junto al profesor Carlos Vidal Guerrero, por su trabajo \u201cPropiedades Antimicrobianas de Especies Vegetales de Uso Com\u00fan en la Cocina Chilena\u201d, Colegio San Luis de Antofagasta, Regi\u00f3n de Antofagasta. El profesor asesor y los estudiantes recibir\u00e1n, cada uno, una Tablet.<\/span><\/p>\n<p><strong>Premio Esp\u00edritu EXPLORA<br \/><\/strong><span style=\"line-height: 1.3em\">Este premio es otorgado por los participantes del Congreso, quienes votan por el equipo con mejor disposici\u00f3n para compartir sus conocimientos e intercambiar experiencias con sus pares. Distingue a Lucas Pe\u00f1a Briones y Juan Pablo Aliaga Alarc\u00f3n de la Escuela Agr\u00edcola Las Garzas, Chimbarongo, Regi\u00f3n O\u00b4Higgins.<\/span><\/p>\n<p><strong>Premio EXPLORA a la Delegaci\u00f3n Extranjera<br \/><\/strong><span style=\"line-height: 1.3em\">Mar\u00eda Jos\u00e9 Castro Espinoza junto a la profesora Virginia L\u00f3pez Nev\u00e1rez, por el trabajo \u201cDegradaci\u00f3n de PET a Base de Microorganismos\u201d, Sinaloa, M\u00e9xico. La profesora asesora y\u00a0 la estudiante recibir\u00e1n una Tablet cada una.<\/span><\/p>\n<p><strong>Premio Congreso del Futuro<br \/><\/strong><span style=\"line-height: 1.3em\">Los 2 equipos ganadores expondr\u00e1n en el Congreso del Futuro 2015, instancia de divulgaci\u00f3n cient\u00edfica\u00a0 que se realiza en enero en el Ex Congreso Nacional y que convoca a destacados investigadores de Chile y otros pa\u00edses.\u00a0 Los premiados son:<\/span><\/p>\n<p>Javiera Paz Gonz\u00e1lez Barahona y Jorge Agust\u00edn Aguirre, junto a la profesora Bel\u00e9n Montserrat Meneses Varas, por su trabajo \u201cRescatando la Memoria de Villa La Reina\u201d,\u00a0 Liceo Eugenio Mar\u00eda de Hostos, La Reina, Regi\u00f3n Metropolitana.<\/p>\n<p>Fernando Antonio Saldivia Y\u00e1\u00f1ez y Javier Ignacio Vega Garc\u00eda, junto al profesor Juan Fernando Saldivia Mendoza, por el trabajo \u201c\u00bfEs la Medici\u00f3n de Tolerancias T\u00e9rmicas en D\u00edpteros Sub-Ant\u00e1rticos una Herramienta \u00datil para Determinar su Capacidad de I<br \/>\nnvasi\u00f3n en el Territorio Ant\u00e1rtico?\u201d, Liceo Donald McIntyre Griffiths, Cabo de Hornos, Regi\u00f3n de Magallanes.<\/p>\n","protected":false},"excerpt":{"rendered":"<p>Dicen que Santiago es Chile, pero en la ciencia y tecnolog\u00eda escolar, \u00a1las regiones llevan la delantera! Estudiantes de Valdivia, Temuco, Puerto Ays\u00e9n y Antofagasta est\u00e1n entre los ganadores del XV Congreso Nacional Escolar de Ciencia y Tecnolog\u00eda EXPLORA CONICYT, que congreg\u00f3 a 46 delegaciones nacionales y tres extranjeras, integradas por estudiantes de entre 5\u00b0 [&hellip;]<\/p>\n","protected":false},"author":2,"featured_media":7626,"comment_status":"closed","ping_status":"open","sticky":false,"template":"","format":"standard","meta":{"_acf_changed":false,"_exactmetrics_skip_tracking":false,"_exactmetrics_sitenote_active":false,"_exactmetrics_sitenote_note":"","_exactmetrics_sitenote_category":0,"footnotes":"","_links_to":"","_links_to_target":""},"categories":[4],"tags":[68,69],"class_list":["post-31911","post","type-post","status-publish","format-standard","has-post-thumbnail","hentry","category-noticias","tag-programa-explora","tag-xv-congreso-nacional-escolar-de-cyt-explora"],"acf":[],"yoast_head":"<!-- This site is optimized with the Yoast SEO plugin v26.7 - https:\/\/yoast.com\/wordpress\/plugins\/seo\/ -->\n<title>A EEUU, M\u00e9xico y Per\u00fa parten ganadores del XV Congreso Nacional Escolar de Ciencia y Tecnolog\u00eda EXPLORA - Atacama<\/title>\n<meta name=\"robots\" content=\"index, follow, max-snippet:-1, max-image-preview:large, max-video-preview:-1\" \/>\n<link rel=\"canonical\" href=\"https:\/\/dev.explora.cl\/atacama\/a-eeuu-mexico-y-peru-parten-ganadores-del-xv-congreso-nacional-escolar-de-ciencia-y-tecnologia-explora-2\/\" class=\"yoast-seo-meta-tag\" \/>\n<meta property=\"og:locale\" content=\"es_ES\" class=\"yoast-seo-meta-tag\" \/>\n<meta property=\"og:type\" content=\"article\" class=\"yoast-seo-meta-tag\" \/>\n<meta property=\"og:title\" content=\"A EEUU, M\u00e9xico y Per\u00fa parten ganadores del XV Congreso Nacional Escolar de Ciencia y Tecnolog\u00eda EXPLORA - Atacama\" class=\"yoast-seo-meta-tag\" \/>\n<meta property=\"og:description\" content=\"Dicen que Santiago es Chile, pero en la ciencia y tecnolog\u00eda escolar, \u00a1las regiones llevan la delantera! Estudiantes de Valdivia, Temuco, Puerto Ays\u00e9n y Antofagasta est\u00e1n entre los ganadores del XV Congreso Nacional Escolar de Ciencia y Tecnolog\u00eda EXPLORA CONICYT, que congreg\u00f3 a 46 delegaciones nacionales y tres extranjeras, integradas por estudiantes de entre 5\u00b0 [&hellip;]\" class=\"yoast-seo-meta-tag\" \/>\n<meta property=\"og:url\" content=\"https:\/\/dev.explora.cl\/atacama\/a-eeuu-mexico-y-peru-parten-ganadores-del-xv-congreso-nacional-escolar-de-ciencia-y-tecnologia-explora-2\/\" class=\"yoast-seo-meta-tag\" \/>\n<meta property=\"og:site_name\" content=\"Atacama\" class=\"yoast-seo-meta-tag\" \/>\n<meta property=\"article:published_time\" content=\"2014-11-28T17:53:25+00:00\" class=\"yoast-seo-meta-tag\" \/>\n<meta property=\"article:modified_time\" content=\"2019-05-16T03:37:27+00:00\" class=\"yoast-seo-meta-tag\" \/>\n<meta name=\"author\" content=\"webman\" class=\"yoast-seo-meta-tag\" \/>\n<meta name=\"twitter:card\" content=\"summary_large_image\" class=\"yoast-seo-meta-tag\" \/>\n<meta name=\"twitter:label1\" content=\"Escrito por\" class=\"yoast-seo-meta-tag\" \/>\n\t<meta name=\"twitter:data1\" content=\"webman\" class=\"yoast-seo-meta-tag\" \/>\n\t<meta name=\"twitter:label2\" content=\"Tiempo estimado de lectura\" class=\"yoast-seo-meta-tag\" \/>\n\t<meta name=\"twitter:data2\" content=\"6 minutos\" class=\"yoast-seo-meta-tag\" \/>\n<script type=\"application\/ld+json\" class=\"yoast-schema-graph\">{\"@context\":\"https:\/\/schema.org\",\"@graph\":[{\"@type\":\"Article\",\"@id\":\"https:\/\/dev.explora.cl\/atacama\/a-eeuu-mexico-y-peru-parten-ganadores-del-xv-congreso-nacional-escolar-de-ciencia-y-tecnologia-explora-2\/#article\",\"isPartOf\":{\"@id\":\"https:\/\/dev.explora.cl\/atacama\/a-eeuu-mexico-y-peru-parten-ganadores-del-xv-congreso-nacional-escolar-de-ciencia-y-tecnologia-explora-2\/\"},\"author\":{\"name\":\"webman\",\"@id\":\"https:\/\/dev.explora.cl\/atacama\/#\/schema\/person\/cb8349c13ea2d324080adf8480d7ba5d\"},\"headline\":\"A EEUU, M\u00e9xico y Per\u00fa parten ganadores del XV Congreso Nacional Escolar de Ciencia y Tecnolog\u00eda EXPLORA\",\"datePublished\":\"2014-11-28T17:53:25+00:00\",\"dateModified\":\"2019-05-16T03:37:27+00:00\",\"mainEntityOfPage\":{\"@id\":\"https:\/\/dev.explora.cl\/atacama\/a-eeuu-mexico-y-peru-parten-ganadores-del-xv-congreso-nacional-escolar-de-ciencia-y-tecnologia-explora-2\/\"},\"wordCount\":1169,\"image\":{\"@id\":\"https:\/\/dev.explora.cl\/atacama\/a-eeuu-mexico-y-peru-parten-ganadores-del-xv-congreso-nacional-escolar-de-ciencia-y-tecnologia-explora-2\/#primaryimage\"},\"thumbnailUrl\":\"\",\"keywords\":[\"programa EXPLORA\",\"XV Congreso Nacional Escolar de CyT Explora\"],\"articleSection\":[\"Noticias\"],\"inLanguage\":\"es-CL\"},{\"@type\":\"WebPage\",\"@id\":\"https:\/\/dev.explora.cl\/atacama\/a-eeuu-mexico-y-peru-parten-ganadores-del-xv-congreso-nacional-escolar-de-ciencia-y-tecnologia-explora-2\/\",\"url\":\"https:\/\/dev.explora.cl\/atacama\/a-eeuu-mexico-y-peru-parten-ganadores-del-xv-congreso-nacional-escolar-de-ciencia-y-tecnologia-explora-2\/\",\"name\":\"A EEUU, M\u00e9xico y Per\u00fa parten ganadores del XV Congreso Nacional Escolar de Ciencia y Tecnolog\u00eda EXPLORA - Atacama\",\"isPartOf\":{\"@id\":\"https:\/\/dev.explora.cl\/atacama\/#website\"},\"primaryImageOfPage\":{\"@id\":\"https:\/\/dev.explora.cl\/atacama\/a-eeuu-mexico-y-peru-parten-ganadores-del-xv-congreso-nacional-escolar-de-ciencia-y-tecnologia-explora-2\/#primaryimage\"},\"image\":{\"@id\":\"https:\/\/dev.explora.cl\/atacama\/a-eeuu-mexico-y-peru-parten-ganadores-del-xv-congreso-nacional-escolar-de-ciencia-y-tecnologia-explora-2\/#primaryimage\"},\"thumbnailUrl\":\"\",\"datePublished\":\"2014-11-28T17:53:25+00:00\",\"dateModified\":\"2019-05-16T03:37:27+00:00\",\"author\":{\"@id\":\"https:\/\/dev.explora.cl\/atacama\/#\/schema\/person\/cb8349c13ea2d324080adf8480d7ba5d\"},\"breadcrumb\":{\"@id\":\"https:\/\/dev.explora.cl\/atacama\/a-eeuu-mexico-y-peru-parten-ganadores-del-xv-congreso-nacional-escolar-de-ciencia-y-tecnologia-explora-2\/#breadcrumb\"},\"inLanguage\":\"es-CL\",\"potentialAction\":[{\"@type\":\"ReadAction\",\"target\":[\"https:\/\/dev.explora.cl\/atacama\/a-eeuu-mexico-y-peru-parten-ganadores-del-xv-congreso-nacional-escolar-de-ciencia-y-tecnologia-explora-2\/\"]}]},{\"@type\":\"ImageObject\",\"inLanguage\":\"es-CL\",\"@id\":\"https:\/\/dev.explora.cl\/atacama\/a-eeuu-mexico-y-peru-parten-ganadores-del-xv-congreso-nacional-escolar-de-ciencia-y-tecnologia-explora-2\/#primaryimage\",\"url\":\"\",\"contentUrl\":\"\"},{\"@type\":\"BreadcrumbList\",\"@id\":\"https:\/\/dev.explora.cl\/atacama\/a-eeuu-mexico-y-peru-parten-ganadores-del-xv-congreso-nacional-escolar-de-ciencia-y-tecnologia-explora-2\/#breadcrumb\",\"itemListElement\":[{\"@type\":\"ListItem\",\"position\":1,\"name\":\"Portada\",\"item\":\"https:\/\/dev.explora.cl\/atacama\/\"},{\"@type\":\"ListItem\",\"position\":2,\"name\":\"A EEUU, M\u00e9xico y Per\u00fa parten ganadores del XV Congreso Nacional Escolar de Ciencia y Tecnolog\u00eda EXPLORA\"}]},{\"@type\":\"WebSite\",\"@id\":\"https:\/\/dev.explora.cl\/atacama\/#website\",\"url\":\"https:\/\/dev.explora.cl\/atacama\/\",\"name\":\"Atacama\",\"description\":\"Otro sitio m\u00e1s de dev.explora.cl\",\"potentialAction\":[{\"@type\":\"SearchAction\",\"target\":{\"@type\":\"EntryPoint\",\"urlTemplate\":\"https:\/\/dev.explora.cl\/atacama\/?s={search_term_string}\"},\"query-input\":{\"@type\":\"PropertyValueSpecification\",\"valueRequired\":true,\"valueName\":\"search_term_string\"}}],\"inLanguage\":\"es-CL\"},{\"@type\":\"Person\",\"@id\":\"https:\/\/dev.explora.cl\/atacama\/#\/schema\/person\/cb8349c13ea2d324080adf8480d7ba5d\",\"name\":\"webman\",\"image\":{\"@type\":\"ImageObject\",\"inLanguage\":\"es-CL\",\"@id\":\"https:\/\/dev.explora.cl\/atacama\/#\/schema\/person\/image\/\",\"url\":\"https:\/\/secure.gravatar.com\/avatar\/eeff3c82f2c02f7177d13663b7e6f890e9a6a0647ce9bb29cae02dcb094c7312?s=96&d=mm&r=g\",\"contentUrl\":\"https:\/\/secure.gravatar.com\/avatar\/eeff3c82f2c02f7177d13663b7e6f890e9a6a0647ce9bb29cae02dcb094c7312?s=96&d=mm&r=g\",\"caption\":\"webman\"},\"url\":\"https:\/\/dev.explora.cl\/atacama\/author\/webman\/\"}]}<\/script>\n<!-- \/ Yoast SEO plugin. -->","yoast_head_json":{"title":"A EEUU, M\u00e9xico y Per\u00fa parten ganadores del XV Congreso Nacional Escolar de Ciencia y Tecnolog\u00eda EXPLORA - Atacama","robots":{"index":"index","follow":"follow","max-snippet":"max-snippet:-1","max-image-preview":"max-image-preview:large","max-video-preview":"max-video-preview:-1"},"canonical":"https:\/\/dev.explora.cl\/atacama\/a-eeuu-mexico-y-peru-parten-ganadores-del-xv-congreso-nacional-escolar-de-ciencia-y-tecnologia-explora-2\/","og_locale":"es_ES","og_type":"article","og_title":"A EEUU, M\u00e9xico y Per\u00fa parten ganadores del XV Congreso Nacional Escolar de Ciencia y Tecnolog\u00eda EXPLORA - Atacama","og_description":"Dicen que Santiago es Chile, pero en la ciencia y tecnolog\u00eda escolar, \u00a1las regiones llevan la delantera! Estudiantes de Valdivia, Temuco, Puerto Ays\u00e9n y Antofagasta est\u00e1n entre los ganadores del XV Congreso Nacional Escolar de Ciencia y Tecnolog\u00eda EXPLORA CONICYT, que congreg\u00f3 a 46 delegaciones nacionales y tres extranjeras, integradas por estudiantes de entre 5\u00b0 [&hellip;]","og_url":"https:\/\/dev.explora.cl\/atacama\/a-eeuu-mexico-y-peru-parten-ganadores-del-xv-congreso-nacional-escolar-de-ciencia-y-tecnologia-explora-2\/","og_site_name":"Atacama","article_published_time":"2014-11-28T17:53:25+00:00","article_modified_time":"2019-05-16T03:37:27+00:00","author":"webman","twitter_card":"summary_large_image","twitter_misc":{"Escrito por":"webman","Tiempo estimado de lectura":"6 minutos"},"schema":{"@context":"https:\/\/schema.org","@graph":[{"@type":"Article","@id":"https:\/\/dev.explora.cl\/atacama\/a-eeuu-mexico-y-peru-parten-ganadores-del-xv-congreso-nacional-escolar-de-ciencia-y-tecnologia-explora-2\/#article","isPartOf":{"@id":"https:\/\/dev.explora.cl\/atacama\/a-eeuu-mexico-y-peru-parten-ganadores-del-xv-congreso-nacional-escolar-de-ciencia-y-tecnologia-explora-2\/"},"author":{"name":"webman","@id":"https:\/\/dev.explora.cl\/atacama\/#\/schema\/person\/cb8349c13ea2d324080adf8480d7ba5d"},"headline":"A EEUU, M\u00e9xico y Per\u00fa parten ganadores del XV Congreso Nacional Escolar de Ciencia y Tecnolog\u00eda EXPLORA","datePublished":"2014-11-28T17:53:25+00:00","dateModified":"2019-05-16T03:37:27+00:00","mainEntityOfPage":{"@id":"https:\/\/dev.explora.cl\/atacama\/a-eeuu-mexico-y-peru-parten-ganadores-del-xv-congreso-nacional-escolar-de-ciencia-y-tecnologia-explora-2\/"},"wordCount":1169,"image":{"@id":"https:\/\/dev.explora.cl\/atacama\/a-eeuu-mexico-y-peru-parten-ganadores-del-xv-congreso-nacional-escolar-de-ciencia-y-tecnologia-explora-2\/#primaryimage"},"thumbnailUrl":"","keywords":["programa EXPLORA","XV Congreso Nacional Escolar de CyT Explora"],"articleSection":["Noticias"],"inLanguage":"es-CL"},{"@type":"WebPage","@id":"https:\/\/dev.explora.cl\/atacama\/a-eeuu-mexico-y-peru-parten-ganadores-del-xv-congreso-nacional-escolar-de-ciencia-y-tecnologia-explora-2\/","url":"https:\/\/dev.explora.cl\/atacama\/a-eeuu-mexico-y-peru-parten-ganadores-del-xv-congreso-nacional-escolar-de-ciencia-y-tecnologia-explora-2\/","name":"A EEUU, M\u00e9xico y Per\u00fa parten ganadores del XV Congreso Nacional Escolar de Ciencia y Tecnolog\u00eda EXPLORA - Atacama","isPartOf":{"@id":"https:\/\/dev.explora.cl\/atacama\/#website"},"primaryImageOfPage":{"@id":"https:\/\/dev.explora.cl\/atacama\/a-eeuu-mexico-y-peru-parten-ganadores-del-xv-congreso-nacional-escolar-de-ciencia-y-tecnologia-explora-2\/#primaryimage"},"image":{"@id":"https:\/\/dev.explora.cl\/atacama\/a-eeuu-mexico-y-peru-parten-ganadores-del-xv-congreso-nacional-escolar-de-ciencia-y-tecnologia-explora-2\/#primaryimage"},"thumbnailUrl":"","datePublished":"2014-11-28T17:53:25+00:00","dateModified":"2019-05-16T03:37:27+00:00","author":{"@id":"https:\/\/dev.explora.cl\/atacama\/#\/schema\/person\/cb8349c13ea2d324080adf8480d7ba5d"},"breadcrumb":{"@id":"https:\/\/dev.explora.cl\/atacama\/a-eeuu-mexico-y-peru-parten-ganadores-del-xv-congreso-nacional-escolar-de-ciencia-y-tecnologia-explora-2\/#breadcrumb"},"inLanguage":"es-CL","potentialAction":[{"@type":"ReadAction","target":["https:\/\/dev.explora.cl\/atacama\/a-eeuu-mexico-y-peru-parten-ganadores-del-xv-congreso-nacional-escolar-de-ciencia-y-tecnologia-explora-2\/"]}]},{"@type":"ImageObject","inLanguage":"es-CL","@id":"https:\/\/dev.explora.cl\/atacama\/a-eeuu-mexico-y-peru-parten-ganadores-del-xv-congreso-nacional-escolar-de-ciencia-y-tecnologia-explora-2\/#primaryimage","url":"","contentUrl":""},{"@type":"BreadcrumbList","@id":"https:\/\/dev.explora.cl\/atacama\/a-eeuu-mexico-y-peru-parten-ganadores-del-xv-congreso-nacional-escolar-de-ciencia-y-tecnologia-explora-2\/#breadcrumb","itemListElement":[{"@type":"ListItem","position":1,"name":"Portada","item":"https:\/\/dev.explora.cl\/atacama\/"},{"@type":"ListItem","position":2,"name":"A EEUU, M\u00e9xico y Per\u00fa parten ganadores del XV Congreso Nacional Escolar de Ciencia y Tecnolog\u00eda EXPLORA"}]},{"@type":"WebSite","@id":"https:\/\/dev.explora.cl\/atacama\/#website","url":"https:\/\/dev.explora.cl\/atacama\/","name":"Atacama","description":"Otro sitio m\u00e1s de dev.explora.cl","potentialAction":[{"@type":"SearchAction","target":{"@type":"EntryPoint","urlTemplate":"https:\/\/dev.explora.cl\/atacama\/?s={search_term_string}"},"query-input":{"@type":"PropertyValueSpecification","valueRequired":true,"valueName":"search_term_string"}}],"inLanguage":"es-CL"},{"@type":"Person","@id":"https:\/\/dev.explora.cl\/atacama\/#\/schema\/person\/cb8349c13ea2d324080adf8480d7ba5d","name":"webman","image":{"@type":"ImageObject","inLanguage":"es-CL","@id":"https:\/\/dev.explora.cl\/atacama\/#\/schema\/person\/image\/","url":"https:\/\/secure.gravatar.com\/avatar\/eeff3c82f2c02f7177d13663b7e6f890e9a6a0647ce9bb29cae02dcb094c7312?s=96&d=mm&r=g","contentUrl":"https:\/\/secure.gravatar.com\/avatar\/eeff3c82f2c02f7177d13663b7e6f890e9a6a0647ce9bb29cae02dcb094c7312?s=96&d=mm&r=g","caption":"webman"},"url":"https:\/\/dev.explora.cl\/atacama\/author\/webman\/"}]}},"_links":{"self":[{"href":"https:\/\/dev.explora.cl\/atacama\/wp-json\/wp\/v2\/posts\/31911","targetHints":{"allow":["GET"]}}],"collection":[{"href":"https:\/\/dev.explora.cl\/atacama\/wp-json\/wp\/v2\/posts"}],"about":[{"href":"https:\/\/dev.explora.cl\/atacama\/wp-json\/wp\/v2\/types\/post"}],"author":[{"embeddable":true,"href":"https:\/\/dev.explora.cl\/atacama\/wp-json\/wp\/v2\/users\/2"}],"replies":[{"embeddable":true,"href":"https:\/\/dev.explora.cl\/atacama\/wp-json\/wp\/v2\/comments?post=31911"}],"version-history":[{"count":1,"href":"https:\/\/dev.explora.cl\/atacama\/wp-json\/wp\/v2\/posts\/31911\/revisions"}],"predecessor-version":[{"id":38080,"href":"https:\/\/dev.explora.cl\/atacama\/wp-json\/wp\/v2\/posts\/31911\/revisions\/38080"}],"wp:featuredmedia":[{"embeddable":true,"href":"https:\/\/dev.explora.cl\/atacama\/wp-json\/"}],"wp:attachment":[{"href":"https:\/\/dev.explora.cl\/atacama\/wp-json\/wp\/v2\/media?parent=31911"}],"wp:term":[{"taxonomy":"category","embeddable":true,"href":"https:\/\/dev.explora.cl\/atacama\/wp-json\/wp\/v2\/categories?post=31911"},{"taxonomy":"post_tag","embeddable":true,"href":"https:\/\/dev.explora.cl\/atacama\/wp-json\/wp\/v2\/tags?post=31911"}],"curies":[{"name":"wp","href":"https:\/\/api.w.org\/{rel}","templated":true}]}}