{"id":31899,"date":"2015-01-29T18:36:48","date_gmt":"2015-01-29T18:36:48","guid":{"rendered":"https:\/\/dev.explora.cl\/atacama\/blog\/2015\/01\/29\/chile-ha-pasado-de-ser-un-poco-mas-desigual-que-eeuu-a-ser-mucho-mas-desigual-que-el-2\/"},"modified":"2019-05-16T03:37:24","modified_gmt":"2019-05-16T03:37:24","slug":"chile-ha-pasado-de-ser-un-poco-mas-desigual-que-eeuu-a-ser-mucho-mas-desigual-que-el-2","status":"publish","type":"post","link":"https:\/\/dev.explora.cl\/atacama\/chile-ha-pasado-de-ser-un-poco-mas-desigual-que-eeuu-a-ser-mucho-mas-desigual-que-el-2\/","title":{"rendered":"&quot;Chile ha pasado de ser un poco m\u00e1s desigual que EEUU a ser mucho m\u00e1s desigual que \u00e9l&quot;"},"content":{"rendered":"<p><img loading=\"lazy\" decoding=\"async\" class=\" size-full wp-image-8797\" src=\"http:\/\/ec2-34-218-253-251.us-west-2.compute.amazonaws.com\/wp-content\/uploads\/2015\/01\/e65a3cb5bf8ddad3661b23ae64e6228c.jpg\" alt=\"\" width=\"300\" height=\"200\" \/><\/p>\n<p>Palabras de uno de los economistas m\u00e1s influyentes a nivel mundial. Se trata de Tom\u00e1s Pikkety. Economista franc\u00e9s que arrib\u00f3 esta semana a Chile para promover su \u00faltimo libro \u201cCapital en el Siglo XXI\u201d, y para participar en la cuarta versi\u00f3n del Congreso del Futuro que convoca desde 2012 la Comisi\u00f3n del Futuro del Senado presidida por el Senador Guido Guirardi.<\/p>\n<p>Las ideas de Pikkety han tenido profundo revelo social en Chile, no s\u00f3lo porque su libro lleg\u00f3 al n\u00famero uno en ventas de Amazon, sino porque el estado chileno se encuentra particularmente en un per\u00edodo de profundas reformas econ\u00f3micas y sociales, a ra\u00edz de las cuales se generan los debates en torno a la desigualdad, por ejemplo.<\/p>\n<p>Chile es se\u00f1alado a nivel latinoamericano como el pa\u00eds m\u00e1s desigual de la regi\u00f3n. Con un coeficiente de Gini (que mide la desigualdad) de 0,50, superior al 0,43 que promedia Latinoam\u00e9rica.<\/p>\n<p>El acad\u00e9mico franc\u00e9s, experto en desigualdad con perspectiva hist\u00f3rica y estad\u00edstica, asegura que en Chile existen tres grandes factores que aceleran el incremento de la desigualdad al compararlo con Estados Unidos, Europa o Jap\u00f3n.<\/p>\n<p>Para Pikkety, la desigualdad de los ingresos asoma como un elemento sustancial, es reconocidamente alta en Chile, y tambi\u00e9n dentro de Latinoam\u00e9rica, pero est\u00e1 subestimada; incluso sugiere que tal vez sea uno de los m\u00e1s altos en el mundo.<\/p>\n<p>Seg\u00fan Thomas Pikkety el mundo se encuentra en una \u201csociedad patrimonial\u201d, o basada en la riqueza, en donde la raz\u00f3n riqueza\/ingreso pareciera estar volviendo a los niveles del siglo XIX.<\/p>\n<p>Tal como otros pa\u00edses, \u201cChile necesita mayor transparencia acerca de sus ingresos y riqueza; utilizar una mayor cantidad de datos acerca de sus tasas de ingresos y riquezas podr\u00eda ser una poderosa manera de producir mayor informaci\u00f3n sobre los beneficios que trae el crecimiento para la poblaci\u00f3n, y en algunos casos para luchar contra la corrupci\u00f3n\u201d, revel\u00f3 el economista.<\/p>\n","protected":false},"excerpt":{"rendered":"<p>Palabras de uno de los economistas m\u00e1s influyentes a nivel mundial. Se trata de Tom\u00e1s Pikkety. Economista franc\u00e9s que arrib\u00f3 esta semana a Chile para promover su \u00faltimo libro \u201cCapital en el Siglo XXI\u201d, y para participar en la cuarta versi\u00f3n del Congreso del Futuro que convoca desde 2012 la Comisi\u00f3n del Futuro del Senado [&hellip;]<\/p>\n","protected":false},"author":2,"featured_media":8797,"comment_status":"closed","ping_status":"open","sticky":false,"template":"","format":"standard","meta":{"_acf_changed":false,"_exactmetrics_skip_tracking":false,"_exactmetrics_sitenote_active":false,"_exactmetrics_sitenote_note":"","_exactmetrics_sitenote_category":0,"footnotes":"","_links_to":"","_links_to_target":""},"categories":[4],"tags":[],"class_list":["post-31899","post","type-post","status-publish","format-standard","has-post-thumbnail","hentry","category-noticias"],"acf":[],"yoast_head":"<!-- This site is optimized with the Yoast SEO plugin v26.7 - https:\/\/yoast.com\/wordpress\/plugins\/seo\/ -->\n<title>&quot;Chile ha pasado de ser un poco m\u00e1s desigual que EEUU a ser mucho m\u00e1s desigual que \u00e9l&quot; - Atacama<\/title>\n<meta name=\"robots\" content=\"index, follow, max-snippet:-1, max-image-preview:large, max-video-preview:-1\" \/>\n<link rel=\"canonical\" href=\"https:\/\/dev.explora.cl\/atacama\/chile-ha-pasado-de-ser-un-poco-mas-desigual-que-eeuu-a-ser-mucho-mas-desigual-que-el-2\/\" class=\"yoast-seo-meta-tag\" \/>\n<meta property=\"og:locale\" content=\"es_ES\" class=\"yoast-seo-meta-tag\" \/>\n<meta property=\"og:type\" content=\"article\" class=\"yoast-seo-meta-tag\" \/>\n<meta property=\"og:title\" content=\"&quot;Chile ha pasado de ser un poco m\u00e1s desigual que EEUU a ser mucho m\u00e1s desigual que \u00e9l&quot; - Atacama\" class=\"yoast-seo-meta-tag\" \/>\n<meta property=\"og:description\" content=\"Palabras de uno de los economistas m\u00e1s influyentes a nivel mundial. Se trata de Tom\u00e1s Pikkety. Economista franc\u00e9s que arrib\u00f3 esta semana a Chile para promover su \u00faltimo libro \u201cCapital en el Siglo XXI\u201d, y para participar en la cuarta versi\u00f3n del Congreso del Futuro que convoca desde 2012 la Comisi\u00f3n del Futuro del Senado [&hellip;]\" class=\"yoast-seo-meta-tag\" \/>\n<meta property=\"og:url\" content=\"https:\/\/dev.explora.cl\/atacama\/chile-ha-pasado-de-ser-un-poco-mas-desigual-que-eeuu-a-ser-mucho-mas-desigual-que-el-2\/\" class=\"yoast-seo-meta-tag\" \/>\n<meta property=\"og:site_name\" content=\"Atacama\" class=\"yoast-seo-meta-tag\" \/>\n<meta property=\"article:published_time\" content=\"2015-01-29T18:36:48+00:00\" class=\"yoast-seo-meta-tag\" \/>\n<meta property=\"article:modified_time\" content=\"2019-05-16T03:37:24+00:00\" class=\"yoast-seo-meta-tag\" \/>\n<meta name=\"author\" content=\"webman\" class=\"yoast-seo-meta-tag\" \/>\n<meta name=\"twitter:card\" content=\"summary_large_image\" class=\"yoast-seo-meta-tag\" \/>\n<meta name=\"twitter:label1\" content=\"Escrito por\" class=\"yoast-seo-meta-tag\" \/>\n\t<meta name=\"twitter:data1\" content=\"webman\" class=\"yoast-seo-meta-tag\" \/>\n\t<meta name=\"twitter:label2\" content=\"Tiempo estimado de lectura\" class=\"yoast-seo-meta-tag\" \/>\n\t<meta name=\"twitter:data2\" content=\"2 minutos\" class=\"yoast-seo-meta-tag\" \/>\n<script type=\"application\/ld+json\" class=\"yoast-schema-graph\">{\"@context\":\"https:\/\/schema.org\",\"@graph\":[{\"@type\":\"Article\",\"@id\":\"https:\/\/dev.explora.cl\/atacama\/chile-ha-pasado-de-ser-un-poco-mas-desigual-que-eeuu-a-ser-mucho-mas-desigual-que-el-2\/#article\",\"isPartOf\":{\"@id\":\"https:\/\/dev.explora.cl\/atacama\/chile-ha-pasado-de-ser-un-poco-mas-desigual-que-eeuu-a-ser-mucho-mas-desigual-que-el-2\/\"},\"author\":{\"name\":\"webman\",\"@id\":\"https:\/\/dev.explora.cl\/atacama\/#\/schema\/person\/cb8349c13ea2d324080adf8480d7ba5d\"},\"headline\":\"&quot;Chile ha pasado de ser un poco m\u00e1s desigual que EEUU a ser mucho m\u00e1s desigual que \u00e9l&quot;\",\"datePublished\":\"2015-01-29T18:36:48+00:00\",\"dateModified\":\"2019-05-16T03:37:24+00:00\",\"mainEntityOfPage\":{\"@id\":\"https:\/\/dev.explora.cl\/atacama\/chile-ha-pasado-de-ser-un-poco-mas-desigual-que-eeuu-a-ser-mucho-mas-desigual-que-el-2\/\"},\"wordCount\":361,\"image\":{\"@id\":\"https:\/\/dev.explora.cl\/atacama\/chile-ha-pasado-de-ser-un-poco-mas-desigual-que-eeuu-a-ser-mucho-mas-desigual-que-el-2\/#primaryimage\"},\"thumbnailUrl\":\"\",\"articleSection\":[\"Noticias\"],\"inLanguage\":\"es-CL\"},{\"@type\":\"WebPage\",\"@id\":\"https:\/\/dev.explora.cl\/atacama\/chile-ha-pasado-de-ser-un-poco-mas-desigual-que-eeuu-a-ser-mucho-mas-desigual-que-el-2\/\",\"url\":\"https:\/\/dev.explora.cl\/atacama\/chile-ha-pasado-de-ser-un-poco-mas-desigual-que-eeuu-a-ser-mucho-mas-desigual-que-el-2\/\",\"name\":\"&quot;Chile ha pasado de ser un poco m\u00e1s desigual que EEUU a ser mucho m\u00e1s desigual que \u00e9l&quot; - Atacama\",\"isPartOf\":{\"@id\":\"https:\/\/dev.explora.cl\/atacama\/#website\"},\"primaryImageOfPage\":{\"@id\":\"https:\/\/dev.explora.cl\/atacama\/chile-ha-pasado-de-ser-un-poco-mas-desigual-que-eeuu-a-ser-mucho-mas-desigual-que-el-2\/#primaryimage\"},\"image\":{\"@id\":\"https:\/\/dev.explora.cl\/atacama\/chile-ha-pasado-de-ser-un-poco-mas-desigual-que-eeuu-a-ser-mucho-mas-desigual-que-el-2\/#primaryimage\"},\"thumbnailUrl\":\"\",\"datePublished\":\"2015-01-29T18:36:48+00:00\",\"dateModified\":\"2019-05-16T03:37:24+00:00\",\"author\":{\"@id\":\"https:\/\/dev.explora.cl\/atacama\/#\/schema\/person\/cb8349c13ea2d324080adf8480d7ba5d\"},\"breadcrumb\":{\"@id\":\"https:\/\/dev.explora.cl\/atacama\/chile-ha-pasado-de-ser-un-poco-mas-desigual-que-eeuu-a-ser-mucho-mas-desigual-que-el-2\/#breadcrumb\"},\"inLanguage\":\"es-CL\",\"potentialAction\":[{\"@type\":\"ReadAction\",\"target\":[\"https:\/\/dev.explora.cl\/atacama\/chile-ha-pasado-de-ser-un-poco-mas-desigual-que-eeuu-a-ser-mucho-mas-desigual-que-el-2\/\"]}]},{\"@type\":\"ImageObject\",\"inLanguage\":\"es-CL\",\"@id\":\"https:\/\/dev.explora.cl\/atacama\/chile-ha-pasado-de-ser-un-poco-mas-desigual-que-eeuu-a-ser-mucho-mas-desigual-que-el-2\/#primaryimage\",\"url\":\"\",\"contentUrl\":\"\"},{\"@type\":\"BreadcrumbList\",\"@id\":\"https:\/\/dev.explora.cl\/atacama\/chile-ha-pasado-de-ser-un-poco-mas-desigual-que-eeuu-a-ser-mucho-mas-desigual-que-el-2\/#breadcrumb\",\"itemListElement\":[{\"@type\":\"ListItem\",\"position\":1,\"name\":\"Portada\",\"item\":\"https:\/\/dev.explora.cl\/atacama\/\"},{\"@type\":\"ListItem\",\"position\":2,\"name\":\"&quot;Chile ha pasado de ser un poco m\u00e1s desigual que EEUU a ser mucho m\u00e1s desigual que \u00e9l&quot;\"}]},{\"@type\":\"WebSite\",\"@id\":\"https:\/\/dev.explora.cl\/atacama\/#website\",\"url\":\"https:\/\/dev.explora.cl\/atacama\/\",\"name\":\"Atacama\",\"description\":\"Otro sitio m\u00e1s de dev.explora.cl\",\"potentialAction\":[{\"@type\":\"SearchAction\",\"target\":{\"@type\":\"EntryPoint\",\"urlTemplate\":\"https:\/\/dev.explora.cl\/atacama\/?s={search_term_string}\"},\"query-input\":{\"@type\":\"PropertyValueSpecification\",\"valueRequired\":true,\"valueName\":\"search_term_string\"}}],\"inLanguage\":\"es-CL\"},{\"@type\":\"Person\",\"@id\":\"https:\/\/dev.explora.cl\/atacama\/#\/schema\/person\/cb8349c13ea2d324080adf8480d7ba5d\",\"name\":\"webman\",\"image\":{\"@type\":\"ImageObject\",\"inLanguage\":\"es-CL\",\"@id\":\"https:\/\/dev.explora.cl\/atacama\/#\/schema\/person\/image\/\",\"url\":\"https:\/\/secure.gravatar.com\/avatar\/eeff3c82f2c02f7177d13663b7e6f890e9a6a0647ce9bb29cae02dcb094c7312?s=96&d=mm&r=g\",\"contentUrl\":\"https:\/\/secure.gravatar.com\/avatar\/eeff3c82f2c02f7177d13663b7e6f890e9a6a0647ce9bb29cae02dcb094c7312?s=96&d=mm&r=g\",\"caption\":\"webman\"},\"url\":\"https:\/\/dev.explora.cl\/atacama\/author\/webman\/\"}]}<\/script>\n<!-- \/ Yoast SEO plugin. -->","yoast_head_json":{"title":"&quot;Chile ha pasado de ser un poco m\u00e1s desigual que EEUU a ser mucho m\u00e1s desigual que \u00e9l&quot; - Atacama","robots":{"index":"index","follow":"follow","max-snippet":"max-snippet:-1","max-image-preview":"max-image-preview:large","max-video-preview":"max-video-preview:-1"},"canonical":"https:\/\/dev.explora.cl\/atacama\/chile-ha-pasado-de-ser-un-poco-mas-desigual-que-eeuu-a-ser-mucho-mas-desigual-que-el-2\/","og_locale":"es_ES","og_type":"article","og_title":"&quot;Chile ha pasado de ser un poco m\u00e1s desigual que EEUU a ser mucho m\u00e1s desigual que \u00e9l&quot; - Atacama","og_description":"Palabras de uno de los economistas m\u00e1s influyentes a nivel mundial. Se trata de Tom\u00e1s Pikkety. Economista franc\u00e9s que arrib\u00f3 esta semana a Chile para promover su \u00faltimo libro \u201cCapital en el Siglo XXI\u201d, y para participar en la cuarta versi\u00f3n del Congreso del Futuro que convoca desde 2012 la Comisi\u00f3n del Futuro del Senado [&hellip;]","og_url":"https:\/\/dev.explora.cl\/atacama\/chile-ha-pasado-de-ser-un-poco-mas-desigual-que-eeuu-a-ser-mucho-mas-desigual-que-el-2\/","og_site_name":"Atacama","article_published_time":"2015-01-29T18:36:48+00:00","article_modified_time":"2019-05-16T03:37:24+00:00","author":"webman","twitter_card":"summary_large_image","twitter_misc":{"Escrito por":"webman","Tiempo estimado de lectura":"2 minutos"},"schema":{"@context":"https:\/\/schema.org","@graph":[{"@type":"Article","@id":"https:\/\/dev.explora.cl\/atacama\/chile-ha-pasado-de-ser-un-poco-mas-desigual-que-eeuu-a-ser-mucho-mas-desigual-que-el-2\/#article","isPartOf":{"@id":"https:\/\/dev.explora.cl\/atacama\/chile-ha-pasado-de-ser-un-poco-mas-desigual-que-eeuu-a-ser-mucho-mas-desigual-que-el-2\/"},"author":{"name":"webman","@id":"https:\/\/dev.explora.cl\/atacama\/#\/schema\/person\/cb8349c13ea2d324080adf8480d7ba5d"},"headline":"&quot;Chile ha pasado de ser un poco m\u00e1s desigual que EEUU a ser mucho m\u00e1s desigual que \u00e9l&quot;","datePublished":"2015-01-29T18:36:48+00:00","dateModified":"2019-05-16T03:37:24+00:00","mainEntityOfPage":{"@id":"https:\/\/dev.explora.cl\/atacama\/chile-ha-pasado-de-ser-un-poco-mas-desigual-que-eeuu-a-ser-mucho-mas-desigual-que-el-2\/"},"wordCount":361,"image":{"@id":"https:\/\/dev.explora.cl\/atacama\/chile-ha-pasado-de-ser-un-poco-mas-desigual-que-eeuu-a-ser-mucho-mas-desigual-que-el-2\/#primaryimage"},"thumbnailUrl":"","articleSection":["Noticias"],"inLanguage":"es-CL"},{"@type":"WebPage","@id":"https:\/\/dev.explora.cl\/atacama\/chile-ha-pasado-de-ser-un-poco-mas-desigual-que-eeuu-a-ser-mucho-mas-desigual-que-el-2\/","url":"https:\/\/dev.explora.cl\/atacama\/chile-ha-pasado-de-ser-un-poco-mas-desigual-que-eeuu-a-ser-mucho-mas-desigual-que-el-2\/","name":"&quot;Chile ha pasado de ser un poco m\u00e1s desigual que EEUU a ser mucho m\u00e1s desigual que \u00e9l&quot; - Atacama","isPartOf":{"@id":"https:\/\/dev.explora.cl\/atacama\/#website"},"primaryImageOfPage":{"@id":"https:\/\/dev.explora.cl\/atacama\/chile-ha-pasado-de-ser-un-poco-mas-desigual-que-eeuu-a-ser-mucho-mas-desigual-que-el-2\/#primaryimage"},"image":{"@id":"https:\/\/dev.explora.cl\/atacama\/chile-ha-pasado-de-ser-un-poco-mas-desigual-que-eeuu-a-ser-mucho-mas-desigual-que-el-2\/#primaryimage"},"thumbnailUrl":"","datePublished":"2015-01-29T18:36:48+00:00","dateModified":"2019-05-16T03:37:24+00:00","author":{"@id":"https:\/\/dev.explora.cl\/atacama\/#\/schema\/person\/cb8349c13ea2d324080adf8480d7ba5d"},"breadcrumb":{"@id":"https:\/\/dev.explora.cl\/atacama\/chile-ha-pasado-de-ser-un-poco-mas-desigual-que-eeuu-a-ser-mucho-mas-desigual-que-el-2\/#breadcrumb"},"inLanguage":"es-CL","potentialAction":[{"@type":"ReadAction","target":["https:\/\/dev.explora.cl\/atacama\/chile-ha-pasado-de-ser-un-poco-mas-desigual-que-eeuu-a-ser-mucho-mas-desigual-que-el-2\/"]}]},{"@type":"ImageObject","inLanguage":"es-CL","@id":"https:\/\/dev.explora.cl\/atacama\/chile-ha-pasado-de-ser-un-poco-mas-desigual-que-eeuu-a-ser-mucho-mas-desigual-que-el-2\/#primaryimage","url":"","contentUrl":""},{"@type":"BreadcrumbList","@id":"https:\/\/dev.explora.cl\/atacama\/chile-ha-pasado-de-ser-un-poco-mas-desigual-que-eeuu-a-ser-mucho-mas-desigual-que-el-2\/#breadcrumb","itemListElement":[{"@type":"ListItem","position":1,"name":"Portada","item":"https:\/\/dev.explora.cl\/atacama\/"},{"@type":"ListItem","position":2,"name":"&quot;Chile ha pasado de ser un poco m\u00e1s desigual que EEUU a ser mucho m\u00e1s desigual que \u00e9l&quot;"}]},{"@type":"WebSite","@id":"https:\/\/dev.explora.cl\/atacama\/#website","url":"https:\/\/dev.explora.cl\/atacama\/","name":"Atacama","description":"Otro sitio m\u00e1s de dev.explora.cl","potentialAction":[{"@type":"SearchAction","target":{"@type":"EntryPoint","urlTemplate":"https:\/\/dev.explora.cl\/atacama\/?s={search_term_string}"},"query-input":{"@type":"PropertyValueSpecification","valueRequired":true,"valueName":"search_term_string"}}],"inLanguage":"es-CL"},{"@type":"Person","@id":"https:\/\/dev.explora.cl\/atacama\/#\/schema\/person\/cb8349c13ea2d324080adf8480d7ba5d","name":"webman","image":{"@type":"ImageObject","inLanguage":"es-CL","@id":"https:\/\/dev.explora.cl\/atacama\/#\/schema\/person\/image\/","url":"https:\/\/secure.gravatar.com\/avatar\/eeff3c82f2c02f7177d13663b7e6f890e9a6a0647ce9bb29cae02dcb094c7312?s=96&d=mm&r=g","contentUrl":"https:\/\/secure.gravatar.com\/avatar\/eeff3c82f2c02f7177d13663b7e6f890e9a6a0647ce9bb29cae02dcb094c7312?s=96&d=mm&r=g","caption":"webman"},"url":"https:\/\/dev.explora.cl\/atacama\/author\/webman\/"}]}},"_links":{"self":[{"href":"https:\/\/dev.explora.cl\/atacama\/wp-json\/wp\/v2\/posts\/31899","targetHints":{"allow":["GET"]}}],"collection":[{"href":"https:\/\/dev.explora.cl\/atacama\/wp-json\/wp\/v2\/posts"}],"about":[{"href":"https:\/\/dev.explora.cl\/atacama\/wp-json\/wp\/v2\/types\/post"}],"author":[{"embeddable":true,"href":"https:\/\/dev.explora.cl\/atacama\/wp-json\/wp\/v2\/users\/2"}],"replies":[{"embeddable":true,"href":"https:\/\/dev.explora.cl\/atacama\/wp-json\/wp\/v2\/comments?post=31899"}],"version-history":[{"count":1,"href":"https:\/\/dev.explora.cl\/atacama\/wp-json\/wp\/v2\/posts\/31899\/revisions"}],"predecessor-version":[{"id":38074,"href":"https:\/\/dev.explora.cl\/atacama\/wp-json\/wp\/v2\/posts\/31899\/revisions\/38074"}],"wp:featuredmedia":[{"embeddable":true,"href":"https:\/\/dev.explora.cl\/atacama\/wp-json\/"}],"wp:attachment":[{"href":"https:\/\/dev.explora.cl\/atacama\/wp-json\/wp\/v2\/media?parent=31899"}],"wp:term":[{"taxonomy":"category","embeddable":true,"href":"https:\/\/dev.explora.cl\/atacama\/wp-json\/wp\/v2\/categories?post=31899"},{"taxonomy":"post_tag","embeddable":true,"href":"https:\/\/dev.explora.cl\/atacama\/wp-json\/wp\/v2\/tags?post=31899"}],"curies":[{"name":"wp","href":"https:\/\/api.w.org\/{rel}","templated":true}]}}