{"id":31897,"date":"2015-01-29T18:40:30","date_gmt":"2015-01-29T18:40:30","guid":{"rendered":"https:\/\/dev.explora.cl\/atacama\/blog\/2015\/01\/29\/presidenta-anuncia-la-creacion-de-la-comision-ciencia-para-el-desarrollo-de-chile-2\/"},"modified":"2019-05-16T03:37:20","modified_gmt":"2019-05-16T03:37:20","slug":"presidenta-anuncia-la-creacion-de-la-comision-ciencia-para-el-desarrollo-de-chile-2","status":"publish","type":"post","link":"https:\/\/dev.explora.cl\/atacama\/presidenta-anuncia-la-creacion-de-la-comision-ciencia-para-el-desarrollo-de-chile-2\/","title":{"rendered":"Presidenta anuncia la creaci\u00f3n de la comisi\u00f3n &quot;Ciencia para el desarrollo de Chile&quot;"},"content":{"rendered":"<p><img loading=\"lazy\" decoding=\"async\" class=\" size-full wp-image-8803\" src=\"http:\/\/ec2-34-218-253-251.us-west-2.compute.amazonaws.com\/wp-content\/uploads\/2015\/01\/3e96d38302447f1cf99d475dfb5c308d.jpg\" alt=\"\" width=\"300\" height=\"182\" \/><\/p>\n<p>La Presidenta de la Rep\u00fablica, Michelle Bachelet, rodeada por un grupo de connotados cient\u00edficos, investigadores, personeros de Gobierno y autoridades, anunci\u00f3 la creaci\u00f3n de la Comisi\u00f3n Presidencial \u201cCiencia para el Desarrollo de Chile\u201d, integrada por 35 expertos ligados a la materia.<\/p>\n<p>\u201cLas ciencias tienen un rol insustituible en la reflexi\u00f3n sobre nuestros proyectos y posibilidades de futuro. Son ellas las que nos muestran el universo del que somos parte y las oportunidades que se nos presentan. Son ellas las que nos ayudan a anticipar nuevos desaf\u00edos y a innovar en la forma en que los enfrentamos. Son ellas, finalmente, las que nos recuerdan, con el desinter\u00e9s y la pasi\u00f3n con que buscan la verdad, lo que somos y el sentido humano de todo lo que hacemos\u201d, sostuvo la Mandataria.<\/p>\n<p>\u201cLa instancia ha logrado reunir a destacadas personalidades cient\u00edficas, acad\u00e9micas y profesionales, junto a investigadores j\u00f3venes, pero todos con un merecido prestigio. Representan visiones, talentos y capacidades que son parte de la diversidad institucional y territorial de la ciencia chilena. Esta diversidad permitir\u00e1 que al interior de la Comisi\u00f3n se produzca un di\u00e1logo entre los intereses de la comunidad cient\u00edfica y de la sociedad en su conjunto\u201d, agreg\u00f3.<\/p>\n<p>En cuanto a la misi\u00f3n que tendr\u00e1 este grupo de trabajo, la m\u00e1xima autoridad se\u00f1al\u00f3 que \u201cel primer objetivo es presentar una propuesta para fortalecer la ciencia en Chile, para que la investigaci\u00f3n cient\u00edfica sea un pilar de nuestro desarrollo nacional y de nuestra inserci\u00f3n internacional\u201d.<\/p>\n<p>Adem\u00e1s, deber\u00e1 establecer un sistema de informaci\u00f3n integrado sobre los investigadores nacionales; y generar una carrera de investigador en las universidades, diferente e independiente de la acad\u00e9mica, de modo de no limitar la expansi\u00f3n de la actividad de investigaci\u00f3n por las restricciones del tama\u00f1o de las plantas acad\u00e9micas o de la administraci\u00f3n de las universidades.<\/p>\n<p>Durante la actividad, la Jefa de Estado aprovech\u00f3 la ocasi\u00f3n para destacar los esfuerzos que est\u00e1 realizando su Gobierno para mejorar el trabajo cient\u00edfico en el Chile.<\/p>\n<p>\u201cHemos fortalecido la labor del Consejo Nacional de Innovaci\u00f3n. Antes del 21 de mayo enviaremos al Congreso un Proyecto de Ley para dar existencia legal al Consejo, porque hoy opera bajo la fragilidad de un decreto. Tambi\u00e9n hemos reactivado el Comit\u00e9 de Ministros de Innovaci\u00f3n, cuya existencia tambi\u00e9n ser\u00e1 formalizada gracias al proyecto de ley antes mencionado\u201d, sostuvo.<\/p>\n<p>Adem\u00e1s, anunci\u00f3 la modificaci\u00f3n de la norma que pon\u00eda un l\u00edmite de 10 a\u00f1os al apoyo p\u00fablico a los Centros de Investigaci\u00f3n de Excelencia, creados bajo la forma de Basales, FONDAP o Milenio.<\/p>\n<p>\u201cEn todo el mundo este tipo de centros son apoyados de manera continua por el Estado, posibilitando la ejecuci\u00f3n de las agendas de investigaci\u00f3n de largo plazo, que requiere un trabajo cient\u00edfico cada vez m\u00e1s complejo e interdisciplinario. Por eso no parece l\u00f3gico que despu\u00e9s de 10 a\u00f1os deban operar por sus propios medios\u201d, a\u00f1adi\u00f3.<\/p>\n<p>Finalmente, la Mandataria se\u00f1al\u00f3 que un grupo interinstitucional est\u00e1 trabajando para poner en marcha un sistema de informaci\u00f3n que permita tener un conocimiento efectivo sobre la utilizaci\u00f3n de los recursos que se destinan a la investigaci\u00f3n en Chile.<\/p>\n<p>El presidente de CONICYT, doctor Francisco Brieva, coment\u00f3 \u201clo importante es la capacidad de tomar medidas concretas que den forma a una pol\u00edtica y eso ha faltado en el pasado. La discusi\u00f3n se ha hecho, la conclusiones han existido, pero no el convencimiento de la autoridad para darle forma. Con este anuncio el Gobierno toma la iniciativa en un tema que ata\u00f1e a las sociedades modernas, que es preocuparse de c\u00f3mo desarrollar el potencial cient\u00edfico y tecnol\u00f3gico\u201d.<\/p>\n<p>La Comisi\u00f3n est\u00e1 integrada por m\u00e1s de 35 actores del mundo de las ciencias y el servicio p\u00fablico, as\u00ed como autoridades universitarias y de Gobierno, los que deben entregar un informe al mes de junio, fecha en que se inicia la discusi\u00f3n presupuestaria.<\/p>\n<p>Este equipo ser\u00e1 encabezado por el presidente del Consejo Nacional de Innovaci\u00f3n para el Desarrollo, CNID, Gonzalo Rivas, e incluye al Presidente de CONICYT, Francisco Brieva; al vicepresidente ejecutivo de CORFO, Eduardo Bitr\u00e1n; Juan Asenjo,Premio Nacional de Ciencias y presidente de la Academia de Ciencias; Cecilia Hidalgo, Premio Nacional de Ciencias; Mary Kalin,Premio Nacional de Ciencias; Jenny Blamey, directora cient\u00edfica de la Fundaci\u00f3n Bioscience; Pedro Rosso, ex rector de la Pontificia Universidad Cat\u00f3lica de Chile; Victor P\u00e9rez, ex rector de la Universidad de Chile; Servet Mart\u00ednez, Premio Nacional de Ciencias; entre otros.<\/p>\n<p>Fuente: <a href=\"http:\/\/www.conicyt.cl\/blog\/2015\/01\/presidenta-anuncia-la-creacion-de-la-comision-ciencia-para-el-desarrollo-de-chile\/\" target=\"_blank\" rel=\"noopener noreferrer\">CONICYT<\/a><\/p>\n","protected":false},"excerpt":{"rendered":"<p>La Presidenta de la Rep\u00fablica, Michelle Bachelet, rodeada por un grupo de connotados cient\u00edficos, investigadores, personeros de Gobierno y autoridades, anunci\u00f3 la creaci\u00f3n de la Comisi\u00f3n Presidencial \u201cCiencia para el Desarrollo de Chile\u201d, integrada por 35 expertos ligados a la materia. \u201cLas ciencias tienen un rol insustituible en la reflexi\u00f3n sobre nuestros proyectos y posibilidades [&hellip;]<\/p>\n","protected":false},"author":2,"featured_media":8803,"comment_status":"closed","ping_status":"open","sticky":false,"template":"","format":"standard","meta":{"_acf_changed":false,"_exactmetrics_skip_tracking":false,"_exactmetrics_sitenote_active":false,"_exactmetrics_sitenote_note":"","_exactmetrics_sitenote_category":0,"footnotes":"","_links_to":"","_links_to_target":""},"categories":[4],"tags":[],"class_list":["post-31897","post","type-post","status-publish","format-standard","has-post-thumbnail","hentry","category-noticias"],"acf":[],"yoast_head":"<!-- This site is optimized with the Yoast SEO plugin v26.7 - https:\/\/yoast.com\/wordpress\/plugins\/seo\/ -->\n<title>Presidenta anuncia la creaci\u00f3n de la comisi\u00f3n &quot;Ciencia para el desarrollo de Chile&quot; - Atacama<\/title>\n<meta name=\"robots\" content=\"index, follow, max-snippet:-1, max-image-preview:large, max-video-preview:-1\" \/>\n<link rel=\"canonical\" href=\"https:\/\/dev.explora.cl\/atacama\/presidenta-anuncia-la-creacion-de-la-comision-ciencia-para-el-desarrollo-de-chile-2\/\" class=\"yoast-seo-meta-tag\" \/>\n<meta property=\"og:locale\" content=\"es_ES\" class=\"yoast-seo-meta-tag\" \/>\n<meta property=\"og:type\" content=\"article\" class=\"yoast-seo-meta-tag\" \/>\n<meta property=\"og:title\" content=\"Presidenta anuncia la creaci\u00f3n de la comisi\u00f3n &quot;Ciencia para el desarrollo de Chile&quot; - Atacama\" class=\"yoast-seo-meta-tag\" \/>\n<meta property=\"og:description\" content=\"La Presidenta de la Rep\u00fablica, Michelle Bachelet, rodeada por un grupo de connotados cient\u00edficos, investigadores, personeros de Gobierno y autoridades, anunci\u00f3 la creaci\u00f3n de la Comisi\u00f3n Presidencial \u201cCiencia para el Desarrollo de Chile\u201d, integrada por 35 expertos ligados a la materia. \u201cLas ciencias tienen un rol insustituible en la reflexi\u00f3n sobre nuestros proyectos y posibilidades [&hellip;]\" class=\"yoast-seo-meta-tag\" \/>\n<meta property=\"og:url\" content=\"https:\/\/dev.explora.cl\/atacama\/presidenta-anuncia-la-creacion-de-la-comision-ciencia-para-el-desarrollo-de-chile-2\/\" class=\"yoast-seo-meta-tag\" \/>\n<meta property=\"og:site_name\" content=\"Atacama\" class=\"yoast-seo-meta-tag\" \/>\n<meta property=\"article:published_time\" content=\"2015-01-29T18:40:30+00:00\" class=\"yoast-seo-meta-tag\" \/>\n<meta property=\"article:modified_time\" content=\"2019-05-16T03:37:20+00:00\" class=\"yoast-seo-meta-tag\" \/>\n<meta name=\"author\" content=\"webman\" class=\"yoast-seo-meta-tag\" \/>\n<meta name=\"twitter:card\" content=\"summary_large_image\" class=\"yoast-seo-meta-tag\" \/>\n<meta name=\"twitter:label1\" content=\"Escrito por\" class=\"yoast-seo-meta-tag\" \/>\n\t<meta name=\"twitter:data1\" content=\"webman\" class=\"yoast-seo-meta-tag\" \/>\n\t<meta name=\"twitter:label2\" content=\"Tiempo estimado de lectura\" class=\"yoast-seo-meta-tag\" \/>\n\t<meta name=\"twitter:data2\" content=\"4 minutos\" class=\"yoast-seo-meta-tag\" \/>\n<script type=\"application\/ld+json\" class=\"yoast-schema-graph\">{\"@context\":\"https:\/\/schema.org\",\"@graph\":[{\"@type\":\"Article\",\"@id\":\"https:\/\/dev.explora.cl\/atacama\/presidenta-anuncia-la-creacion-de-la-comision-ciencia-para-el-desarrollo-de-chile-2\/#article\",\"isPartOf\":{\"@id\":\"https:\/\/dev.explora.cl\/atacama\/presidenta-anuncia-la-creacion-de-la-comision-ciencia-para-el-desarrollo-de-chile-2\/\"},\"author\":{\"name\":\"webman\",\"@id\":\"https:\/\/dev.explora.cl\/atacama\/#\/schema\/person\/cb8349c13ea2d324080adf8480d7ba5d\"},\"headline\":\"Presidenta anuncia la creaci\u00f3n de la comisi\u00f3n &quot;Ciencia para el desarrollo de Chile&quot;\",\"datePublished\":\"2015-01-29T18:40:30+00:00\",\"dateModified\":\"2019-05-16T03:37:20+00:00\",\"mainEntityOfPage\":{\"@id\":\"https:\/\/dev.explora.cl\/atacama\/presidenta-anuncia-la-creacion-de-la-comision-ciencia-para-el-desarrollo-de-chile-2\/\"},\"wordCount\":807,\"image\":{\"@id\":\"https:\/\/dev.explora.cl\/atacama\/presidenta-anuncia-la-creacion-de-la-comision-ciencia-para-el-desarrollo-de-chile-2\/#primaryimage\"},\"thumbnailUrl\":\"\",\"articleSection\":[\"Noticias\"],\"inLanguage\":\"es-CL\"},{\"@type\":\"WebPage\",\"@id\":\"https:\/\/dev.explora.cl\/atacama\/presidenta-anuncia-la-creacion-de-la-comision-ciencia-para-el-desarrollo-de-chile-2\/\",\"url\":\"https:\/\/dev.explora.cl\/atacama\/presidenta-anuncia-la-creacion-de-la-comision-ciencia-para-el-desarrollo-de-chile-2\/\",\"name\":\"Presidenta anuncia la creaci\u00f3n de la comisi\u00f3n &quot;Ciencia para el desarrollo de Chile&quot; - Atacama\",\"isPartOf\":{\"@id\":\"https:\/\/dev.explora.cl\/atacama\/#website\"},\"primaryImageOfPage\":{\"@id\":\"https:\/\/dev.explora.cl\/atacama\/presidenta-anuncia-la-creacion-de-la-comision-ciencia-para-el-desarrollo-de-chile-2\/#primaryimage\"},\"image\":{\"@id\":\"https:\/\/dev.explora.cl\/atacama\/presidenta-anuncia-la-creacion-de-la-comision-ciencia-para-el-desarrollo-de-chile-2\/#primaryimage\"},\"thumbnailUrl\":\"\",\"datePublished\":\"2015-01-29T18:40:30+00:00\",\"dateModified\":\"2019-05-16T03:37:20+00:00\",\"author\":{\"@id\":\"https:\/\/dev.explora.cl\/atacama\/#\/schema\/person\/cb8349c13ea2d324080adf8480d7ba5d\"},\"breadcrumb\":{\"@id\":\"https:\/\/dev.explora.cl\/atacama\/presidenta-anuncia-la-creacion-de-la-comision-ciencia-para-el-desarrollo-de-chile-2\/#breadcrumb\"},\"inLanguage\":\"es-CL\",\"potentialAction\":[{\"@type\":\"ReadAction\",\"target\":[\"https:\/\/dev.explora.cl\/atacama\/presidenta-anuncia-la-creacion-de-la-comision-ciencia-para-el-desarrollo-de-chile-2\/\"]}]},{\"@type\":\"ImageObject\",\"inLanguage\":\"es-CL\",\"@id\":\"https:\/\/dev.explora.cl\/atacama\/presidenta-anuncia-la-creacion-de-la-comision-ciencia-para-el-desarrollo-de-chile-2\/#primaryimage\",\"url\":\"\",\"contentUrl\":\"\"},{\"@type\":\"BreadcrumbList\",\"@id\":\"https:\/\/dev.explora.cl\/atacama\/presidenta-anuncia-la-creacion-de-la-comision-ciencia-para-el-desarrollo-de-chile-2\/#breadcrumb\",\"itemListElement\":[{\"@type\":\"ListItem\",\"position\":1,\"name\":\"Portada\",\"item\":\"https:\/\/dev.explora.cl\/atacama\/\"},{\"@type\":\"ListItem\",\"position\":2,\"name\":\"Presidenta anuncia la creaci\u00f3n de la comisi\u00f3n &quot;Ciencia para el desarrollo de Chile&quot;\"}]},{\"@type\":\"WebSite\",\"@id\":\"https:\/\/dev.explora.cl\/atacama\/#website\",\"url\":\"https:\/\/dev.explora.cl\/atacama\/\",\"name\":\"Atacama\",\"description\":\"Otro sitio m\u00e1s de dev.explora.cl\",\"potentialAction\":[{\"@type\":\"SearchAction\",\"target\":{\"@type\":\"EntryPoint\",\"urlTemplate\":\"https:\/\/dev.explora.cl\/atacama\/?s={search_term_string}\"},\"query-input\":{\"@type\":\"PropertyValueSpecification\",\"valueRequired\":true,\"valueName\":\"search_term_string\"}}],\"inLanguage\":\"es-CL\"},{\"@type\":\"Person\",\"@id\":\"https:\/\/dev.explora.cl\/atacama\/#\/schema\/person\/cb8349c13ea2d324080adf8480d7ba5d\",\"name\":\"webman\",\"image\":{\"@type\":\"ImageObject\",\"inLanguage\":\"es-CL\",\"@id\":\"https:\/\/dev.explora.cl\/atacama\/#\/schema\/person\/image\/\",\"url\":\"https:\/\/secure.gravatar.com\/avatar\/eeff3c82f2c02f7177d13663b7e6f890e9a6a0647ce9bb29cae02dcb094c7312?s=96&d=mm&r=g\",\"contentUrl\":\"https:\/\/secure.gravatar.com\/avatar\/eeff3c82f2c02f7177d13663b7e6f890e9a6a0647ce9bb29cae02dcb094c7312?s=96&d=mm&r=g\",\"caption\":\"webman\"},\"url\":\"https:\/\/dev.explora.cl\/atacama\/author\/webman\/\"}]}<\/script>\n<!-- \/ Yoast SEO plugin. -->","yoast_head_json":{"title":"Presidenta anuncia la creaci\u00f3n de la comisi\u00f3n &quot;Ciencia para el desarrollo de Chile&quot; - Atacama","robots":{"index":"index","follow":"follow","max-snippet":"max-snippet:-1","max-image-preview":"max-image-preview:large","max-video-preview":"max-video-preview:-1"},"canonical":"https:\/\/dev.explora.cl\/atacama\/presidenta-anuncia-la-creacion-de-la-comision-ciencia-para-el-desarrollo-de-chile-2\/","og_locale":"es_ES","og_type":"article","og_title":"Presidenta anuncia la creaci\u00f3n de la comisi\u00f3n &quot;Ciencia para el desarrollo de Chile&quot; - Atacama","og_description":"La Presidenta de la Rep\u00fablica, Michelle Bachelet, rodeada por un grupo de connotados cient\u00edficos, investigadores, personeros de Gobierno y autoridades, anunci\u00f3 la creaci\u00f3n de la Comisi\u00f3n Presidencial \u201cCiencia para el Desarrollo de Chile\u201d, integrada por 35 expertos ligados a la materia. \u201cLas ciencias tienen un rol insustituible en la reflexi\u00f3n sobre nuestros proyectos y posibilidades [&hellip;]","og_url":"https:\/\/dev.explora.cl\/atacama\/presidenta-anuncia-la-creacion-de-la-comision-ciencia-para-el-desarrollo-de-chile-2\/","og_site_name":"Atacama","article_published_time":"2015-01-29T18:40:30+00:00","article_modified_time":"2019-05-16T03:37:20+00:00","author":"webman","twitter_card":"summary_large_image","twitter_misc":{"Escrito por":"webman","Tiempo estimado de lectura":"4 minutos"},"schema":{"@context":"https:\/\/schema.org","@graph":[{"@type":"Article","@id":"https:\/\/dev.explora.cl\/atacama\/presidenta-anuncia-la-creacion-de-la-comision-ciencia-para-el-desarrollo-de-chile-2\/#article","isPartOf":{"@id":"https:\/\/dev.explora.cl\/atacama\/presidenta-anuncia-la-creacion-de-la-comision-ciencia-para-el-desarrollo-de-chile-2\/"},"author":{"name":"webman","@id":"https:\/\/dev.explora.cl\/atacama\/#\/schema\/person\/cb8349c13ea2d324080adf8480d7ba5d"},"headline":"Presidenta anuncia la creaci\u00f3n de la comisi\u00f3n &quot;Ciencia para el desarrollo de Chile&quot;","datePublished":"2015-01-29T18:40:30+00:00","dateModified":"2019-05-16T03:37:20+00:00","mainEntityOfPage":{"@id":"https:\/\/dev.explora.cl\/atacama\/presidenta-anuncia-la-creacion-de-la-comision-ciencia-para-el-desarrollo-de-chile-2\/"},"wordCount":807,"image":{"@id":"https:\/\/dev.explora.cl\/atacama\/presidenta-anuncia-la-creacion-de-la-comision-ciencia-para-el-desarrollo-de-chile-2\/#primaryimage"},"thumbnailUrl":"","articleSection":["Noticias"],"inLanguage":"es-CL"},{"@type":"WebPage","@id":"https:\/\/dev.explora.cl\/atacama\/presidenta-anuncia-la-creacion-de-la-comision-ciencia-para-el-desarrollo-de-chile-2\/","url":"https:\/\/dev.explora.cl\/atacama\/presidenta-anuncia-la-creacion-de-la-comision-ciencia-para-el-desarrollo-de-chile-2\/","name":"Presidenta anuncia la creaci\u00f3n de la comisi\u00f3n &quot;Ciencia para el desarrollo de Chile&quot; - Atacama","isPartOf":{"@id":"https:\/\/dev.explora.cl\/atacama\/#website"},"primaryImageOfPage":{"@id":"https:\/\/dev.explora.cl\/atacama\/presidenta-anuncia-la-creacion-de-la-comision-ciencia-para-el-desarrollo-de-chile-2\/#primaryimage"},"image":{"@id":"https:\/\/dev.explora.cl\/atacama\/presidenta-anuncia-la-creacion-de-la-comision-ciencia-para-el-desarrollo-de-chile-2\/#primaryimage"},"thumbnailUrl":"","datePublished":"2015-01-29T18:40:30+00:00","dateModified":"2019-05-16T03:37:20+00:00","author":{"@id":"https:\/\/dev.explora.cl\/atacama\/#\/schema\/person\/cb8349c13ea2d324080adf8480d7ba5d"},"breadcrumb":{"@id":"https:\/\/dev.explora.cl\/atacama\/presidenta-anuncia-la-creacion-de-la-comision-ciencia-para-el-desarrollo-de-chile-2\/#breadcrumb"},"inLanguage":"es-CL","potentialAction":[{"@type":"ReadAction","target":["https:\/\/dev.explora.cl\/atacama\/presidenta-anuncia-la-creacion-de-la-comision-ciencia-para-el-desarrollo-de-chile-2\/"]}]},{"@type":"ImageObject","inLanguage":"es-CL","@id":"https:\/\/dev.explora.cl\/atacama\/presidenta-anuncia-la-creacion-de-la-comision-ciencia-para-el-desarrollo-de-chile-2\/#primaryimage","url":"","contentUrl":""},{"@type":"BreadcrumbList","@id":"https:\/\/dev.explora.cl\/atacama\/presidenta-anuncia-la-creacion-de-la-comision-ciencia-para-el-desarrollo-de-chile-2\/#breadcrumb","itemListElement":[{"@type":"ListItem","position":1,"name":"Portada","item":"https:\/\/dev.explora.cl\/atacama\/"},{"@type":"ListItem","position":2,"name":"Presidenta anuncia la creaci\u00f3n de la comisi\u00f3n &quot;Ciencia para el desarrollo de Chile&quot;"}]},{"@type":"WebSite","@id":"https:\/\/dev.explora.cl\/atacama\/#website","url":"https:\/\/dev.explora.cl\/atacama\/","name":"Atacama","description":"Otro sitio m\u00e1s de dev.explora.cl","potentialAction":[{"@type":"SearchAction","target":{"@type":"EntryPoint","urlTemplate":"https:\/\/dev.explora.cl\/atacama\/?s={search_term_string}"},"query-input":{"@type":"PropertyValueSpecification","valueRequired":true,"valueName":"search_term_string"}}],"inLanguage":"es-CL"},{"@type":"Person","@id":"https:\/\/dev.explora.cl\/atacama\/#\/schema\/person\/cb8349c13ea2d324080adf8480d7ba5d","name":"webman","image":{"@type":"ImageObject","inLanguage":"es-CL","@id":"https:\/\/dev.explora.cl\/atacama\/#\/schema\/person\/image\/","url":"https:\/\/secure.gravatar.com\/avatar\/eeff3c82f2c02f7177d13663b7e6f890e9a6a0647ce9bb29cae02dcb094c7312?s=96&d=mm&r=g","contentUrl":"https:\/\/secure.gravatar.com\/avatar\/eeff3c82f2c02f7177d13663b7e6f890e9a6a0647ce9bb29cae02dcb094c7312?s=96&d=mm&r=g","caption":"webman"},"url":"https:\/\/dev.explora.cl\/atacama\/author\/webman\/"}]}},"_links":{"self":[{"href":"https:\/\/dev.explora.cl\/atacama\/wp-json\/wp\/v2\/posts\/31897","targetHints":{"allow":["GET"]}}],"collection":[{"href":"https:\/\/dev.explora.cl\/atacama\/wp-json\/wp\/v2\/posts"}],"about":[{"href":"https:\/\/dev.explora.cl\/atacama\/wp-json\/wp\/v2\/types\/post"}],"author":[{"embeddable":true,"href":"https:\/\/dev.explora.cl\/atacama\/wp-json\/wp\/v2\/users\/2"}],"replies":[{"embeddable":true,"href":"https:\/\/dev.explora.cl\/atacama\/wp-json\/wp\/v2\/comments?post=31897"}],"version-history":[{"count":1,"href":"https:\/\/dev.explora.cl\/atacama\/wp-json\/wp\/v2\/posts\/31897\/revisions"}],"predecessor-version":[{"id":38073,"href":"https:\/\/dev.explora.cl\/atacama\/wp-json\/wp\/v2\/posts\/31897\/revisions\/38073"}],"wp:featuredmedia":[{"embeddable":true,"href":"https:\/\/dev.explora.cl\/atacama\/wp-json\/"}],"wp:attachment":[{"href":"https:\/\/dev.explora.cl\/atacama\/wp-json\/wp\/v2\/media?parent=31897"}],"wp:term":[{"taxonomy":"category","embeddable":true,"href":"https:\/\/dev.explora.cl\/atacama\/wp-json\/wp\/v2\/categories?post=31897"},{"taxonomy":"post_tag","embeddable":true,"href":"https:\/\/dev.explora.cl\/atacama\/wp-json\/wp\/v2\/tags?post=31897"}],"curies":[{"name":"wp","href":"https:\/\/api.w.org\/{rel}","templated":true}]}}