{"id":31895,"date":"2015-02-05T12:24:46","date_gmt":"2015-02-05T12:24:46","guid":{"rendered":"https:\/\/dev.explora.cl\/atacama\/blog\/2015\/02\/05\/reportajes-chile-laboratorio-natural-vuelve-a-tvn-1\/"},"modified":"2019-05-16T03:37:06","modified_gmt":"2019-05-16T03:37:06","slug":"reportajes-chile-laboratorio-natural-vuelve-a-tvn-1","status":"publish","type":"post","link":"https:\/\/dev.explora.cl\/atacama\/reportajes-chile-laboratorio-natural-vuelve-a-tvn-1\/","title":{"rendered":"Reportajes \u201cChile: Laboratorio natural\u201d vuelve a TVN"},"content":{"rendered":"<p><img loading=\"lazy\" decoding=\"async\" class=\" size-full wp-image-9000\" src=\"http:\/\/ec2-34-218-253-251.us-west-2.compute.amazonaws.com\/wp-content\/uploads\/2015\/02\/39cbec347225b2c21c5ceb40381af16c.jpg\" alt=\"\" width=\"350\" height=\"204\" \/><\/p>\n<p><em>La serie del Programa EXPLORA CONICYT \u201cChile: Laboratorio Natural\u201d vuelve a ser emitida por Televisi\u00f3n Nacional. La producci\u00f3n, que consta de ocho cap\u00edtulos, retrata la variedad de ecosistemas, microclimas y escenarios de distintas caracter\u00edsticas que brindan a nuestro pa\u00eds la posibilidad de desarrollar los m\u00e1s variados proyectos cient\u00edficos y tecnol\u00f3gicos.<\/em><\/p>\n<p><span style=\"font-size: 12.1599998474121px;line-height: 1.3em\">Tras un exitoso ciclo exhibido durante 2013, Televisi\u00f3n Nacional de Chile anunci\u00f3 que volver\u00e1 a emitir la serie \u201cChile: Laboratorio Natural\u201d, una producci\u00f3n de ocho cap\u00edtulos y 16 historias que llevan al televidente en una aventura a trav\u00e9s de los\u00a0 m\u00e1s diversos parajes de nuestro pa\u00eds, muchos de los cuales han sido la base para la realizaci\u00f3n de investigaci\u00f3n cient\u00edfica de punta y que fuera financiada por CONICYT a trav\u00e9s de su Programa EXPLORA.\u00a0<\/span><\/p>\n<p>A continuaci\u00f3n la descripci\u00f3n, fechas y horas de emisi\u00f3n de cada cap\u00edtulo:<\/p>\n<p><strong>Domingo 1 de febrero, 08:00 AM, cap\u00edtulo 1: Pilauco y Omora<\/strong><\/p>\n<p>&#8211; Pilauco es un sitio paleontol\u00f3gico ubicado en Osorno. Un grupo de obreros encontraron ah\u00ed restos f\u00f3siles de un gonfoterio, una especie extinta y pariente lejana de los mamuts y mastodontes. El animal habr\u00eda vivido hace m\u00e1s de 10.000 a\u00f1os.<\/p>\n<p>&#8211; El Parque Etnobot\u00e1nico Omora se ha transformado en una sala de clases al aire libre para estudiantes de todo el mundo y un laboratorio natural para estudiar la ecolog\u00eda de los bosques m\u00e1s australes del planeta.<\/p>\n<p>\u00a0<strong>Domingo 8 de febrero, 08:00 AM, cap\u00edtulo 2: Bosques y miner\u00eda<\/strong><\/p>\n<p><strong>&#8211;<\/strong>\u00a0Iv\u00e1n D\u00edaz, investigador de la Universidad Austral, siempre se pregunt\u00f3 por qu\u00e9 los cient\u00edficos s\u00f3lo estudiaban la parte baja de los bosques. Es por eso que se propuso estudiar, el dosel, las copas de los \u00e1rboles, y para lograrlo tuvo que aprender a subirse a ellos, a m\u00e1s de 20 metros de altura.<\/p>\n<p>&#8211; San Ram\u00f3n es la mina m\u00e1s antigua de Am\u00e9rica y una de las m\u00e1s arcaicas del mundo (con unos 10 mil a\u00f1os aproximadamente). La mina era de \u00f3xido de hierro, un mineral de alt\u00edsimo valor en la \u00e9poca.<\/p>\n<p><strong>Domingo 15 de febrero, 08:00 AM, cap\u00edtulo 3: Dinosaurios y ciudades<\/strong><\/p>\n<p>&#8211; En esta entrega conoceremos aquellos dinosaurios que habitaron la regi\u00f3n de Magallanes luego de un descubrimiento realizado en el Cerro Guido, cerca de Torres del Paine.<\/p>\n<p>&#8211; En la segunda parte veremos a las ciudades como laboratorios que ayudan a conocer los cambios y la evoluci\u00f3n de urbes desarrolladas y otras en v\u00edas de serlo.<\/p>\n<p><strong>Domingo 22 de febrero, 08:00 AM, cap\u00edtulo 4: Ballenas y Ant\u00e1rtica<\/strong><\/p>\n<p>&#8211; Fuimos \u201cTras el canto de las ballenas\u201d, donde Susannah Buchman, ocean\u00f3grafa inglesa radicada en Chile, busca registrar el enigm\u00e1tico canto de las ballenas azules que seg\u00fan sus estudios no es ninguno de los nueve conocidos por la ciencia.<\/p>\n<p>&#8211; En la segunda parte participamos en la m\u00e1s reciente Expedici\u00f3n Cient\u00edfica Ant\u00e1rtica, donde acompa\u00f1aremos a investigadores de microbios ant\u00e1rticos y su sorprendente capacidad de adaptaci\u00f3n a climas extremos y con altos niveles de radiaci\u00f3n ultravioleta.<\/p>\n<p><strong>Domingo 1 de marzo, 08:00 AM, cap\u00edtulo 5: Isla Salas y G\u00f3mez y terremotos<\/strong><\/p>\n<p>&#8211; Descubriremos una fascinante expedici\u00f3n cient\u00edfica en los alrededores de Isla de Pascua y el parque Marino Motu Motiro Hiva o isla Salas y G\u00f3mez, organizada por Oceana y National Geographic, junto a la Armada de Chile.<\/p>\n<p>&#8211; En la segunda historia del cap\u00edtulo, conoceremos por qu\u00e9 Chile es un gran laboratorio natural para investigar los terremotos. Seg\u00fan los expertos, en la zona de Tarapac\u00e1 existe un &#8220;silencio s\u00edsmico&#8221;, ya que es uno de los pocos lugares de Sudam\u00e9rica que no ha tenido un gran terremoto en los \u00faltimos 100 a\u00f1os.<\/p>\n<p><strong>Domingo 8 de marzo, 08:00 AM, cap\u00edtulo 6: Glaciares y plantas<\/strong><\/p>\n<p>&#8211; En la primera entrega participaremos en una aventura por un territorio lejano, de clima extremo y muy poco explorado: la Cordillera de Darwin, con tupidos bosques, r\u00edos, lagos, monta\u00f1as y glaciares de extraordinaria belleza que nunca han sido pisado por el ser humano.<\/p>\n<p>&#8211; Luego conoceremos diferentes plantas con la sorprendente capacidad de limpiar zonas contaminadas. Son fitorremediadoras, por su capacidad de absorber altas concentraciones de ars\u00e9nico y otros peligrosos metales, que, consumidos en altas cantidades\u00a0 pueden producir c\u00e1ncer.<\/p>\n<p><strong>Domingo 15 de marzo, 08:00 AM, cap\u00edtulo 7: Volcanes y Universo<\/strong><\/p>\n<p>&#8211; Viajamos al altiplano junto a un grupo de Ingenieros del Servicio Nacional de Geolog\u00eda y\u00a0 Miner\u00eda, quienes trabajaban en la b\u00fasqueda de sitios para la instalaci\u00f3n de estaciones de monitoreo de volcanes.<\/p>\n<p>&#8211; En la segunda parte conocimos por qu\u00e9 Chile no s\u00f3lo es un lugar privilegiado para la observaci\u00f3n del universo sino que tambi\u00e9n para el desarrollo de instrumentaci\u00f3n astron\u00f3mica de punta.<\/p>\n<p><strong>Domingo 22 de marzo, 08:00 AM, cap\u00edtulo 8: Energ\u00eda solar, algas y rob\u00f3tica<\/strong><\/p>\n<p>&#8211; Energ\u00eda Solar: El Norte Grande de Chile representa un enorme potencial para la producci\u00f3n de electricidad en base a energ\u00eda solar. Sus altos niveles de irradiaci\u00f3n y claridad lo convierten en un laboratorio natural.<\/p>\n<p>&#8211; Algas: Chile est\u00e1 a la vanguardia con iniciativas para desarrollar combustibles de segunda generaci\u00f3n como el Biodiesel. Esta innovaci\u00f3n es a trav\u00e9s de las microalgas, con un enorme potencial de producci\u00f3n en el norte grande del pa\u00eds gracias a las extensas costas que proporcionan agua de mar y a los altos niveles de radiaci\u00f3n solar.<\/p>\n<p>&#8211; Robot: Acompa\u00f1amos a Nathalie Cabirol, astrobi\u00f3loga de NASA y el Instituto Seti en las pruebas que realiza en Laguna Negra, Caj\u00f3n del Maipo, de un prototipo de robot que en los pr\u00f3ximos a\u00f1os viajar\u00e1 a explorar los lagos de Tit\u00e1n, una de las lunas de Saturno donde se cree que podr\u00eda existir vida extraterrestre.<\/p>\n<p>\u00a0<\/p>\n<p><span style=\"font-size: 12.1599998474121px;line-height: 1.3em\">\u00a0<\/span><\/p>\n","protected":false},"excerpt":{"rendered":"<p>La serie del Programa EXPLORA CONICYT \u201cChile: Laboratorio Natural\u201d vuelve a ser emitida por Televisi\u00f3n Nacional. La producci\u00f3n, que consta de ocho cap\u00edtulos, retrata la variedad de ecosistemas, microclimas y escenarios de distintas caracter\u00edsticas que brindan a nuestro pa\u00eds la posibilidad de desarrollar los m\u00e1s variados proyectos cient\u00edficos y tecnol\u00f3gicos. Tras un exitoso ciclo exhibido [&hellip;]<\/p>\n","protected":false},"author":2,"featured_media":9000,"comment_status":"closed","ping_status":"open","sticky":false,"template":"","format":"standard","meta":{"_acf_changed":false,"_exactmetrics_skip_tracking":false,"_exactmetrics_sitenote_active":false,"_exactmetrics_sitenote_note":"","_exactmetrics_sitenote_category":0,"footnotes":"","_links_to":"","_links_to_target":""},"categories":[4],"tags":[82,83,84],"class_list":["post-31895","post","type-post","status-publish","format-standard","has-post-thumbnail","hentry","category-noticias","tag-ciencia-y-tecnologia-en-tvn","tag-programa-explora-conicyt","tag-serie-educativa-tvn"],"acf":[],"yoast_head":"<!-- This site is optimized with the Yoast SEO plugin v26.7 - https:\/\/yoast.com\/wordpress\/plugins\/seo\/ -->\n<title>Reportajes \u201cChile: Laboratorio natural\u201d vuelve a TVN - Atacama<\/title>\n<meta name=\"robots\" content=\"index, follow, max-snippet:-1, max-image-preview:large, max-video-preview:-1\" \/>\n<link rel=\"canonical\" href=\"https:\/\/dev.explora.cl\/atacama\/reportajes-chile-laboratorio-natural-vuelve-a-tvn-1\/\" class=\"yoast-seo-meta-tag\" \/>\n<meta property=\"og:locale\" content=\"es_ES\" class=\"yoast-seo-meta-tag\" \/>\n<meta property=\"og:type\" content=\"article\" class=\"yoast-seo-meta-tag\" \/>\n<meta property=\"og:title\" content=\"Reportajes \u201cChile: Laboratorio natural\u201d vuelve a TVN - Atacama\" class=\"yoast-seo-meta-tag\" \/>\n<meta property=\"og:description\" content=\"La serie del Programa EXPLORA CONICYT \u201cChile: Laboratorio Natural\u201d vuelve a ser emitida por Televisi\u00f3n Nacional. La producci\u00f3n, que consta de ocho cap\u00edtulos, retrata la variedad de ecosistemas, microclimas y escenarios de distintas caracter\u00edsticas que brindan a nuestro pa\u00eds la posibilidad de desarrollar los m\u00e1s variados proyectos cient\u00edficos y tecnol\u00f3gicos. Tras un exitoso ciclo exhibido [&hellip;]\" class=\"yoast-seo-meta-tag\" \/>\n<meta property=\"og:url\" content=\"https:\/\/dev.explora.cl\/atacama\/reportajes-chile-laboratorio-natural-vuelve-a-tvn-1\/\" class=\"yoast-seo-meta-tag\" \/>\n<meta property=\"og:site_name\" content=\"Atacama\" class=\"yoast-seo-meta-tag\" \/>\n<meta property=\"article:published_time\" content=\"2015-02-05T12:24:46+00:00\" class=\"yoast-seo-meta-tag\" \/>\n<meta property=\"article:modified_time\" content=\"2019-05-16T03:37:06+00:00\" class=\"yoast-seo-meta-tag\" \/>\n<meta name=\"author\" content=\"webman\" class=\"yoast-seo-meta-tag\" \/>\n<meta name=\"twitter:card\" content=\"summary_large_image\" class=\"yoast-seo-meta-tag\" \/>\n<meta name=\"twitter:label1\" content=\"Escrito por\" class=\"yoast-seo-meta-tag\" \/>\n\t<meta name=\"twitter:data1\" content=\"webman\" class=\"yoast-seo-meta-tag\" \/>\n\t<meta name=\"twitter:label2\" content=\"Tiempo estimado de lectura\" class=\"yoast-seo-meta-tag\" \/>\n\t<meta name=\"twitter:data2\" content=\"5 minutos\" class=\"yoast-seo-meta-tag\" \/>\n<script type=\"application\/ld+json\" class=\"yoast-schema-graph\">{\"@context\":\"https:\/\/schema.org\",\"@graph\":[{\"@type\":\"Article\",\"@id\":\"https:\/\/dev.explora.cl\/atacama\/reportajes-chile-laboratorio-natural-vuelve-a-tvn-1\/#article\",\"isPartOf\":{\"@id\":\"https:\/\/dev.explora.cl\/atacama\/reportajes-chile-laboratorio-natural-vuelve-a-tvn-1\/\"},\"author\":{\"name\":\"webman\",\"@id\":\"https:\/\/dev.explora.cl\/atacama\/#\/schema\/person\/cb8349c13ea2d324080adf8480d7ba5d\"},\"headline\":\"Reportajes \u201cChile: Laboratorio natural\u201d vuelve a TVN\",\"datePublished\":\"2015-02-05T12:24:46+00:00\",\"dateModified\":\"2019-05-16T03:37:06+00:00\",\"mainEntityOfPage\":{\"@id\":\"https:\/\/dev.explora.cl\/atacama\/reportajes-chile-laboratorio-natural-vuelve-a-tvn-1\/\"},\"wordCount\":994,\"image\":{\"@id\":\"https:\/\/dev.explora.cl\/atacama\/reportajes-chile-laboratorio-natural-vuelve-a-tvn-1\/#primaryimage\"},\"thumbnailUrl\":\"\",\"keywords\":[\"ciencia y tecnolog\u00eda en TVN\",\"programa Explora Conicyt\",\"Serie educativa TVN\"],\"articleSection\":[\"Noticias\"],\"inLanguage\":\"es-CL\"},{\"@type\":\"WebPage\",\"@id\":\"https:\/\/dev.explora.cl\/atacama\/reportajes-chile-laboratorio-natural-vuelve-a-tvn-1\/\",\"url\":\"https:\/\/dev.explora.cl\/atacama\/reportajes-chile-laboratorio-natural-vuelve-a-tvn-1\/\",\"name\":\"Reportajes \u201cChile: Laboratorio natural\u201d vuelve a TVN - Atacama\",\"isPartOf\":{\"@id\":\"https:\/\/dev.explora.cl\/atacama\/#website\"},\"primaryImageOfPage\":{\"@id\":\"https:\/\/dev.explora.cl\/atacama\/reportajes-chile-laboratorio-natural-vuelve-a-tvn-1\/#primaryimage\"},\"image\":{\"@id\":\"https:\/\/dev.explora.cl\/atacama\/reportajes-chile-laboratorio-natural-vuelve-a-tvn-1\/#primaryimage\"},\"thumbnailUrl\":\"\",\"datePublished\":\"2015-02-05T12:24:46+00:00\",\"dateModified\":\"2019-05-16T03:37:06+00:00\",\"author\":{\"@id\":\"https:\/\/dev.explora.cl\/atacama\/#\/schema\/person\/cb8349c13ea2d324080adf8480d7ba5d\"},\"breadcrumb\":{\"@id\":\"https:\/\/dev.explora.cl\/atacama\/reportajes-chile-laboratorio-natural-vuelve-a-tvn-1\/#breadcrumb\"},\"inLanguage\":\"es-CL\",\"potentialAction\":[{\"@type\":\"ReadAction\",\"target\":[\"https:\/\/dev.explora.cl\/atacama\/reportajes-chile-laboratorio-natural-vuelve-a-tvn-1\/\"]}]},{\"@type\":\"ImageObject\",\"inLanguage\":\"es-CL\",\"@id\":\"https:\/\/dev.explora.cl\/atacama\/reportajes-chile-laboratorio-natural-vuelve-a-tvn-1\/#primaryimage\",\"url\":\"\",\"contentUrl\":\"\"},{\"@type\":\"BreadcrumbList\",\"@id\":\"https:\/\/dev.explora.cl\/atacama\/reportajes-chile-laboratorio-natural-vuelve-a-tvn-1\/#breadcrumb\",\"itemListElement\":[{\"@type\":\"ListItem\",\"position\":1,\"name\":\"Portada\",\"item\":\"https:\/\/dev.explora.cl\/atacama\/\"},{\"@type\":\"ListItem\",\"position\":2,\"name\":\"Reportajes \u201cChile: Laboratorio natural\u201d vuelve a TVN\"}]},{\"@type\":\"WebSite\",\"@id\":\"https:\/\/dev.explora.cl\/atacama\/#website\",\"url\":\"https:\/\/dev.explora.cl\/atacama\/\",\"name\":\"Atacama\",\"description\":\"Otro sitio m\u00e1s de dev.explora.cl\",\"potentialAction\":[{\"@type\":\"SearchAction\",\"target\":{\"@type\":\"EntryPoint\",\"urlTemplate\":\"https:\/\/dev.explora.cl\/atacama\/?s={search_term_string}\"},\"query-input\":{\"@type\":\"PropertyValueSpecification\",\"valueRequired\":true,\"valueName\":\"search_term_string\"}}],\"inLanguage\":\"es-CL\"},{\"@type\":\"Person\",\"@id\":\"https:\/\/dev.explora.cl\/atacama\/#\/schema\/person\/cb8349c13ea2d324080adf8480d7ba5d\",\"name\":\"webman\",\"image\":{\"@type\":\"ImageObject\",\"inLanguage\":\"es-CL\",\"@id\":\"https:\/\/dev.explora.cl\/atacama\/#\/schema\/person\/image\/\",\"url\":\"https:\/\/secure.gravatar.com\/avatar\/eeff3c82f2c02f7177d13663b7e6f890e9a6a0647ce9bb29cae02dcb094c7312?s=96&d=mm&r=g\",\"contentUrl\":\"https:\/\/secure.gravatar.com\/avatar\/eeff3c82f2c02f7177d13663b7e6f890e9a6a0647ce9bb29cae02dcb094c7312?s=96&d=mm&r=g\",\"caption\":\"webman\"},\"url\":\"https:\/\/dev.explora.cl\/atacama\/author\/webman\/\"}]}<\/script>\n<!-- \/ Yoast SEO plugin. -->","yoast_head_json":{"title":"Reportajes \u201cChile: Laboratorio natural\u201d vuelve a TVN - Atacama","robots":{"index":"index","follow":"follow","max-snippet":"max-snippet:-1","max-image-preview":"max-image-preview:large","max-video-preview":"max-video-preview:-1"},"canonical":"https:\/\/dev.explora.cl\/atacama\/reportajes-chile-laboratorio-natural-vuelve-a-tvn-1\/","og_locale":"es_ES","og_type":"article","og_title":"Reportajes \u201cChile: Laboratorio natural\u201d vuelve a TVN - Atacama","og_description":"La serie del Programa EXPLORA CONICYT \u201cChile: Laboratorio Natural\u201d vuelve a ser emitida por Televisi\u00f3n Nacional. La producci\u00f3n, que consta de ocho cap\u00edtulos, retrata la variedad de ecosistemas, microclimas y escenarios de distintas caracter\u00edsticas que brindan a nuestro pa\u00eds la posibilidad de desarrollar los m\u00e1s variados proyectos cient\u00edficos y tecnol\u00f3gicos. Tras un exitoso ciclo exhibido [&hellip;]","og_url":"https:\/\/dev.explora.cl\/atacama\/reportajes-chile-laboratorio-natural-vuelve-a-tvn-1\/","og_site_name":"Atacama","article_published_time":"2015-02-05T12:24:46+00:00","article_modified_time":"2019-05-16T03:37:06+00:00","author":"webman","twitter_card":"summary_large_image","twitter_misc":{"Escrito por":"webman","Tiempo estimado de lectura":"5 minutos"},"schema":{"@context":"https:\/\/schema.org","@graph":[{"@type":"Article","@id":"https:\/\/dev.explora.cl\/atacama\/reportajes-chile-laboratorio-natural-vuelve-a-tvn-1\/#article","isPartOf":{"@id":"https:\/\/dev.explora.cl\/atacama\/reportajes-chile-laboratorio-natural-vuelve-a-tvn-1\/"},"author":{"name":"webman","@id":"https:\/\/dev.explora.cl\/atacama\/#\/schema\/person\/cb8349c13ea2d324080adf8480d7ba5d"},"headline":"Reportajes \u201cChile: Laboratorio natural\u201d vuelve a TVN","datePublished":"2015-02-05T12:24:46+00:00","dateModified":"2019-05-16T03:37:06+00:00","mainEntityOfPage":{"@id":"https:\/\/dev.explora.cl\/atacama\/reportajes-chile-laboratorio-natural-vuelve-a-tvn-1\/"},"wordCount":994,"image":{"@id":"https:\/\/dev.explora.cl\/atacama\/reportajes-chile-laboratorio-natural-vuelve-a-tvn-1\/#primaryimage"},"thumbnailUrl":"","keywords":["ciencia y tecnolog\u00eda en TVN","programa Explora Conicyt","Serie educativa TVN"],"articleSection":["Noticias"],"inLanguage":"es-CL"},{"@type":"WebPage","@id":"https:\/\/dev.explora.cl\/atacama\/reportajes-chile-laboratorio-natural-vuelve-a-tvn-1\/","url":"https:\/\/dev.explora.cl\/atacama\/reportajes-chile-laboratorio-natural-vuelve-a-tvn-1\/","name":"Reportajes \u201cChile: Laboratorio natural\u201d vuelve a TVN - Atacama","isPartOf":{"@id":"https:\/\/dev.explora.cl\/atacama\/#website"},"primaryImageOfPage":{"@id":"https:\/\/dev.explora.cl\/atacama\/reportajes-chile-laboratorio-natural-vuelve-a-tvn-1\/#primaryimage"},"image":{"@id":"https:\/\/dev.explora.cl\/atacama\/reportajes-chile-laboratorio-natural-vuelve-a-tvn-1\/#primaryimage"},"thumbnailUrl":"","datePublished":"2015-02-05T12:24:46+00:00","dateModified":"2019-05-16T03:37:06+00:00","author":{"@id":"https:\/\/dev.explora.cl\/atacama\/#\/schema\/person\/cb8349c13ea2d324080adf8480d7ba5d"},"breadcrumb":{"@id":"https:\/\/dev.explora.cl\/atacama\/reportajes-chile-laboratorio-natural-vuelve-a-tvn-1\/#breadcrumb"},"inLanguage":"es-CL","potentialAction":[{"@type":"ReadAction","target":["https:\/\/dev.explora.cl\/atacama\/reportajes-chile-laboratorio-natural-vuelve-a-tvn-1\/"]}]},{"@type":"ImageObject","inLanguage":"es-CL","@id":"https:\/\/dev.explora.cl\/atacama\/reportajes-chile-laboratorio-natural-vuelve-a-tvn-1\/#primaryimage","url":"","contentUrl":""},{"@type":"BreadcrumbList","@id":"https:\/\/dev.explora.cl\/atacama\/reportajes-chile-laboratorio-natural-vuelve-a-tvn-1\/#breadcrumb","itemListElement":[{"@type":"ListItem","position":1,"name":"Portada","item":"https:\/\/dev.explora.cl\/atacama\/"},{"@type":"ListItem","position":2,"name":"Reportajes \u201cChile: Laboratorio natural\u201d vuelve a TVN"}]},{"@type":"WebSite","@id":"https:\/\/dev.explora.cl\/atacama\/#website","url":"https:\/\/dev.explora.cl\/atacama\/","name":"Atacama","description":"Otro sitio m\u00e1s de dev.explora.cl","potentialAction":[{"@type":"SearchAction","target":{"@type":"EntryPoint","urlTemplate":"https:\/\/dev.explora.cl\/atacama\/?s={search_term_string}"},"query-input":{"@type":"PropertyValueSpecification","valueRequired":true,"valueName":"search_term_string"}}],"inLanguage":"es-CL"},{"@type":"Person","@id":"https:\/\/dev.explora.cl\/atacama\/#\/schema\/person\/cb8349c13ea2d324080adf8480d7ba5d","name":"webman","image":{"@type":"ImageObject","inLanguage":"es-CL","@id":"https:\/\/dev.explora.cl\/atacama\/#\/schema\/person\/image\/","url":"https:\/\/secure.gravatar.com\/avatar\/eeff3c82f2c02f7177d13663b7e6f890e9a6a0647ce9bb29cae02dcb094c7312?s=96&d=mm&r=g","contentUrl":"https:\/\/secure.gravatar.com\/avatar\/eeff3c82f2c02f7177d13663b7e6f890e9a6a0647ce9bb29cae02dcb094c7312?s=96&d=mm&r=g","caption":"webman"},"url":"https:\/\/dev.explora.cl\/atacama\/author\/webman\/"}]}},"_links":{"self":[{"href":"https:\/\/dev.explora.cl\/atacama\/wp-json\/wp\/v2\/posts\/31895","targetHints":{"allow":["GET"]}}],"collection":[{"href":"https:\/\/dev.explora.cl\/atacama\/wp-json\/wp\/v2\/posts"}],"about":[{"href":"https:\/\/dev.explora.cl\/atacama\/wp-json\/wp\/v2\/types\/post"}],"author":[{"embeddable":true,"href":"https:\/\/dev.explora.cl\/atacama\/wp-json\/wp\/v2\/users\/2"}],"replies":[{"embeddable":true,"href":"https:\/\/dev.explora.cl\/atacama\/wp-json\/wp\/v2\/comments?post=31895"}],"version-history":[{"count":1,"href":"https:\/\/dev.explora.cl\/atacama\/wp-json\/wp\/v2\/posts\/31895\/revisions"}],"predecessor-version":[{"id":38072,"href":"https:\/\/dev.explora.cl\/atacama\/wp-json\/wp\/v2\/posts\/31895\/revisions\/38072"}],"wp:featuredmedia":[{"embeddable":true,"href":"https:\/\/dev.explora.cl\/atacama\/wp-json\/"}],"wp:attachment":[{"href":"https:\/\/dev.explora.cl\/atacama\/wp-json\/wp\/v2\/media?parent=31895"}],"wp:term":[{"taxonomy":"category","embeddable":true,"href":"https:\/\/dev.explora.cl\/atacama\/wp-json\/wp\/v2\/categories?post=31895"},{"taxonomy":"post_tag","embeddable":true,"href":"https:\/\/dev.explora.cl\/atacama\/wp-json\/wp\/v2\/tags?post=31895"}],"curies":[{"name":"wp","href":"https:\/\/api.w.org\/{rel}","templated":true}]}}