{"id":31815,"date":"2015-07-29T16:01:58","date_gmt":"2015-07-29T16:01:58","guid":{"rendered":"https:\/\/dev.explora.cl\/atacama\/blog\/2015\/07\/29\/representante-de-explora-conicyt-visito-la-uda-para-iniciar-convenio-2015-e-informar-sobre-los-par-2016\/"},"modified":"2019-05-16T03:36:52","modified_gmt":"2019-05-16T03:36:52","slug":"representante-de-explora-conicyt-visito-la-uda-para-iniciar-convenio-2015-e-informar-sobre-los-par-2016","status":"publish","type":"post","link":"https:\/\/dev.explora.cl\/atacama\/representante-de-explora-conicyt-visito-la-uda-para-iniciar-convenio-2015-e-informar-sobre-los-par-2016\/","title":{"rendered":"Representante de Explora Conicyt visit\u00f3 la UDA para iniciar convenio 2015 e informar sobre los PAR 2016"},"content":{"rendered":"<p><img loading=\"lazy\" decoding=\"async\" class=\" size-full wp-image-13355\" src=\"http:\/\/ec2-34-218-253-251.us-west-2.compute.amazonaws.com\/wp-content\/uploads\/2015\/07\/f8531401ab2945cf501e2cbd3ac51389.jpg\" alt=\"\" width=\"448\" height=\"299\" \/><\/p>\n<p>&nbsp;<\/p>\n<p style=\"text-align: justify\">Concretar el convenio corto de 2015 firmado entre la Universidad de Atacama (UDA) y el programa Explora CONICYT, que comprende el desarrollo del Congreso Regional de la Ciencia y la Semana Nacional de la Ciencia y Tecnolog\u00eda, es uno de los objetivos presentados por Nicol\u00e1s Schneider Err\u00e1zuriz, Coordinador del \u00c1rea de Fortalecimiento Regional para los Proyectos Asociativos Regionales (PAR) de Explora CONICYT, tras visitar la casa de estudios superiores.<\/p>\n<p style=\"text-align: justify\">El otro objetivo es extender una invitaci\u00f3n a la UDA a concursar, durante el segundo semestre de 2015, en los Proyectos Asociativos Regionales (PAR) con una propuesta de trabajo conjunto entre la &nbsp;Facultad de Ciencias Naturales, las unidades acad\u00e9micas y CRIDESAT, a trav\u00e9s de en un s\u00f3lido proyecto.<\/p>\n<p style=\"text-align: justify\">\u201cTenemos el mandato de lograr que estos proyectos se realicen, a nivel regional, en todo Chile; Atacama y dos regiones m\u00e1s no los ten\u00edan, lo que permite el inicio de este convenio corto que tenemos con la UDA, que es nuestro socio en Atacama, y esperamos que la actividad del Congreso Escolar y Semana Nacional de la Ciencia se desarrollen de muy buena manera. Tambi\u00e9n tenemos reuniones con el equipo t\u00e9cnico de trabajo de la Facultad de Ciencias Naturales de la UDA, &nbsp;con la Seremi de Educaci\u00f3n y espero que sea una visita que siente las bases para un excelente desarrollo del convenio en Atacama\u201d, indic\u00f3 Nicol\u00e1s Schneider.<\/p>\n<p style=\"text-align: justify\">Por su parte, el Vicerrector Acad\u00e9mico, Doctor Jorge Valdivia, en su calidad de Rector (s) encabez\u00f3 la reuni\u00f3n que detall\u00f3 de la siguiente manera: \u201cesta visita se condice plenamente con los lineamientos establecidos en el plan de desarrollo estrat\u00e9gico de nuestra Universidad. Adem\u00e1s que permite potenciar el v\u00ednculo de la UDA con el contexto externo, como las instituciones escolares, donde est\u00e1 el potencial intelectual que hay que desarrollar desde la pubertad, de tal manera que esos mismos chicos que empiezan a explorar, conocer y experimentar cuestiones relativas a las ciencias, van a ser los futuros intelectuales que requiere la regi\u00f3n, y que gracias a la UDA podemos desarrollar en pro de todo el beneficio de la sociedad\u201d.<\/p>\n<p style=\"text-align: justify\">Seg\u00fan se\u00f1al\u00f3 Cristian Galaz, Director del convenio de auspicio Explora CONICYT y UDA, \u201ca trav\u00e9s de este convenio entre Explora CONICYT y la Universidad de Atacama vamos a concretar dos importantes l\u00edneas de trabajo para el mundo cient\u00edfico escolar. Se trata del Congreso Regional de Explora en Atacama y la Semana Nacional de la Ciencia, actividades que adem\u00e1s de su importancia en lo que se refiere a valoraci\u00f3n y divulgaci\u00f3n del conocimiento cient\u00edfico, ser\u00e1n la antesala a la presentaci\u00f3n de los Proyectos Asociativos Regionales (PAR) para finales de este a\u00f1o, actividades que le dar\u00e1n mayor viabilidad, en el largo plazo, a \u00e9stas y otras iniciativas\u201d.<\/p>\n<p style=\"text-align: justify\">Por su parte, Claudio Ram\u00edrez, Director de la l\u00ednea \u201cSemana Nacional de la Ciencia y Tecnolog\u00eda\u201d, indic\u00f3 que, \u201ccon este convenio se recompone el lazo entre Explora CONICYT y la UDA, lo que va en directo beneficio de los estudiantes de educaci\u00f3n parvularia, b\u00e1sica y media. En definitiva, estas acciones refuerzan la valoraci\u00f3n y divulgaci\u00f3n de la Ciencia a nivel escolar y permiten que la UDA realice un aporte concreto al desarrollo, fortalecimiento y mejoramiento de la calidad de la educaci\u00f3n en ciencias para los j\u00f3venes de Atacama\u201d.<\/p>\n<p>&nbsp;<\/p>\n","protected":false},"excerpt":{"rendered":"<p>&nbsp; Concretar el convenio corto de 2015 firmado entre la Universidad de Atacama (UDA) y el programa Explora CONICYT, que comprende el desarrollo del Congreso Regional de la Ciencia y la Semana Nacional de la Ciencia y Tecnolog\u00eda, es uno de los objetivos presentados por Nicol\u00e1s Schneider Err\u00e1zuriz, Coordinador del \u00c1rea de Fortalecimiento Regional para [&hellip;]<\/p>\n","protected":false},"author":2,"featured_media":13355,"comment_status":"closed","ping_status":"open","sticky":false,"template":"","format":"standard","meta":{"_acf_changed":false,"_exactmetrics_skip_tracking":false,"_exactmetrics_sitenote_active":false,"_exactmetrics_sitenote_note":"","_exactmetrics_sitenote_category":0,"footnotes":"","_links_to":"","_links_to_target":""},"categories":[4],"tags":[],"class_list":["post-31815","post","type-post","status-publish","format-standard","has-post-thumbnail","hentry","category-noticias"],"acf":[],"yoast_head":"<!-- This site is optimized with the Yoast SEO plugin v26.7 - https:\/\/yoast.com\/wordpress\/plugins\/seo\/ -->\n<title>Representante de Explora Conicyt visit\u00f3 la UDA para iniciar convenio 2015 e informar sobre los PAR 2016 - Atacama<\/title>\n<meta name=\"robots\" content=\"index, follow, max-snippet:-1, max-image-preview:large, max-video-preview:-1\" \/>\n<link rel=\"canonical\" href=\"https:\/\/dev.explora.cl\/atacama\/representante-de-explora-conicyt-visito-la-uda-para-iniciar-convenio-2015-e-informar-sobre-los-par-2016\/\" class=\"yoast-seo-meta-tag\" \/>\n<meta property=\"og:locale\" content=\"es_ES\" class=\"yoast-seo-meta-tag\" \/>\n<meta property=\"og:type\" content=\"article\" class=\"yoast-seo-meta-tag\" \/>\n<meta property=\"og:title\" content=\"Representante de Explora Conicyt visit\u00f3 la UDA para iniciar convenio 2015 e informar sobre los PAR 2016 - Atacama\" class=\"yoast-seo-meta-tag\" \/>\n<meta property=\"og:description\" content=\"&nbsp; Concretar el convenio corto de 2015 firmado entre la Universidad de Atacama (UDA) y el programa Explora CONICYT, que comprende el desarrollo del Congreso Regional de la Ciencia y la Semana Nacional de la Ciencia y Tecnolog\u00eda, es uno de los objetivos presentados por Nicol\u00e1s Schneider Err\u00e1zuriz, Coordinador del \u00c1rea de Fortalecimiento Regional para [&hellip;]\" class=\"yoast-seo-meta-tag\" \/>\n<meta property=\"og:url\" content=\"https:\/\/dev.explora.cl\/atacama\/representante-de-explora-conicyt-visito-la-uda-para-iniciar-convenio-2015-e-informar-sobre-los-par-2016\/\" class=\"yoast-seo-meta-tag\" \/>\n<meta property=\"og:site_name\" content=\"Atacama\" class=\"yoast-seo-meta-tag\" \/>\n<meta property=\"article:published_time\" content=\"2015-07-29T16:01:58+00:00\" class=\"yoast-seo-meta-tag\" \/>\n<meta property=\"article:modified_time\" content=\"2019-05-16T03:36:52+00:00\" class=\"yoast-seo-meta-tag\" \/>\n<meta name=\"author\" content=\"webman\" class=\"yoast-seo-meta-tag\" \/>\n<meta name=\"twitter:card\" content=\"summary_large_image\" class=\"yoast-seo-meta-tag\" \/>\n<meta name=\"twitter:label1\" content=\"Escrito por\" class=\"yoast-seo-meta-tag\" \/>\n\t<meta name=\"twitter:data1\" content=\"webman\" class=\"yoast-seo-meta-tag\" \/>\n\t<meta name=\"twitter:label2\" content=\"Tiempo estimado de lectura\" class=\"yoast-seo-meta-tag\" \/>\n\t<meta name=\"twitter:data2\" content=\"3 minutos\" class=\"yoast-seo-meta-tag\" \/>\n<script type=\"application\/ld+json\" class=\"yoast-schema-graph\">{\"@context\":\"https:\/\/schema.org\",\"@graph\":[{\"@type\":\"Article\",\"@id\":\"https:\/\/dev.explora.cl\/atacama\/representante-de-explora-conicyt-visito-la-uda-para-iniciar-convenio-2015-e-informar-sobre-los-par-2016\/#article\",\"isPartOf\":{\"@id\":\"https:\/\/dev.explora.cl\/atacama\/representante-de-explora-conicyt-visito-la-uda-para-iniciar-convenio-2015-e-informar-sobre-los-par-2016\/\"},\"author\":{\"name\":\"webman\",\"@id\":\"https:\/\/dev.explora.cl\/atacama\/#\/schema\/person\/cb8349c13ea2d324080adf8480d7ba5d\"},\"headline\":\"Representante de Explora Conicyt visit\u00f3 la UDA para iniciar convenio 2015 e informar sobre los PAR 2016\",\"datePublished\":\"2015-07-29T16:01:58+00:00\",\"dateModified\":\"2019-05-16T03:36:52+00:00\",\"mainEntityOfPage\":{\"@id\":\"https:\/\/dev.explora.cl\/atacama\/representante-de-explora-conicyt-visito-la-uda-para-iniciar-convenio-2015-e-informar-sobre-los-par-2016\/\"},\"wordCount\":593,\"image\":{\"@id\":\"https:\/\/dev.explora.cl\/atacama\/representante-de-explora-conicyt-visito-la-uda-para-iniciar-convenio-2015-e-informar-sobre-los-par-2016\/#primaryimage\"},\"thumbnailUrl\":\"\",\"articleSection\":[\"Noticias\"],\"inLanguage\":\"es-CL\"},{\"@type\":\"WebPage\",\"@id\":\"https:\/\/dev.explora.cl\/atacama\/representante-de-explora-conicyt-visito-la-uda-para-iniciar-convenio-2015-e-informar-sobre-los-par-2016\/\",\"url\":\"https:\/\/dev.explora.cl\/atacama\/representante-de-explora-conicyt-visito-la-uda-para-iniciar-convenio-2015-e-informar-sobre-los-par-2016\/\",\"name\":\"Representante de Explora Conicyt visit\u00f3 la UDA para iniciar convenio 2015 e informar sobre los PAR 2016 - Atacama\",\"isPartOf\":{\"@id\":\"https:\/\/dev.explora.cl\/atacama\/#website\"},\"primaryImageOfPage\":{\"@id\":\"https:\/\/dev.explora.cl\/atacama\/representante-de-explora-conicyt-visito-la-uda-para-iniciar-convenio-2015-e-informar-sobre-los-par-2016\/#primaryimage\"},\"image\":{\"@id\":\"https:\/\/dev.explora.cl\/atacama\/representante-de-explora-conicyt-visito-la-uda-para-iniciar-convenio-2015-e-informar-sobre-los-par-2016\/#primaryimage\"},\"thumbnailUrl\":\"\",\"datePublished\":\"2015-07-29T16:01:58+00:00\",\"dateModified\":\"2019-05-16T03:36:52+00:00\",\"author\":{\"@id\":\"https:\/\/dev.explora.cl\/atacama\/#\/schema\/person\/cb8349c13ea2d324080adf8480d7ba5d\"},\"breadcrumb\":{\"@id\":\"https:\/\/dev.explora.cl\/atacama\/representante-de-explora-conicyt-visito-la-uda-para-iniciar-convenio-2015-e-informar-sobre-los-par-2016\/#breadcrumb\"},\"inLanguage\":\"es-CL\",\"potentialAction\":[{\"@type\":\"ReadAction\",\"target\":[\"https:\/\/dev.explora.cl\/atacama\/representante-de-explora-conicyt-visito-la-uda-para-iniciar-convenio-2015-e-informar-sobre-los-par-2016\/\"]}]},{\"@type\":\"ImageObject\",\"inLanguage\":\"es-CL\",\"@id\":\"https:\/\/dev.explora.cl\/atacama\/representante-de-explora-conicyt-visito-la-uda-para-iniciar-convenio-2015-e-informar-sobre-los-par-2016\/#primaryimage\",\"url\":\"\",\"contentUrl\":\"\"},{\"@type\":\"BreadcrumbList\",\"@id\":\"https:\/\/dev.explora.cl\/atacama\/representante-de-explora-conicyt-visito-la-uda-para-iniciar-convenio-2015-e-informar-sobre-los-par-2016\/#breadcrumb\",\"itemListElement\":[{\"@type\":\"ListItem\",\"position\":1,\"name\":\"Portada\",\"item\":\"https:\/\/dev.explora.cl\/atacama\/\"},{\"@type\":\"ListItem\",\"position\":2,\"name\":\"Representante de Explora Conicyt visit\u00f3 la UDA para iniciar convenio 2015 e informar sobre los PAR 2016\"}]},{\"@type\":\"WebSite\",\"@id\":\"https:\/\/dev.explora.cl\/atacama\/#website\",\"url\":\"https:\/\/dev.explora.cl\/atacama\/\",\"name\":\"Atacama\",\"description\":\"Otro sitio m\u00e1s de dev.explora.cl\",\"potentialAction\":[{\"@type\":\"SearchAction\",\"target\":{\"@type\":\"EntryPoint\",\"urlTemplate\":\"https:\/\/dev.explora.cl\/atacama\/?s={search_term_string}\"},\"query-input\":{\"@type\":\"PropertyValueSpecification\",\"valueRequired\":true,\"valueName\":\"search_term_string\"}}],\"inLanguage\":\"es-CL\"},{\"@type\":\"Person\",\"@id\":\"https:\/\/dev.explora.cl\/atacama\/#\/schema\/person\/cb8349c13ea2d324080adf8480d7ba5d\",\"name\":\"webman\",\"image\":{\"@type\":\"ImageObject\",\"inLanguage\":\"es-CL\",\"@id\":\"https:\/\/dev.explora.cl\/atacama\/#\/schema\/person\/image\/\",\"url\":\"https:\/\/secure.gravatar.com\/avatar\/eeff3c82f2c02f7177d13663b7e6f890e9a6a0647ce9bb29cae02dcb094c7312?s=96&d=mm&r=g\",\"contentUrl\":\"https:\/\/secure.gravatar.com\/avatar\/eeff3c82f2c02f7177d13663b7e6f890e9a6a0647ce9bb29cae02dcb094c7312?s=96&d=mm&r=g\",\"caption\":\"webman\"},\"url\":\"https:\/\/dev.explora.cl\/atacama\/author\/webman\/\"}]}<\/script>\n<!-- \/ Yoast SEO plugin. -->","yoast_head_json":{"title":"Representante de Explora Conicyt visit\u00f3 la UDA para iniciar convenio 2015 e informar sobre los PAR 2016 - Atacama","robots":{"index":"index","follow":"follow","max-snippet":"max-snippet:-1","max-image-preview":"max-image-preview:large","max-video-preview":"max-video-preview:-1"},"canonical":"https:\/\/dev.explora.cl\/atacama\/representante-de-explora-conicyt-visito-la-uda-para-iniciar-convenio-2015-e-informar-sobre-los-par-2016\/","og_locale":"es_ES","og_type":"article","og_title":"Representante de Explora Conicyt visit\u00f3 la UDA para iniciar convenio 2015 e informar sobre los PAR 2016 - Atacama","og_description":"&nbsp; Concretar el convenio corto de 2015 firmado entre la Universidad de Atacama (UDA) y el programa Explora CONICYT, que comprende el desarrollo del Congreso Regional de la Ciencia y la Semana Nacional de la Ciencia y Tecnolog\u00eda, es uno de los objetivos presentados por Nicol\u00e1s Schneider Err\u00e1zuriz, Coordinador del \u00c1rea de Fortalecimiento Regional para [&hellip;]","og_url":"https:\/\/dev.explora.cl\/atacama\/representante-de-explora-conicyt-visito-la-uda-para-iniciar-convenio-2015-e-informar-sobre-los-par-2016\/","og_site_name":"Atacama","article_published_time":"2015-07-29T16:01:58+00:00","article_modified_time":"2019-05-16T03:36:52+00:00","author":"webman","twitter_card":"summary_large_image","twitter_misc":{"Escrito por":"webman","Tiempo estimado de lectura":"3 minutos"},"schema":{"@context":"https:\/\/schema.org","@graph":[{"@type":"Article","@id":"https:\/\/dev.explora.cl\/atacama\/representante-de-explora-conicyt-visito-la-uda-para-iniciar-convenio-2015-e-informar-sobre-los-par-2016\/#article","isPartOf":{"@id":"https:\/\/dev.explora.cl\/atacama\/representante-de-explora-conicyt-visito-la-uda-para-iniciar-convenio-2015-e-informar-sobre-los-par-2016\/"},"author":{"name":"webman","@id":"https:\/\/dev.explora.cl\/atacama\/#\/schema\/person\/cb8349c13ea2d324080adf8480d7ba5d"},"headline":"Representante de Explora Conicyt visit\u00f3 la UDA para iniciar convenio 2015 e informar sobre los PAR 2016","datePublished":"2015-07-29T16:01:58+00:00","dateModified":"2019-05-16T03:36:52+00:00","mainEntityOfPage":{"@id":"https:\/\/dev.explora.cl\/atacama\/representante-de-explora-conicyt-visito-la-uda-para-iniciar-convenio-2015-e-informar-sobre-los-par-2016\/"},"wordCount":593,"image":{"@id":"https:\/\/dev.explora.cl\/atacama\/representante-de-explora-conicyt-visito-la-uda-para-iniciar-convenio-2015-e-informar-sobre-los-par-2016\/#primaryimage"},"thumbnailUrl":"","articleSection":["Noticias"],"inLanguage":"es-CL"},{"@type":"WebPage","@id":"https:\/\/dev.explora.cl\/atacama\/representante-de-explora-conicyt-visito-la-uda-para-iniciar-convenio-2015-e-informar-sobre-los-par-2016\/","url":"https:\/\/dev.explora.cl\/atacama\/representante-de-explora-conicyt-visito-la-uda-para-iniciar-convenio-2015-e-informar-sobre-los-par-2016\/","name":"Representante de Explora Conicyt visit\u00f3 la UDA para iniciar convenio 2015 e informar sobre los PAR 2016 - Atacama","isPartOf":{"@id":"https:\/\/dev.explora.cl\/atacama\/#website"},"primaryImageOfPage":{"@id":"https:\/\/dev.explora.cl\/atacama\/representante-de-explora-conicyt-visito-la-uda-para-iniciar-convenio-2015-e-informar-sobre-los-par-2016\/#primaryimage"},"image":{"@id":"https:\/\/dev.explora.cl\/atacama\/representante-de-explora-conicyt-visito-la-uda-para-iniciar-convenio-2015-e-informar-sobre-los-par-2016\/#primaryimage"},"thumbnailUrl":"","datePublished":"2015-07-29T16:01:58+00:00","dateModified":"2019-05-16T03:36:52+00:00","author":{"@id":"https:\/\/dev.explora.cl\/atacama\/#\/schema\/person\/cb8349c13ea2d324080adf8480d7ba5d"},"breadcrumb":{"@id":"https:\/\/dev.explora.cl\/atacama\/representante-de-explora-conicyt-visito-la-uda-para-iniciar-convenio-2015-e-informar-sobre-los-par-2016\/#breadcrumb"},"inLanguage":"es-CL","potentialAction":[{"@type":"ReadAction","target":["https:\/\/dev.explora.cl\/atacama\/representante-de-explora-conicyt-visito-la-uda-para-iniciar-convenio-2015-e-informar-sobre-los-par-2016\/"]}]},{"@type":"ImageObject","inLanguage":"es-CL","@id":"https:\/\/dev.explora.cl\/atacama\/representante-de-explora-conicyt-visito-la-uda-para-iniciar-convenio-2015-e-informar-sobre-los-par-2016\/#primaryimage","url":"","contentUrl":""},{"@type":"BreadcrumbList","@id":"https:\/\/dev.explora.cl\/atacama\/representante-de-explora-conicyt-visito-la-uda-para-iniciar-convenio-2015-e-informar-sobre-los-par-2016\/#breadcrumb","itemListElement":[{"@type":"ListItem","position":1,"name":"Portada","item":"https:\/\/dev.explora.cl\/atacama\/"},{"@type":"ListItem","position":2,"name":"Representante de Explora Conicyt visit\u00f3 la UDA para iniciar convenio 2015 e informar sobre los PAR 2016"}]},{"@type":"WebSite","@id":"https:\/\/dev.explora.cl\/atacama\/#website","url":"https:\/\/dev.explora.cl\/atacama\/","name":"Atacama","description":"Otro sitio m\u00e1s de dev.explora.cl","potentialAction":[{"@type":"SearchAction","target":{"@type":"EntryPoint","urlTemplate":"https:\/\/dev.explora.cl\/atacama\/?s={search_term_string}"},"query-input":{"@type":"PropertyValueSpecification","valueRequired":true,"valueName":"search_term_string"}}],"inLanguage":"es-CL"},{"@type":"Person","@id":"https:\/\/dev.explora.cl\/atacama\/#\/schema\/person\/cb8349c13ea2d324080adf8480d7ba5d","name":"webman","image":{"@type":"ImageObject","inLanguage":"es-CL","@id":"https:\/\/dev.explora.cl\/atacama\/#\/schema\/person\/image\/","url":"https:\/\/secure.gravatar.com\/avatar\/eeff3c82f2c02f7177d13663b7e6f890e9a6a0647ce9bb29cae02dcb094c7312?s=96&d=mm&r=g","contentUrl":"https:\/\/secure.gravatar.com\/avatar\/eeff3c82f2c02f7177d13663b7e6f890e9a6a0647ce9bb29cae02dcb094c7312?s=96&d=mm&r=g","caption":"webman"},"url":"https:\/\/dev.explora.cl\/atacama\/author\/webman\/"}]}},"_links":{"self":[{"href":"https:\/\/dev.explora.cl\/atacama\/wp-json\/wp\/v2\/posts\/31815","targetHints":{"allow":["GET"]}}],"collection":[{"href":"https:\/\/dev.explora.cl\/atacama\/wp-json\/wp\/v2\/posts"}],"about":[{"href":"https:\/\/dev.explora.cl\/atacama\/wp-json\/wp\/v2\/types\/post"}],"author":[{"embeddable":true,"href":"https:\/\/dev.explora.cl\/atacama\/wp-json\/wp\/v2\/users\/2"}],"replies":[{"embeddable":true,"href":"https:\/\/dev.explora.cl\/atacama\/wp-json\/wp\/v2\/comments?post=31815"}],"version-history":[{"count":1,"href":"https:\/\/dev.explora.cl\/atacama\/wp-json\/wp\/v2\/posts\/31815\/revisions"}],"predecessor-version":[{"id":38033,"href":"https:\/\/dev.explora.cl\/atacama\/wp-json\/wp\/v2\/posts\/31815\/revisions\/38033"}],"wp:featuredmedia":[{"embeddable":true,"href":"https:\/\/dev.explora.cl\/atacama\/wp-json\/"}],"wp:attachment":[{"href":"https:\/\/dev.explora.cl\/atacama\/wp-json\/wp\/v2\/media?parent=31815"}],"wp:term":[{"taxonomy":"category","embeddable":true,"href":"https:\/\/dev.explora.cl\/atacama\/wp-json\/wp\/v2\/categories?post=31815"},{"taxonomy":"post_tag","embeddable":true,"href":"https:\/\/dev.explora.cl\/atacama\/wp-json\/wp\/v2\/tags?post=31815"}],"curies":[{"name":"wp","href":"https:\/\/api.w.org\/{rel}","templated":true}]}}