{"id":31811,"date":"2015-07-29T16:27:07","date_gmt":"2015-07-29T16:27:07","guid":{"rendered":"https:\/\/dev.explora.cl\/atacama\/blog\/2015\/07\/29\/comenzaron-los-talleres-de-induccion-para-presentar-proyectos-cientificos-escolares-al-xiii-congreso-regional-escolar-de-ciencia-y-tecnologia-en-atacama\/"},"modified":"2019-05-16T03:36:51","modified_gmt":"2019-05-16T03:36:51","slug":"comenzaron-los-talleres-de-induccion-para-presentar-proyectos-cientificos-escolares-al-xiii-congreso-regional-escolar-de-ciencia-y-tecnologia-en-atacama","status":"publish","type":"post","link":"https:\/\/dev.explora.cl\/atacama\/comenzaron-los-talleres-de-induccion-para-presentar-proyectos-cientificos-escolares-al-xiii-congreso-regional-escolar-de-ciencia-y-tecnologia-en-atacama\/","title":{"rendered":"Comenzaron los talleres de inducci\u00f3n para presentar proyectos cient\u00edficos escolares al XIII Congreso Regional Escolar de Ciencia y Tecnolog\u00eda en Atacama"},"content":{"rendered":"<p><img loading=\"lazy\" decoding=\"async\" class=\" size-full wp-image-13359\" src=\"http:\/\/ec2-34-218-253-251.us-west-2.compute.amazonaws.com\/wp-content\/uploads\/2015\/07\/f2b6de8caff65e8f6acea032936b3367.jpg\" alt=\"\" width=\"1924\" height=\"1443\" \/><\/p>\n<p>&nbsp;<\/p>\n<p style=\"text-align: justify\">Se dio inicio a los talleres de inducci\u00f3n para incentivar a docentes, directores y sostenedores de los establecimientos educacionales de la regi\u00f3n de Atacama a presentar proyectos cient\u00edficos escolares al XIII Congreso Regional Escolar de Ciencia y Tecnolog\u00eda Explora Conicyt y FERECYT UDA \u2013 CSA como parte de la iniciativa Explora Conicyt Atacama que se ejecuta en conjunto con la Universidad de Atacama.<\/p>\n<p style=\"text-align: justify\">Los d\u00edas 9 y 10 de Julio, se realizaron las primeras sesiones en la ciudad de Vallenar y en Copiap\u00f3, con la finalidad de informar sobre las bases del concurso, los formularios y todo el protocolo que hay que cumplir para participar del XIII Congreso Regional Escolar de Ciencia y Tecnolog\u00eda Explora Conicyt y FERECYT UDA &#8211; CSA.<\/p>\n<p style=\"text-align: justify\">En la ciudad de Vallenar concurrieron aproximadamente 25 profesores de la Provincia de Huasco, de establecimientos educacionales p\u00fablicos, particulares subvencionados y privados.<\/p>\n<p style=\"text-align: justify\">En Copiap\u00f3 se realiz\u00f3 el mismo taller, en el que participaron aproximadamente 40 personas, entre profesores y directores de establecimientos educacionales de Cha\u00f1aral y Diego de Almagro, en que se destaca mayormente su inter\u00e9s, debido a las amplias dificultades que han sufrido tras el aluvi\u00f3n del 25 de marzo, tambi\u00e9n asistieron a la cita establecimientos de Caldera y Copiap\u00f3.<\/p>\n<p style=\"text-align: justify\">Cristian Galaz, el Director de la Iniciativa Explora CONICYT Atacama &#8211; Universidad de Atacama se\u00f1al\u00f3 que, \u201ces importante destacar la concurrencia que vino desde Diego de Almagro y Cha\u00f1aral, que esper\u00e1bamos que fuera menor, pero la verdad es que fue bastante m\u00e1s de lo que nosotros esper\u00e1bamos, dadas las condiciones de las ciudades. Por otra parte, la convocatoria estuvo bastante numerosa, si consideramos el contexto de movilizaci\u00f3n que hay en la regi\u00f3n en este minuto. Por otra parte, desde el punto de vista t\u00e9cnico, cada charla se dividi\u00f3 en 2 bloques. El primero ten\u00eda que ver con el contexto de advenimiento de la Iniciativa en la regi\u00f3n de Atacama, de c\u00f3mo se gest\u00f3 el acuerdo y, por otra parte se revisaron las bases de concurso de congreso y los formularios para que los profesores tuvieran una primera aproximaci\u00f3n a los documentos\u201d.<\/p>\n<p style=\"text-align: justify\">El segundo bloque se realiz\u00f3 una inducci\u00f3n al m\u00e9todo cient\u00edfico o a la metodolog\u00eda de investigaci\u00f3n, y se hizo hincapi\u00e9 en los primeros pasos para poder hacer investigaci\u00f3n cient\u00edfica escolar.<\/p>\n<p style=\"text-align: justify\">Para finalizar, Cristian Galaz recalc\u00f3 que esto fue acompa\u00f1ado por la profesora Ana Garc\u00eda que tiene una trayectoria destacada en investigaci\u00f3n cient\u00edfica escolar, tanto a nivel regional como a nivel nacional, puesto que ella ha ganado premios nacionales e internacionales junto a sus estudiantes.<\/p>\n<p>&nbsp;<\/p>\n","protected":false},"excerpt":{"rendered":"<p>&nbsp; Se dio inicio a los talleres de inducci\u00f3n para incentivar a docentes, directores y sostenedores de los establecimientos educacionales de la regi\u00f3n de Atacama a presentar proyectos cient\u00edficos escolares al XIII Congreso Regional Escolar de Ciencia y Tecnolog\u00eda Explora Conicyt y FERECYT UDA \u2013 CSA como parte de la iniciativa Explora Conicyt Atacama que [&hellip;]<\/p>\n","protected":false},"author":2,"featured_media":13359,"comment_status":"closed","ping_status":"open","sticky":false,"template":"","format":"standard","meta":{"_acf_changed":false,"_exactmetrics_skip_tracking":false,"_exactmetrics_sitenote_active":false,"_exactmetrics_sitenote_note":"","_exactmetrics_sitenote_category":0,"footnotes":"","_links_to":"","_links_to_target":""},"categories":[4],"tags":[174],"class_list":["post-31811","post","type-post","status-publish","format-standard","has-post-thumbnail","hentry","category-noticias","tag-taller"],"acf":[],"yoast_head":"<!-- This site is optimized with the Yoast SEO plugin v26.7 - https:\/\/yoast.com\/wordpress\/plugins\/seo\/ -->\n<title>Comenzaron los talleres de inducci\u00f3n para presentar proyectos cient\u00edficos escolares al XIII Congreso Regional Escolar de Ciencia y Tecnolog\u00eda en Atacama - Atacama<\/title>\n<meta name=\"robots\" content=\"index, follow, max-snippet:-1, max-image-preview:large, max-video-preview:-1\" \/>\n<link rel=\"canonical\" href=\"https:\/\/dev.explora.cl\/atacama\/comenzaron-los-talleres-de-induccion-para-presentar-proyectos-cientificos-escolares-al-xiii-congreso-regional-escolar-de-ciencia-y-tecnologia-en-atacama\/\" class=\"yoast-seo-meta-tag\" \/>\n<meta property=\"og:locale\" content=\"es_ES\" class=\"yoast-seo-meta-tag\" \/>\n<meta property=\"og:type\" content=\"article\" class=\"yoast-seo-meta-tag\" \/>\n<meta property=\"og:title\" content=\"Comenzaron los talleres de inducci\u00f3n para presentar proyectos cient\u00edficos escolares al XIII Congreso Regional Escolar de Ciencia y Tecnolog\u00eda en Atacama - Atacama\" class=\"yoast-seo-meta-tag\" \/>\n<meta property=\"og:description\" content=\"&nbsp; Se dio inicio a los talleres de inducci\u00f3n para incentivar a docentes, directores y sostenedores de los establecimientos educacionales de la regi\u00f3n de Atacama a presentar proyectos cient\u00edficos escolares al XIII Congreso Regional Escolar de Ciencia y Tecnolog\u00eda Explora Conicyt y FERECYT UDA \u2013 CSA como parte de la iniciativa Explora Conicyt Atacama que [&hellip;]\" class=\"yoast-seo-meta-tag\" \/>\n<meta property=\"og:url\" content=\"https:\/\/dev.explora.cl\/atacama\/comenzaron-los-talleres-de-induccion-para-presentar-proyectos-cientificos-escolares-al-xiii-congreso-regional-escolar-de-ciencia-y-tecnologia-en-atacama\/\" class=\"yoast-seo-meta-tag\" \/>\n<meta property=\"og:site_name\" content=\"Atacama\" class=\"yoast-seo-meta-tag\" \/>\n<meta property=\"article:published_time\" content=\"2015-07-29T16:27:07+00:00\" class=\"yoast-seo-meta-tag\" \/>\n<meta property=\"article:modified_time\" content=\"2019-05-16T03:36:51+00:00\" class=\"yoast-seo-meta-tag\" \/>\n<meta name=\"author\" content=\"webman\" class=\"yoast-seo-meta-tag\" \/>\n<meta name=\"twitter:card\" content=\"summary_large_image\" class=\"yoast-seo-meta-tag\" \/>\n<meta name=\"twitter:label1\" content=\"Escrito por\" class=\"yoast-seo-meta-tag\" \/>\n\t<meta name=\"twitter:data1\" content=\"webman\" class=\"yoast-seo-meta-tag\" \/>\n\t<meta name=\"twitter:label2\" content=\"Tiempo estimado de lectura\" class=\"yoast-seo-meta-tag\" \/>\n\t<meta name=\"twitter:data2\" content=\"2 minutos\" class=\"yoast-seo-meta-tag\" \/>\n<script type=\"application\/ld+json\" class=\"yoast-schema-graph\">{\"@context\":\"https:\/\/schema.org\",\"@graph\":[{\"@type\":\"Article\",\"@id\":\"https:\/\/dev.explora.cl\/atacama\/comenzaron-los-talleres-de-induccion-para-presentar-proyectos-cientificos-escolares-al-xiii-congreso-regional-escolar-de-ciencia-y-tecnologia-en-atacama\/#article\",\"isPartOf\":{\"@id\":\"https:\/\/dev.explora.cl\/atacama\/comenzaron-los-talleres-de-induccion-para-presentar-proyectos-cientificos-escolares-al-xiii-congreso-regional-escolar-de-ciencia-y-tecnologia-en-atacama\/\"},\"author\":{\"name\":\"webman\",\"@id\":\"https:\/\/dev.explora.cl\/atacama\/#\/schema\/person\/cb8349c13ea2d324080adf8480d7ba5d\"},\"headline\":\"Comenzaron los talleres de inducci\u00f3n para presentar proyectos cient\u00edficos escolares al XIII Congreso Regional Escolar de Ciencia y Tecnolog\u00eda en Atacama\",\"datePublished\":\"2015-07-29T16:27:07+00:00\",\"dateModified\":\"2019-05-16T03:36:51+00:00\",\"mainEntityOfPage\":{\"@id\":\"https:\/\/dev.explora.cl\/atacama\/comenzaron-los-talleres-de-induccion-para-presentar-proyectos-cientificos-escolares-al-xiii-congreso-regional-escolar-de-ciencia-y-tecnologia-en-atacama\/\"},\"wordCount\":470,\"image\":{\"@id\":\"https:\/\/dev.explora.cl\/atacama\/comenzaron-los-talleres-de-induccion-para-presentar-proyectos-cientificos-escolares-al-xiii-congreso-regional-escolar-de-ciencia-y-tecnologia-en-atacama\/#primaryimage\"},\"thumbnailUrl\":\"\",\"keywords\":[\"taller\"],\"articleSection\":[\"Noticias\"],\"inLanguage\":\"es-CL\"},{\"@type\":\"WebPage\",\"@id\":\"https:\/\/dev.explora.cl\/atacama\/comenzaron-los-talleres-de-induccion-para-presentar-proyectos-cientificos-escolares-al-xiii-congreso-regional-escolar-de-ciencia-y-tecnologia-en-atacama\/\",\"url\":\"https:\/\/dev.explora.cl\/atacama\/comenzaron-los-talleres-de-induccion-para-presentar-proyectos-cientificos-escolares-al-xiii-congreso-regional-escolar-de-ciencia-y-tecnologia-en-atacama\/\",\"name\":\"Comenzaron los talleres de inducci\u00f3n para presentar proyectos cient\u00edficos escolares al XIII Congreso Regional Escolar de Ciencia y Tecnolog\u00eda en Atacama - Atacama\",\"isPartOf\":{\"@id\":\"https:\/\/dev.explora.cl\/atacama\/#website\"},\"primaryImageOfPage\":{\"@id\":\"https:\/\/dev.explora.cl\/atacama\/comenzaron-los-talleres-de-induccion-para-presentar-proyectos-cientificos-escolares-al-xiii-congreso-regional-escolar-de-ciencia-y-tecnologia-en-atacama\/#primaryimage\"},\"image\":{\"@id\":\"https:\/\/dev.explora.cl\/atacama\/comenzaron-los-talleres-de-induccion-para-presentar-proyectos-cientificos-escolares-al-xiii-congreso-regional-escolar-de-ciencia-y-tecnologia-en-atacama\/#primaryimage\"},\"thumbnailUrl\":\"\",\"datePublished\":\"2015-07-29T16:27:07+00:00\",\"dateModified\":\"2019-05-16T03:36:51+00:00\",\"author\":{\"@id\":\"https:\/\/dev.explora.cl\/atacama\/#\/schema\/person\/cb8349c13ea2d324080adf8480d7ba5d\"},\"breadcrumb\":{\"@id\":\"https:\/\/dev.explora.cl\/atacama\/comenzaron-los-talleres-de-induccion-para-presentar-proyectos-cientificos-escolares-al-xiii-congreso-regional-escolar-de-ciencia-y-tecnologia-en-atacama\/#breadcrumb\"},\"inLanguage\":\"es-CL\",\"potentialAction\":[{\"@type\":\"ReadAction\",\"target\":[\"https:\/\/dev.explora.cl\/atacama\/comenzaron-los-talleres-de-induccion-para-presentar-proyectos-cientificos-escolares-al-xiii-congreso-regional-escolar-de-ciencia-y-tecnologia-en-atacama\/\"]}]},{\"@type\":\"ImageObject\",\"inLanguage\":\"es-CL\",\"@id\":\"https:\/\/dev.explora.cl\/atacama\/comenzaron-los-talleres-de-induccion-para-presentar-proyectos-cientificos-escolares-al-xiii-congreso-regional-escolar-de-ciencia-y-tecnologia-en-atacama\/#primaryimage\",\"url\":\"\",\"contentUrl\":\"\"},{\"@type\":\"BreadcrumbList\",\"@id\":\"https:\/\/dev.explora.cl\/atacama\/comenzaron-los-talleres-de-induccion-para-presentar-proyectos-cientificos-escolares-al-xiii-congreso-regional-escolar-de-ciencia-y-tecnologia-en-atacama\/#breadcrumb\",\"itemListElement\":[{\"@type\":\"ListItem\",\"position\":1,\"name\":\"Portada\",\"item\":\"https:\/\/dev.explora.cl\/atacama\/\"},{\"@type\":\"ListItem\",\"position\":2,\"name\":\"Comenzaron los talleres de inducci\u00f3n para presentar proyectos cient\u00edficos escolares al XIII Congreso Regional Escolar de Ciencia y Tecnolog\u00eda en Atacama\"}]},{\"@type\":\"WebSite\",\"@id\":\"https:\/\/dev.explora.cl\/atacama\/#website\",\"url\":\"https:\/\/dev.explora.cl\/atacama\/\",\"name\":\"Atacama\",\"description\":\"Otro sitio m\u00e1s de dev.explora.cl\",\"potentialAction\":[{\"@type\":\"SearchAction\",\"target\":{\"@type\":\"EntryPoint\",\"urlTemplate\":\"https:\/\/dev.explora.cl\/atacama\/?s={search_term_string}\"},\"query-input\":{\"@type\":\"PropertyValueSpecification\",\"valueRequired\":true,\"valueName\":\"search_term_string\"}}],\"inLanguage\":\"es-CL\"},{\"@type\":\"Person\",\"@id\":\"https:\/\/dev.explora.cl\/atacama\/#\/schema\/person\/cb8349c13ea2d324080adf8480d7ba5d\",\"name\":\"webman\",\"image\":{\"@type\":\"ImageObject\",\"inLanguage\":\"es-CL\",\"@id\":\"https:\/\/dev.explora.cl\/atacama\/#\/schema\/person\/image\/\",\"url\":\"https:\/\/secure.gravatar.com\/avatar\/eeff3c82f2c02f7177d13663b7e6f890e9a6a0647ce9bb29cae02dcb094c7312?s=96&d=mm&r=g\",\"contentUrl\":\"https:\/\/secure.gravatar.com\/avatar\/eeff3c82f2c02f7177d13663b7e6f890e9a6a0647ce9bb29cae02dcb094c7312?s=96&d=mm&r=g\",\"caption\":\"webman\"},\"url\":\"https:\/\/dev.explora.cl\/atacama\/author\/webman\/\"}]}<\/script>\n<!-- \/ Yoast SEO plugin. -->","yoast_head_json":{"title":"Comenzaron los talleres de inducci\u00f3n para presentar proyectos cient\u00edficos escolares al XIII Congreso Regional Escolar de Ciencia y Tecnolog\u00eda en Atacama - Atacama","robots":{"index":"index","follow":"follow","max-snippet":"max-snippet:-1","max-image-preview":"max-image-preview:large","max-video-preview":"max-video-preview:-1"},"canonical":"https:\/\/dev.explora.cl\/atacama\/comenzaron-los-talleres-de-induccion-para-presentar-proyectos-cientificos-escolares-al-xiii-congreso-regional-escolar-de-ciencia-y-tecnologia-en-atacama\/","og_locale":"es_ES","og_type":"article","og_title":"Comenzaron los talleres de inducci\u00f3n para presentar proyectos cient\u00edficos escolares al XIII Congreso Regional Escolar de Ciencia y Tecnolog\u00eda en Atacama - Atacama","og_description":"&nbsp; Se dio inicio a los talleres de inducci\u00f3n para incentivar a docentes, directores y sostenedores de los establecimientos educacionales de la regi\u00f3n de Atacama a presentar proyectos cient\u00edficos escolares al XIII Congreso Regional Escolar de Ciencia y Tecnolog\u00eda Explora Conicyt y FERECYT UDA \u2013 CSA como parte de la iniciativa Explora Conicyt Atacama que [&hellip;]","og_url":"https:\/\/dev.explora.cl\/atacama\/comenzaron-los-talleres-de-induccion-para-presentar-proyectos-cientificos-escolares-al-xiii-congreso-regional-escolar-de-ciencia-y-tecnologia-en-atacama\/","og_site_name":"Atacama","article_published_time":"2015-07-29T16:27:07+00:00","article_modified_time":"2019-05-16T03:36:51+00:00","author":"webman","twitter_card":"summary_large_image","twitter_misc":{"Escrito por":"webman","Tiempo estimado de lectura":"2 minutos"},"schema":{"@context":"https:\/\/schema.org","@graph":[{"@type":"Article","@id":"https:\/\/dev.explora.cl\/atacama\/comenzaron-los-talleres-de-induccion-para-presentar-proyectos-cientificos-escolares-al-xiii-congreso-regional-escolar-de-ciencia-y-tecnologia-en-atacama\/#article","isPartOf":{"@id":"https:\/\/dev.explora.cl\/atacama\/comenzaron-los-talleres-de-induccion-para-presentar-proyectos-cientificos-escolares-al-xiii-congreso-regional-escolar-de-ciencia-y-tecnologia-en-atacama\/"},"author":{"name":"webman","@id":"https:\/\/dev.explora.cl\/atacama\/#\/schema\/person\/cb8349c13ea2d324080adf8480d7ba5d"},"headline":"Comenzaron los talleres de inducci\u00f3n para presentar proyectos cient\u00edficos escolares al XIII Congreso Regional Escolar de Ciencia y Tecnolog\u00eda en Atacama","datePublished":"2015-07-29T16:27:07+00:00","dateModified":"2019-05-16T03:36:51+00:00","mainEntityOfPage":{"@id":"https:\/\/dev.explora.cl\/atacama\/comenzaron-los-talleres-de-induccion-para-presentar-proyectos-cientificos-escolares-al-xiii-congreso-regional-escolar-de-ciencia-y-tecnologia-en-atacama\/"},"wordCount":470,"image":{"@id":"https:\/\/dev.explora.cl\/atacama\/comenzaron-los-talleres-de-induccion-para-presentar-proyectos-cientificos-escolares-al-xiii-congreso-regional-escolar-de-ciencia-y-tecnologia-en-atacama\/#primaryimage"},"thumbnailUrl":"","keywords":["taller"],"articleSection":["Noticias"],"inLanguage":"es-CL"},{"@type":"WebPage","@id":"https:\/\/dev.explora.cl\/atacama\/comenzaron-los-talleres-de-induccion-para-presentar-proyectos-cientificos-escolares-al-xiii-congreso-regional-escolar-de-ciencia-y-tecnologia-en-atacama\/","url":"https:\/\/dev.explora.cl\/atacama\/comenzaron-los-talleres-de-induccion-para-presentar-proyectos-cientificos-escolares-al-xiii-congreso-regional-escolar-de-ciencia-y-tecnologia-en-atacama\/","name":"Comenzaron los talleres de inducci\u00f3n para presentar proyectos cient\u00edficos escolares al XIII Congreso Regional Escolar de Ciencia y Tecnolog\u00eda en Atacama - Atacama","isPartOf":{"@id":"https:\/\/dev.explora.cl\/atacama\/#website"},"primaryImageOfPage":{"@id":"https:\/\/dev.explora.cl\/atacama\/comenzaron-los-talleres-de-induccion-para-presentar-proyectos-cientificos-escolares-al-xiii-congreso-regional-escolar-de-ciencia-y-tecnologia-en-atacama\/#primaryimage"},"image":{"@id":"https:\/\/dev.explora.cl\/atacama\/comenzaron-los-talleres-de-induccion-para-presentar-proyectos-cientificos-escolares-al-xiii-congreso-regional-escolar-de-ciencia-y-tecnologia-en-atacama\/#primaryimage"},"thumbnailUrl":"","datePublished":"2015-07-29T16:27:07+00:00","dateModified":"2019-05-16T03:36:51+00:00","author":{"@id":"https:\/\/dev.explora.cl\/atacama\/#\/schema\/person\/cb8349c13ea2d324080adf8480d7ba5d"},"breadcrumb":{"@id":"https:\/\/dev.explora.cl\/atacama\/comenzaron-los-talleres-de-induccion-para-presentar-proyectos-cientificos-escolares-al-xiii-congreso-regional-escolar-de-ciencia-y-tecnologia-en-atacama\/#breadcrumb"},"inLanguage":"es-CL","potentialAction":[{"@type":"ReadAction","target":["https:\/\/dev.explora.cl\/atacama\/comenzaron-los-talleres-de-induccion-para-presentar-proyectos-cientificos-escolares-al-xiii-congreso-regional-escolar-de-ciencia-y-tecnologia-en-atacama\/"]}]},{"@type":"ImageObject","inLanguage":"es-CL","@id":"https:\/\/dev.explora.cl\/atacama\/comenzaron-los-talleres-de-induccion-para-presentar-proyectos-cientificos-escolares-al-xiii-congreso-regional-escolar-de-ciencia-y-tecnologia-en-atacama\/#primaryimage","url":"","contentUrl":""},{"@type":"BreadcrumbList","@id":"https:\/\/dev.explora.cl\/atacama\/comenzaron-los-talleres-de-induccion-para-presentar-proyectos-cientificos-escolares-al-xiii-congreso-regional-escolar-de-ciencia-y-tecnologia-en-atacama\/#breadcrumb","itemListElement":[{"@type":"ListItem","position":1,"name":"Portada","item":"https:\/\/dev.explora.cl\/atacama\/"},{"@type":"ListItem","position":2,"name":"Comenzaron los talleres de inducci\u00f3n para presentar proyectos cient\u00edficos escolares al XIII Congreso Regional Escolar de Ciencia y Tecnolog\u00eda en Atacama"}]},{"@type":"WebSite","@id":"https:\/\/dev.explora.cl\/atacama\/#website","url":"https:\/\/dev.explora.cl\/atacama\/","name":"Atacama","description":"Otro sitio m\u00e1s de dev.explora.cl","potentialAction":[{"@type":"SearchAction","target":{"@type":"EntryPoint","urlTemplate":"https:\/\/dev.explora.cl\/atacama\/?s={search_term_string}"},"query-input":{"@type":"PropertyValueSpecification","valueRequired":true,"valueName":"search_term_string"}}],"inLanguage":"es-CL"},{"@type":"Person","@id":"https:\/\/dev.explora.cl\/atacama\/#\/schema\/person\/cb8349c13ea2d324080adf8480d7ba5d","name":"webman","image":{"@type":"ImageObject","inLanguage":"es-CL","@id":"https:\/\/dev.explora.cl\/atacama\/#\/schema\/person\/image\/","url":"https:\/\/secure.gravatar.com\/avatar\/eeff3c82f2c02f7177d13663b7e6f890e9a6a0647ce9bb29cae02dcb094c7312?s=96&d=mm&r=g","contentUrl":"https:\/\/secure.gravatar.com\/avatar\/eeff3c82f2c02f7177d13663b7e6f890e9a6a0647ce9bb29cae02dcb094c7312?s=96&d=mm&r=g","caption":"webman"},"url":"https:\/\/dev.explora.cl\/atacama\/author\/webman\/"}]}},"_links":{"self":[{"href":"https:\/\/dev.explora.cl\/atacama\/wp-json\/wp\/v2\/posts\/31811","targetHints":{"allow":["GET"]}}],"collection":[{"href":"https:\/\/dev.explora.cl\/atacama\/wp-json\/wp\/v2\/posts"}],"about":[{"href":"https:\/\/dev.explora.cl\/atacama\/wp-json\/wp\/v2\/types\/post"}],"author":[{"embeddable":true,"href":"https:\/\/dev.explora.cl\/atacama\/wp-json\/wp\/v2\/users\/2"}],"replies":[{"embeddable":true,"href":"https:\/\/dev.explora.cl\/atacama\/wp-json\/wp\/v2\/comments?post=31811"}],"version-history":[{"count":1,"href":"https:\/\/dev.explora.cl\/atacama\/wp-json\/wp\/v2\/posts\/31811\/revisions"}],"predecessor-version":[{"id":38031,"href":"https:\/\/dev.explora.cl\/atacama\/wp-json\/wp\/v2\/posts\/31811\/revisions\/38031"}],"wp:featuredmedia":[{"embeddable":true,"href":"https:\/\/dev.explora.cl\/atacama\/wp-json\/"}],"wp:attachment":[{"href":"https:\/\/dev.explora.cl\/atacama\/wp-json\/wp\/v2\/media?parent=31811"}],"wp:term":[{"taxonomy":"category","embeddable":true,"href":"https:\/\/dev.explora.cl\/atacama\/wp-json\/wp\/v2\/categories?post=31811"},{"taxonomy":"post_tag","embeddable":true,"href":"https:\/\/dev.explora.cl\/atacama\/wp-json\/wp\/v2\/tags?post=31811"}],"curies":[{"name":"wp","href":"https:\/\/api.w.org\/{rel}","templated":true}]}}