{"id":31805,"date":"2015-08-06T15:52:50","date_gmt":"2015-08-06T15:52:50","guid":{"rendered":"https:\/\/dev.explora.cl\/atacama\/blog\/2015\/08\/06\/daem-de-copiapo-visito-facultad-de-ciencias-naturales-uda-para-iniciar-acuerdos\/"},"modified":"2019-05-16T03:36:50","modified_gmt":"2019-05-16T03:36:50","slug":"daem-de-copiapo-visito-facultad-de-ciencias-naturales-uda-para-iniciar-acuerdos","status":"publish","type":"post","link":"https:\/\/dev.explora.cl\/atacama\/daem-de-copiapo-visito-facultad-de-ciencias-naturales-uda-para-iniciar-acuerdos\/","title":{"rendered":"DAEM de Copiap\u00f3 visit\u00f3 Facultad de Ciencias Naturales UDA para iniciar acuerdos"},"content":{"rendered":"<p><img loading=\"lazy\" decoding=\"async\" class=\" size-full wp-image-13592\" src=\"http:\/\/ec2-34-218-253-251.us-west-2.compute.amazonaws.com\/wp-content\/uploads\/2015\/08\/e5839fb1c37d21e74877e07b06185241.jpg\" alt=\"\" width=\"1024\" height=\"657\" \/><\/p>\n<p style=\"text-align: justify\">Directora del Departamento de Administraci\u00f3n de Educaci\u00f3n Municipal (DAEM) de Copiap\u00f3, visit\u00f3 las dependencias de la Facultad de Ciencias Naturales de la Universidad de Atacama (UDA) el pasado jueves, para coordinar jornadas de colaboraci\u00f3n con la casa de estudios superiores con vista a implementar las acciones de la l\u00ednea Semana Nacional de la Ciencia y la Tecnolog\u00eda (SNCYT), que en conjunto con la l\u00ednea Congreso Regional Escolar Explora CONICYT (CRECYT) y la Feria Escolar de Ciencia y Tecnolog\u00eda (FERECYT) en convenio con la UDA y el Colegio San Agust\u00edn Atacama (CSA) permitir\u00e1n estrechar los lazos de los establecimientos de educaci\u00f3n media y b\u00e1sica con la Universidad estatal.<br \/>Nayadeth Vel\u00e1squez Urrutia, la Directora del Departamento de Administraci\u00f3n de Educaci\u00f3n Municipal de Copiap\u00f3, consider\u00f3 que la propuesta del convenio, \u201ces una gran iniciativa que nos va a permitir hacer un trabajo conjunto con la universidad regional y estatal que tenemos dentro de nuestra regi\u00f3n, la UDA, lo que nos permite adem\u00e1s, poder estrechar estos lazos, que el municipio hace mucho tiempo est\u00e1 tratando de establecer en beneficio de la educaci\u00f3n p\u00fablica y especialmente del desarrollo de habilidades y destrezas cient\u00edficas en nuestros alumnos\u201d.<br \/>Ren\u00e9 Maurelia, Decano de la Facultad de Ciencias Naturales de la UDA, se\u00f1al\u00f3 que \u201cestamos en una l\u00ednea de colaboraci\u00f3n en que hay unos ejes de acci\u00f3n conjunta que apuntan a aumentar la valoraci\u00f3n y divulgaci\u00f3n de las ciencias en el mundo escolar y de ense\u00f1anza media, para buscar talentos cient\u00edficos, como tambi\u00e9n de la misma manera, considerar algunos establecimientos o algunos lugares geogr\u00e1ficos de mayor vulnerabilidad para brindar el apoyo que puedan necesitar, establecer contacto con ellos, que conozcan nuestra universidad y nuestras carreras.\u201d. Agreg\u00f3 que, \u201ctambi\u00e9n tenemos una l\u00ednea de trabajo con profesores de aula para intercambiar impresiones, ver nuevas formas de impartir disciplina cient\u00edfica, digamos que pudi\u00e9ramos compartir con ellos en base a algunos estudios que hemos hecho nosotros, dentro de la universidad. Y en particular tambi\u00e9n invitarlos a todos ellos a participar en el proyecto regional de Explora CONICYT, en lo que se refiere a la Semana Nacional de la Ciencia y la Tecnolog\u00eda y tambi\u00e9n al Congreso Regional Escolar de la Ciencia y la Tecnolog\u00eda\u201d.<br \/>Claudio Ram\u00edrez, Director de la l\u00ednea Semana Nacional de la Ciencia y la Tecnolog\u00eda para Atacama, destac\u00f3 que \u201cesta alianza entre la Facultad de Ciencias Naturales, y los DAEM de toda la regi\u00f3n y en especial con la DAEM de Copiap\u00f3, nos permite tener una mirada de futuro con respecto al trabajo educativo que podemos hacer como universidad. El haber propuesto la Iniciativa EXPLORA CONICYT- UDA nos genera las condiciones para desarrollar la ciencia escolar junto con los docentes de educaci\u00f3n Media, B\u00e1sica y Parvularia, y a trav\u00e9s de la iniciativa, desarrollar una suerte de comunidad de aprendizaje, en la cual junto con los profesores del mundo escolar podamos discutir e incorporar innovaciones al aula en la regi\u00f3n de Atacama\u201d.<br \/>Con este acuerdo con DAEM Copiap\u00f3, compromete la participaci\u00f3n de los 36 directores de los colegios y escuelas de la comuna, en una sesi\u00f3n donde expondr\u00e1n el Director de la Iniciativa Explora CONICYT Atacama, Cristi\u00e1n Galaz; el Director de la l\u00ednea SNCYT Claudio Ram\u00edrez, y parte de su equipo de trabajo.<\/p>\n","protected":false},"excerpt":{"rendered":"<p>Directora del Departamento de Administraci\u00f3n de Educaci\u00f3n Municipal (DAEM) de Copiap\u00f3, visit\u00f3 las dependencias de la Facultad de Ciencias Naturales de la Universidad de Atacama (UDA) el pasado jueves, para coordinar jornadas de colaboraci\u00f3n con la casa de estudios superiores con vista a implementar las acciones de la l\u00ednea Semana Nacional de la Ciencia y [&hellip;]<\/p>\n","protected":false},"author":2,"featured_media":13592,"comment_status":"closed","ping_status":"open","sticky":false,"template":"","format":"standard","meta":{"_acf_changed":false,"_exactmetrics_skip_tracking":false,"_exactmetrics_sitenote_active":false,"_exactmetrics_sitenote_note":"","_exactmetrics_sitenote_category":0,"footnotes":"","_links_to":"","_links_to_target":""},"categories":[4],"tags":[172],"class_list":["post-31805","post","type-post","status-publish","format-standard","has-post-thumbnail","hentry","category-noticias","tag-visita-terreno"],"acf":[],"yoast_head":"<!-- This site is optimized with the Yoast SEO plugin v26.7 - https:\/\/yoast.com\/wordpress\/plugins\/seo\/ -->\n<title>DAEM de Copiap\u00f3 visit\u00f3 Facultad de Ciencias Naturales UDA para iniciar acuerdos - Atacama<\/title>\n<meta name=\"robots\" content=\"index, follow, max-snippet:-1, max-image-preview:large, max-video-preview:-1\" \/>\n<link rel=\"canonical\" href=\"https:\/\/dev.explora.cl\/atacama\/daem-de-copiapo-visito-facultad-de-ciencias-naturales-uda-para-iniciar-acuerdos\/\" class=\"yoast-seo-meta-tag\" \/>\n<meta property=\"og:locale\" content=\"es_ES\" class=\"yoast-seo-meta-tag\" \/>\n<meta property=\"og:type\" content=\"article\" class=\"yoast-seo-meta-tag\" \/>\n<meta property=\"og:title\" content=\"DAEM de Copiap\u00f3 visit\u00f3 Facultad de Ciencias Naturales UDA para iniciar acuerdos - Atacama\" class=\"yoast-seo-meta-tag\" \/>\n<meta property=\"og:description\" content=\"Directora del Departamento de Administraci\u00f3n de Educaci\u00f3n Municipal (DAEM) de Copiap\u00f3, visit\u00f3 las dependencias de la Facultad de Ciencias Naturales de la Universidad de Atacama (UDA) el pasado jueves, para coordinar jornadas de colaboraci\u00f3n con la casa de estudios superiores con vista a implementar las acciones de la l\u00ednea Semana Nacional de la Ciencia y [&hellip;]\" class=\"yoast-seo-meta-tag\" \/>\n<meta property=\"og:url\" content=\"https:\/\/dev.explora.cl\/atacama\/daem-de-copiapo-visito-facultad-de-ciencias-naturales-uda-para-iniciar-acuerdos\/\" class=\"yoast-seo-meta-tag\" \/>\n<meta property=\"og:site_name\" content=\"Atacama\" class=\"yoast-seo-meta-tag\" \/>\n<meta property=\"article:published_time\" content=\"2015-08-06T15:52:50+00:00\" class=\"yoast-seo-meta-tag\" \/>\n<meta property=\"article:modified_time\" content=\"2019-05-16T03:36:50+00:00\" class=\"yoast-seo-meta-tag\" \/>\n<meta name=\"author\" content=\"webman\" class=\"yoast-seo-meta-tag\" \/>\n<meta name=\"twitter:card\" content=\"summary_large_image\" class=\"yoast-seo-meta-tag\" \/>\n<meta name=\"twitter:label1\" content=\"Escrito por\" class=\"yoast-seo-meta-tag\" \/>\n\t<meta name=\"twitter:data1\" content=\"webman\" class=\"yoast-seo-meta-tag\" \/>\n\t<meta name=\"twitter:label2\" content=\"Tiempo estimado de lectura\" class=\"yoast-seo-meta-tag\" \/>\n\t<meta name=\"twitter:data2\" content=\"3 minutos\" class=\"yoast-seo-meta-tag\" \/>\n<script type=\"application\/ld+json\" class=\"yoast-schema-graph\">{\"@context\":\"https:\/\/schema.org\",\"@graph\":[{\"@type\":\"Article\",\"@id\":\"https:\/\/dev.explora.cl\/atacama\/daem-de-copiapo-visito-facultad-de-ciencias-naturales-uda-para-iniciar-acuerdos\/#article\",\"isPartOf\":{\"@id\":\"https:\/\/dev.explora.cl\/atacama\/daem-de-copiapo-visito-facultad-de-ciencias-naturales-uda-para-iniciar-acuerdos\/\"},\"author\":{\"name\":\"webman\",\"@id\":\"https:\/\/dev.explora.cl\/atacama\/#\/schema\/person\/cb8349c13ea2d324080adf8480d7ba5d\"},\"headline\":\"DAEM de Copiap\u00f3 visit\u00f3 Facultad de Ciencias Naturales UDA para iniciar acuerdos\",\"datePublished\":\"2015-08-06T15:52:50+00:00\",\"dateModified\":\"2019-05-16T03:36:50+00:00\",\"mainEntityOfPage\":{\"@id\":\"https:\/\/dev.explora.cl\/atacama\/daem-de-copiapo-visito-facultad-de-ciencias-naturales-uda-para-iniciar-acuerdos\/\"},\"wordCount\":594,\"image\":{\"@id\":\"https:\/\/dev.explora.cl\/atacama\/daem-de-copiapo-visito-facultad-de-ciencias-naturales-uda-para-iniciar-acuerdos\/#primaryimage\"},\"thumbnailUrl\":\"\",\"keywords\":[\"visita terreno\"],\"articleSection\":[\"Noticias\"],\"inLanguage\":\"es-CL\"},{\"@type\":\"WebPage\",\"@id\":\"https:\/\/dev.explora.cl\/atacama\/daem-de-copiapo-visito-facultad-de-ciencias-naturales-uda-para-iniciar-acuerdos\/\",\"url\":\"https:\/\/dev.explora.cl\/atacama\/daem-de-copiapo-visito-facultad-de-ciencias-naturales-uda-para-iniciar-acuerdos\/\",\"name\":\"DAEM de Copiap\u00f3 visit\u00f3 Facultad de Ciencias Naturales UDA para iniciar acuerdos - Atacama\",\"isPartOf\":{\"@id\":\"https:\/\/dev.explora.cl\/atacama\/#website\"},\"primaryImageOfPage\":{\"@id\":\"https:\/\/dev.explora.cl\/atacama\/daem-de-copiapo-visito-facultad-de-ciencias-naturales-uda-para-iniciar-acuerdos\/#primaryimage\"},\"image\":{\"@id\":\"https:\/\/dev.explora.cl\/atacama\/daem-de-copiapo-visito-facultad-de-ciencias-naturales-uda-para-iniciar-acuerdos\/#primaryimage\"},\"thumbnailUrl\":\"\",\"datePublished\":\"2015-08-06T15:52:50+00:00\",\"dateModified\":\"2019-05-16T03:36:50+00:00\",\"author\":{\"@id\":\"https:\/\/dev.explora.cl\/atacama\/#\/schema\/person\/cb8349c13ea2d324080adf8480d7ba5d\"},\"breadcrumb\":{\"@id\":\"https:\/\/dev.explora.cl\/atacama\/daem-de-copiapo-visito-facultad-de-ciencias-naturales-uda-para-iniciar-acuerdos\/#breadcrumb\"},\"inLanguage\":\"es-CL\",\"potentialAction\":[{\"@type\":\"ReadAction\",\"target\":[\"https:\/\/dev.explora.cl\/atacama\/daem-de-copiapo-visito-facultad-de-ciencias-naturales-uda-para-iniciar-acuerdos\/\"]}]},{\"@type\":\"ImageObject\",\"inLanguage\":\"es-CL\",\"@id\":\"https:\/\/dev.explora.cl\/atacama\/daem-de-copiapo-visito-facultad-de-ciencias-naturales-uda-para-iniciar-acuerdos\/#primaryimage\",\"url\":\"\",\"contentUrl\":\"\"},{\"@type\":\"BreadcrumbList\",\"@id\":\"https:\/\/dev.explora.cl\/atacama\/daem-de-copiapo-visito-facultad-de-ciencias-naturales-uda-para-iniciar-acuerdos\/#breadcrumb\",\"itemListElement\":[{\"@type\":\"ListItem\",\"position\":1,\"name\":\"Portada\",\"item\":\"https:\/\/dev.explora.cl\/atacama\/\"},{\"@type\":\"ListItem\",\"position\":2,\"name\":\"DAEM de Copiap\u00f3 visit\u00f3 Facultad de Ciencias Naturales UDA para iniciar acuerdos\"}]},{\"@type\":\"WebSite\",\"@id\":\"https:\/\/dev.explora.cl\/atacama\/#website\",\"url\":\"https:\/\/dev.explora.cl\/atacama\/\",\"name\":\"Atacama\",\"description\":\"Otro sitio m\u00e1s de dev.explora.cl\",\"potentialAction\":[{\"@type\":\"SearchAction\",\"target\":{\"@type\":\"EntryPoint\",\"urlTemplate\":\"https:\/\/dev.explora.cl\/atacama\/?s={search_term_string}\"},\"query-input\":{\"@type\":\"PropertyValueSpecification\",\"valueRequired\":true,\"valueName\":\"search_term_string\"}}],\"inLanguage\":\"es-CL\"},{\"@type\":\"Person\",\"@id\":\"https:\/\/dev.explora.cl\/atacama\/#\/schema\/person\/cb8349c13ea2d324080adf8480d7ba5d\",\"name\":\"webman\",\"image\":{\"@type\":\"ImageObject\",\"inLanguage\":\"es-CL\",\"@id\":\"https:\/\/dev.explora.cl\/atacama\/#\/schema\/person\/image\/\",\"url\":\"https:\/\/secure.gravatar.com\/avatar\/eeff3c82f2c02f7177d13663b7e6f890e9a6a0647ce9bb29cae02dcb094c7312?s=96&d=mm&r=g\",\"contentUrl\":\"https:\/\/secure.gravatar.com\/avatar\/eeff3c82f2c02f7177d13663b7e6f890e9a6a0647ce9bb29cae02dcb094c7312?s=96&d=mm&r=g\",\"caption\":\"webman\"},\"url\":\"https:\/\/dev.explora.cl\/atacama\/author\/webman\/\"}]}<\/script>\n<!-- \/ Yoast SEO plugin. -->","yoast_head_json":{"title":"DAEM de Copiap\u00f3 visit\u00f3 Facultad de Ciencias Naturales UDA para iniciar acuerdos - Atacama","robots":{"index":"index","follow":"follow","max-snippet":"max-snippet:-1","max-image-preview":"max-image-preview:large","max-video-preview":"max-video-preview:-1"},"canonical":"https:\/\/dev.explora.cl\/atacama\/daem-de-copiapo-visito-facultad-de-ciencias-naturales-uda-para-iniciar-acuerdos\/","og_locale":"es_ES","og_type":"article","og_title":"DAEM de Copiap\u00f3 visit\u00f3 Facultad de Ciencias Naturales UDA para iniciar acuerdos - Atacama","og_description":"Directora del Departamento de Administraci\u00f3n de Educaci\u00f3n Municipal (DAEM) de Copiap\u00f3, visit\u00f3 las dependencias de la Facultad de Ciencias Naturales de la Universidad de Atacama (UDA) el pasado jueves, para coordinar jornadas de colaboraci\u00f3n con la casa de estudios superiores con vista a implementar las acciones de la l\u00ednea Semana Nacional de la Ciencia y [&hellip;]","og_url":"https:\/\/dev.explora.cl\/atacama\/daem-de-copiapo-visito-facultad-de-ciencias-naturales-uda-para-iniciar-acuerdos\/","og_site_name":"Atacama","article_published_time":"2015-08-06T15:52:50+00:00","article_modified_time":"2019-05-16T03:36:50+00:00","author":"webman","twitter_card":"summary_large_image","twitter_misc":{"Escrito por":"webman","Tiempo estimado de lectura":"3 minutos"},"schema":{"@context":"https:\/\/schema.org","@graph":[{"@type":"Article","@id":"https:\/\/dev.explora.cl\/atacama\/daem-de-copiapo-visito-facultad-de-ciencias-naturales-uda-para-iniciar-acuerdos\/#article","isPartOf":{"@id":"https:\/\/dev.explora.cl\/atacama\/daem-de-copiapo-visito-facultad-de-ciencias-naturales-uda-para-iniciar-acuerdos\/"},"author":{"name":"webman","@id":"https:\/\/dev.explora.cl\/atacama\/#\/schema\/person\/cb8349c13ea2d324080adf8480d7ba5d"},"headline":"DAEM de Copiap\u00f3 visit\u00f3 Facultad de Ciencias Naturales UDA para iniciar acuerdos","datePublished":"2015-08-06T15:52:50+00:00","dateModified":"2019-05-16T03:36:50+00:00","mainEntityOfPage":{"@id":"https:\/\/dev.explora.cl\/atacama\/daem-de-copiapo-visito-facultad-de-ciencias-naturales-uda-para-iniciar-acuerdos\/"},"wordCount":594,"image":{"@id":"https:\/\/dev.explora.cl\/atacama\/daem-de-copiapo-visito-facultad-de-ciencias-naturales-uda-para-iniciar-acuerdos\/#primaryimage"},"thumbnailUrl":"","keywords":["visita terreno"],"articleSection":["Noticias"],"inLanguage":"es-CL"},{"@type":"WebPage","@id":"https:\/\/dev.explora.cl\/atacama\/daem-de-copiapo-visito-facultad-de-ciencias-naturales-uda-para-iniciar-acuerdos\/","url":"https:\/\/dev.explora.cl\/atacama\/daem-de-copiapo-visito-facultad-de-ciencias-naturales-uda-para-iniciar-acuerdos\/","name":"DAEM de Copiap\u00f3 visit\u00f3 Facultad de Ciencias Naturales UDA para iniciar acuerdos - Atacama","isPartOf":{"@id":"https:\/\/dev.explora.cl\/atacama\/#website"},"primaryImageOfPage":{"@id":"https:\/\/dev.explora.cl\/atacama\/daem-de-copiapo-visito-facultad-de-ciencias-naturales-uda-para-iniciar-acuerdos\/#primaryimage"},"image":{"@id":"https:\/\/dev.explora.cl\/atacama\/daem-de-copiapo-visito-facultad-de-ciencias-naturales-uda-para-iniciar-acuerdos\/#primaryimage"},"thumbnailUrl":"","datePublished":"2015-08-06T15:52:50+00:00","dateModified":"2019-05-16T03:36:50+00:00","author":{"@id":"https:\/\/dev.explora.cl\/atacama\/#\/schema\/person\/cb8349c13ea2d324080adf8480d7ba5d"},"breadcrumb":{"@id":"https:\/\/dev.explora.cl\/atacama\/daem-de-copiapo-visito-facultad-de-ciencias-naturales-uda-para-iniciar-acuerdos\/#breadcrumb"},"inLanguage":"es-CL","potentialAction":[{"@type":"ReadAction","target":["https:\/\/dev.explora.cl\/atacama\/daem-de-copiapo-visito-facultad-de-ciencias-naturales-uda-para-iniciar-acuerdos\/"]}]},{"@type":"ImageObject","inLanguage":"es-CL","@id":"https:\/\/dev.explora.cl\/atacama\/daem-de-copiapo-visito-facultad-de-ciencias-naturales-uda-para-iniciar-acuerdos\/#primaryimage","url":"","contentUrl":""},{"@type":"BreadcrumbList","@id":"https:\/\/dev.explora.cl\/atacama\/daem-de-copiapo-visito-facultad-de-ciencias-naturales-uda-para-iniciar-acuerdos\/#breadcrumb","itemListElement":[{"@type":"ListItem","position":1,"name":"Portada","item":"https:\/\/dev.explora.cl\/atacama\/"},{"@type":"ListItem","position":2,"name":"DAEM de Copiap\u00f3 visit\u00f3 Facultad de Ciencias Naturales UDA para iniciar acuerdos"}]},{"@type":"WebSite","@id":"https:\/\/dev.explora.cl\/atacama\/#website","url":"https:\/\/dev.explora.cl\/atacama\/","name":"Atacama","description":"Otro sitio m\u00e1s de dev.explora.cl","potentialAction":[{"@type":"SearchAction","target":{"@type":"EntryPoint","urlTemplate":"https:\/\/dev.explora.cl\/atacama\/?s={search_term_string}"},"query-input":{"@type":"PropertyValueSpecification","valueRequired":true,"valueName":"search_term_string"}}],"inLanguage":"es-CL"},{"@type":"Person","@id":"https:\/\/dev.explora.cl\/atacama\/#\/schema\/person\/cb8349c13ea2d324080adf8480d7ba5d","name":"webman","image":{"@type":"ImageObject","inLanguage":"es-CL","@id":"https:\/\/dev.explora.cl\/atacama\/#\/schema\/person\/image\/","url":"https:\/\/secure.gravatar.com\/avatar\/eeff3c82f2c02f7177d13663b7e6f890e9a6a0647ce9bb29cae02dcb094c7312?s=96&d=mm&r=g","contentUrl":"https:\/\/secure.gravatar.com\/avatar\/eeff3c82f2c02f7177d13663b7e6f890e9a6a0647ce9bb29cae02dcb094c7312?s=96&d=mm&r=g","caption":"webman"},"url":"https:\/\/dev.explora.cl\/atacama\/author\/webman\/"}]}},"_links":{"self":[{"href":"https:\/\/dev.explora.cl\/atacama\/wp-json\/wp\/v2\/posts\/31805","targetHints":{"allow":["GET"]}}],"collection":[{"href":"https:\/\/dev.explora.cl\/atacama\/wp-json\/wp\/v2\/posts"}],"about":[{"href":"https:\/\/dev.explora.cl\/atacama\/wp-json\/wp\/v2\/types\/post"}],"author":[{"embeddable":true,"href":"https:\/\/dev.explora.cl\/atacama\/wp-json\/wp\/v2\/users\/2"}],"replies":[{"embeddable":true,"href":"https:\/\/dev.explora.cl\/atacama\/wp-json\/wp\/v2\/comments?post=31805"}],"version-history":[{"count":1,"href":"https:\/\/dev.explora.cl\/atacama\/wp-json\/wp\/v2\/posts\/31805\/revisions"}],"predecessor-version":[{"id":38028,"href":"https:\/\/dev.explora.cl\/atacama\/wp-json\/wp\/v2\/posts\/31805\/revisions\/38028"}],"wp:featuredmedia":[{"embeddable":true,"href":"https:\/\/dev.explora.cl\/atacama\/wp-json\/"}],"wp:attachment":[{"href":"https:\/\/dev.explora.cl\/atacama\/wp-json\/wp\/v2\/media?parent=31805"}],"wp:term":[{"taxonomy":"category","embeddable":true,"href":"https:\/\/dev.explora.cl\/atacama\/wp-json\/wp\/v2\/categories?post=31805"},{"taxonomy":"post_tag","embeddable":true,"href":"https:\/\/dev.explora.cl\/atacama\/wp-json\/wp\/v2\/tags?post=31805"}],"curies":[{"name":"wp","href":"https:\/\/api.w.org\/{rel}","templated":true}]}}