{"id":31797,"date":"2015-08-10T15:18:29","date_gmt":"2015-08-10T15:18:29","guid":{"rendered":"https:\/\/dev.explora.cl\/atacama\/blog\/2015\/08\/10\/programa-explora-conicyt-abre-convocatoria-1000-cientificos-1000-aula-en-atacama\/"},"modified":"2019-05-16T03:36:49","modified_gmt":"2019-05-16T03:36:49","slug":"programa-explora-conicyt-abre-convocatoria-1000-cientificos-1000-aula-en-atacama","status":"publish","type":"post","link":"https:\/\/dev.explora.cl\/atacama\/programa-explora-conicyt-abre-convocatoria-1000-cientificos-1000-aula-en-atacama\/","title":{"rendered":"Programa EXPLORA CONICYT abre convocatoria 1000 Cient\u00edficos 1000 Aulas en Atacama"},"content":{"rendered":"<p><img loading=\"lazy\" decoding=\"async\" class=\" size-full wp-image-13695\" src=\"http:\/\/ec2-34-218-253-251.us-west-2.compute.amazonaws.com\/wp-content\/uploads\/2015\/08\/910957e92fbc3f263e1622ecd62db3cd.jpg\" alt=\"\" width=\"1200\" height=\"643\" \/><\/p>\n<p>&nbsp;<\/p>\n<p style=\"text-align: justify\">Ya comenz\u00f3 la convocatoria a la iniciativa 1000 Cient\u00edficos 1000 Aulas en todo el pa\u00eds. La primera etapa contempla la inscripci\u00f3n de cient\u00edficos que ofrecen sus charlas a establecimientos educacionales.<\/p>\n<p style=\"text-align: justify\">En el marco de la celebraci\u00f3n de la XXI Semana de la Ciencia y la Tecnolog\u00eda, que este a\u00f1o se realizar\u00e1 entre el 5 y el 11 de octubre, el Programa EXPLORA CONICYT impulsa la iniciativa 1000 Cient\u00edficos 1000 Aulas, que invita a hombres y mujeres de ciencia, tecnolog\u00eda y academia, y a estudiantes de postgrado, a dejar sus laboratorios y c\u00e1tedras para ir a la escuela a compartir sus experiencias profesionales y laborales con estudiantes de educaci\u00f3n Preb\u00e1sica, B\u00e1sica y Media.<\/p>\n<p style=\"text-align: justify\">La principal motivaci\u00f3n es tender un puente entre el mundo escolar y la comunidad cient\u00edfica para que ni\u00f1as, ni\u00f1os, j\u00f3venes y docentes puedan conocer de primera fuente el trabajo cient\u00edfico que se realiza en Chile, su relevancia para la sociedad y vislumbrar la ciencia como una actividad posible en su horizonte.<\/p>\n<p style=\"text-align: justify\">Esta visita de representantes de la comunidad cient\u00edfica a escuelas y liceos es concebida desde EXPLORA como un espacio para compartir tanto sus experiencias personales y las razones que los llevaron a ser cient\u00edficos, como&nbsp; contenidos cient\u00edficos de la manera m\u00e1s clara y simple posible para generar una comunicaci\u00f3n fluida con la audiencia.<\/p>\n<p style=\"text-align: justify\">\u00bfQUI\u00c9NES? En esta oportunidad convocamos a estudiantes de magister o doctorados, acad\u00e9micos, tecn\u00f3logos, profesionales e investigadores de universidades, servicios p\u00fablicos, instituciones privadas&nbsp; y centros de estudios a ingresar a <a href=\"http:\/\/1000cientificos.dev.explora.cl\/\">http:\/\/1000cientificos.dev.explora.cl\/<\/a> e inscribir una charla para que, en una pr\u00f3xima etapa, las y los docentes puedan revisar y elegir entre las charlas que est\u00e1n disponibles para la comuna donde se encuentra su establecimiento.<\/p>\n<p style=\"text-align: justify\">\u00bfCU\u00c1NDO? 1000 Cient\u00edficos 1000 Aulas se realiza en octubre, cuando se concretan las visitas. Los cient\u00edficos pueden inscribir sus charlas hasta el 31 de agosto.<\/p>\n<p style=\"text-align: justify\">\u00bfC\u00d3MO? \u00a1P\u00e1sate al aula! Inscribe tu charla en&nbsp; <a href=\"http:\/\/1000cientificos.dev.explora.cl\/\">http:\/\/1000cientificos.dev.explora.cl\/<\/a> .<\/p>\n<p>&nbsp;<\/p>\n","protected":false},"excerpt":{"rendered":"<p>&nbsp; Ya comenz\u00f3 la convocatoria a la iniciativa 1000 Cient\u00edficos 1000 Aulas en todo el pa\u00eds. La primera etapa contempla la inscripci\u00f3n de cient\u00edficos que ofrecen sus charlas a establecimientos educacionales. En el marco de la celebraci\u00f3n de la XXI Semana de la Ciencia y la Tecnolog\u00eda, que este a\u00f1o se realizar\u00e1 entre el 5 [&hellip;]<\/p>\n","protected":false},"author":2,"featured_media":13695,"comment_status":"closed","ping_status":"open","sticky":false,"template":"","format":"standard","meta":{"_acf_changed":false,"_exactmetrics_skip_tracking":false,"_exactmetrics_sitenote_active":false,"_exactmetrics_sitenote_note":"","_exactmetrics_sitenote_category":0,"footnotes":"","_links_to":"","_links_to_target":""},"categories":[4],"tags":[68],"class_list":["post-31797","post","type-post","status-publish","format-standard","has-post-thumbnail","hentry","category-noticias","tag-programa-explora"],"acf":[],"yoast_head":"<!-- This site is optimized with the Yoast SEO plugin v26.7 - https:\/\/yoast.com\/wordpress\/plugins\/seo\/ -->\n<title>Programa EXPLORA CONICYT abre convocatoria 1000 Cient\u00edficos 1000 Aulas en Atacama - Atacama<\/title>\n<meta name=\"robots\" content=\"index, follow, max-snippet:-1, max-image-preview:large, max-video-preview:-1\" \/>\n<link rel=\"canonical\" href=\"https:\/\/dev.explora.cl\/atacama\/programa-explora-conicyt-abre-convocatoria-1000-cientificos-1000-aula-en-atacama\/\" class=\"yoast-seo-meta-tag\" \/>\n<meta property=\"og:locale\" content=\"es_ES\" class=\"yoast-seo-meta-tag\" \/>\n<meta property=\"og:type\" content=\"article\" class=\"yoast-seo-meta-tag\" \/>\n<meta property=\"og:title\" content=\"Programa EXPLORA CONICYT abre convocatoria 1000 Cient\u00edficos 1000 Aulas en Atacama - Atacama\" class=\"yoast-seo-meta-tag\" \/>\n<meta property=\"og:description\" content=\"&nbsp; Ya comenz\u00f3 la convocatoria a la iniciativa 1000 Cient\u00edficos 1000 Aulas en todo el pa\u00eds. La primera etapa contempla la inscripci\u00f3n de cient\u00edficos que ofrecen sus charlas a establecimientos educacionales. En el marco de la celebraci\u00f3n de la XXI Semana de la Ciencia y la Tecnolog\u00eda, que este a\u00f1o se realizar\u00e1 entre el 5 [&hellip;]\" class=\"yoast-seo-meta-tag\" \/>\n<meta property=\"og:url\" content=\"https:\/\/dev.explora.cl\/atacama\/programa-explora-conicyt-abre-convocatoria-1000-cientificos-1000-aula-en-atacama\/\" class=\"yoast-seo-meta-tag\" \/>\n<meta property=\"og:site_name\" content=\"Atacama\" class=\"yoast-seo-meta-tag\" \/>\n<meta property=\"article:published_time\" content=\"2015-08-10T15:18:29+00:00\" class=\"yoast-seo-meta-tag\" \/>\n<meta property=\"article:modified_time\" content=\"2019-05-16T03:36:49+00:00\" class=\"yoast-seo-meta-tag\" \/>\n<meta name=\"author\" content=\"webman\" class=\"yoast-seo-meta-tag\" \/>\n<meta name=\"twitter:card\" content=\"summary_large_image\" class=\"yoast-seo-meta-tag\" \/>\n<meta name=\"twitter:label1\" content=\"Escrito por\" class=\"yoast-seo-meta-tag\" \/>\n\t<meta name=\"twitter:data1\" content=\"webman\" class=\"yoast-seo-meta-tag\" \/>\n\t<meta name=\"twitter:label2\" content=\"Tiempo estimado de lectura\" class=\"yoast-seo-meta-tag\" \/>\n\t<meta name=\"twitter:data2\" content=\"2 minutos\" class=\"yoast-seo-meta-tag\" \/>\n<script type=\"application\/ld+json\" class=\"yoast-schema-graph\">{\"@context\":\"https:\/\/schema.org\",\"@graph\":[{\"@type\":\"Article\",\"@id\":\"https:\/\/dev.explora.cl\/atacama\/programa-explora-conicyt-abre-convocatoria-1000-cientificos-1000-aula-en-atacama\/#article\",\"isPartOf\":{\"@id\":\"https:\/\/dev.explora.cl\/atacama\/programa-explora-conicyt-abre-convocatoria-1000-cientificos-1000-aula-en-atacama\/\"},\"author\":{\"name\":\"webman\",\"@id\":\"https:\/\/dev.explora.cl\/atacama\/#\/schema\/person\/cb8349c13ea2d324080adf8480d7ba5d\"},\"headline\":\"Programa EXPLORA CONICYT abre convocatoria 1000 Cient\u00edficos 1000 Aulas en Atacama\",\"datePublished\":\"2015-08-10T15:18:29+00:00\",\"dateModified\":\"2019-05-16T03:36:49+00:00\",\"mainEntityOfPage\":{\"@id\":\"https:\/\/dev.explora.cl\/atacama\/programa-explora-conicyt-abre-convocatoria-1000-cientificos-1000-aula-en-atacama\/\"},\"wordCount\":361,\"image\":{\"@id\":\"https:\/\/dev.explora.cl\/atacama\/programa-explora-conicyt-abre-convocatoria-1000-cientificos-1000-aula-en-atacama\/#primaryimage\"},\"thumbnailUrl\":\"\",\"keywords\":[\"programa EXPLORA\"],\"articleSection\":[\"Noticias\"],\"inLanguage\":\"es-CL\"},{\"@type\":\"WebPage\",\"@id\":\"https:\/\/dev.explora.cl\/atacama\/programa-explora-conicyt-abre-convocatoria-1000-cientificos-1000-aula-en-atacama\/\",\"url\":\"https:\/\/dev.explora.cl\/atacama\/programa-explora-conicyt-abre-convocatoria-1000-cientificos-1000-aula-en-atacama\/\",\"name\":\"Programa EXPLORA CONICYT abre convocatoria 1000 Cient\u00edficos 1000 Aulas en Atacama - Atacama\",\"isPartOf\":{\"@id\":\"https:\/\/dev.explora.cl\/atacama\/#website\"},\"primaryImageOfPage\":{\"@id\":\"https:\/\/dev.explora.cl\/atacama\/programa-explora-conicyt-abre-convocatoria-1000-cientificos-1000-aula-en-atacama\/#primaryimage\"},\"image\":{\"@id\":\"https:\/\/dev.explora.cl\/atacama\/programa-explora-conicyt-abre-convocatoria-1000-cientificos-1000-aula-en-atacama\/#primaryimage\"},\"thumbnailUrl\":\"\",\"datePublished\":\"2015-08-10T15:18:29+00:00\",\"dateModified\":\"2019-05-16T03:36:49+00:00\",\"author\":{\"@id\":\"https:\/\/dev.explora.cl\/atacama\/#\/schema\/person\/cb8349c13ea2d324080adf8480d7ba5d\"},\"breadcrumb\":{\"@id\":\"https:\/\/dev.explora.cl\/atacama\/programa-explora-conicyt-abre-convocatoria-1000-cientificos-1000-aula-en-atacama\/#breadcrumb\"},\"inLanguage\":\"es-CL\",\"potentialAction\":[{\"@type\":\"ReadAction\",\"target\":[\"https:\/\/dev.explora.cl\/atacama\/programa-explora-conicyt-abre-convocatoria-1000-cientificos-1000-aula-en-atacama\/\"]}]},{\"@type\":\"ImageObject\",\"inLanguage\":\"es-CL\",\"@id\":\"https:\/\/dev.explora.cl\/atacama\/programa-explora-conicyt-abre-convocatoria-1000-cientificos-1000-aula-en-atacama\/#primaryimage\",\"url\":\"\",\"contentUrl\":\"\"},{\"@type\":\"BreadcrumbList\",\"@id\":\"https:\/\/dev.explora.cl\/atacama\/programa-explora-conicyt-abre-convocatoria-1000-cientificos-1000-aula-en-atacama\/#breadcrumb\",\"itemListElement\":[{\"@type\":\"ListItem\",\"position\":1,\"name\":\"Portada\",\"item\":\"https:\/\/dev.explora.cl\/atacama\/\"},{\"@type\":\"ListItem\",\"position\":2,\"name\":\"Programa EXPLORA CONICYT abre convocatoria 1000 Cient\u00edficos 1000 Aulas en Atacama\"}]},{\"@type\":\"WebSite\",\"@id\":\"https:\/\/dev.explora.cl\/atacama\/#website\",\"url\":\"https:\/\/dev.explora.cl\/atacama\/\",\"name\":\"Atacama\",\"description\":\"Otro sitio m\u00e1s de dev.explora.cl\",\"potentialAction\":[{\"@type\":\"SearchAction\",\"target\":{\"@type\":\"EntryPoint\",\"urlTemplate\":\"https:\/\/dev.explora.cl\/atacama\/?s={search_term_string}\"},\"query-input\":{\"@type\":\"PropertyValueSpecification\",\"valueRequired\":true,\"valueName\":\"search_term_string\"}}],\"inLanguage\":\"es-CL\"},{\"@type\":\"Person\",\"@id\":\"https:\/\/dev.explora.cl\/atacama\/#\/schema\/person\/cb8349c13ea2d324080adf8480d7ba5d\",\"name\":\"webman\",\"image\":{\"@type\":\"ImageObject\",\"inLanguage\":\"es-CL\",\"@id\":\"https:\/\/dev.explora.cl\/atacama\/#\/schema\/person\/image\/\",\"url\":\"https:\/\/secure.gravatar.com\/avatar\/eeff3c82f2c02f7177d13663b7e6f890e9a6a0647ce9bb29cae02dcb094c7312?s=96&d=mm&r=g\",\"contentUrl\":\"https:\/\/secure.gravatar.com\/avatar\/eeff3c82f2c02f7177d13663b7e6f890e9a6a0647ce9bb29cae02dcb094c7312?s=96&d=mm&r=g\",\"caption\":\"webman\"},\"url\":\"https:\/\/dev.explora.cl\/atacama\/author\/webman\/\"}]}<\/script>\n<!-- \/ Yoast SEO plugin. -->","yoast_head_json":{"title":"Programa EXPLORA CONICYT abre convocatoria 1000 Cient\u00edficos 1000 Aulas en Atacama - Atacama","robots":{"index":"index","follow":"follow","max-snippet":"max-snippet:-1","max-image-preview":"max-image-preview:large","max-video-preview":"max-video-preview:-1"},"canonical":"https:\/\/dev.explora.cl\/atacama\/programa-explora-conicyt-abre-convocatoria-1000-cientificos-1000-aula-en-atacama\/","og_locale":"es_ES","og_type":"article","og_title":"Programa EXPLORA CONICYT abre convocatoria 1000 Cient\u00edficos 1000 Aulas en Atacama - Atacama","og_description":"&nbsp; Ya comenz\u00f3 la convocatoria a la iniciativa 1000 Cient\u00edficos 1000 Aulas en todo el pa\u00eds. La primera etapa contempla la inscripci\u00f3n de cient\u00edficos que ofrecen sus charlas a establecimientos educacionales. En el marco de la celebraci\u00f3n de la XXI Semana de la Ciencia y la Tecnolog\u00eda, que este a\u00f1o se realizar\u00e1 entre el 5 [&hellip;]","og_url":"https:\/\/dev.explora.cl\/atacama\/programa-explora-conicyt-abre-convocatoria-1000-cientificos-1000-aula-en-atacama\/","og_site_name":"Atacama","article_published_time":"2015-08-10T15:18:29+00:00","article_modified_time":"2019-05-16T03:36:49+00:00","author":"webman","twitter_card":"summary_large_image","twitter_misc":{"Escrito por":"webman","Tiempo estimado de lectura":"2 minutos"},"schema":{"@context":"https:\/\/schema.org","@graph":[{"@type":"Article","@id":"https:\/\/dev.explora.cl\/atacama\/programa-explora-conicyt-abre-convocatoria-1000-cientificos-1000-aula-en-atacama\/#article","isPartOf":{"@id":"https:\/\/dev.explora.cl\/atacama\/programa-explora-conicyt-abre-convocatoria-1000-cientificos-1000-aula-en-atacama\/"},"author":{"name":"webman","@id":"https:\/\/dev.explora.cl\/atacama\/#\/schema\/person\/cb8349c13ea2d324080adf8480d7ba5d"},"headline":"Programa EXPLORA CONICYT abre convocatoria 1000 Cient\u00edficos 1000 Aulas en Atacama","datePublished":"2015-08-10T15:18:29+00:00","dateModified":"2019-05-16T03:36:49+00:00","mainEntityOfPage":{"@id":"https:\/\/dev.explora.cl\/atacama\/programa-explora-conicyt-abre-convocatoria-1000-cientificos-1000-aula-en-atacama\/"},"wordCount":361,"image":{"@id":"https:\/\/dev.explora.cl\/atacama\/programa-explora-conicyt-abre-convocatoria-1000-cientificos-1000-aula-en-atacama\/#primaryimage"},"thumbnailUrl":"","keywords":["programa EXPLORA"],"articleSection":["Noticias"],"inLanguage":"es-CL"},{"@type":"WebPage","@id":"https:\/\/dev.explora.cl\/atacama\/programa-explora-conicyt-abre-convocatoria-1000-cientificos-1000-aula-en-atacama\/","url":"https:\/\/dev.explora.cl\/atacama\/programa-explora-conicyt-abre-convocatoria-1000-cientificos-1000-aula-en-atacama\/","name":"Programa EXPLORA CONICYT abre convocatoria 1000 Cient\u00edficos 1000 Aulas en Atacama - Atacama","isPartOf":{"@id":"https:\/\/dev.explora.cl\/atacama\/#website"},"primaryImageOfPage":{"@id":"https:\/\/dev.explora.cl\/atacama\/programa-explora-conicyt-abre-convocatoria-1000-cientificos-1000-aula-en-atacama\/#primaryimage"},"image":{"@id":"https:\/\/dev.explora.cl\/atacama\/programa-explora-conicyt-abre-convocatoria-1000-cientificos-1000-aula-en-atacama\/#primaryimage"},"thumbnailUrl":"","datePublished":"2015-08-10T15:18:29+00:00","dateModified":"2019-05-16T03:36:49+00:00","author":{"@id":"https:\/\/dev.explora.cl\/atacama\/#\/schema\/person\/cb8349c13ea2d324080adf8480d7ba5d"},"breadcrumb":{"@id":"https:\/\/dev.explora.cl\/atacama\/programa-explora-conicyt-abre-convocatoria-1000-cientificos-1000-aula-en-atacama\/#breadcrumb"},"inLanguage":"es-CL","potentialAction":[{"@type":"ReadAction","target":["https:\/\/dev.explora.cl\/atacama\/programa-explora-conicyt-abre-convocatoria-1000-cientificos-1000-aula-en-atacama\/"]}]},{"@type":"ImageObject","inLanguage":"es-CL","@id":"https:\/\/dev.explora.cl\/atacama\/programa-explora-conicyt-abre-convocatoria-1000-cientificos-1000-aula-en-atacama\/#primaryimage","url":"","contentUrl":""},{"@type":"BreadcrumbList","@id":"https:\/\/dev.explora.cl\/atacama\/programa-explora-conicyt-abre-convocatoria-1000-cientificos-1000-aula-en-atacama\/#breadcrumb","itemListElement":[{"@type":"ListItem","position":1,"name":"Portada","item":"https:\/\/dev.explora.cl\/atacama\/"},{"@type":"ListItem","position":2,"name":"Programa EXPLORA CONICYT abre convocatoria 1000 Cient\u00edficos 1000 Aulas en Atacama"}]},{"@type":"WebSite","@id":"https:\/\/dev.explora.cl\/atacama\/#website","url":"https:\/\/dev.explora.cl\/atacama\/","name":"Atacama","description":"Otro sitio m\u00e1s de dev.explora.cl","potentialAction":[{"@type":"SearchAction","target":{"@type":"EntryPoint","urlTemplate":"https:\/\/dev.explora.cl\/atacama\/?s={search_term_string}"},"query-input":{"@type":"PropertyValueSpecification","valueRequired":true,"valueName":"search_term_string"}}],"inLanguage":"es-CL"},{"@type":"Person","@id":"https:\/\/dev.explora.cl\/atacama\/#\/schema\/person\/cb8349c13ea2d324080adf8480d7ba5d","name":"webman","image":{"@type":"ImageObject","inLanguage":"es-CL","@id":"https:\/\/dev.explora.cl\/atacama\/#\/schema\/person\/image\/","url":"https:\/\/secure.gravatar.com\/avatar\/eeff3c82f2c02f7177d13663b7e6f890e9a6a0647ce9bb29cae02dcb094c7312?s=96&d=mm&r=g","contentUrl":"https:\/\/secure.gravatar.com\/avatar\/eeff3c82f2c02f7177d13663b7e6f890e9a6a0647ce9bb29cae02dcb094c7312?s=96&d=mm&r=g","caption":"webman"},"url":"https:\/\/dev.explora.cl\/atacama\/author\/webman\/"}]}},"_links":{"self":[{"href":"https:\/\/dev.explora.cl\/atacama\/wp-json\/wp\/v2\/posts\/31797","targetHints":{"allow":["GET"]}}],"collection":[{"href":"https:\/\/dev.explora.cl\/atacama\/wp-json\/wp\/v2\/posts"}],"about":[{"href":"https:\/\/dev.explora.cl\/atacama\/wp-json\/wp\/v2\/types\/post"}],"author":[{"embeddable":true,"href":"https:\/\/dev.explora.cl\/atacama\/wp-json\/wp\/v2\/users\/2"}],"replies":[{"embeddable":true,"href":"https:\/\/dev.explora.cl\/atacama\/wp-json\/wp\/v2\/comments?post=31797"}],"version-history":[{"count":1,"href":"https:\/\/dev.explora.cl\/atacama\/wp-json\/wp\/v2\/posts\/31797\/revisions"}],"predecessor-version":[{"id":38024,"href":"https:\/\/dev.explora.cl\/atacama\/wp-json\/wp\/v2\/posts\/31797\/revisions\/38024"}],"wp:featuredmedia":[{"embeddable":true,"href":"https:\/\/dev.explora.cl\/atacama\/wp-json\/"}],"wp:attachment":[{"href":"https:\/\/dev.explora.cl\/atacama\/wp-json\/wp\/v2\/media?parent=31797"}],"wp:term":[{"taxonomy":"category","embeddable":true,"href":"https:\/\/dev.explora.cl\/atacama\/wp-json\/wp\/v2\/categories?post=31797"},{"taxonomy":"post_tag","embeddable":true,"href":"https:\/\/dev.explora.cl\/atacama\/wp-json\/wp\/v2\/tags?post=31797"}],"curies":[{"name":"wp","href":"https:\/\/api.w.org\/{rel}","templated":true}]}}