{"id":31795,"date":"2015-08-10T18:23:27","date_gmt":"2015-08-10T18:23:27","guid":{"rendered":"https:\/\/dev.explora.cl\/atacama\/blog\/2015\/08\/10\/iniciativa-explora-atacama-se-reunio-con-los-directores-de-todos-los-colegios-municipalizados-de-copiapo\/"},"modified":"2019-05-16T03:36:46","modified_gmt":"2019-05-16T03:36:46","slug":"iniciativa-explora-atacama-se-reunio-con-los-directores-de-todos-los-colegios-municipalizados-de-copiapo","status":"publish","type":"post","link":"https:\/\/dev.explora.cl\/atacama\/iniciativa-explora-atacama-se-reunio-con-los-directores-de-todos-los-colegios-municipalizados-de-copiapo\/","title":{"rendered":"Iniciativa EXPLORA Atacama se reuni\u00f3 con los Directores de todos los colegios municipalizados de Copiap\u00f3"},"content":{"rendered":"<p><img loading=\"lazy\" decoding=\"async\" class=\" size-full wp-image-13713\" src=\"http:\/\/ec2-34-218-253-251.us-west-2.compute.amazonaws.com\/wp-content\/uploads\/2015\/08\/382ea67211bc31270a45042aed6e13f4.jpg\" alt=\"\" width=\"980\" height=\"429\" \/><\/p>\n<p>&nbsp;<\/p>\n<p style=\"text-align: justify\">El encuentro se enmarca, por una parte, en la presentaci\u00f3n de las actividades de la Semana Nacional de la Ciencia y la Tecnolog\u00eda en Atacama (SNCYT) y Congreso Regional Escolar de Ciencia y Tecnolog\u00eda Explora CONICYT (CRECYT), ambas enmarcadas en la Iniciativa Explora Atacama que se encuentra implementando la Facultad de Ciencias Naturales de la UDA con el auspicio del Programa Explora CONICYT y el patrocinio de la Serem\u00eda de Educaci\u00f3n de Atacama y, por otra, en la consolidaci\u00f3n de un convenio suscrito entre, el DAEM de Copiap\u00f3, los directores de colegios y los docentes de aula de todos los colegios municipalizados con la Facultad de Ciencias Naturales de la UDA.<\/p>\n<p style=\"text-align: justify\">Claudio Ram\u00edrez, el Director de la l\u00ednea Semana Nacional de la Ciencia y la Tecnolog\u00eda en Atacama (SNCYT), detall\u00f3 que \u201cel convenio nos permite proyectar un trabajo educativo que se vaya consolidando en el tiempo, que sea sustentable en t\u00e9rminos de que asegure un mejoramiento de la calidad, un mejoramiento de la relaci\u00f3n \u2018universidad vinculante\u2019 con el mundo escolar. Las diferentes instancias de organizaci\u00f3n de la educaci\u00f3n parvularia, b\u00e1sica y media, conectadas con la educaci\u00f3n superior, pretenden articular acciones iniciativas que vayan en directo beneficio de los estudiantes de la comuna de Copiap\u00f3\u201d.<\/p>\n<p style=\"text-align: justify\">Ren\u00e9 Maurelia, el Decano de la Facultad de Ciencias Naturales de la UDA, sobre la reuni\u00f3n con los Directores de colegios de Copiap\u00f3 se\u00f1al\u00f3, \u201cestoy muy complacido, muy satisfecho, porque nosotros somos una universidad estatal publica y regional, por lo tanto nosotros nos debemos a la regi\u00f3n, tenemos que estar pendientes de sus problemas, de sus necesidades, sus caracter\u00edsticas y en ese \u00e1mbito hemos programado como una de las mociones preponderantes de la Facultad en el \u00e1mbito de la vinculaci\u00f3n con el medio, un acercamiento al mundo escolar, a la ense\u00f1anza b\u00e1sica y la ense\u00f1anza media para en conjunto incentivar el cultivo de las Ciencias Naturales desde la perspectiva de su valoraci\u00f3n, de su divulgaci\u00f3n y tambi\u00e9n lo que se refiere al trabajo con los profesores, para los efectos de establecer innovaci\u00f3n, perfeccionamiento, profundizaci\u00f3n y para ello nos hemos acercado al DAEM y estamos en v\u00edas de firmar un convenio con la ilustre municipalidad de Copiap\u00f3 para todos estos efectos\u201d.<\/p>\n<p style=\"text-align: justify\">Nayadeth Vel\u00e1squez Urrutia, la Directora del Departamento de Administraci\u00f3n de Educaci\u00f3n Municipal de Copiap\u00f3 evalu\u00f3 positivamente la reuni\u00f3n, \u201chemos avanzado a que la universidad regional y estatal que tenemos en Atacama y en nuestra comuna, nos permita desarrollar actividades de \u00edndole pedag\u00f3gica y de extensi\u00f3n, especialmente en el \u00e1rea de las Ciencias donde no siempre se es f\u00e1cil trabajar. Estamos avanzando paso a paso, para participar en todas las actividades de la Iniciativa Explora CONICYT, y a trav\u00e9s del convenio que se va a firmar, que est\u00e1 en las puertas de la firma entre la Facultad de Ciencias de la UDA y el Departamento de Administraci\u00f3n de Educaci\u00f3n Municipal de la ilustre municipalidad de Copiap\u00f3\u201d.<\/p>\n<p style=\"text-align: justify\">Esta actividad cont\u00f3 adem\u00e1s, con la presencia del Director General de Iniciativa EXPLORA CONICYT, Cristi\u00e1n Galaz, quien explic\u00f3 e hizo hincapi\u00e9, en la importancia de la institucionalizaci\u00f3n de los acuerdos y las colaboraciones mutuas con vistas a conformar una red de participaci\u00f3n y apoyo de todas las actividades de la Iniciativa Explora Atacama para los desaf\u00edos que se avecinan. Adem\u00e1s, expuso acerca de la l\u00ednea Congreso Regional Escolar de Ciencia y Tecnolog\u00eda (CRECYT) que forma parte del Acuerdo Espec\u00edfico de colaboraci\u00f3n suscrito entre la UDA y el Programa Explora CONICYT.<\/p>\n<p>&nbsp;<\/p>\n","protected":false},"excerpt":{"rendered":"<p>&nbsp; El encuentro se enmarca, por una parte, en la presentaci\u00f3n de las actividades de la Semana Nacional de la Ciencia y la Tecnolog\u00eda en Atacama (SNCYT) y Congreso Regional Escolar de Ciencia y Tecnolog\u00eda Explora CONICYT (CRECYT), ambas enmarcadas en la Iniciativa Explora Atacama que se encuentra implementando la Facultad de Ciencias Naturales de [&hellip;]<\/p>\n","protected":false},"author":2,"featured_media":13713,"comment_status":"closed","ping_status":"open","sticky":false,"template":"","format":"standard","meta":{"_acf_changed":false,"_exactmetrics_skip_tracking":false,"_exactmetrics_sitenote_active":false,"_exactmetrics_sitenote_note":"","_exactmetrics_sitenote_category":0,"footnotes":"","_links_to":"","_links_to_target":""},"categories":[4],"tags":[173],"class_list":["post-31795","post","type-post","status-publish","format-standard","has-post-thumbnail","hentry","category-noticias","tag-reunion"],"acf":[],"yoast_head":"<!-- This site is optimized with the Yoast SEO plugin v26.7 - https:\/\/yoast.com\/wordpress\/plugins\/seo\/ -->\n<title>Iniciativa EXPLORA Atacama se reuni\u00f3 con los Directores de todos los colegios municipalizados de Copiap\u00f3 - Atacama<\/title>\n<meta name=\"robots\" content=\"index, follow, max-snippet:-1, max-image-preview:large, max-video-preview:-1\" \/>\n<link rel=\"canonical\" href=\"https:\/\/dev.explora.cl\/atacama\/iniciativa-explora-atacama-se-reunio-con-los-directores-de-todos-los-colegios-municipalizados-de-copiapo\/\" class=\"yoast-seo-meta-tag\" \/>\n<meta property=\"og:locale\" content=\"es_ES\" class=\"yoast-seo-meta-tag\" \/>\n<meta property=\"og:type\" content=\"article\" class=\"yoast-seo-meta-tag\" \/>\n<meta property=\"og:title\" content=\"Iniciativa EXPLORA Atacama se reuni\u00f3 con los Directores de todos los colegios municipalizados de Copiap\u00f3 - Atacama\" class=\"yoast-seo-meta-tag\" \/>\n<meta property=\"og:description\" content=\"&nbsp; El encuentro se enmarca, por una parte, en la presentaci\u00f3n de las actividades de la Semana Nacional de la Ciencia y la Tecnolog\u00eda en Atacama (SNCYT) y Congreso Regional Escolar de Ciencia y Tecnolog\u00eda Explora CONICYT (CRECYT), ambas enmarcadas en la Iniciativa Explora Atacama que se encuentra implementando la Facultad de Ciencias Naturales de [&hellip;]\" class=\"yoast-seo-meta-tag\" \/>\n<meta property=\"og:url\" content=\"https:\/\/dev.explora.cl\/atacama\/iniciativa-explora-atacama-se-reunio-con-los-directores-de-todos-los-colegios-municipalizados-de-copiapo\/\" class=\"yoast-seo-meta-tag\" \/>\n<meta property=\"og:site_name\" content=\"Atacama\" class=\"yoast-seo-meta-tag\" \/>\n<meta property=\"article:published_time\" content=\"2015-08-10T18:23:27+00:00\" class=\"yoast-seo-meta-tag\" \/>\n<meta property=\"article:modified_time\" content=\"2019-05-16T03:36:46+00:00\" class=\"yoast-seo-meta-tag\" \/>\n<meta name=\"author\" content=\"webman\" class=\"yoast-seo-meta-tag\" \/>\n<meta name=\"twitter:card\" content=\"summary_large_image\" class=\"yoast-seo-meta-tag\" \/>\n<meta name=\"twitter:label1\" content=\"Escrito por\" class=\"yoast-seo-meta-tag\" \/>\n\t<meta name=\"twitter:data1\" content=\"webman\" class=\"yoast-seo-meta-tag\" \/>\n\t<meta name=\"twitter:label2\" content=\"Tiempo estimado de lectura\" class=\"yoast-seo-meta-tag\" \/>\n\t<meta name=\"twitter:data2\" content=\"3 minutos\" class=\"yoast-seo-meta-tag\" \/>\n<script type=\"application\/ld+json\" class=\"yoast-schema-graph\">{\"@context\":\"https:\/\/schema.org\",\"@graph\":[{\"@type\":\"Article\",\"@id\":\"https:\/\/dev.explora.cl\/atacama\/iniciativa-explora-atacama-se-reunio-con-los-directores-de-todos-los-colegios-municipalizados-de-copiapo\/#article\",\"isPartOf\":{\"@id\":\"https:\/\/dev.explora.cl\/atacama\/iniciativa-explora-atacama-se-reunio-con-los-directores-de-todos-los-colegios-municipalizados-de-copiapo\/\"},\"author\":{\"name\":\"webman\",\"@id\":\"https:\/\/dev.explora.cl\/atacama\/#\/schema\/person\/cb8349c13ea2d324080adf8480d7ba5d\"},\"headline\":\"Iniciativa EXPLORA Atacama se reuni\u00f3 con los Directores de todos los colegios municipalizados de Copiap\u00f3\",\"datePublished\":\"2015-08-10T18:23:27+00:00\",\"dateModified\":\"2019-05-16T03:36:46+00:00\",\"mainEntityOfPage\":{\"@id\":\"https:\/\/dev.explora.cl\/atacama\/iniciativa-explora-atacama-se-reunio-con-los-directores-de-todos-los-colegios-municipalizados-de-copiapo\/\"},\"wordCount\":635,\"image\":{\"@id\":\"https:\/\/dev.explora.cl\/atacama\/iniciativa-explora-atacama-se-reunio-con-los-directores-de-todos-los-colegios-municipalizados-de-copiapo\/#primaryimage\"},\"thumbnailUrl\":\"\",\"keywords\":[\"reunion\"],\"articleSection\":[\"Noticias\"],\"inLanguage\":\"es-CL\"},{\"@type\":\"WebPage\",\"@id\":\"https:\/\/dev.explora.cl\/atacama\/iniciativa-explora-atacama-se-reunio-con-los-directores-de-todos-los-colegios-municipalizados-de-copiapo\/\",\"url\":\"https:\/\/dev.explora.cl\/atacama\/iniciativa-explora-atacama-se-reunio-con-los-directores-de-todos-los-colegios-municipalizados-de-copiapo\/\",\"name\":\"Iniciativa EXPLORA Atacama se reuni\u00f3 con los Directores de todos los colegios municipalizados de Copiap\u00f3 - Atacama\",\"isPartOf\":{\"@id\":\"https:\/\/dev.explora.cl\/atacama\/#website\"},\"primaryImageOfPage\":{\"@id\":\"https:\/\/dev.explora.cl\/atacama\/iniciativa-explora-atacama-se-reunio-con-los-directores-de-todos-los-colegios-municipalizados-de-copiapo\/#primaryimage\"},\"image\":{\"@id\":\"https:\/\/dev.explora.cl\/atacama\/iniciativa-explora-atacama-se-reunio-con-los-directores-de-todos-los-colegios-municipalizados-de-copiapo\/#primaryimage\"},\"thumbnailUrl\":\"\",\"datePublished\":\"2015-08-10T18:23:27+00:00\",\"dateModified\":\"2019-05-16T03:36:46+00:00\",\"author\":{\"@id\":\"https:\/\/dev.explora.cl\/atacama\/#\/schema\/person\/cb8349c13ea2d324080adf8480d7ba5d\"},\"breadcrumb\":{\"@id\":\"https:\/\/dev.explora.cl\/atacama\/iniciativa-explora-atacama-se-reunio-con-los-directores-de-todos-los-colegios-municipalizados-de-copiapo\/#breadcrumb\"},\"inLanguage\":\"es-CL\",\"potentialAction\":[{\"@type\":\"ReadAction\",\"target\":[\"https:\/\/dev.explora.cl\/atacama\/iniciativa-explora-atacama-se-reunio-con-los-directores-de-todos-los-colegios-municipalizados-de-copiapo\/\"]}]},{\"@type\":\"ImageObject\",\"inLanguage\":\"es-CL\",\"@id\":\"https:\/\/dev.explora.cl\/atacama\/iniciativa-explora-atacama-se-reunio-con-los-directores-de-todos-los-colegios-municipalizados-de-copiapo\/#primaryimage\",\"url\":\"\",\"contentUrl\":\"\"},{\"@type\":\"BreadcrumbList\",\"@id\":\"https:\/\/dev.explora.cl\/atacama\/iniciativa-explora-atacama-se-reunio-con-los-directores-de-todos-los-colegios-municipalizados-de-copiapo\/#breadcrumb\",\"itemListElement\":[{\"@type\":\"ListItem\",\"position\":1,\"name\":\"Portada\",\"item\":\"https:\/\/dev.explora.cl\/atacama\/\"},{\"@type\":\"ListItem\",\"position\":2,\"name\":\"Iniciativa EXPLORA Atacama se reuni\u00f3 con los Directores de todos los colegios municipalizados de Copiap\u00f3\"}]},{\"@type\":\"WebSite\",\"@id\":\"https:\/\/dev.explora.cl\/atacama\/#website\",\"url\":\"https:\/\/dev.explora.cl\/atacama\/\",\"name\":\"Atacama\",\"description\":\"Otro sitio m\u00e1s de dev.explora.cl\",\"potentialAction\":[{\"@type\":\"SearchAction\",\"target\":{\"@type\":\"EntryPoint\",\"urlTemplate\":\"https:\/\/dev.explora.cl\/atacama\/?s={search_term_string}\"},\"query-input\":{\"@type\":\"PropertyValueSpecification\",\"valueRequired\":true,\"valueName\":\"search_term_string\"}}],\"inLanguage\":\"es-CL\"},{\"@type\":\"Person\",\"@id\":\"https:\/\/dev.explora.cl\/atacama\/#\/schema\/person\/cb8349c13ea2d324080adf8480d7ba5d\",\"name\":\"webman\",\"image\":{\"@type\":\"ImageObject\",\"inLanguage\":\"es-CL\",\"@id\":\"https:\/\/dev.explora.cl\/atacama\/#\/schema\/person\/image\/\",\"url\":\"https:\/\/secure.gravatar.com\/avatar\/eeff3c82f2c02f7177d13663b7e6f890e9a6a0647ce9bb29cae02dcb094c7312?s=96&d=mm&r=g\",\"contentUrl\":\"https:\/\/secure.gravatar.com\/avatar\/eeff3c82f2c02f7177d13663b7e6f890e9a6a0647ce9bb29cae02dcb094c7312?s=96&d=mm&r=g\",\"caption\":\"webman\"},\"url\":\"https:\/\/dev.explora.cl\/atacama\/author\/webman\/\"}]}<\/script>\n<!-- \/ Yoast SEO plugin. -->","yoast_head_json":{"title":"Iniciativa EXPLORA Atacama se reuni\u00f3 con los Directores de todos los colegios municipalizados de Copiap\u00f3 - Atacama","robots":{"index":"index","follow":"follow","max-snippet":"max-snippet:-1","max-image-preview":"max-image-preview:large","max-video-preview":"max-video-preview:-1"},"canonical":"https:\/\/dev.explora.cl\/atacama\/iniciativa-explora-atacama-se-reunio-con-los-directores-de-todos-los-colegios-municipalizados-de-copiapo\/","og_locale":"es_ES","og_type":"article","og_title":"Iniciativa EXPLORA Atacama se reuni\u00f3 con los Directores de todos los colegios municipalizados de Copiap\u00f3 - Atacama","og_description":"&nbsp; El encuentro se enmarca, por una parte, en la presentaci\u00f3n de las actividades de la Semana Nacional de la Ciencia y la Tecnolog\u00eda en Atacama (SNCYT) y Congreso Regional Escolar de Ciencia y Tecnolog\u00eda Explora CONICYT (CRECYT), ambas enmarcadas en la Iniciativa Explora Atacama que se encuentra implementando la Facultad de Ciencias Naturales de [&hellip;]","og_url":"https:\/\/dev.explora.cl\/atacama\/iniciativa-explora-atacama-se-reunio-con-los-directores-de-todos-los-colegios-municipalizados-de-copiapo\/","og_site_name":"Atacama","article_published_time":"2015-08-10T18:23:27+00:00","article_modified_time":"2019-05-16T03:36:46+00:00","author":"webman","twitter_card":"summary_large_image","twitter_misc":{"Escrito por":"webman","Tiempo estimado de lectura":"3 minutos"},"schema":{"@context":"https:\/\/schema.org","@graph":[{"@type":"Article","@id":"https:\/\/dev.explora.cl\/atacama\/iniciativa-explora-atacama-se-reunio-con-los-directores-de-todos-los-colegios-municipalizados-de-copiapo\/#article","isPartOf":{"@id":"https:\/\/dev.explora.cl\/atacama\/iniciativa-explora-atacama-se-reunio-con-los-directores-de-todos-los-colegios-municipalizados-de-copiapo\/"},"author":{"name":"webman","@id":"https:\/\/dev.explora.cl\/atacama\/#\/schema\/person\/cb8349c13ea2d324080adf8480d7ba5d"},"headline":"Iniciativa EXPLORA Atacama se reuni\u00f3 con los Directores de todos los colegios municipalizados de Copiap\u00f3","datePublished":"2015-08-10T18:23:27+00:00","dateModified":"2019-05-16T03:36:46+00:00","mainEntityOfPage":{"@id":"https:\/\/dev.explora.cl\/atacama\/iniciativa-explora-atacama-se-reunio-con-los-directores-de-todos-los-colegios-municipalizados-de-copiapo\/"},"wordCount":635,"image":{"@id":"https:\/\/dev.explora.cl\/atacama\/iniciativa-explora-atacama-se-reunio-con-los-directores-de-todos-los-colegios-municipalizados-de-copiapo\/#primaryimage"},"thumbnailUrl":"","keywords":["reunion"],"articleSection":["Noticias"],"inLanguage":"es-CL"},{"@type":"WebPage","@id":"https:\/\/dev.explora.cl\/atacama\/iniciativa-explora-atacama-se-reunio-con-los-directores-de-todos-los-colegios-municipalizados-de-copiapo\/","url":"https:\/\/dev.explora.cl\/atacama\/iniciativa-explora-atacama-se-reunio-con-los-directores-de-todos-los-colegios-municipalizados-de-copiapo\/","name":"Iniciativa EXPLORA Atacama se reuni\u00f3 con los Directores de todos los colegios municipalizados de Copiap\u00f3 - Atacama","isPartOf":{"@id":"https:\/\/dev.explora.cl\/atacama\/#website"},"primaryImageOfPage":{"@id":"https:\/\/dev.explora.cl\/atacama\/iniciativa-explora-atacama-se-reunio-con-los-directores-de-todos-los-colegios-municipalizados-de-copiapo\/#primaryimage"},"image":{"@id":"https:\/\/dev.explora.cl\/atacama\/iniciativa-explora-atacama-se-reunio-con-los-directores-de-todos-los-colegios-municipalizados-de-copiapo\/#primaryimage"},"thumbnailUrl":"","datePublished":"2015-08-10T18:23:27+00:00","dateModified":"2019-05-16T03:36:46+00:00","author":{"@id":"https:\/\/dev.explora.cl\/atacama\/#\/schema\/person\/cb8349c13ea2d324080adf8480d7ba5d"},"breadcrumb":{"@id":"https:\/\/dev.explora.cl\/atacama\/iniciativa-explora-atacama-se-reunio-con-los-directores-de-todos-los-colegios-municipalizados-de-copiapo\/#breadcrumb"},"inLanguage":"es-CL","potentialAction":[{"@type":"ReadAction","target":["https:\/\/dev.explora.cl\/atacama\/iniciativa-explora-atacama-se-reunio-con-los-directores-de-todos-los-colegios-municipalizados-de-copiapo\/"]}]},{"@type":"ImageObject","inLanguage":"es-CL","@id":"https:\/\/dev.explora.cl\/atacama\/iniciativa-explora-atacama-se-reunio-con-los-directores-de-todos-los-colegios-municipalizados-de-copiapo\/#primaryimage","url":"","contentUrl":""},{"@type":"BreadcrumbList","@id":"https:\/\/dev.explora.cl\/atacama\/iniciativa-explora-atacama-se-reunio-con-los-directores-de-todos-los-colegios-municipalizados-de-copiapo\/#breadcrumb","itemListElement":[{"@type":"ListItem","position":1,"name":"Portada","item":"https:\/\/dev.explora.cl\/atacama\/"},{"@type":"ListItem","position":2,"name":"Iniciativa EXPLORA Atacama se reuni\u00f3 con los Directores de todos los colegios municipalizados de Copiap\u00f3"}]},{"@type":"WebSite","@id":"https:\/\/dev.explora.cl\/atacama\/#website","url":"https:\/\/dev.explora.cl\/atacama\/","name":"Atacama","description":"Otro sitio m\u00e1s de dev.explora.cl","potentialAction":[{"@type":"SearchAction","target":{"@type":"EntryPoint","urlTemplate":"https:\/\/dev.explora.cl\/atacama\/?s={search_term_string}"},"query-input":{"@type":"PropertyValueSpecification","valueRequired":true,"valueName":"search_term_string"}}],"inLanguage":"es-CL"},{"@type":"Person","@id":"https:\/\/dev.explora.cl\/atacama\/#\/schema\/person\/cb8349c13ea2d324080adf8480d7ba5d","name":"webman","image":{"@type":"ImageObject","inLanguage":"es-CL","@id":"https:\/\/dev.explora.cl\/atacama\/#\/schema\/person\/image\/","url":"https:\/\/secure.gravatar.com\/avatar\/eeff3c82f2c02f7177d13663b7e6f890e9a6a0647ce9bb29cae02dcb094c7312?s=96&d=mm&r=g","contentUrl":"https:\/\/secure.gravatar.com\/avatar\/eeff3c82f2c02f7177d13663b7e6f890e9a6a0647ce9bb29cae02dcb094c7312?s=96&d=mm&r=g","caption":"webman"},"url":"https:\/\/dev.explora.cl\/atacama\/author\/webman\/"}]}},"_links":{"self":[{"href":"https:\/\/dev.explora.cl\/atacama\/wp-json\/wp\/v2\/posts\/31795","targetHints":{"allow":["GET"]}}],"collection":[{"href":"https:\/\/dev.explora.cl\/atacama\/wp-json\/wp\/v2\/posts"}],"about":[{"href":"https:\/\/dev.explora.cl\/atacama\/wp-json\/wp\/v2\/types\/post"}],"author":[{"embeddable":true,"href":"https:\/\/dev.explora.cl\/atacama\/wp-json\/wp\/v2\/users\/2"}],"replies":[{"embeddable":true,"href":"https:\/\/dev.explora.cl\/atacama\/wp-json\/wp\/v2\/comments?post=31795"}],"version-history":[{"count":1,"href":"https:\/\/dev.explora.cl\/atacama\/wp-json\/wp\/v2\/posts\/31795\/revisions"}],"predecessor-version":[{"id":38023,"href":"https:\/\/dev.explora.cl\/atacama\/wp-json\/wp\/v2\/posts\/31795\/revisions\/38023"}],"wp:featuredmedia":[{"embeddable":true,"href":"https:\/\/dev.explora.cl\/atacama\/wp-json\/"}],"wp:attachment":[{"href":"https:\/\/dev.explora.cl\/atacama\/wp-json\/wp\/v2\/media?parent=31795"}],"wp:term":[{"taxonomy":"category","embeddable":true,"href":"https:\/\/dev.explora.cl\/atacama\/wp-json\/wp\/v2\/categories?post=31795"},{"taxonomy":"post_tag","embeddable":true,"href":"https:\/\/dev.explora.cl\/atacama\/wp-json\/wp\/v2\/tags?post=31795"}],"curies":[{"name":"wp","href":"https:\/\/api.w.org\/{rel}","templated":true}]}}