{"id":31782,"date":"2015-09-23T20:50:29","date_gmt":"2015-09-23T20:50:29","guid":{"rendered":"https:\/\/dev.explora.cl\/atacama\/blog\/2015\/09\/23\/iniciativa-explora-atacama-ofrece-charlas-de-cientificos-para-escuelas-de-caldera\/"},"modified":"2019-05-16T03:36:31","modified_gmt":"2019-05-16T03:36:31","slug":"iniciativa-explora-atacama-ofrece-charlas-de-cientificos-para-escuelas-de-caldera","status":"publish","type":"post","link":"https:\/\/dev.explora.cl\/atacama\/iniciativa-explora-atacama-ofrece-charlas-de-cientificos-para-escuelas-de-caldera\/","title":{"rendered":"Iniciativa Explora Atacama ofrece charlas de cient\u00edficos para escuelas de Caldera"},"content":{"rendered":"<p><img loading=\"lazy\" decoding=\"async\" class=\" size-full wp-image-15022\" src=\"https:\/\/dev.explora.cl\/wp-content\/uploads\/2015\/09\/0d62d96867f21509ed6e6e052109ab9b.jpg\" alt=\"\" width=\"960\" height=\"640\" \/><\/p>\n<p>&nbsp;<\/p>\n<p style=\"text-align: justify\">En el marco de la Iniciativa Explora Atacama, acuerdo conjunto entre el Programa Explora CONICYT y la Universidad de Atacama, la l\u00ednea Semana Nacional de la Ciencia y Tecnolog\u00eda (SNCYT) visit\u00f3 el liceo Blanco Encalada, la Escuela Byron Gigoux James, la Escuela Manuel Orella Echanez y la Escuela Villa Las Playas para coordinar su participaci\u00f3n en las actividades de esta iniciativa.<\/p>\n<p style=\"text-align: justify\">Las actividades que se dieron a conocer fueron \u201cMil cient\u00edficos, Mil Aulas\u201d, el D\u00eda de la Ciencia en mi Colegio y el Campamento Astron\u00f3mico Hugo Ochoa Pinto, los establecimientos educacionales de Caldera quedaron comprometidos para recibir la visita de acad\u00e9micos, que llevaran las charlas que ofrece la Semana Nacional de la Ciencia y Tecnolog\u00eda (SNCYT) en sus escuelas y compartan con los estudiantes de Educaci\u00f3n Parvularia, B\u00e1sica y Media de manera entretenida.<\/p>\n<p style=\"text-align: justify\">Claudio Ram\u00edrez, encargado de la L\u00ednea Semana Nacional de la Ciencia y Tecnolog\u00eda en Atacama, se\u00f1al\u00f3 que \u201cel objetivo de esta visita fue entrar en contacto directo con los jefes de la Unidad T\u00e9cnica Pedag\u00f3gica (UTP), los Encargados de Ciencias y con los Directores de los colegios de Caldera. En la oportunidad logramos conversar a fondo sobre la iniciativa, por lo que logramos interiorizar cual es el objetivo y los alcances que tiene en el tiempo esta iniciativa, tambi\u00e9n logramos ver la necesidades que ellos ten\u00edan en el contexto de la ciencia\u201d.<\/p>\n<p style=\"text-align: justify\">Adem\u00e1s, inform\u00f3 a los colegios de Caldera que la UDA y la Facultad de Ciencias Naturales, tienen sus laboratorios a disposici\u00f3n de los colegios t\u00e9cnicos de la zona, \u201cellos pueden visitar los laboratorios de las especialidades que se brindan en los colegios t\u00e9cnicos profesionales, porque generamos un acuerdo de cooperaci\u00f3n mutua entre la SNCYT y las escuelas para que la motivaci\u00f3n y el desarrollo de la evaluaci\u00f3n de la divulgaci\u00f3n de la Ciencia se vea cristalizado, a trav\u00e9s de estos acuerdos entre quienes estamos trabajando en el campo escolar y las personas que trabajamos en la SNCYT\u201d.<\/p>\n<p style=\"text-align: justify\">Por su parte, el acad\u00e9mico de la Universidad de Atacama Pablo Hern\u00e1ndez, detall\u00f3 que \u201ccreemos que las visitas en terreno son un elemento de fortaleza para que se puedan llevar a cabo, concretamente, las iniciativas de la SNCYT, ya que hay mucho inter\u00e9s de parte de los establecimientos educacionales y tenemos el fuerte apoyo de la se\u00f1ora Antonia Olivares, que es la jefa del DAEM de la comuna de Caldera. Adem\u00e1s estamos gestionando recursos para que los colegios puedan desarrollar proyectos de ciencia, los que se presentar\u00e1n en el d\u00eda de la ciencia en mi colegio, ya que vemos el entusiasmo de los ni\u00f1os y felizmente estamos muy contentos de que se haya tomado un acuerdo con fecha y hora para poder realizar la SNCYT en el mes de octubre en esta ciudad\u201d.<\/p>\n<p>&nbsp;<\/p>\n","protected":false},"excerpt":{"rendered":"<p>&nbsp; En el marco de la Iniciativa Explora Atacama, acuerdo conjunto entre el Programa Explora CONICYT y la Universidad de Atacama, la l\u00ednea Semana Nacional de la Ciencia y Tecnolog\u00eda (SNCYT) visit\u00f3 el liceo Blanco Encalada, la Escuela Byron Gigoux James, la Escuela Manuel Orella Echanez y la Escuela Villa Las Playas para coordinar su [&hellip;]<\/p>\n","protected":false},"author":2,"featured_media":15022,"comment_status":"closed","ping_status":"open","sticky":false,"template":"","format":"standard","meta":{"_acf_changed":false,"_exactmetrics_skip_tracking":false,"_exactmetrics_sitenote_active":false,"_exactmetrics_sitenote_note":"","_exactmetrics_sitenote_category":0,"footnotes":"","_links_to":"","_links_to_target":""},"categories":[4],"tags":[148],"class_list":["post-31782","post","type-post","status-publish","format-standard","has-post-thumbnail","hentry","category-noticias","tag-charlas-cientificas"],"acf":[],"yoast_head":"<!-- This site is optimized with the Yoast SEO plugin v26.7 - https:\/\/yoast.com\/wordpress\/plugins\/seo\/ -->\n<title>Iniciativa Explora Atacama ofrece charlas de cient\u00edficos para escuelas de Caldera - Atacama<\/title>\n<meta name=\"robots\" content=\"index, follow, max-snippet:-1, max-image-preview:large, max-video-preview:-1\" \/>\n<link rel=\"canonical\" href=\"https:\/\/dev.explora.cl\/atacama\/iniciativa-explora-atacama-ofrece-charlas-de-cientificos-para-escuelas-de-caldera\/\" class=\"yoast-seo-meta-tag\" \/>\n<meta property=\"og:locale\" content=\"es_ES\" class=\"yoast-seo-meta-tag\" \/>\n<meta property=\"og:type\" content=\"article\" class=\"yoast-seo-meta-tag\" \/>\n<meta property=\"og:title\" content=\"Iniciativa Explora Atacama ofrece charlas de cient\u00edficos para escuelas de Caldera - Atacama\" class=\"yoast-seo-meta-tag\" \/>\n<meta property=\"og:description\" content=\"&nbsp; En el marco de la Iniciativa Explora Atacama, acuerdo conjunto entre el Programa Explora CONICYT y la Universidad de Atacama, la l\u00ednea Semana Nacional de la Ciencia y Tecnolog\u00eda (SNCYT) visit\u00f3 el liceo Blanco Encalada, la Escuela Byron Gigoux James, la Escuela Manuel Orella Echanez y la Escuela Villa Las Playas para coordinar su [&hellip;]\" class=\"yoast-seo-meta-tag\" \/>\n<meta property=\"og:url\" content=\"https:\/\/dev.explora.cl\/atacama\/iniciativa-explora-atacama-ofrece-charlas-de-cientificos-para-escuelas-de-caldera\/\" class=\"yoast-seo-meta-tag\" \/>\n<meta property=\"og:site_name\" content=\"Atacama\" class=\"yoast-seo-meta-tag\" \/>\n<meta property=\"article:published_time\" content=\"2015-09-23T20:50:29+00:00\" class=\"yoast-seo-meta-tag\" \/>\n<meta property=\"article:modified_time\" content=\"2019-05-16T03:36:31+00:00\" class=\"yoast-seo-meta-tag\" \/>\n<meta name=\"author\" content=\"webman\" class=\"yoast-seo-meta-tag\" \/>\n<meta name=\"twitter:card\" content=\"summary_large_image\" class=\"yoast-seo-meta-tag\" \/>\n<meta name=\"twitter:label1\" content=\"Escrito por\" class=\"yoast-seo-meta-tag\" \/>\n\t<meta name=\"twitter:data1\" content=\"webman\" class=\"yoast-seo-meta-tag\" \/>\n\t<meta name=\"twitter:label2\" content=\"Tiempo estimado de lectura\" class=\"yoast-seo-meta-tag\" \/>\n\t<meta name=\"twitter:data2\" content=\"2 minutos\" class=\"yoast-seo-meta-tag\" \/>\n<script type=\"application\/ld+json\" class=\"yoast-schema-graph\">{\"@context\":\"https:\/\/schema.org\",\"@graph\":[{\"@type\":\"Article\",\"@id\":\"https:\/\/dev.explora.cl\/atacama\/iniciativa-explora-atacama-ofrece-charlas-de-cientificos-para-escuelas-de-caldera\/#article\",\"isPartOf\":{\"@id\":\"https:\/\/dev.explora.cl\/atacama\/iniciativa-explora-atacama-ofrece-charlas-de-cientificos-para-escuelas-de-caldera\/\"},\"author\":{\"name\":\"webman\",\"@id\":\"https:\/\/dev.explora.cl\/atacama\/#\/schema\/person\/cb8349c13ea2d324080adf8480d7ba5d\"},\"headline\":\"Iniciativa Explora Atacama ofrece charlas de cient\u00edficos para escuelas de Caldera\",\"datePublished\":\"2015-09-23T20:50:29+00:00\",\"dateModified\":\"2019-05-16T03:36:31+00:00\",\"mainEntityOfPage\":{\"@id\":\"https:\/\/dev.explora.cl\/atacama\/iniciativa-explora-atacama-ofrece-charlas-de-cientificos-para-escuelas-de-caldera\/\"},\"wordCount\":504,\"image\":{\"@id\":\"https:\/\/dev.explora.cl\/atacama\/iniciativa-explora-atacama-ofrece-charlas-de-cientificos-para-escuelas-de-caldera\/#primaryimage\"},\"thumbnailUrl\":\"\",\"keywords\":[\"charlas cient\u00edficas\"],\"articleSection\":[\"Noticias\"],\"inLanguage\":\"es-CL\"},{\"@type\":\"WebPage\",\"@id\":\"https:\/\/dev.explora.cl\/atacama\/iniciativa-explora-atacama-ofrece-charlas-de-cientificos-para-escuelas-de-caldera\/\",\"url\":\"https:\/\/dev.explora.cl\/atacama\/iniciativa-explora-atacama-ofrece-charlas-de-cientificos-para-escuelas-de-caldera\/\",\"name\":\"Iniciativa Explora Atacama ofrece charlas de cient\u00edficos para escuelas de Caldera - Atacama\",\"isPartOf\":{\"@id\":\"https:\/\/dev.explora.cl\/atacama\/#website\"},\"primaryImageOfPage\":{\"@id\":\"https:\/\/dev.explora.cl\/atacama\/iniciativa-explora-atacama-ofrece-charlas-de-cientificos-para-escuelas-de-caldera\/#primaryimage\"},\"image\":{\"@id\":\"https:\/\/dev.explora.cl\/atacama\/iniciativa-explora-atacama-ofrece-charlas-de-cientificos-para-escuelas-de-caldera\/#primaryimage\"},\"thumbnailUrl\":\"\",\"datePublished\":\"2015-09-23T20:50:29+00:00\",\"dateModified\":\"2019-05-16T03:36:31+00:00\",\"author\":{\"@id\":\"https:\/\/dev.explora.cl\/atacama\/#\/schema\/person\/cb8349c13ea2d324080adf8480d7ba5d\"},\"breadcrumb\":{\"@id\":\"https:\/\/dev.explora.cl\/atacama\/iniciativa-explora-atacama-ofrece-charlas-de-cientificos-para-escuelas-de-caldera\/#breadcrumb\"},\"inLanguage\":\"es-CL\",\"potentialAction\":[{\"@type\":\"ReadAction\",\"target\":[\"https:\/\/dev.explora.cl\/atacama\/iniciativa-explora-atacama-ofrece-charlas-de-cientificos-para-escuelas-de-caldera\/\"]}]},{\"@type\":\"ImageObject\",\"inLanguage\":\"es-CL\",\"@id\":\"https:\/\/dev.explora.cl\/atacama\/iniciativa-explora-atacama-ofrece-charlas-de-cientificos-para-escuelas-de-caldera\/#primaryimage\",\"url\":\"\",\"contentUrl\":\"\"},{\"@type\":\"BreadcrumbList\",\"@id\":\"https:\/\/dev.explora.cl\/atacama\/iniciativa-explora-atacama-ofrece-charlas-de-cientificos-para-escuelas-de-caldera\/#breadcrumb\",\"itemListElement\":[{\"@type\":\"ListItem\",\"position\":1,\"name\":\"Portada\",\"item\":\"https:\/\/dev.explora.cl\/atacama\/\"},{\"@type\":\"ListItem\",\"position\":2,\"name\":\"Iniciativa Explora Atacama ofrece charlas de cient\u00edficos para escuelas de Caldera\"}]},{\"@type\":\"WebSite\",\"@id\":\"https:\/\/dev.explora.cl\/atacama\/#website\",\"url\":\"https:\/\/dev.explora.cl\/atacama\/\",\"name\":\"Atacama\",\"description\":\"Otro sitio m\u00e1s de dev.explora.cl\",\"potentialAction\":[{\"@type\":\"SearchAction\",\"target\":{\"@type\":\"EntryPoint\",\"urlTemplate\":\"https:\/\/dev.explora.cl\/atacama\/?s={search_term_string}\"},\"query-input\":{\"@type\":\"PropertyValueSpecification\",\"valueRequired\":true,\"valueName\":\"search_term_string\"}}],\"inLanguage\":\"es-CL\"},{\"@type\":\"Person\",\"@id\":\"https:\/\/dev.explora.cl\/atacama\/#\/schema\/person\/cb8349c13ea2d324080adf8480d7ba5d\",\"name\":\"webman\",\"image\":{\"@type\":\"ImageObject\",\"inLanguage\":\"es-CL\",\"@id\":\"https:\/\/dev.explora.cl\/atacama\/#\/schema\/person\/image\/\",\"url\":\"https:\/\/secure.gravatar.com\/avatar\/eeff3c82f2c02f7177d13663b7e6f890e9a6a0647ce9bb29cae02dcb094c7312?s=96&d=mm&r=g\",\"contentUrl\":\"https:\/\/secure.gravatar.com\/avatar\/eeff3c82f2c02f7177d13663b7e6f890e9a6a0647ce9bb29cae02dcb094c7312?s=96&d=mm&r=g\",\"caption\":\"webman\"},\"url\":\"https:\/\/dev.explora.cl\/atacama\/author\/webman\/\"}]}<\/script>\n<!-- \/ Yoast SEO plugin. -->","yoast_head_json":{"title":"Iniciativa Explora Atacama ofrece charlas de cient\u00edficos para escuelas de Caldera - Atacama","robots":{"index":"index","follow":"follow","max-snippet":"max-snippet:-1","max-image-preview":"max-image-preview:large","max-video-preview":"max-video-preview:-1"},"canonical":"https:\/\/dev.explora.cl\/atacama\/iniciativa-explora-atacama-ofrece-charlas-de-cientificos-para-escuelas-de-caldera\/","og_locale":"es_ES","og_type":"article","og_title":"Iniciativa Explora Atacama ofrece charlas de cient\u00edficos para escuelas de Caldera - Atacama","og_description":"&nbsp; En el marco de la Iniciativa Explora Atacama, acuerdo conjunto entre el Programa Explora CONICYT y la Universidad de Atacama, la l\u00ednea Semana Nacional de la Ciencia y Tecnolog\u00eda (SNCYT) visit\u00f3 el liceo Blanco Encalada, la Escuela Byron Gigoux James, la Escuela Manuel Orella Echanez y la Escuela Villa Las Playas para coordinar su [&hellip;]","og_url":"https:\/\/dev.explora.cl\/atacama\/iniciativa-explora-atacama-ofrece-charlas-de-cientificos-para-escuelas-de-caldera\/","og_site_name":"Atacama","article_published_time":"2015-09-23T20:50:29+00:00","article_modified_time":"2019-05-16T03:36:31+00:00","author":"webman","twitter_card":"summary_large_image","twitter_misc":{"Escrito por":"webman","Tiempo estimado de lectura":"2 minutos"},"schema":{"@context":"https:\/\/schema.org","@graph":[{"@type":"Article","@id":"https:\/\/dev.explora.cl\/atacama\/iniciativa-explora-atacama-ofrece-charlas-de-cientificos-para-escuelas-de-caldera\/#article","isPartOf":{"@id":"https:\/\/dev.explora.cl\/atacama\/iniciativa-explora-atacama-ofrece-charlas-de-cientificos-para-escuelas-de-caldera\/"},"author":{"name":"webman","@id":"https:\/\/dev.explora.cl\/atacama\/#\/schema\/person\/cb8349c13ea2d324080adf8480d7ba5d"},"headline":"Iniciativa Explora Atacama ofrece charlas de cient\u00edficos para escuelas de Caldera","datePublished":"2015-09-23T20:50:29+00:00","dateModified":"2019-05-16T03:36:31+00:00","mainEntityOfPage":{"@id":"https:\/\/dev.explora.cl\/atacama\/iniciativa-explora-atacama-ofrece-charlas-de-cientificos-para-escuelas-de-caldera\/"},"wordCount":504,"image":{"@id":"https:\/\/dev.explora.cl\/atacama\/iniciativa-explora-atacama-ofrece-charlas-de-cientificos-para-escuelas-de-caldera\/#primaryimage"},"thumbnailUrl":"","keywords":["charlas cient\u00edficas"],"articleSection":["Noticias"],"inLanguage":"es-CL"},{"@type":"WebPage","@id":"https:\/\/dev.explora.cl\/atacama\/iniciativa-explora-atacama-ofrece-charlas-de-cientificos-para-escuelas-de-caldera\/","url":"https:\/\/dev.explora.cl\/atacama\/iniciativa-explora-atacama-ofrece-charlas-de-cientificos-para-escuelas-de-caldera\/","name":"Iniciativa Explora Atacama ofrece charlas de cient\u00edficos para escuelas de Caldera - Atacama","isPartOf":{"@id":"https:\/\/dev.explora.cl\/atacama\/#website"},"primaryImageOfPage":{"@id":"https:\/\/dev.explora.cl\/atacama\/iniciativa-explora-atacama-ofrece-charlas-de-cientificos-para-escuelas-de-caldera\/#primaryimage"},"image":{"@id":"https:\/\/dev.explora.cl\/atacama\/iniciativa-explora-atacama-ofrece-charlas-de-cientificos-para-escuelas-de-caldera\/#primaryimage"},"thumbnailUrl":"","datePublished":"2015-09-23T20:50:29+00:00","dateModified":"2019-05-16T03:36:31+00:00","author":{"@id":"https:\/\/dev.explora.cl\/atacama\/#\/schema\/person\/cb8349c13ea2d324080adf8480d7ba5d"},"breadcrumb":{"@id":"https:\/\/dev.explora.cl\/atacama\/iniciativa-explora-atacama-ofrece-charlas-de-cientificos-para-escuelas-de-caldera\/#breadcrumb"},"inLanguage":"es-CL","potentialAction":[{"@type":"ReadAction","target":["https:\/\/dev.explora.cl\/atacama\/iniciativa-explora-atacama-ofrece-charlas-de-cientificos-para-escuelas-de-caldera\/"]}]},{"@type":"ImageObject","inLanguage":"es-CL","@id":"https:\/\/dev.explora.cl\/atacama\/iniciativa-explora-atacama-ofrece-charlas-de-cientificos-para-escuelas-de-caldera\/#primaryimage","url":"","contentUrl":""},{"@type":"BreadcrumbList","@id":"https:\/\/dev.explora.cl\/atacama\/iniciativa-explora-atacama-ofrece-charlas-de-cientificos-para-escuelas-de-caldera\/#breadcrumb","itemListElement":[{"@type":"ListItem","position":1,"name":"Portada","item":"https:\/\/dev.explora.cl\/atacama\/"},{"@type":"ListItem","position":2,"name":"Iniciativa Explora Atacama ofrece charlas de cient\u00edficos para escuelas de Caldera"}]},{"@type":"WebSite","@id":"https:\/\/dev.explora.cl\/atacama\/#website","url":"https:\/\/dev.explora.cl\/atacama\/","name":"Atacama","description":"Otro sitio m\u00e1s de dev.explora.cl","potentialAction":[{"@type":"SearchAction","target":{"@type":"EntryPoint","urlTemplate":"https:\/\/dev.explora.cl\/atacama\/?s={search_term_string}"},"query-input":{"@type":"PropertyValueSpecification","valueRequired":true,"valueName":"search_term_string"}}],"inLanguage":"es-CL"},{"@type":"Person","@id":"https:\/\/dev.explora.cl\/atacama\/#\/schema\/person\/cb8349c13ea2d324080adf8480d7ba5d","name":"webman","image":{"@type":"ImageObject","inLanguage":"es-CL","@id":"https:\/\/dev.explora.cl\/atacama\/#\/schema\/person\/image\/","url":"https:\/\/secure.gravatar.com\/avatar\/eeff3c82f2c02f7177d13663b7e6f890e9a6a0647ce9bb29cae02dcb094c7312?s=96&d=mm&r=g","contentUrl":"https:\/\/secure.gravatar.com\/avatar\/eeff3c82f2c02f7177d13663b7e6f890e9a6a0647ce9bb29cae02dcb094c7312?s=96&d=mm&r=g","caption":"webman"},"url":"https:\/\/dev.explora.cl\/atacama\/author\/webman\/"}]}},"_links":{"self":[{"href":"https:\/\/dev.explora.cl\/atacama\/wp-json\/wp\/v2\/posts\/31782","targetHints":{"allow":["GET"]}}],"collection":[{"href":"https:\/\/dev.explora.cl\/atacama\/wp-json\/wp\/v2\/posts"}],"about":[{"href":"https:\/\/dev.explora.cl\/atacama\/wp-json\/wp\/v2\/types\/post"}],"author":[{"embeddable":true,"href":"https:\/\/dev.explora.cl\/atacama\/wp-json\/wp\/v2\/users\/2"}],"replies":[{"embeddable":true,"href":"https:\/\/dev.explora.cl\/atacama\/wp-json\/wp\/v2\/comments?post=31782"}],"version-history":[{"count":1,"href":"https:\/\/dev.explora.cl\/atacama\/wp-json\/wp\/v2\/posts\/31782\/revisions"}],"predecessor-version":[{"id":38017,"href":"https:\/\/dev.explora.cl\/atacama\/wp-json\/wp\/v2\/posts\/31782\/revisions\/38017"}],"wp:featuredmedia":[{"embeddable":true,"href":"https:\/\/dev.explora.cl\/atacama\/wp-json\/"}],"wp:attachment":[{"href":"https:\/\/dev.explora.cl\/atacama\/wp-json\/wp\/v2\/media?parent=31782"}],"wp:term":[{"taxonomy":"category","embeddable":true,"href":"https:\/\/dev.explora.cl\/atacama\/wp-json\/wp\/v2\/categories?post=31782"},{"taxonomy":"post_tag","embeddable":true,"href":"https:\/\/dev.explora.cl\/atacama\/wp-json\/wp\/v2\/tags?post=31782"}],"curies":[{"name":"wp","href":"https:\/\/api.w.org\/{rel}","templated":true}]}}