{"id":31767,"date":"2015-10-13T12:13:00","date_gmt":"2015-10-13T12:13:00","guid":{"rendered":"https:\/\/dev.explora.cl\/atacama\/blog\/2015\/10\/13\/el-dr-christian-bernede-compartio-sus-conocimientos-con-ninos-de-caldera-vallenar-y-diego-de-almagro\/"},"modified":"2019-05-16T03:36:29","modified_gmt":"2019-05-16T03:36:29","slug":"el-dr-christian-bernede-compartio-sus-conocimientos-con-ninos-de-caldera-vallenar-y-diego-de-almagro","status":"publish","type":"post","link":"https:\/\/dev.explora.cl\/atacama\/el-dr-christian-bernede-compartio-sus-conocimientos-con-ninos-de-caldera-vallenar-y-diego-de-almagro\/","title":{"rendered":"El Dr. Christian Bern\u00e8de comparti\u00f3 sus conocimientos con ni\u00f1os de Caldera, Vallenar y Diego de Almagro"},"content":{"rendered":"<p><img loading=\"lazy\" decoding=\"async\" class=\" size-full wp-image-15609\" src=\"https:\/\/dev.explora.cl\/wp-content\/uploads\/2015\/10\/7d88f496d72056cef5f08d268a9a6164.jpg\" alt=\"\" width=\"877\" height=\"485\" \/><\/p>\n<p>&nbsp;<\/p>\n<p style=\"text-align: justify\"><i>Alrededor de 450 j\u00f3venes de Educaci\u00f3n B\u00e1sica y Media de la Regi\u00f3n de Atacama pudieron conocer y disfrutar del trabajo del cient\u00edfico franc\u00e9s en el marco de la Semana Nacional de la Ciencia y la Tecnolog\u00eda en Atacama de la Iniciativa Explora Atacama.<\/i><\/p>\n<p style=\"text-align: justify\">La Iniciativa Explora Atacama, en el marco del acuerdo entre el Programa Explora CONICYT y la Universidad de Atacama, invit\u00f3 al cient\u00edfico Franc\u00e9s, Dr. Jean Christian Bern\u00e8de, Acad\u00e9mico de la Universidad de Nantes, destacado en el \u00c1rea de la Investigaci\u00f3n de celdas solares de \u00faltima generaci\u00f3n, a realizar conferencias el 29 de septiembre en Vallenar, el 30 en Caldera y el 1 de octubre en Diego de Almagro en la Inauguraci\u00f3n de la Semana Nacional de la Ciencia y la Tecnolog\u00eda.<\/p>\n<p style=\"text-align: justify\">Referente a la visita del Dr. Bern\u00e8de con sus charlas a nuestra regi\u00f3n, Claudio Ram\u00edrez, el coordinador de la L\u00ednea Semana Nacional de la Ciencia y la Tecnolog\u00eda (SNCYT) en Atacama, se\u00f1al\u00f3 que, \u201cdebemos estar muy complacidos y gratificados porque se realizaron 3 charlas internacionales con Christian Bern\u00e8de en la regi\u00f3n de Atacama. Estas actividades se realizaron en el marco de las investigaciones recientes que tiene el Dr. sobre sus modernos estudios de las celdas fotovoltaicas y que fueron de gran inter\u00e9s para los estudiantes, manifestado en muchas preguntas que le hicieron al cient\u00edfico. Adem\u00e1s los estudiantes pudieron generar redes con el cient\u00edfico, anotando su mail para mantener contacto desde Francia y el Dr. Bern\u00e8de pueda responder a sus inquietudes\u201d.<\/p>\n<p style=\"text-align: justify\">Adem\u00e1s, en las charlas del Dr. Cristian Bern\u00e8de, se inform\u00f3 a los colegios con anticipaci\u00f3n sobre el Campamento Astron\u00f3mico \u201cHugo Ochoa Pinto\u201d, \u201chicimos una actividad l\u00fadica muy interesante y participativa, en donde se distribuyeron 5 cupos por colegio para constituir el cupo final de 20 estudiantes asignado para la ciudad de Vallenar en el Campamento Astron\u00f3mico, modo de selecci\u00f3n que se repiti\u00f3 en las charlas en Diego de Almagro y Caldera se\u00f1al\u00f3 el coordinador de dicha iniciativa.<\/p>\n<p style=\"text-align: justify\"><img loading=\"lazy\" decoding=\"async\" class=\" size-full wp-image-15610\" src=\"https:\/\/dev.explora.cl\/wp-content\/uploads\/2015\/10\/El-Dr.-Christian-Bernde-en-Diego-de-Almagro.JPG\" alt=\"\" width=\"363\" height=\"242\" \/>&nbsp;<img loading=\"lazy\" decoding=\"async\" class=\" size-full wp-image-15611\" src=\"https:\/\/dev.explora.cl\/wp-content\/uploads\/2015\/10\/En-Vallenar-asistieron-300-estudiantes-de-la-enseanza-Media-y-Bsica.JPG\" alt=\"\" width=\"402\" height=\"240\" \/><\/p>\n<p style=\"text-align: justify\"><strong><span style=\"font-size: 14pt\">La charla del Dr. Christian Bern\u00e8de <\/span><\/strong><\/p>\n<p style=\"text-align: justify\">El cient\u00edfico franc\u00e9s tuvo la misi\u00f3n de explicar de manera sencilla a los ni\u00f1os de Ense\u00f1anza Media y B\u00e1sica sobre el estado del arte de las energ\u00edas en el mundo basado en diferentes cifras indicadoras, para continuar con las diversas posibilidades para desarrollar energ\u00edas renovables. Tambi\u00e9n present\u00f3 la potencia del Sol en la regi\u00f3n de Atacama, lo que favorece el uso de las celdas fotovoltaicas, despu\u00e9s repas\u00f3 el principal problema de las energ\u00edas renovables que es su intermitencia en la entrega de la energ\u00eda (en la noche no producen), pero coment\u00f3 las diferentes posibilidades de almacenamiento existentes y finaliz\u00f3 su charla con ejemplos de instalaciones fotovoltaicas aisladas, como casas, en que realiz\u00f3 una peque\u00f1a estimaci\u00f3n de la energ\u00eda que se consume en una casa promedio y el n\u00famero de paneles solares necesario para alimentarlas, en que demostr\u00f3 que producto de la radiaci\u00f3n solar los mismos equipos son m\u00e1s eficientes en Atacama, que en Francia.<\/p>\n<p style=\"text-align: justify\"><strong><span style=\"font-size: 14pt\">Las charlas en las 3 provincias<\/span><\/strong><\/p>\n<p style=\"text-align: justify\">La primera charla del Dr. Christian Bern\u00e8de se desarroll\u00f3 en la Provincia del Huasco, en su capital provincial Vallenar, desarrollada en el colegio Ignacio Carrera Pinto, con la asistencia de aproximadamente 300 estudiantes de cinco diferentes colegios; el Liceo Bicentenario de la misma ciudad, el Liceo Pedro Troncoso Machuca, tambi\u00e9n Jos\u00e9 Santos Ossa y el Liceo Polit\u00e9cnico. &#8220;Tuvimos la grata sorpresa de que muchos estudiantes quer\u00edan asistir al Campamento Astron\u00f3mico, entonces hicimos un concurso para sortear los 20 cupos que quedaron repartidos en los colegios. El concurso tuvo que ver con preguntas de ciencia y si respond\u00edan bien quedaban seleccionados. Generalmente todos mostraron conocimiento sobre lo que consultamos y felizmente, con mucha alegr\u00eda como se caracterizan los j\u00f3venes, se determinaron los 20 ni\u00f1os de Vallenar que inscribimos al Campamento Astron\u00f3mico&#8221;, detall\u00f3 Claudio Ram\u00edrez, el coordinador de la L\u00ednea Semana Nacional de la Ciencia y la Tecnolog\u00eda (SNCYT) en Atacama.<\/p>\n<p style=\"text-align: justify\">La charla efectuada en Caldera tuvo una asistencia de 120 alumnos aproximadamente, se desarroll\u00f3 en el colegio Manuel Orella, en la charla participaron m\u00e1s estudiantes de educaci\u00f3n b\u00e1sica, que de media. Los establecimientos que asistieron fueron el Colegio Byron Gigoux, Villa las Playas, el colegio Manuel Orella y el liceo Blanco Encalada. En su evaluaci\u00f3n el acad\u00e9mico Pablo Hern\u00e1ndez de la UDA, manifest\u00f3 que \u201clos estudiantes de Caldera tambi\u00e9n participaron activamente y a pesar de pertenecer la mayor\u00eda a la ense\u00f1anza b\u00e1sica, formularon gran cantidad de preguntas, raz\u00f3n que provoc\u00f3 la extensi\u00f3n del evento para que el Dr. Bern\u00e8de pudiera responder todas las preguntas. Nos llam\u00f3 mucho la atenci\u00f3n el nivel de elaboraci\u00f3n y coherencia en la formulaci\u00f3n de las preguntas que hicieron los escolares\u201d.<\/p>\n<p style=\"text-align: justify\">En Diego de Almagro la charla se realiz\u00f3 por la tarde, tras finalizar la inauguraci\u00f3n de la Semana Nacional de la Ciencia y la Tecnolog\u00eda, el jueves 1 de octubre, para los estudiantes de tercero y cuarto medio, en donde participaron 40 j\u00f3venes, quienes pudieron acceder a una gran cantidad de preguntas. Sobre la actividad, el coordinador de SNCYT explic\u00f3 que, \u201cal ser un grupo m\u00e1s reducido, mostraron mucho inter\u00e9s y con los terceros medios se acord\u00f3 el trabajo futuro en proyectos cient\u00edficos que pudiesen presentar en diferentes instancias, con el apoyo de los acad\u00e9micos de la UDA y con los v\u00ednculos establecidos con el Dr. Bern\u00e8de v\u00eda mail, quien los apoyar\u00e1 desde Francia en cualquier iniciativa cient\u00edfico escolar\u201d.<\/p>\n<p style=\"text-align: justify\">Con estas tres experiencias de vinculaci\u00f3n con el sector de Ense\u00f1anza B\u00e1sica y Media, la SNCYT concluy\u00f3 tres charlas cient\u00edficas internacionales en Atacama, m\u00e1s la anterior charla efectuada en septiembre por el Dr. Andrei Tchernitchin, quien expuso en Copiap\u00f3 sobre el Material Particulado existente en el aire, tras el aluvi\u00f3n del 25 de marzo, con una asistencia interesante de p\u00fablico. \u201cNuestro balance en t\u00e9rminos de las charlas realizadas nos deja satisfechos, en t\u00e9rminos de que el objetivo de estar presentes en las 3 provincias exponiendo con cient\u00edficos nacionales e internacionales de gran nivel se dio por cumplido, en ese sentido yo quisiera agregar y felicitar al equipo que lidero\u201d, indic\u00f3 el coordinador de la SNCYT en Atacama, Claudio Ram\u00edrez.<\/p>\n<p style=\"text-align: justify\">Consultado acerca de lo anterior, el Director General de Iniciativa Explora Atacama, Cristi\u00e1n Galaz Esquivel se refiri\u00f3 al trabajo realizado por el equipo que desarrolla la l\u00ednea SNCYT, una de las dos l\u00edneas de la iniciativa, junto a Congreso Regional Escolar de Ciencia y Tecnolog\u00eda (CRECYT) y FERECYT UDA CSA. \u201cEn mi trayectoria de cuatro a\u00f1os dirigiendo este tipo de iniciativas Explora para la regi\u00f3n de Atacama, ha sido una gran satisfacci\u00f3n contar nuevamente con un equipo de profesionales, acad\u00e9micos, docentes y muchos j\u00f3venes que<br \/>\n han estado fuertemente motivados y comprometidos en este proyecto. Agradezco a todos los cient\u00edficos que, tanto en la l\u00ednea SNCYT como CRECYT, nos han visitado este semestre en Atacama e intercambiado experiencias de gran impacto en los estudiantes de la regi\u00f3n.<\/p>\n<p style=\"text-align: justify\">Adem\u00e1s, el Director General de la iniciativa en Atacama, aprovecho de \u201cagradecer el apoyo de los organismos p\u00fablicos como la Serem\u00eda de Educaci\u00f3n de Atacama, a las Direcciones Provinciales, las Municipalidades a trav\u00e9s de sus DAEM y a los establecimientos que se suman a nuestras actividades. Todo lo realizado y por realizar, es y ser\u00e1 un \u00e9xito, logrado por el compromiso y trabajo de muchas personas, funcionarios y funcionarias UDA a quienes entrego mi m\u00e1s sincero respeto y gratitud. Finalmente se\u00f1alar que las actividades de SNCYT contin\u00faan hasta pasado el mes de octubre y que a finales de este mes, realizaremos nuestro XIII Congreso Regional Escolar Explora en simultaneo con nuestra Segunda FEFRECYT UDA CSA\u201d.<\/p>\n<p style=\"text-align: justify\"><img loading=\"lazy\" decoding=\"async\" class=\" size-full wp-image-15612\" src=\"https:\/\/dev.explora.cl\/wp-content\/uploads\/2015\/10\/Claudio-Ramrez-el-Director-de-la-Lnea-Semana-Nacional-de-la-Ciencia-y-la-Tecnologa-SNCYT-en-Atacama.JPG\" alt=\"\" width=\"308\" height=\"275\" \/>&nbsp;&nbsp;<img loading=\"lazy\" decoding=\"async\" class=\" size-full wp-image-15613\" src=\"https:\/\/dev.explora.cl\/wp-content\/uploads\/2015\/10\/20150930_121452-1.jpg\" alt=\"\" width=\"444\" height=\"266\" \/><\/p>\n<p>&nbsp;<\/p>\n","protected":false},"excerpt":{"rendered":"<p>&nbsp; Alrededor de 450 j\u00f3venes de Educaci\u00f3n B\u00e1sica y Media de la Regi\u00f3n de Atacama pudieron conocer y disfrutar del trabajo del cient\u00edfico franc\u00e9s en el marco de la Semana Nacional de la Ciencia y la Tecnolog\u00eda en Atacama de la Iniciativa Explora Atacama. La Iniciativa Explora Atacama, en el marco del acuerdo entre el [&hellip;]<\/p>\n","protected":false},"author":2,"featured_media":15609,"comment_status":"closed","ping_status":"open","sticky":false,"template":"","format":"standard","meta":{"_acf_changed":false,"_exactmetrics_skip_tracking":false,"_exactmetrics_sitenote_active":false,"_exactmetrics_sitenote_note":"","_exactmetrics_sitenote_category":0,"footnotes":"","_links_to":"","_links_to_target":""},"categories":[4],"tags":[148],"class_list":["post-31767","post","type-post","status-publish","format-standard","has-post-thumbnail","hentry","category-noticias","tag-charlas-cientificas"],"acf":[],"yoast_head":"<!-- This site is optimized with the Yoast SEO plugin v26.7 - https:\/\/yoast.com\/wordpress\/plugins\/seo\/ -->\n<title>El Dr. Christian Bern\u00e8de comparti\u00f3 sus conocimientos con ni\u00f1os de Caldera, Vallenar y Diego de Almagro - Atacama<\/title>\n<meta name=\"robots\" content=\"index, follow, max-snippet:-1, max-image-preview:large, max-video-preview:-1\" \/>\n<link rel=\"canonical\" href=\"https:\/\/dev.explora.cl\/atacama\/el-dr-christian-bernede-compartio-sus-conocimientos-con-ninos-de-caldera-vallenar-y-diego-de-almagro\/\" class=\"yoast-seo-meta-tag\" \/>\n<meta property=\"og:locale\" content=\"es_ES\" class=\"yoast-seo-meta-tag\" \/>\n<meta property=\"og:type\" content=\"article\" class=\"yoast-seo-meta-tag\" \/>\n<meta property=\"og:title\" content=\"El Dr. Christian Bern\u00e8de comparti\u00f3 sus conocimientos con ni\u00f1os de Caldera, Vallenar y Diego de Almagro - Atacama\" class=\"yoast-seo-meta-tag\" \/>\n<meta property=\"og:description\" content=\"&nbsp; Alrededor de 450 j\u00f3venes de Educaci\u00f3n B\u00e1sica y Media de la Regi\u00f3n de Atacama pudieron conocer y disfrutar del trabajo del cient\u00edfico franc\u00e9s en el marco de la Semana Nacional de la Ciencia y la Tecnolog\u00eda en Atacama de la Iniciativa Explora Atacama. La Iniciativa Explora Atacama, en el marco del acuerdo entre el [&hellip;]\" class=\"yoast-seo-meta-tag\" \/>\n<meta property=\"og:url\" content=\"https:\/\/dev.explora.cl\/atacama\/el-dr-christian-bernede-compartio-sus-conocimientos-con-ninos-de-caldera-vallenar-y-diego-de-almagro\/\" class=\"yoast-seo-meta-tag\" \/>\n<meta property=\"og:site_name\" content=\"Atacama\" class=\"yoast-seo-meta-tag\" \/>\n<meta property=\"article:published_time\" content=\"2015-10-13T12:13:00+00:00\" class=\"yoast-seo-meta-tag\" \/>\n<meta property=\"article:modified_time\" content=\"2019-05-16T03:36:29+00:00\" class=\"yoast-seo-meta-tag\" \/>\n<meta name=\"author\" content=\"webman\" class=\"yoast-seo-meta-tag\" \/>\n<meta name=\"twitter:card\" content=\"summary_large_image\" class=\"yoast-seo-meta-tag\" \/>\n<meta name=\"twitter:label1\" content=\"Escrito por\" class=\"yoast-seo-meta-tag\" \/>\n\t<meta name=\"twitter:data1\" content=\"webman\" class=\"yoast-seo-meta-tag\" \/>\n\t<meta name=\"twitter:label2\" content=\"Tiempo estimado de lectura\" class=\"yoast-seo-meta-tag\" \/>\n\t<meta name=\"twitter:data2\" content=\"7 minutos\" class=\"yoast-seo-meta-tag\" \/>\n<script type=\"application\/ld+json\" class=\"yoast-schema-graph\">{\"@context\":\"https:\/\/schema.org\",\"@graph\":[{\"@type\":\"Article\",\"@id\":\"https:\/\/dev.explora.cl\/atacama\/el-dr-christian-bernede-compartio-sus-conocimientos-con-ninos-de-caldera-vallenar-y-diego-de-almagro\/#article\",\"isPartOf\":{\"@id\":\"https:\/\/dev.explora.cl\/atacama\/el-dr-christian-bernede-compartio-sus-conocimientos-con-ninos-de-caldera-vallenar-y-diego-de-almagro\/\"},\"author\":{\"name\":\"webman\",\"@id\":\"https:\/\/dev.explora.cl\/atacama\/#\/schema\/person\/cb8349c13ea2d324080adf8480d7ba5d\"},\"headline\":\"El Dr. Christian Bern\u00e8de comparti\u00f3 sus conocimientos con ni\u00f1os de Caldera, Vallenar y Diego de Almagro\",\"datePublished\":\"2015-10-13T12:13:00+00:00\",\"dateModified\":\"2019-05-16T03:36:29+00:00\",\"mainEntityOfPage\":{\"@id\":\"https:\/\/dev.explora.cl\/atacama\/el-dr-christian-bernede-compartio-sus-conocimientos-con-ninos-de-caldera-vallenar-y-diego-de-almagro\/\"},\"wordCount\":1374,\"image\":{\"@id\":\"https:\/\/dev.explora.cl\/atacama\/el-dr-christian-bernede-compartio-sus-conocimientos-con-ninos-de-caldera-vallenar-y-diego-de-almagro\/#primaryimage\"},\"thumbnailUrl\":\"\",\"keywords\":[\"charlas cient\u00edficas\"],\"articleSection\":[\"Noticias\"],\"inLanguage\":\"es-CL\"},{\"@type\":\"WebPage\",\"@id\":\"https:\/\/dev.explora.cl\/atacama\/el-dr-christian-bernede-compartio-sus-conocimientos-con-ninos-de-caldera-vallenar-y-diego-de-almagro\/\",\"url\":\"https:\/\/dev.explora.cl\/atacama\/el-dr-christian-bernede-compartio-sus-conocimientos-con-ninos-de-caldera-vallenar-y-diego-de-almagro\/\",\"name\":\"El Dr. Christian Bern\u00e8de comparti\u00f3 sus conocimientos con ni\u00f1os de Caldera, Vallenar y Diego de Almagro - Atacama\",\"isPartOf\":{\"@id\":\"https:\/\/dev.explora.cl\/atacama\/#website\"},\"primaryImageOfPage\":{\"@id\":\"https:\/\/dev.explora.cl\/atacama\/el-dr-christian-bernede-compartio-sus-conocimientos-con-ninos-de-caldera-vallenar-y-diego-de-almagro\/#primaryimage\"},\"image\":{\"@id\":\"https:\/\/dev.explora.cl\/atacama\/el-dr-christian-bernede-compartio-sus-conocimientos-con-ninos-de-caldera-vallenar-y-diego-de-almagro\/#primaryimage\"},\"thumbnailUrl\":\"\",\"datePublished\":\"2015-10-13T12:13:00+00:00\",\"dateModified\":\"2019-05-16T03:36:29+00:00\",\"author\":{\"@id\":\"https:\/\/dev.explora.cl\/atacama\/#\/schema\/person\/cb8349c13ea2d324080adf8480d7ba5d\"},\"breadcrumb\":{\"@id\":\"https:\/\/dev.explora.cl\/atacama\/el-dr-christian-bernede-compartio-sus-conocimientos-con-ninos-de-caldera-vallenar-y-diego-de-almagro\/#breadcrumb\"},\"inLanguage\":\"es-CL\",\"potentialAction\":[{\"@type\":\"ReadAction\",\"target\":[\"https:\/\/dev.explora.cl\/atacama\/el-dr-christian-bernede-compartio-sus-conocimientos-con-ninos-de-caldera-vallenar-y-diego-de-almagro\/\"]}]},{\"@type\":\"ImageObject\",\"inLanguage\":\"es-CL\",\"@id\":\"https:\/\/dev.explora.cl\/atacama\/el-dr-christian-bernede-compartio-sus-conocimientos-con-ninos-de-caldera-vallenar-y-diego-de-almagro\/#primaryimage\",\"url\":\"\",\"contentUrl\":\"\"},{\"@type\":\"BreadcrumbList\",\"@id\":\"https:\/\/dev.explora.cl\/atacama\/el-dr-christian-bernede-compartio-sus-conocimientos-con-ninos-de-caldera-vallenar-y-diego-de-almagro\/#breadcrumb\",\"itemListElement\":[{\"@type\":\"ListItem\",\"position\":1,\"name\":\"Portada\",\"item\":\"https:\/\/dev.explora.cl\/atacama\/\"},{\"@type\":\"ListItem\",\"position\":2,\"name\":\"El Dr. Christian Bern\u00e8de comparti\u00f3 sus conocimientos con ni\u00f1os de Caldera, Vallenar y Diego de Almagro\"}]},{\"@type\":\"WebSite\",\"@id\":\"https:\/\/dev.explora.cl\/atacama\/#website\",\"url\":\"https:\/\/dev.explora.cl\/atacama\/\",\"name\":\"Atacama\",\"description\":\"Otro sitio m\u00e1s de dev.explora.cl\",\"potentialAction\":[{\"@type\":\"SearchAction\",\"target\":{\"@type\":\"EntryPoint\",\"urlTemplate\":\"https:\/\/dev.explora.cl\/atacama\/?s={search_term_string}\"},\"query-input\":{\"@type\":\"PropertyValueSpecification\",\"valueRequired\":true,\"valueName\":\"search_term_string\"}}],\"inLanguage\":\"es-CL\"},{\"@type\":\"Person\",\"@id\":\"https:\/\/dev.explora.cl\/atacama\/#\/schema\/person\/cb8349c13ea2d324080adf8480d7ba5d\",\"name\":\"webman\",\"image\":{\"@type\":\"ImageObject\",\"inLanguage\":\"es-CL\",\"@id\":\"https:\/\/dev.explora.cl\/atacama\/#\/schema\/person\/image\/\",\"url\":\"https:\/\/secure.gravatar.com\/avatar\/eeff3c82f2c02f7177d13663b7e6f890e9a6a0647ce9bb29cae02dcb094c7312?s=96&d=mm&r=g\",\"contentUrl\":\"https:\/\/secure.gravatar.com\/avatar\/eeff3c82f2c02f7177d13663b7e6f890e9a6a0647ce9bb29cae02dcb094c7312?s=96&d=mm&r=g\",\"caption\":\"webman\"},\"url\":\"https:\/\/dev.explora.cl\/atacama\/author\/webman\/\"}]}<\/script>\n<!-- \/ Yoast SEO plugin. -->","yoast_head_json":{"title":"El Dr. Christian Bern\u00e8de comparti\u00f3 sus conocimientos con ni\u00f1os de Caldera, Vallenar y Diego de Almagro - Atacama","robots":{"index":"index","follow":"follow","max-snippet":"max-snippet:-1","max-image-preview":"max-image-preview:large","max-video-preview":"max-video-preview:-1"},"canonical":"https:\/\/dev.explora.cl\/atacama\/el-dr-christian-bernede-compartio-sus-conocimientos-con-ninos-de-caldera-vallenar-y-diego-de-almagro\/","og_locale":"es_ES","og_type":"article","og_title":"El Dr. Christian Bern\u00e8de comparti\u00f3 sus conocimientos con ni\u00f1os de Caldera, Vallenar y Diego de Almagro - Atacama","og_description":"&nbsp; Alrededor de 450 j\u00f3venes de Educaci\u00f3n B\u00e1sica y Media de la Regi\u00f3n de Atacama pudieron conocer y disfrutar del trabajo del cient\u00edfico franc\u00e9s en el marco de la Semana Nacional de la Ciencia y la Tecnolog\u00eda en Atacama de la Iniciativa Explora Atacama. La Iniciativa Explora Atacama, en el marco del acuerdo entre el [&hellip;]","og_url":"https:\/\/dev.explora.cl\/atacama\/el-dr-christian-bernede-compartio-sus-conocimientos-con-ninos-de-caldera-vallenar-y-diego-de-almagro\/","og_site_name":"Atacama","article_published_time":"2015-10-13T12:13:00+00:00","article_modified_time":"2019-05-16T03:36:29+00:00","author":"webman","twitter_card":"summary_large_image","twitter_misc":{"Escrito por":"webman","Tiempo estimado de lectura":"7 minutos"},"schema":{"@context":"https:\/\/schema.org","@graph":[{"@type":"Article","@id":"https:\/\/dev.explora.cl\/atacama\/el-dr-christian-bernede-compartio-sus-conocimientos-con-ninos-de-caldera-vallenar-y-diego-de-almagro\/#article","isPartOf":{"@id":"https:\/\/dev.explora.cl\/atacama\/el-dr-christian-bernede-compartio-sus-conocimientos-con-ninos-de-caldera-vallenar-y-diego-de-almagro\/"},"author":{"name":"webman","@id":"https:\/\/dev.explora.cl\/atacama\/#\/schema\/person\/cb8349c13ea2d324080adf8480d7ba5d"},"headline":"El Dr. Christian Bern\u00e8de comparti\u00f3 sus conocimientos con ni\u00f1os de Caldera, Vallenar y Diego de Almagro","datePublished":"2015-10-13T12:13:00+00:00","dateModified":"2019-05-16T03:36:29+00:00","mainEntityOfPage":{"@id":"https:\/\/dev.explora.cl\/atacama\/el-dr-christian-bernede-compartio-sus-conocimientos-con-ninos-de-caldera-vallenar-y-diego-de-almagro\/"},"wordCount":1374,"image":{"@id":"https:\/\/dev.explora.cl\/atacama\/el-dr-christian-bernede-compartio-sus-conocimientos-con-ninos-de-caldera-vallenar-y-diego-de-almagro\/#primaryimage"},"thumbnailUrl":"","keywords":["charlas cient\u00edficas"],"articleSection":["Noticias"],"inLanguage":"es-CL"},{"@type":"WebPage","@id":"https:\/\/dev.explora.cl\/atacama\/el-dr-christian-bernede-compartio-sus-conocimientos-con-ninos-de-caldera-vallenar-y-diego-de-almagro\/","url":"https:\/\/dev.explora.cl\/atacama\/el-dr-christian-bernede-compartio-sus-conocimientos-con-ninos-de-caldera-vallenar-y-diego-de-almagro\/","name":"El Dr. Christian Bern\u00e8de comparti\u00f3 sus conocimientos con ni\u00f1os de Caldera, Vallenar y Diego de Almagro - Atacama","isPartOf":{"@id":"https:\/\/dev.explora.cl\/atacama\/#website"},"primaryImageOfPage":{"@id":"https:\/\/dev.explora.cl\/atacama\/el-dr-christian-bernede-compartio-sus-conocimientos-con-ninos-de-caldera-vallenar-y-diego-de-almagro\/#primaryimage"},"image":{"@id":"https:\/\/dev.explora.cl\/atacama\/el-dr-christian-bernede-compartio-sus-conocimientos-con-ninos-de-caldera-vallenar-y-diego-de-almagro\/#primaryimage"},"thumbnailUrl":"","datePublished":"2015-10-13T12:13:00+00:00","dateModified":"2019-05-16T03:36:29+00:00","author":{"@id":"https:\/\/dev.explora.cl\/atacama\/#\/schema\/person\/cb8349c13ea2d324080adf8480d7ba5d"},"breadcrumb":{"@id":"https:\/\/dev.explora.cl\/atacama\/el-dr-christian-bernede-compartio-sus-conocimientos-con-ninos-de-caldera-vallenar-y-diego-de-almagro\/#breadcrumb"},"inLanguage":"es-CL","potentialAction":[{"@type":"ReadAction","target":["https:\/\/dev.explora.cl\/atacama\/el-dr-christian-bernede-compartio-sus-conocimientos-con-ninos-de-caldera-vallenar-y-diego-de-almagro\/"]}]},{"@type":"ImageObject","inLanguage":"es-CL","@id":"https:\/\/dev.explora.cl\/atacama\/el-dr-christian-bernede-compartio-sus-conocimientos-con-ninos-de-caldera-vallenar-y-diego-de-almagro\/#primaryimage","url":"","contentUrl":""},{"@type":"BreadcrumbList","@id":"https:\/\/dev.explora.cl\/atacama\/el-dr-christian-bernede-compartio-sus-conocimientos-con-ninos-de-caldera-vallenar-y-diego-de-almagro\/#breadcrumb","itemListElement":[{"@type":"ListItem","position":1,"name":"Portada","item":"https:\/\/dev.explora.cl\/atacama\/"},{"@type":"ListItem","position":2,"name":"El Dr. Christian Bern\u00e8de comparti\u00f3 sus conocimientos con ni\u00f1os de Caldera, Vallenar y Diego de Almagro"}]},{"@type":"WebSite","@id":"https:\/\/dev.explora.cl\/atacama\/#website","url":"https:\/\/dev.explora.cl\/atacama\/","name":"Atacama","description":"Otro sitio m\u00e1s de dev.explora.cl","potentialAction":[{"@type":"SearchAction","target":{"@type":"EntryPoint","urlTemplate":"https:\/\/dev.explora.cl\/atacama\/?s={search_term_string}"},"query-input":{"@type":"PropertyValueSpecification","valueRequired":true,"valueName":"search_term_string"}}],"inLanguage":"es-CL"},{"@type":"Person","@id":"https:\/\/dev.explora.cl\/atacama\/#\/schema\/person\/cb8349c13ea2d324080adf8480d7ba5d","name":"webman","image":{"@type":"ImageObject","inLanguage":"es-CL","@id":"https:\/\/dev.explora.cl\/atacama\/#\/schema\/person\/image\/","url":"https:\/\/secure.gravatar.com\/avatar\/eeff3c82f2c02f7177d13663b7e6f890e9a6a0647ce9bb29cae02dcb094c7312?s=96&d=mm&r=g","contentUrl":"https:\/\/secure.gravatar.com\/avatar\/eeff3c82f2c02f7177d13663b7e6f890e9a6a0647ce9bb29cae02dcb094c7312?s=96&d=mm&r=g","caption":"webman"},"url":"https:\/\/dev.explora.cl\/atacama\/author\/webman\/"}]}},"_links":{"self":[{"href":"https:\/\/dev.explora.cl\/atacama\/wp-json\/wp\/v2\/posts\/31767","targetHints":{"allow":["GET"]}}],"collection":[{"href":"https:\/\/dev.explora.cl\/atacama\/wp-json\/wp\/v2\/posts"}],"about":[{"href":"https:\/\/dev.explora.cl\/atacama\/wp-json\/wp\/v2\/types\/post"}],"author":[{"embeddable":true,"href":"https:\/\/dev.explora.cl\/atacama\/wp-json\/wp\/v2\/users\/2"}],"replies":[{"embeddable":true,"href":"https:\/\/dev.explora.cl\/atacama\/wp-json\/wp\/v2\/comments?post=31767"}],"version-history":[{"count":1,"href":"https:\/\/dev.explora.cl\/atacama\/wp-json\/wp\/v2\/posts\/31767\/revisions"}],"predecessor-version":[{"id":38010,"href":"https:\/\/dev.explora.cl\/atacama\/wp-json\/wp\/v2\/posts\/31767\/revisions\/38010"}],"wp:featuredmedia":[{"embeddable":true,"href":"https:\/\/dev.explora.cl\/atacama\/wp-json\/"}],"wp:attachment":[{"href":"https:\/\/dev.explora.cl\/atacama\/wp-json\/wp\/v2\/media?parent=31767"}],"wp:term":[{"taxonomy":"category","embeddable":true,"href":"https:\/\/dev.explora.cl\/atacama\/wp-json\/wp\/v2\/categories?post=31767"},{"taxonomy":"post_tag","embeddable":true,"href":"https:\/\/dev.explora.cl\/atacama\/wp-json\/wp\/v2\/tags?post=31767"}],"curies":[{"name":"wp","href":"https:\/\/api.w.org\/{rel}","templated":true}]}}